{"id":2284,"date":"2015-07-22T14:05:20","date_gmt":"2015-07-22T12:05:20","guid":{"rendered":"http:\/\/www.naturparkmagazin.de\/schwaebisch-fraenkischer-wald\/?p=2284"},"modified":"2015-07-21T09:47:37","modified_gmt":"2015-07-21T07:47:37","slug":"veranstaltungskalender-der-kulturlandschaft-des-jahres-20152016-schwaebischer-wald-ab-sofort-erhaeltlich","status":"publish","type":"post","link":"https:\/\/www.naturparkmagazin.de\/schwaebisch-fraenkischer-wald\/veranstaltungskalender-der-kulturlandschaft-des-jahres-20152016-schwaebischer-wald-ab-sofort-erhaeltlich\/","title":{"rendered":"Veranstaltungskalender der Kulturlandschaft des Jahres 2015\/2016 Schw\u00e4bischer Wald"},"content":{"rendered":"<p>Nach dem Startschuss bei der Er\u00f6ffnungsveranstaltung am 15. Juli in Murrhardt pr\u00e4sentiert sich die Kulturlandschaft mit einer <a href=\"https:\/\/www.naturparkmagazin.de\/schwaebisch-fraenkischer-wald\/wp-content\/uploads\/sites\/34\/KuLa-Juli-Dez.jpg\"><img decoding=\"async\" loading=\"lazy\" class=\"alignright size-full wp-image-2286\" src=\"https:\/\/www.naturparkmagazin.de\/schwaebisch-fraenkischer-wald\/wp-content\/uploads\/sites\/34\/KuLa-Juli-Dez.jpg\" alt=\"KuLa Juli-Dez\" width=\"200\" height=\"200\" srcset=\"https:\/\/www.naturparkmagazin.de\/schwaebisch-fraenkischer-wald\/wp-content\/uploads\/sites\/34\/KuLa-Juli-Dez.jpg 200w, https:\/\/www.naturparkmagazin.de\/schwaebisch-fraenkischer-wald\/wp-content\/uploads\/sites\/34\/KuLa-Juli-Dez-30x30.jpg 30w\" sizes=\"(max-width: 200px) 100vw, 200px\" \/><\/a>au\u00dfergew\u00f6hnlichen Veranstaltungsreihe.<\/p>\n<p>Bis Mitte 2016 beteiligen sich 21 Kommunen mit zahlreichen Veranstaltungen, die die Vielfalt der Kulturlandschaft widerspiegeln: gehaltvoll, kritisch, tiefgreifend, staubfrei, witzig, spritzig, qualit\u00e4tvoll &#8211; einfach erstaunlich &#8211; wie der Schw\u00e4bische Wald.<\/p>\n<p>Der frisch gedruckte Flyer informiert in \u00fcbersichtlicher Form \u00fcber eine Auswahl an Veranstaltungen von Juli bis Dezember 2015. Eine zweite Auflage ist f\u00fcr 2016 geplant, au\u00dferdem sind im Internet unter <a href=\"http:\/\/www.kulturlandlandschaft-des-jahres.de\" target=\"_blank\">www.kulturlandlandschaft-des-jahres.de <\/a>noch viele weitere Veranstaltungen zu finden. Eine Einteilung in die Themenfelder Geschichte und Glaube, Kunst und Kultur, Natur und Landwirtschaft sowie Wirtschaft und Freizeit erm\u00f6glicht eine gezielte Suche je nach Interessenlage. Viel Spa\u00df beim Entdecken und Erleben der Kulturlandschaft.<\/p>\n<p>Erh\u00e4ltlich ist der Flyer in den Rath\u00e4usern aller beteiligten Kommunen der Kulturlandschaft, in den Tourist-Informationen, dem Naturparkzentrum in Murrhardt und im Landratsamt Rems-Murr-Kreis. Weitere Informationen unter <a href=\"http:\/\/www.kulturlandschaft-des-jahres.de\">www.kulturlandschaft-des-jahres.de<\/a>.<\/p>\n","protected":false},"excerpt":{"rendered":"<p>Zahlreiche Veranstaltungen von Juli bis Dezember 2015<\/p>\n","protected":false},"author":25,"featured_media":2286,"comment_status":"open","ping_status":"open","sticky":false,"template":"","format":"standard","meta":[],"categories":[7],"tags":[316],"yoast_head":"<!-- This site is optimized with the Yoast SEO plugin v19.10 - https:\/\/yoast.com\/wordpress\/plugins\/seo\/ -->\n<title>Veranstaltungskalender der Kulturlandschaft des Jahres 2015\/2016 Schw\u00e4bischer Wald - Naturpark Schw\u00e4bisch-Fr\u00e4nkischer Wald<\/title>\n<meta name=\"robots\" content=\"index, follow, max-snippet:-1, max-image-preview:large, max-video-preview:-1\" \/>\n<link rel=\"canonical\" href=\"https:\/\/www.naturparkmagazin.de\/schwaebisch-fraenkischer-wald\/veranstaltungskalender-der-kulturlandschaft-des-jahres-20152016-schwaebischer-wald-ab-sofort-erhaeltlich\/\" \/>\n<meta property=\"og:locale\" content=\"de_DE\" \/>\n<meta property=\"og:type\" content=\"article\" \/>\n<meta property=\"og:title\" content=\"Veranstaltungskalender der Kulturlandschaft des Jahres 2015\/2016 Schw\u00e4bischer Wald - Naturpark Schw\u00e4bisch-Fr\u00e4nkischer Wald\" \/>\n<meta property=\"og:description\" content=\"Zahlreiche Veranstaltungen von Juli bis Dezember 2015\" \/>\n<meta property=\"og:url\" content=\"https:\/\/www.naturparkmagazin.de\/schwaebisch-fraenkischer-wald\/veranstaltungskalender-der-kulturlandschaft-des-jahres-20152016-schwaebischer-wald-ab-sofort-erhaeltlich\/\" \/>\n<meta property=\"og:site_name\" content=\"Naturpark Schw\u00e4bisch-Fr\u00e4nkischer Wald\" \/>\n<meta property=\"article:author\" content=\"https:\/\/www.facebook.com\/naturparkSFW\" \/>\n<meta property=\"article:published_time\" content=\"2015-07-22T12:05:20+00:00\" \/>\n<meta property=\"article:modified_time\" content=\"2015-07-21T07:47:37+00:00\" \/>\n<meta property=\"og:image\" content=\"https:\/\/www.naturparkmagazin.de\/schwaebisch-fraenkischer-wald\/wp-content\/uploads\/sites\/34\/KuLa-Juli-Dez.jpg\" \/>\n\t<meta property=\"og:image:width\" content=\"200\" \/>\n\t<meta property=\"og:image:height\" content=\"200\" \/>\n\t<meta property=\"og:image:type\" content=\"image\/jpeg\" \/>\n<meta name=\"author\" content=\"Naturpark-Team\" \/>\n<meta name=\"twitter:label1\" content=\"Verfasst von\" \/>\n\t<meta name=\"twitter:data1\" content=\"Naturpark-Team\" \/>\n\t<meta name=\"twitter:label2\" content=\"Gesch\u00e4tzte Lesezeit\" \/>\n\t<meta name=\"twitter:data2\" content=\"1\u00a0Minute\" \/>\n<script type=\"application\/ld+json\" class=\"yoast-schema-graph\">{\"@context\":\"https:\/\/schema.org\",\"@graph\":[{\"@type\":\"WebPage\",\"@id\":\"https:\/\/www.naturparkmagazin.de\/schwaebisch-fraenkischer-wald\/veranstaltungskalender-der-kulturlandschaft-des-jahres-20152016-schwaebischer-wald-ab-sofort-erhaeltlich\/\",\"url\":\"https:\/\/www.naturparkmagazin.de\/schwaebisch-fraenkischer-wald\/veranstaltungskalender-der-kulturlandschaft-des-jahres-20152016-schwaebischer-wald-ab-sofort-erhaeltlich\/\",\"name\":\"Veranstaltungskalender der Kulturlandschaft des Jahres 2015\/2016 Schw\u00e4bischer Wald - Naturpark Schw\u00e4bisch-Fr\u00e4nkischer Wald\",\"isPartOf\":{\"@id\":\"https:\/\/www.naturparkmagazin.de\/schwaebisch-fraenkischer-wald\/#website\"},\"datePublished\":\"2015-07-22T12:05:20+00:00\",\"dateModified\":\"2015-07-21T07:47:37+00:00\",\"author\":{\"@id\":\"https:\/\/www.naturparkmagazin.de\/schwaebisch-fraenkischer-wald\/#\/schema\/person\/f047a3702ae747fd7830cf8ac95e6066\"},\"breadcrumb\":{\"@id\":\"https:\/\/www.naturparkmagazin.de\/schwaebisch-fraenkischer-wald\/veranstaltungskalender-der-kulturlandschaft-des-jahres-20152016-schwaebischer-wald-ab-sofort-erhaeltlich\/#breadcrumb\"},\"inLanguage\":\"de\",\"potentialAction\":[{\"@type\":\"ReadAction\",\"target\":[\"https:\/\/www.naturparkmagazin.de\/schwaebisch-fraenkischer-wald\/veranstaltungskalender-der-kulturlandschaft-des-jahres-20152016-schwaebischer-wald-ab-sofort-erhaeltlich\/\"]}]},{\"@type\":\"BreadcrumbList\",\"@id\":\"https:\/\/www.naturparkmagazin.de\/schwaebisch-fraenkischer-wald\/veranstaltungskalender-der-kulturlandschaft-des-jahres-20152016-schwaebischer-wald-ab-sofort-erhaeltlich\/#breadcrumb\",\"itemListElement\":[{\"@type\":\"ListItem\",\"position\":1,\"name\":\"Home\",\"item\":\"https:\/\/www.naturparkmagazin.de\/schwaebisch-fraenkischer-wald\/\"},{\"@type\":\"ListItem\",\"position\":2,\"name\":\"Veranstaltungskalender der Kulturlandschaft des Jahres 2015\/2016 Schw\u00e4bischer Wald\"}]},{\"@type\":\"WebSite\",\"@id\":\"https:\/\/www.naturparkmagazin.de\/schwaebisch-fraenkischer-wald\/#website\",\"url\":\"https:\/\/www.naturparkmagazin.de\/schwaebisch-fraenkischer-wald\/\",\"name\":\"Naturpark Schw\u00e4bisch-Fr\u00e4nkischer Wald\",\"description\":\"\",\"potentialAction\":[{\"@type\":\"SearchAction\",\"target\":{\"@type\":\"EntryPoint\",\"urlTemplate\":\"https:\/\/www.naturparkmagazin.de\/schwaebisch-fraenkischer-wald\/?s={search_term_string}\"},\"query-input\":\"required name=search_term_string\"}],\"inLanguage\":\"de\"},{\"@type\":\"Person\",\"@id\":\"https:\/\/www.naturparkmagazin.de\/schwaebisch-fraenkischer-wald\/#\/schema\/person\/f047a3702ae747fd7830cf8ac95e6066\",\"name\":\"Naturpark-Team\",\"sameAs\":[\"http:\/\/www.naturpark-sfw.de\",\"https:\/\/www.facebook.com\/naturparkSFW\"],\"url\":\"https:\/\/www.naturparkmagazin.de\/schwaebisch-fraenkischer-wald\/author\/bernharddrixler\/\"}]}<\/script>\n<!-- \/ Yoast SEO plugin. -->","yoast_head_json":{"title":"Veranstaltungskalender der Kulturlandschaft des Jahres 2015\/2016 Schw\u00e4bischer Wald - Naturpark Schw\u00e4bisch-Fr\u00e4nkischer Wald","robots":{"index":"index","follow":"follow","max-snippet":"max-snippet:-1","max-image-preview":"max-image-preview:large","max-video-preview":"max-video-preview:-1"},"canonical":"https:\/\/www.naturparkmagazin.de\/schwaebisch-fraenkischer-wald\/veranstaltungskalender-der-kulturlandschaft-des-jahres-20152016-schwaebischer-wald-ab-sofort-erhaeltlich\/","og_locale":"de_DE","og_type":"article","og_title":"Veranstaltungskalender der Kulturlandschaft des Jahres 2015\/2016 Schw\u00e4bischer Wald - Naturpark Schw\u00e4bisch-Fr\u00e4nkischer Wald","og_description":"Zahlreiche Veranstaltungen von Juli bis Dezember 2015","og_url":"https:\/\/www.naturparkmagazin.de\/schwaebisch-fraenkischer-wald\/veranstaltungskalender-der-kulturlandschaft-des-jahres-20152016-schwaebischer-wald-ab-sofort-erhaeltlich\/","og_site_name":"Naturpark Schw\u00e4bisch-Fr\u00e4nkischer Wald","article_author":"https:\/\/www.facebook.com\/naturparkSFW","article_published_time":"2015-07-22T12:05:20+00:00","article_modified_time":"2015-07-21T07:47:37+00:00","og_image":[{"width":200,"height":200,"url":"https:\/\/www.naturparkmagazin.de\/schwaebisch-fraenkischer-wald\/wp-content\/uploads\/sites\/34\/KuLa-Juli-Dez.jpg","type":"image\/jpeg"}],"author":"Naturpark-Team","twitter_misc":{"Verfasst von":"Naturpark-Team","Gesch\u00e4tzte Lesezeit":"1\u00a0Minute"},"schema":{"@context":"https:\/\/schema.org","@graph":[{"@type":"WebPage","@id":"https:\/\/www.naturparkmagazin.de\/schwaebisch-fraenkischer-wald\/veranstaltungskalender-der-kulturlandschaft-des-jahres-20152016-schwaebischer-wald-ab-sofort-erhaeltlich\/","url":"https:\/\/www.naturparkmagazin.de\/schwaebisch-fraenkischer-wald\/veranstaltungskalender-der-kulturlandschaft-des-jahres-20152016-schwaebischer-wald-ab-sofort-erhaeltlich\/","name":"Veranstaltungskalender der Kulturlandschaft des Jahres 2015\/2016 Schw\u00e4bischer Wald - Naturpark Schw\u00e4bisch-Fr\u00e4nkischer Wald","isPartOf":{"@id":"https:\/\/www.naturparkmagazin.de\/schwaebisch-fraenkischer-wald\/#website"},"datePublished":"2015-07-22T12:05:20+00:00","dateModified":"2015-07-21T07:47:37+00:00","author":{"@id":"https:\/\/www.naturparkmagazin.de\/schwaebisch-fraenkischer-wald\/#\/schema\/person\/f047a3702ae747fd7830cf8ac95e6066"},"breadcrumb":{"@id":"https:\/\/www.naturparkmagazin.de\/schwaebisch-fraenkischer-wald\/veranstaltungskalender-der-kulturlandschaft-des-jahres-20152016-schwaebischer-wald-ab-sofort-erhaeltlich\/#breadcrumb"},"inLanguage":"de","potentialAction":[{"@type":"ReadAction","target":["https:\/\/www.naturparkmagazin.de\/schwaebisch-fraenkischer-wald\/veranstaltungskalender-der-kulturlandschaft-des-jahres-20152016-schwaebischer-wald-ab-sofort-erhaeltlich\/"]}]},{"@type":"BreadcrumbList","@id":"https:\/\/www.naturparkmagazin.de\/schwaebisch-fraenkischer-wald\/veranstaltungskalender-der-kulturlandschaft-des-jahres-20152016-schwaebischer-wald-ab-sofort-erhaeltlich\/#breadcrumb","itemListElement":[{"@type":"ListItem","position":1,"name":"Home","item":"https:\/\/www.naturparkmagazin.de\/schwaebisch-fraenkischer-wald\/"},{"@type":"ListItem","position":2,"name":"Veranstaltungskalender der Kulturlandschaft des Jahres 2015\/2016 Schw\u00e4bischer Wald"}]},{"@type":"WebSite","@id":"https:\/\/www.naturparkmagazin.de\/schwaebisch-fraenkischer-wald\/#website","url":"https:\/\/www.naturparkmagazin.de\/schwaebisch-fraenkischer-wald\/","name":"Naturpark Schw\u00e4bisch-Fr\u00e4nkischer Wald","description":"","potentialAction":[{"@type":"SearchAction","target":{"@type":"EntryPoint","urlTemplate":"https:\/\/www.naturparkmagazin.de\/schwaebisch-fraenkischer-wald\/?s={search_term_string}"},"query-input":"required name=search_term_string"}],"inLanguage":"de"},{"@type":"Person","@id":"https:\/\/www.naturparkmagazin.de\/schwaebisch-fraenkischer-wald\/#\/schema\/person\/f047a3702ae747fd7830cf8ac95e6066","name":"Naturpark-Team","sameAs":["http:\/\/www.naturpark-sfw.de","https:\/\/www.facebook.com\/naturparkSFW"],"url":"https:\/\/www.naturparkmagazin.de\/schwaebisch-fraenkischer-wald\/author\/bernharddrixler\/"}]}},"_links":{"self":[{"href":"https:\/\/www.naturparkmagazin.de\/schwaebisch-fraenkischer-wald\/wp-json\/wp\/v2\/posts\/2284"}],"collection":[{"href":"https:\/\/www.naturparkmagazin.de\/schwaebisch-fraenkischer-wald\/wp-json\/wp\/v2\/posts"}],"about":[{"href":"https:\/\/www.naturparkmagazin.de\/schwaebisch-fraenkischer-wald\/wp-json\/wp\/v2\/types\/post"}],"author":[{"embeddable":true,"href":"https:\/\/www.naturparkmagazin.de\/schwaebisch-fraenkischer-wald\/wp-json\/wp\/v2\/users\/25"}],"replies":[{"embeddable":true,"href":"https:\/\/www.naturparkmagazin.de\/schwaebisch-fraenkischer-wald\/wp-json\/wp\/v2\/comments?post=2284"}],"version-history":[{"count":2,"href":"https:\/\/www.naturparkmagazin.de\/schwaebisch-fraenkischer-wald\/wp-json\/wp\/v2\/posts\/2284\/revisions"}],"predecessor-version":[{"id":2312,"href":"https:\/\/www.naturparkmagazin.de\/schwaebisch-fraenkischer-wald\/wp-json\/wp\/v2\/posts\/2284\/revisions\/2312"}],"wp:featuredmedia":[{"embeddable":true,"href":"https:\/\/www.naturparkmagazin.de\/schwaebisch-fraenkischer-wald\/wp-json\/wp\/v2\/media\/2286"}],"wp:attachment":[{"href":"https:\/\/www.naturparkmagazin.de\/schwaebisch-fraenkischer-wald\/wp-json\/wp\/v2\/media?parent=2284"}],"wp:term":[{"taxonomy":"category","embeddable":true,"href":"https:\/\/www.naturparkmagazin.de\/schwaebisch-fraenkischer-wald\/wp-json\/wp\/v2\/categories?post=2284"},{"taxonomy":"post_tag","embeddable":true,"href":"https:\/\/www.naturparkmagazin.de\/schwaebisch-fraenkischer-wald\/wp-json\/wp\/v2\/tags?post=2284"}],"curies":[{"name":"wp","href":"https:\/\/api.w.org\/{rel}","templated":true}]}}