{"id":2392,"date":"2015-08-19T08:49:56","date_gmt":"2015-08-19T06:49:56","guid":{"rendered":"http:\/\/www.naturparkmagazin.de\/schwaebisch-fraenkischer-wald\/?p=2392"},"modified":"2015-08-19T08:51:10","modified_gmt":"2015-08-19T06:51:10","slug":"blick-zurueck-nach-vorn-naturparkfuehrerinnen-berichten-4","status":"publish","type":"post","link":"https:\/\/www.naturparkmagazin.de\/schwaebisch-fraenkischer-wald\/blick-zurueck-nach-vorn-naturparkfuehrerinnen-berichten-4\/","title":{"rendered":"Blick zur\u00fcck nach vorn &#8211; Naturparkf\u00fchrer*Innen berichten"},"content":{"rendered":"<p>Wo verborgene Sch\u00e4tze schlummern<\/p>\n<div id=\"attachment_2393\" style=\"width: 210px\" class=\"wp-caption alignright\"><a href=\"https:\/\/www.naturparkmagazin.de\/schwaebisch-fraenkischer-wald\/wp-content\/uploads\/sites\/34\/W\u00fcstenroter-Sch\u00e4tzetour_PKuch.jpg\"><img aria-describedby=\"caption-attachment-2393\" decoding=\"async\" loading=\"lazy\" class=\"size-full wp-image-2393\" src=\"https:\/\/www.naturparkmagazin.de\/schwaebisch-fraenkischer-wald\/wp-content\/uploads\/sites\/34\/W\u00fcstenroter-Sch\u00e4tzetour_PKuch.jpg\" alt=\"66 Stufen der Himmelsleiter ging es in die steile Klinge hinab\" width=\"200\" height=\"200\" srcset=\"https:\/\/www.naturparkmagazin.de\/schwaebisch-fraenkischer-wald\/wp-content\/uploads\/sites\/34\/W\u00fcstenroter-Sch\u00e4tzetour_PKuch.jpg 200w, https:\/\/www.naturparkmagazin.de\/schwaebisch-fraenkischer-wald\/wp-content\/uploads\/sites\/34\/W\u00fcstenroter-Sch\u00e4tzetour_PKuch-30x30.jpg 30w\" sizes=\"(max-width: 200px) 100vw, 200px\" \/><\/a><p id=\"caption-attachment-2393\" class=\"wp-caption-text\">66 Stufen der Himmelsleiter in die steile Klinge hinab<\/p><\/div>\n<p>Knapp 40 interessierte Teilnehmer begaben sich mit Naturparkf\u00fchrerin Petra Kuch durch die W\u00e4lder bei W\u00fcstenrot auf der Suche nach verborgenen Sch\u00e4tzen und Wissenswertem zu den alten Waldgewerben.<\/p>\n<p>Bei idealen Temperaturen ging es zun\u00e4chst zu den Riesen des Waldes, den Mammutb\u00e4umen. \u00dcber die steile Himmelsleiter ging es eine Schlucht, in welchen man manchmal versteinerte H\u00f6lzer finden kann. Auf dem Weg zum ehemaligen Silberstollen erhielten die Teilnehmer viele Infos zum Waldglas und anderem Waldgewerbe.\nKeine Angst hatten die Teilnehmer \u00fcber die 66 Stufen der Himmelsleiter in die steile Klinge hinabzusteigen (Foto: Petra Kuch)<\/p>\n","protected":false},"excerpt":{"rendered":"<p>Verborgene Sch\u00e4tze zeigte Naturparkf\u00fchrerin Petra Kuch den Teilnehmern der Wanderung<\/p>\n","protected":false},"author":25,"featured_media":2393,"comment_status":"open","ping_status":"open","sticky":false,"template":"","format":"standard","meta":[],"categories":[7],"tags":[316],"yoast_head":"<!-- This site is optimized with the Yoast SEO plugin v19.10 - https:\/\/yoast.com\/wordpress\/plugins\/seo\/ -->\n<title>Blick zur\u00fcck nach vorn - Naturparkf\u00fchrer*Innen berichten - Naturpark Schw\u00e4bisch-Fr\u00e4nkischer Wald<\/title>\n<meta name=\"robots\" content=\"index, follow, max-snippet:-1, max-image-preview:large, max-video-preview:-1\" \/>\n<link rel=\"canonical\" href=\"https:\/\/www.naturparkmagazin.de\/schwaebisch-fraenkischer-wald\/blick-zurueck-nach-vorn-naturparkfuehrerinnen-berichten-4\/\" \/>\n<meta property=\"og:locale\" content=\"de_DE\" \/>\n<meta property=\"og:type\" content=\"article\" \/>\n<meta property=\"og:title\" content=\"Blick zur\u00fcck nach vorn - Naturparkf\u00fchrer*Innen berichten - Naturpark Schw\u00e4bisch-Fr\u00e4nkischer Wald\" \/>\n<meta property=\"og:description\" content=\"Verborgene Sch\u00e4tze zeigte Naturparkf\u00fchrerin Petra Kuch den Teilnehmern der Wanderung\" \/>\n<meta property=\"og:url\" content=\"https:\/\/www.naturparkmagazin.de\/schwaebisch-fraenkischer-wald\/blick-zurueck-nach-vorn-naturparkfuehrerinnen-berichten-4\/\" \/>\n<meta property=\"og:site_name\" content=\"Naturpark Schw\u00e4bisch-Fr\u00e4nkischer Wald\" \/>\n<meta property=\"article:author\" content=\"https:\/\/www.facebook.com\/naturparkSFW\" \/>\n<meta property=\"article:published_time\" content=\"2015-08-19T06:49:56+00:00\" \/>\n<meta property=\"article:modified_time\" content=\"2015-08-19T06:51:10+00:00\" \/>\n<meta property=\"og:image\" content=\"https:\/\/www.naturparkmagazin.de\/schwaebisch-fraenkischer-wald\/wp-content\/uploads\/sites\/34\/W\u00fcstenroter-Sch\u00e4tzetour_PKuch.jpg\" \/>\n\t<meta property=\"og:image:width\" content=\"200\" \/>\n\t<meta property=\"og:image:height\" content=\"200\" \/>\n\t<meta property=\"og:image:type\" content=\"image\/jpeg\" \/>\n<meta name=\"author\" content=\"Naturpark-Team\" \/>\n<meta name=\"twitter:label1\" content=\"Verfasst von\" \/>\n\t<meta name=\"twitter:data1\" content=\"Naturpark-Team\" \/>\n\t<meta name=\"twitter:label2\" content=\"Gesch\u00e4tzte Lesezeit\" \/>\n\t<meta name=\"twitter:data2\" content=\"1\u00a0Minute\" \/>\n<script type=\"application\/ld+json\" class=\"yoast-schema-graph\">{\"@context\":\"https:\/\/schema.org\",\"@graph\":[{\"@type\":\"WebPage\",\"@id\":\"https:\/\/www.naturparkmagazin.de\/schwaebisch-fraenkischer-wald\/blick-zurueck-nach-vorn-naturparkfuehrerinnen-berichten-4\/\",\"url\":\"https:\/\/www.naturparkmagazin.de\/schwaebisch-fraenkischer-wald\/blick-zurueck-nach-vorn-naturparkfuehrerinnen-berichten-4\/\",\"name\":\"Blick zur\u00fcck nach vorn - Naturparkf\u00fchrer*Innen berichten - Naturpark Schw\u00e4bisch-Fr\u00e4nkischer Wald\",\"isPartOf\":{\"@id\":\"https:\/\/www.naturparkmagazin.de\/schwaebisch-fraenkischer-wald\/#website\"},\"datePublished\":\"2015-08-19T06:49:56+00:00\",\"dateModified\":\"2015-08-19T06:51:10+00:00\",\"author\":{\"@id\":\"https:\/\/www.naturparkmagazin.de\/schwaebisch-fraenkischer-wald\/#\/schema\/person\/f047a3702ae747fd7830cf8ac95e6066\"},\"breadcrumb\":{\"@id\":\"https:\/\/www.naturparkmagazin.de\/schwaebisch-fraenkischer-wald\/blick-zurueck-nach-vorn-naturparkfuehrerinnen-berichten-4\/#breadcrumb\"},\"inLanguage\":\"de\",\"potentialAction\":[{\"@type\":\"ReadAction\",\"target\":[\"https:\/\/www.naturparkmagazin.de\/schwaebisch-fraenkischer-wald\/blick-zurueck-nach-vorn-naturparkfuehrerinnen-berichten-4\/\"]}]},{\"@type\":\"BreadcrumbList\",\"@id\":\"https:\/\/www.naturparkmagazin.de\/schwaebisch-fraenkischer-wald\/blick-zurueck-nach-vorn-naturparkfuehrerinnen-berichten-4\/#breadcrumb\",\"itemListElement\":[{\"@type\":\"ListItem\",\"position\":1,\"name\":\"Home\",\"item\":\"https:\/\/www.naturparkmagazin.de\/schwaebisch-fraenkischer-wald\/\"},{\"@type\":\"ListItem\",\"position\":2,\"name\":\"Blick zur\u00fcck nach vorn &#8211; Naturparkf\u00fchrer*Innen berichten\"}]},{\"@type\":\"WebSite\",\"@id\":\"https:\/\/www.naturparkmagazin.de\/schwaebisch-fraenkischer-wald\/#website\",\"url\":\"https:\/\/www.naturparkmagazin.de\/schwaebisch-fraenkischer-wald\/\",\"name\":\"Naturpark Schw\u00e4bisch-Fr\u00e4nkischer Wald\",\"description\":\"\",\"potentialAction\":[{\"@type\":\"SearchAction\",\"target\":{\"@type\":\"EntryPoint\",\"urlTemplate\":\"https:\/\/www.naturparkmagazin.de\/schwaebisch-fraenkischer-wald\/?s={search_term_string}\"},\"query-input\":\"required name=search_term_string\"}],\"inLanguage\":\"de\"},{\"@type\":\"Person\",\"@id\":\"https:\/\/www.naturparkmagazin.de\/schwaebisch-fraenkischer-wald\/#\/schema\/person\/f047a3702ae747fd7830cf8ac95e6066\",\"name\":\"Naturpark-Team\",\"sameAs\":[\"http:\/\/www.naturpark-sfw.de\",\"https:\/\/www.facebook.com\/naturparkSFW\"],\"url\":\"https:\/\/www.naturparkmagazin.de\/schwaebisch-fraenkischer-wald\/author\/bernharddrixler\/\"}]}<\/script>\n<!-- \/ Yoast SEO plugin. -->","yoast_head_json":{"title":"Blick zur\u00fcck nach vorn - Naturparkf\u00fchrer*Innen berichten - Naturpark Schw\u00e4bisch-Fr\u00e4nkischer Wald","robots":{"index":"index","follow":"follow","max-snippet":"max-snippet:-1","max-image-preview":"max-image-preview:large","max-video-preview":"max-video-preview:-1"},"canonical":"https:\/\/www.naturparkmagazin.de\/schwaebisch-fraenkischer-wald\/blick-zurueck-nach-vorn-naturparkfuehrerinnen-berichten-4\/","og_locale":"de_DE","og_type":"article","og_title":"Blick zur\u00fcck nach vorn - Naturparkf\u00fchrer*Innen berichten - Naturpark Schw\u00e4bisch-Fr\u00e4nkischer Wald","og_description":"Verborgene Sch\u00e4tze zeigte Naturparkf\u00fchrerin Petra Kuch den Teilnehmern der Wanderung","og_url":"https:\/\/www.naturparkmagazin.de\/schwaebisch-fraenkischer-wald\/blick-zurueck-nach-vorn-naturparkfuehrerinnen-berichten-4\/","og_site_name":"Naturpark Schw\u00e4bisch-Fr\u00e4nkischer Wald","article_author":"https:\/\/www.facebook.com\/naturparkSFW","article_published_time":"2015-08-19T06:49:56+00:00","article_modified_time":"2015-08-19T06:51:10+00:00","og_image":[{"width":200,"height":200,"url":"https:\/\/www.naturparkmagazin.de\/schwaebisch-fraenkischer-wald\/wp-content\/uploads\/sites\/34\/W\u00fcstenroter-Sch\u00e4tzetour_PKuch.jpg","type":"image\/jpeg"}],"author":"Naturpark-Team","twitter_misc":{"Verfasst von":"Naturpark-Team","Gesch\u00e4tzte Lesezeit":"1\u00a0Minute"},"schema":{"@context":"https:\/\/schema.org","@graph":[{"@type":"WebPage","@id":"https:\/\/www.naturparkmagazin.de\/schwaebisch-fraenkischer-wald\/blick-zurueck-nach-vorn-naturparkfuehrerinnen-berichten-4\/","url":"https:\/\/www.naturparkmagazin.de\/schwaebisch-fraenkischer-wald\/blick-zurueck-nach-vorn-naturparkfuehrerinnen-berichten-4\/","name":"Blick zur\u00fcck nach vorn - Naturparkf\u00fchrer*Innen berichten - Naturpark Schw\u00e4bisch-Fr\u00e4nkischer Wald","isPartOf":{"@id":"https:\/\/www.naturparkmagazin.de\/schwaebisch-fraenkischer-wald\/#website"},"datePublished":"2015-08-19T06:49:56+00:00","dateModified":"2015-08-19T06:51:10+00:00","author":{"@id":"https:\/\/www.naturparkmagazin.de\/schwaebisch-fraenkischer-wald\/#\/schema\/person\/f047a3702ae747fd7830cf8ac95e6066"},"breadcrumb":{"@id":"https:\/\/www.naturparkmagazin.de\/schwaebisch-fraenkischer-wald\/blick-zurueck-nach-vorn-naturparkfuehrerinnen-berichten-4\/#breadcrumb"},"inLanguage":"de","potentialAction":[{"@type":"ReadAction","target":["https:\/\/www.naturparkmagazin.de\/schwaebisch-fraenkischer-wald\/blick-zurueck-nach-vorn-naturparkfuehrerinnen-berichten-4\/"]}]},{"@type":"BreadcrumbList","@id":"https:\/\/www.naturparkmagazin.de\/schwaebisch-fraenkischer-wald\/blick-zurueck-nach-vorn-naturparkfuehrerinnen-berichten-4\/#breadcrumb","itemListElement":[{"@type":"ListItem","position":1,"name":"Home","item":"https:\/\/www.naturparkmagazin.de\/schwaebisch-fraenkischer-wald\/"},{"@type":"ListItem","position":2,"name":"Blick zur\u00fcck nach vorn &#8211; Naturparkf\u00fchrer*Innen berichten"}]},{"@type":"WebSite","@id":"https:\/\/www.naturparkmagazin.de\/schwaebisch-fraenkischer-wald\/#website","url":"https:\/\/www.naturparkmagazin.de\/schwaebisch-fraenkischer-wald\/","name":"Naturpark Schw\u00e4bisch-Fr\u00e4nkischer Wald","description":"","potentialAction":[{"@type":"SearchAction","target":{"@type":"EntryPoint","urlTemplate":"https:\/\/www.naturparkmagazin.de\/schwaebisch-fraenkischer-wald\/?s={search_term_string}"},"query-input":"required name=search_term_string"}],"inLanguage":"de"},{"@type":"Person","@id":"https:\/\/www.naturparkmagazin.de\/schwaebisch-fraenkischer-wald\/#\/schema\/person\/f047a3702ae747fd7830cf8ac95e6066","name":"Naturpark-Team","sameAs":["http:\/\/www.naturpark-sfw.de","https:\/\/www.facebook.com\/naturparkSFW"],"url":"https:\/\/www.naturparkmagazin.de\/schwaebisch-fraenkischer-wald\/author\/bernharddrixler\/"}]}},"_links":{"self":[{"href":"https:\/\/www.naturparkmagazin.de\/schwaebisch-fraenkischer-wald\/wp-json\/wp\/v2\/posts\/2392"}],"collection":[{"href":"https:\/\/www.naturparkmagazin.de\/schwaebisch-fraenkischer-wald\/wp-json\/wp\/v2\/posts"}],"about":[{"href":"https:\/\/www.naturparkmagazin.de\/schwaebisch-fraenkischer-wald\/wp-json\/wp\/v2\/types\/post"}],"author":[{"embeddable":true,"href":"https:\/\/www.naturparkmagazin.de\/schwaebisch-fraenkischer-wald\/wp-json\/wp\/v2\/users\/25"}],"replies":[{"embeddable":true,"href":"https:\/\/www.naturparkmagazin.de\/schwaebisch-fraenkischer-wald\/wp-json\/wp\/v2\/comments?post=2392"}],"version-history":[{"count":1,"href":"https:\/\/www.naturparkmagazin.de\/schwaebisch-fraenkischer-wald\/wp-json\/wp\/v2\/posts\/2392\/revisions"}],"predecessor-version":[{"id":2394,"href":"https:\/\/www.naturparkmagazin.de\/schwaebisch-fraenkischer-wald\/wp-json\/wp\/v2\/posts\/2392\/revisions\/2394"}],"wp:featuredmedia":[{"embeddable":true,"href":"https:\/\/www.naturparkmagazin.de\/schwaebisch-fraenkischer-wald\/wp-json\/wp\/v2\/media\/2393"}],"wp:attachment":[{"href":"https:\/\/www.naturparkmagazin.de\/schwaebisch-fraenkischer-wald\/wp-json\/wp\/v2\/media?parent=2392"}],"wp:term":[{"taxonomy":"category","embeddable":true,"href":"https:\/\/www.naturparkmagazin.de\/schwaebisch-fraenkischer-wald\/wp-json\/wp\/v2\/categories?post=2392"},{"taxonomy":"post_tag","embeddable":true,"href":"https:\/\/www.naturparkmagazin.de\/schwaebisch-fraenkischer-wald\/wp-json\/wp\/v2\/tags?post=2392"}],"curies":[{"name":"wp","href":"https:\/\/api.w.org\/{rel}","templated":true}]}}