{"id":2401,"date":"2015-08-19T08:13:15","date_gmt":"2015-08-19T06:13:15","guid":{"rendered":"http:\/\/www.naturparkmagazin.de\/schwaebisch-fraenkischer-wald\/?p=2401"},"modified":"2015-08-19T14:57:54","modified_gmt":"2015-08-19T12:57:54","slug":"windwelten-workshops-im-einsalles","status":"publish","type":"post","link":"https:\/\/www.naturparkmagazin.de\/schwaebisch-fraenkischer-wald\/windwelten-workshops-im-einsalles\/","title":{"rendered":"WindWelten-Workshops im EINS+ALLES"},"content":{"rendered":"<p>Bewegte Luft in Klang verwandeln<\/p>\n<div id=\"attachment_2404\" style=\"width: 210px\" class=\"wp-caption alignright\"><a href=\"https:\/\/www.naturparkmagazin.de\/schwaebisch-fraenkischer-wald\/wp-content\/uploads\/sites\/34\/Klangwelten.jpg\"><img aria-describedby=\"caption-attachment-2404\" decoding=\"async\" loading=\"lazy\" class=\"size-full wp-image-2404\" src=\"https:\/\/www.naturparkmagazin.de\/schwaebisch-fraenkischer-wald\/wp-content\/uploads\/sites\/34\/Klangwelten.jpg\" alt=\"Bewegte Luft in Klang verwandeln - WindWelten-Workshops im EINS+ALLES\" width=\"200\" height=\"200\" srcset=\"https:\/\/www.naturparkmagazin.de\/schwaebisch-fraenkischer-wald\/wp-content\/uploads\/sites\/34\/Klangwelten.jpg 200w, https:\/\/www.naturparkmagazin.de\/schwaebisch-fraenkischer-wald\/wp-content\/uploads\/sites\/34\/Klangwelten-30x30.jpg 30w\" sizes=\"(max-width: 200px) 100vw, 200px\" \/><\/a><p id=\"caption-attachment-2404\" class=\"wp-caption-text\">Bewegte Luft in Klang verwandeln &#8211; WindWelten-Workshops im EINS+ALLES<\/p><\/div>\n<p>Die Naturkraft Wind erleben wir als sanftes L\u00fcftchen oder energievolles Element, als willkommene Brise oder rohe Naturgewalt. Sie ist gleichzeitig Sch\u00f6pfer und Zerst\u00f6rer, Gestalter und Ver\u00e4nderer von Landschaftsr\u00e4umen, sie tr\u00e4gt Fliegendes aus Flora und Fauna, D\u00fcfte und Kl\u00e4nge \u2026\nDie Workshops einer kleinen WindWelten-Reihe vom Erfahrungsfeld der Sinne EINS+ALLES in Kooperation mit dem Naturpark Schw\u00e4bisch-Fr\u00e4nkischer Wald sollen das Bewusstsein der Besucher dieser reizvollen, und durch den Schw\u00e4bischen Heimatbund ausgezeichneten Kulturlandschaft f\u00fcr das luftige Element sch\u00e4rfen und Wind in experimenteller Form zug\u00e4nglich machen.\nIn den Veranstaltungen entstehen dabei verschiedene Klangobjekte, die Wind akustisch erlebbar und durch Klangerzeugung auf die Bewegung der Luft aufmerksam machen. Dabei werden\ndie Prinzipien einer Windharfe und eines WindKlangFeldes aufgegriffen, welche die K\u00fcnstler Jutta Kelm und Hannes Heyne als neue Stationen im Erfahrungsfeld schaffen.<\/p>\n<p>Am 19. und 20. September \u2013 dem Tag des Schw\u00e4bischen Waldes \u2013 bauen Teilnehmer angeleitet vom K\u00fcnstler Hannes Heyne Mini-Klangspiele im EINS+ALLES. Die Energie, die von bewegter Luft ausgeht, h\u00f6r- und erlebbar zu machen, ist Inhalt dieses Workshops. Unter Anleitung k\u00f6nnen Besucher selbst kleine Windspiele und Instrumente wie Schwirrh\u00f6lzer und Zwitscherrollen bauen. Diese d\u00fcrfen anschlie\u00dfend mitgenommen, im eigenen Garten oder auf dem Balkon installiert oder nach Herzenslust gespielt werden. Die Workshops starten jeweils 11:00, 13:30 sowie 15:30 Uhr und dauern ca. 1,5h.<\/p>\n<p>Die Teilnahme an diesen offenen Workshops ist kostenlos und f\u00fcr Menschen aller Altersstufen ab 8 &#8211; 10 Jahren gedacht. Die Veranstaltungen finden im Freien statt. Bei schlechtem Wetter k\u00f6nnen die Teilnehmer auf ein Zelt ausweichen. Eine vorherige Anmeldung ist nicht notwendig.<\/p>\n<p>Die WindWelten-Workshops wurden gef\u00f6rdert durch den Naturpark Schw\u00e4bisch-Fr\u00e4nkischer Wald mit Mitteln des Landes Baden-W\u00fcrttemberg, der Lotterie Gl\u00fccksspirale und der Europ\u00e4ischen Union (ELER).<\/p>\n<p>Veranstalter\/Treffpunkt:\nEINS+ALLES Erfahrungsfeld der Sinne\nLaufenm\u00fchle 8\n73642 Welzheim\nWeitere Infos unter\u00a0 07182\/8007-77 oder <a href=\"http:\/\/www.eins-und-alles.de\" target=\"_blank\">www.eins-und-alles.de<\/a><\/p>\n","protected":false},"excerpt":{"rendered":"<p>19.+20.09.: Offene Workshops f\u00fcr Menschen aller Altersstufen ab 8 &#8211; 10 Jahren (Teilnahme kostenlos)<\/p>\n","protected":false},"author":25,"featured_media":2404,"comment_status":"open","ping_status":"open","sticky":false,"template":"","format":"standard","meta":[],"categories":[11],"tags":[316],"yoast_head":"<!-- This site is optimized with the Yoast SEO plugin v19.10 - https:\/\/yoast.com\/wordpress\/plugins\/seo\/ -->\n<title>WindWelten-Workshops im EINS+ALLES - Naturpark Schw\u00e4bisch-Fr\u00e4nkischer Wald<\/title>\n<meta name=\"robots\" content=\"index, follow, max-snippet:-1, max-image-preview:large, max-video-preview:-1\" \/>\n<link rel=\"canonical\" href=\"https:\/\/www.naturparkmagazin.de\/schwaebisch-fraenkischer-wald\/windwelten-workshops-im-einsalles\/\" \/>\n<meta property=\"og:locale\" content=\"de_DE\" \/>\n<meta property=\"og:type\" content=\"article\" \/>\n<meta property=\"og:title\" content=\"WindWelten-Workshops im EINS+ALLES - Naturpark Schw\u00e4bisch-Fr\u00e4nkischer Wald\" \/>\n<meta property=\"og:description\" content=\"19.+20.09.: Offene Workshops f\u00fcr Menschen aller Altersstufen ab 8 - 10 Jahren (Teilnahme kostenlos)\" \/>\n<meta property=\"og:url\" content=\"https:\/\/www.naturparkmagazin.de\/schwaebisch-fraenkischer-wald\/windwelten-workshops-im-einsalles\/\" \/>\n<meta property=\"og:site_name\" content=\"Naturpark Schw\u00e4bisch-Fr\u00e4nkischer Wald\" \/>\n<meta property=\"article:author\" content=\"https:\/\/www.facebook.com\/naturparkSFW\" \/>\n<meta property=\"article:published_time\" content=\"2015-08-19T06:13:15+00:00\" \/>\n<meta property=\"article:modified_time\" content=\"2015-08-19T12:57:54+00:00\" \/>\n<meta property=\"og:image\" content=\"https:\/\/www.naturparkmagazin.de\/schwaebisch-fraenkischer-wald\/wp-content\/uploads\/sites\/34\/Klangwelten.jpg\" \/>\n\t<meta property=\"og:image:width\" content=\"200\" \/>\n\t<meta property=\"og:image:height\" content=\"200\" \/>\n\t<meta property=\"og:image:type\" content=\"image\/jpeg\" \/>\n<meta name=\"author\" content=\"Naturpark-Team\" \/>\n<meta name=\"twitter:label1\" content=\"Verfasst von\" \/>\n\t<meta name=\"twitter:data1\" content=\"Naturpark-Team\" \/>\n\t<meta name=\"twitter:label2\" content=\"Gesch\u00e4tzte Lesezeit\" \/>\n\t<meta name=\"twitter:data2\" content=\"2\u00a0Minuten\" \/>\n<script type=\"application\/ld+json\" class=\"yoast-schema-graph\">{\"@context\":\"https:\/\/schema.org\",\"@graph\":[{\"@type\":\"WebPage\",\"@id\":\"https:\/\/www.naturparkmagazin.de\/schwaebisch-fraenkischer-wald\/windwelten-workshops-im-einsalles\/\",\"url\":\"https:\/\/www.naturparkmagazin.de\/schwaebisch-fraenkischer-wald\/windwelten-workshops-im-einsalles\/\",\"name\":\"WindWelten-Workshops im EINS+ALLES - Naturpark Schw\u00e4bisch-Fr\u00e4nkischer Wald\",\"isPartOf\":{\"@id\":\"https:\/\/www.naturparkmagazin.de\/schwaebisch-fraenkischer-wald\/#website\"},\"datePublished\":\"2015-08-19T06:13:15+00:00\",\"dateModified\":\"2015-08-19T12:57:54+00:00\",\"author\":{\"@id\":\"https:\/\/www.naturparkmagazin.de\/schwaebisch-fraenkischer-wald\/#\/schema\/person\/f047a3702ae747fd7830cf8ac95e6066\"},\"breadcrumb\":{\"@id\":\"https:\/\/www.naturparkmagazin.de\/schwaebisch-fraenkischer-wald\/windwelten-workshops-im-einsalles\/#breadcrumb\"},\"inLanguage\":\"de\",\"potentialAction\":[{\"@type\":\"ReadAction\",\"target\":[\"https:\/\/www.naturparkmagazin.de\/schwaebisch-fraenkischer-wald\/windwelten-workshops-im-einsalles\/\"]}]},{\"@type\":\"BreadcrumbList\",\"@id\":\"https:\/\/www.naturparkmagazin.de\/schwaebisch-fraenkischer-wald\/windwelten-workshops-im-einsalles\/#breadcrumb\",\"itemListElement\":[{\"@type\":\"ListItem\",\"position\":1,\"name\":\"Home\",\"item\":\"https:\/\/www.naturparkmagazin.de\/schwaebisch-fraenkischer-wald\/\"},{\"@type\":\"ListItem\",\"position\":2,\"name\":\"WindWelten-Workshops im EINS+ALLES\"}]},{\"@type\":\"WebSite\",\"@id\":\"https:\/\/www.naturparkmagazin.de\/schwaebisch-fraenkischer-wald\/#website\",\"url\":\"https:\/\/www.naturparkmagazin.de\/schwaebisch-fraenkischer-wald\/\",\"name\":\"Naturpark Schw\u00e4bisch-Fr\u00e4nkischer Wald\",\"description\":\"\",\"potentialAction\":[{\"@type\":\"SearchAction\",\"target\":{\"@type\":\"EntryPoint\",\"urlTemplate\":\"https:\/\/www.naturparkmagazin.de\/schwaebisch-fraenkischer-wald\/?s={search_term_string}\"},\"query-input\":\"required name=search_term_string\"}],\"inLanguage\":\"de\"},{\"@type\":\"Person\",\"@id\":\"https:\/\/www.naturparkmagazin.de\/schwaebisch-fraenkischer-wald\/#\/schema\/person\/f047a3702ae747fd7830cf8ac95e6066\",\"name\":\"Naturpark-Team\",\"sameAs\":[\"http:\/\/www.naturpark-sfw.de\",\"https:\/\/www.facebook.com\/naturparkSFW\"],\"url\":\"https:\/\/www.naturparkmagazin.de\/schwaebisch-fraenkischer-wald\/author\/bernharddrixler\/\"}]}<\/script>\n<!-- \/ Yoast SEO plugin. -->","yoast_head_json":{"title":"WindWelten-Workshops im EINS+ALLES - Naturpark Schw\u00e4bisch-Fr\u00e4nkischer Wald","robots":{"index":"index","follow":"follow","max-snippet":"max-snippet:-1","max-image-preview":"max-image-preview:large","max-video-preview":"max-video-preview:-1"},"canonical":"https:\/\/www.naturparkmagazin.de\/schwaebisch-fraenkischer-wald\/windwelten-workshops-im-einsalles\/","og_locale":"de_DE","og_type":"article","og_title":"WindWelten-Workshops im EINS+ALLES - Naturpark Schw\u00e4bisch-Fr\u00e4nkischer Wald","og_description":"19.+20.09.: Offene Workshops f\u00fcr Menschen aller Altersstufen ab 8 - 10 Jahren (Teilnahme kostenlos)","og_url":"https:\/\/www.naturparkmagazin.de\/schwaebisch-fraenkischer-wald\/windwelten-workshops-im-einsalles\/","og_site_name":"Naturpark Schw\u00e4bisch-Fr\u00e4nkischer Wald","article_author":"https:\/\/www.facebook.com\/naturparkSFW","article_published_time":"2015-08-19T06:13:15+00:00","article_modified_time":"2015-08-19T12:57:54+00:00","og_image":[{"width":200,"height":200,"url":"https:\/\/www.naturparkmagazin.de\/schwaebisch-fraenkischer-wald\/wp-content\/uploads\/sites\/34\/Klangwelten.jpg","type":"image\/jpeg"}],"author":"Naturpark-Team","twitter_misc":{"Verfasst von":"Naturpark-Team","Gesch\u00e4tzte Lesezeit":"2\u00a0Minuten"},"schema":{"@context":"https:\/\/schema.org","@graph":[{"@type":"WebPage","@id":"https:\/\/www.naturparkmagazin.de\/schwaebisch-fraenkischer-wald\/windwelten-workshops-im-einsalles\/","url":"https:\/\/www.naturparkmagazin.de\/schwaebisch-fraenkischer-wald\/windwelten-workshops-im-einsalles\/","name":"WindWelten-Workshops im EINS+ALLES - Naturpark Schw\u00e4bisch-Fr\u00e4nkischer Wald","isPartOf":{"@id":"https:\/\/www.naturparkmagazin.de\/schwaebisch-fraenkischer-wald\/#website"},"datePublished":"2015-08-19T06:13:15+00:00","dateModified":"2015-08-19T12:57:54+00:00","author":{"@id":"https:\/\/www.naturparkmagazin.de\/schwaebisch-fraenkischer-wald\/#\/schema\/person\/f047a3702ae747fd7830cf8ac95e6066"},"breadcrumb":{"@id":"https:\/\/www.naturparkmagazin.de\/schwaebisch-fraenkischer-wald\/windwelten-workshops-im-einsalles\/#breadcrumb"},"inLanguage":"de","potentialAction":[{"@type":"ReadAction","target":["https:\/\/www.naturparkmagazin.de\/schwaebisch-fraenkischer-wald\/windwelten-workshops-im-einsalles\/"]}]},{"@type":"BreadcrumbList","@id":"https:\/\/www.naturparkmagazin.de\/schwaebisch-fraenkischer-wald\/windwelten-workshops-im-einsalles\/#breadcrumb","itemListElement":[{"@type":"ListItem","position":1,"name":"Home","item":"https:\/\/www.naturparkmagazin.de\/schwaebisch-fraenkischer-wald\/"},{"@type":"ListItem","position":2,"name":"WindWelten-Workshops im EINS+ALLES"}]},{"@type":"WebSite","@id":"https:\/\/www.naturparkmagazin.de\/schwaebisch-fraenkischer-wald\/#website","url":"https:\/\/www.naturparkmagazin.de\/schwaebisch-fraenkischer-wald\/","name":"Naturpark Schw\u00e4bisch-Fr\u00e4nkischer Wald","description":"","potentialAction":[{"@type":"SearchAction","target":{"@type":"EntryPoint","urlTemplate":"https:\/\/www.naturparkmagazin.de\/schwaebisch-fraenkischer-wald\/?s={search_term_string}"},"query-input":"required name=search_term_string"}],"inLanguage":"de"},{"@type":"Person","@id":"https:\/\/www.naturparkmagazin.de\/schwaebisch-fraenkischer-wald\/#\/schema\/person\/f047a3702ae747fd7830cf8ac95e6066","name":"Naturpark-Team","sameAs":["http:\/\/www.naturpark-sfw.de","https:\/\/www.facebook.com\/naturparkSFW"],"url":"https:\/\/www.naturparkmagazin.de\/schwaebisch-fraenkischer-wald\/author\/bernharddrixler\/"}]}},"_links":{"self":[{"href":"https:\/\/www.naturparkmagazin.de\/schwaebisch-fraenkischer-wald\/wp-json\/wp\/v2\/posts\/2401"}],"collection":[{"href":"https:\/\/www.naturparkmagazin.de\/schwaebisch-fraenkischer-wald\/wp-json\/wp\/v2\/posts"}],"about":[{"href":"https:\/\/www.naturparkmagazin.de\/schwaebisch-fraenkischer-wald\/wp-json\/wp\/v2\/types\/post"}],"author":[{"embeddable":true,"href":"https:\/\/www.naturparkmagazin.de\/schwaebisch-fraenkischer-wald\/wp-json\/wp\/v2\/users\/25"}],"replies":[{"embeddable":true,"href":"https:\/\/www.naturparkmagazin.de\/schwaebisch-fraenkischer-wald\/wp-json\/wp\/v2\/comments?post=2401"}],"version-history":[{"count":3,"href":"https:\/\/www.naturparkmagazin.de\/schwaebisch-fraenkischer-wald\/wp-json\/wp\/v2\/posts\/2401\/revisions"}],"predecessor-version":[{"id":2405,"href":"https:\/\/www.naturparkmagazin.de\/schwaebisch-fraenkischer-wald\/wp-json\/wp\/v2\/posts\/2401\/revisions\/2405"}],"wp:featuredmedia":[{"embeddable":true,"href":"https:\/\/www.naturparkmagazin.de\/schwaebisch-fraenkischer-wald\/wp-json\/wp\/v2\/media\/2404"}],"wp:attachment":[{"href":"https:\/\/www.naturparkmagazin.de\/schwaebisch-fraenkischer-wald\/wp-json\/wp\/v2\/media?parent=2401"}],"wp:term":[{"taxonomy":"category","embeddable":true,"href":"https:\/\/www.naturparkmagazin.de\/schwaebisch-fraenkischer-wald\/wp-json\/wp\/v2\/categories?post=2401"},{"taxonomy":"post_tag","embeddable":true,"href":"https:\/\/www.naturparkmagazin.de\/schwaebisch-fraenkischer-wald\/wp-json\/wp\/v2\/tags?post=2401"}],"curies":[{"name":"wp","href":"https:\/\/api.w.org\/{rel}","templated":true}]}}