{"id":2424,"date":"2015-08-19T08:10:08","date_gmt":"2015-08-19T06:10:08","guid":{"rendered":"http:\/\/www.naturparkmagazin.de\/schwaebisch-fraenkischer-wald\/?p=2424"},"modified":"2015-08-19T11:34:46","modified_gmt":"2015-08-19T09:34:46","slug":"tag-des-schwaebischen-waldes-2015","status":"publish","type":"post","link":"https:\/\/www.naturparkmagazin.de\/schwaebisch-fraenkischer-wald\/tag-des-schwaebischen-waldes-2015\/","title":{"rendered":"Tag des Schw\u00e4bischen Waldes 2015"},"content":{"rendered":"<p>Der Schw\u00e4bische Wald wurde vom Schw\u00e4bischen Heimatbund zur Kulturlandschaft des Jahres 2015\/16 gek\u00fcrt.<\/p>\n<div id=\"attachment_2425\" style=\"width: 210px\" class=\"wp-caption alignright\"><a href=\"https:\/\/www.naturparkmagazin.de\/schwaebisch-fraenkischer-wald\/wp-content\/uploads\/sites\/34\/TdSW.jpg\"><img aria-describedby=\"caption-attachment-2425\" decoding=\"async\" loading=\"lazy\" class=\"size-full wp-image-2425\" src=\"https:\/\/www.naturparkmagazin.de\/schwaebisch-fraenkischer-wald\/wp-content\/uploads\/sites\/34\/TdSW.jpg\" alt=\"Tag des Schw\u00e4bischen Waldes 2015\" width=\"200\" height=\"200\" srcset=\"https:\/\/www.naturparkmagazin.de\/schwaebisch-fraenkischer-wald\/wp-content\/uploads\/sites\/34\/TdSW.jpg 200w, https:\/\/www.naturparkmagazin.de\/schwaebisch-fraenkischer-wald\/wp-content\/uploads\/sites\/34\/TdSW-30x30.jpg 30w\" sizes=\"(max-width: 200px) 100vw, 200px\" \/><\/a><p id=\"caption-attachment-2425\" class=\"wp-caption-text\">Tag des Schw\u00e4bischen Waldes 2015<\/p><\/div>\n<p>Das ist f\u00fcr\u00a0 die Fremdenverkehrsgemeinschaft Schw\u00e4bischer Wald Anlass, am Tag des Schw\u00e4bischen Waldes, 20. September 2015, das Thema Kulturlandschaft in besonderer Weise unter das Brennglas zu legen, denn die gr\u00f6\u00dfte Veranstaltung im Freizeitkalender des Schw\u00e4bischen Waldes pr\u00e4sentiert sich unter dem Motto der Kulturlandschaft des Jahres. Bereits traditionell vermittelt der Tag des Schw\u00e4bischen Waldes mit seiner Riesenpalette\u00a0 an naturp\u00e4dagogischen Angeboten und Landschafts-Entdeckungstouren vieles von dem, was die Kulturlandschaft Schw\u00e4bischer Wald ausmacht.<\/p>\n<p>Eine Prise echte Waldluft zu tanken, ist an sich schon ein reines Freizeitvergn\u00fcgen. Am Tag des Schw\u00e4bischen Waldes haben Besucher dar\u00fcber hinaus die M\u00f6glichkeit die Kulturlandschaft auf besonders vielf\u00e4ltige, unterhaltsame, lehrreiche oder ganz einfach entschleunigende\u00a0 Weise zu entdecken und Angebote wahrzunehmen, wie sie nur an diesem Tag erlebbar sein werden. Auch geschmacklich wird einiges geboten: Die Gastronomen sorgen mit regionalen Produkten f\u00fcr kulinarische Gaumenfreuden und lassen damit das Herz eines jeden Feinschmeckers h\u00f6her schlagen.\nViele M\u00fchlen \u00f6ffnen ihre Pforten und gew\u00e4hren M\u00fchlenfreunden einen Einblick in ihre faszinierende Welt. Teilweise werden auch hier F\u00fchrungen und Bewirtung angeboten.\nNeben den Freizeitbussen Limes-, Wald-, R\u00e4uber- sowie Berg- und Talbus bieten die Oldtimerbusse ein Erlebnis der ganz besonderen Art. F\u00fcr Nostalgie sorgt eine Fahrt mit der Schw\u00e4bischen Waldbahn, welche von Schorndorf \u00fcber Rudersberg nach Welzheim dampft.\nDas Programmheft zum \u201eTag des Schw\u00e4bischen Waldes\u201c mit Informationen zu allen Veranstaltungen gibts zum Herunterladen auf\u00a0 <a href=\"http:\/\/www.schwaebischerwald.com\" target=\"_blank\">www.schwaebischerwald.com<\/a> und liegt in allen Stadtinfostellen bzw. Rath\u00e4usern der St\u00e4dte und Gemeinden im Rems-Murr-Kreis, den Gemeinden Gschwend, Mainhardt und W\u00fcstenrot, im Landratsamt und den Kfz-Zulassungsstellen Waiblingen, Schorndorf und Backnang zur kostenlosen Mitnahme.<\/p>\n<p>Gegen eine Portopauschale von 2,- Euro kann es auch telefonisch angefordert werden (Tel. 07151\/501-1376).<\/p>\n","protected":false},"excerpt":{"rendered":"<p>20.09.: Tag des Schw\u00e4bischen Waldes 2015 unter dem Motto &#8222;Kulturlandschaft des Jahres&#8220;<\/p>\n","protected":false},"author":25,"featured_media":2425,"comment_status":"open","ping_status":"open","sticky":false,"template":"","format":"standard","meta":[],"categories":[11],"tags":[316],"yoast_head":"<!-- This site is optimized with the Yoast SEO plugin v19.10 - https:\/\/yoast.com\/wordpress\/plugins\/seo\/ -->\n<title>Tag des Schw\u00e4bischen Waldes 2015 - Naturpark Schw\u00e4bisch-Fr\u00e4nkischer Wald<\/title>\n<meta name=\"robots\" content=\"index, follow, max-snippet:-1, max-image-preview:large, max-video-preview:-1\" \/>\n<link rel=\"canonical\" href=\"https:\/\/www.naturparkmagazin.de\/schwaebisch-fraenkischer-wald\/tag-des-schwaebischen-waldes-2015\/\" \/>\n<meta property=\"og:locale\" content=\"de_DE\" \/>\n<meta property=\"og:type\" content=\"article\" \/>\n<meta property=\"og:title\" content=\"Tag des Schw\u00e4bischen Waldes 2015 - Naturpark Schw\u00e4bisch-Fr\u00e4nkischer Wald\" \/>\n<meta property=\"og:description\" content=\"20.09.: Tag des Schw\u00e4bischen Waldes 2015 unter dem Motto &quot;Kulturlandschaft des Jahres&quot;\" \/>\n<meta property=\"og:url\" content=\"https:\/\/www.naturparkmagazin.de\/schwaebisch-fraenkischer-wald\/tag-des-schwaebischen-waldes-2015\/\" \/>\n<meta property=\"og:site_name\" content=\"Naturpark Schw\u00e4bisch-Fr\u00e4nkischer Wald\" \/>\n<meta property=\"article:author\" content=\"https:\/\/www.facebook.com\/naturparkSFW\" \/>\n<meta property=\"article:published_time\" content=\"2015-08-19T06:10:08+00:00\" \/>\n<meta property=\"article:modified_time\" content=\"2015-08-19T09:34:46+00:00\" \/>\n<meta property=\"og:image\" content=\"https:\/\/www.naturparkmagazin.de\/schwaebisch-fraenkischer-wald\/wp-content\/uploads\/sites\/34\/TdSW.jpg\" \/>\n\t<meta property=\"og:image:width\" content=\"200\" \/>\n\t<meta property=\"og:image:height\" content=\"200\" \/>\n\t<meta property=\"og:image:type\" content=\"image\/jpeg\" \/>\n<meta name=\"author\" content=\"Naturpark-Team\" \/>\n<meta name=\"twitter:label1\" content=\"Verfasst von\" \/>\n\t<meta name=\"twitter:data1\" content=\"Naturpark-Team\" \/>\n\t<meta name=\"twitter:label2\" content=\"Gesch\u00e4tzte Lesezeit\" \/>\n\t<meta name=\"twitter:data2\" content=\"2\u00a0Minuten\" \/>\n<script type=\"application\/ld+json\" class=\"yoast-schema-graph\">{\"@context\":\"https:\/\/schema.org\",\"@graph\":[{\"@type\":\"WebPage\",\"@id\":\"https:\/\/www.naturparkmagazin.de\/schwaebisch-fraenkischer-wald\/tag-des-schwaebischen-waldes-2015\/\",\"url\":\"https:\/\/www.naturparkmagazin.de\/schwaebisch-fraenkischer-wald\/tag-des-schwaebischen-waldes-2015\/\",\"name\":\"Tag des Schw\u00e4bischen Waldes 2015 - Naturpark Schw\u00e4bisch-Fr\u00e4nkischer Wald\",\"isPartOf\":{\"@id\":\"https:\/\/www.naturparkmagazin.de\/schwaebisch-fraenkischer-wald\/#website\"},\"datePublished\":\"2015-08-19T06:10:08+00:00\",\"dateModified\":\"2015-08-19T09:34:46+00:00\",\"author\":{\"@id\":\"https:\/\/www.naturparkmagazin.de\/schwaebisch-fraenkischer-wald\/#\/schema\/person\/f047a3702ae747fd7830cf8ac95e6066\"},\"breadcrumb\":{\"@id\":\"https:\/\/www.naturparkmagazin.de\/schwaebisch-fraenkischer-wald\/tag-des-schwaebischen-waldes-2015\/#breadcrumb\"},\"inLanguage\":\"de\",\"potentialAction\":[{\"@type\":\"ReadAction\",\"target\":[\"https:\/\/www.naturparkmagazin.de\/schwaebisch-fraenkischer-wald\/tag-des-schwaebischen-waldes-2015\/\"]}]},{\"@type\":\"BreadcrumbList\",\"@id\":\"https:\/\/www.naturparkmagazin.de\/schwaebisch-fraenkischer-wald\/tag-des-schwaebischen-waldes-2015\/#breadcrumb\",\"itemListElement\":[{\"@type\":\"ListItem\",\"position\":1,\"name\":\"Home\",\"item\":\"https:\/\/www.naturparkmagazin.de\/schwaebisch-fraenkischer-wald\/\"},{\"@type\":\"ListItem\",\"position\":2,\"name\":\"Tag des Schw\u00e4bischen Waldes 2015\"}]},{\"@type\":\"WebSite\",\"@id\":\"https:\/\/www.naturparkmagazin.de\/schwaebisch-fraenkischer-wald\/#website\",\"url\":\"https:\/\/www.naturparkmagazin.de\/schwaebisch-fraenkischer-wald\/\",\"name\":\"Naturpark Schw\u00e4bisch-Fr\u00e4nkischer Wald\",\"description\":\"\",\"potentialAction\":[{\"@type\":\"SearchAction\",\"target\":{\"@type\":\"EntryPoint\",\"urlTemplate\":\"https:\/\/www.naturparkmagazin.de\/schwaebisch-fraenkischer-wald\/?s={search_term_string}\"},\"query-input\":\"required name=search_term_string\"}],\"inLanguage\":\"de\"},{\"@type\":\"Person\",\"@id\":\"https:\/\/www.naturparkmagazin.de\/schwaebisch-fraenkischer-wald\/#\/schema\/person\/f047a3702ae747fd7830cf8ac95e6066\",\"name\":\"Naturpark-Team\",\"sameAs\":[\"http:\/\/www.naturpark-sfw.de\",\"https:\/\/www.facebook.com\/naturparkSFW\"],\"url\":\"https:\/\/www.naturparkmagazin.de\/schwaebisch-fraenkischer-wald\/author\/bernharddrixler\/\"}]}<\/script>\n<!-- \/ Yoast SEO plugin. -->","yoast_head_json":{"title":"Tag des Schw\u00e4bischen Waldes 2015 - Naturpark Schw\u00e4bisch-Fr\u00e4nkischer Wald","robots":{"index":"index","follow":"follow","max-snippet":"max-snippet:-1","max-image-preview":"max-image-preview:large","max-video-preview":"max-video-preview:-1"},"canonical":"https:\/\/www.naturparkmagazin.de\/schwaebisch-fraenkischer-wald\/tag-des-schwaebischen-waldes-2015\/","og_locale":"de_DE","og_type":"article","og_title":"Tag des Schw\u00e4bischen Waldes 2015 - Naturpark Schw\u00e4bisch-Fr\u00e4nkischer Wald","og_description":"20.09.: Tag des Schw\u00e4bischen Waldes 2015 unter dem Motto \"Kulturlandschaft des Jahres\"","og_url":"https:\/\/www.naturparkmagazin.de\/schwaebisch-fraenkischer-wald\/tag-des-schwaebischen-waldes-2015\/","og_site_name":"Naturpark Schw\u00e4bisch-Fr\u00e4nkischer Wald","article_author":"https:\/\/www.facebook.com\/naturparkSFW","article_published_time":"2015-08-19T06:10:08+00:00","article_modified_time":"2015-08-19T09:34:46+00:00","og_image":[{"width":200,"height":200,"url":"https:\/\/www.naturparkmagazin.de\/schwaebisch-fraenkischer-wald\/wp-content\/uploads\/sites\/34\/TdSW.jpg","type":"image\/jpeg"}],"author":"Naturpark-Team","twitter_misc":{"Verfasst von":"Naturpark-Team","Gesch\u00e4tzte Lesezeit":"2\u00a0Minuten"},"schema":{"@context":"https:\/\/schema.org","@graph":[{"@type":"WebPage","@id":"https:\/\/www.naturparkmagazin.de\/schwaebisch-fraenkischer-wald\/tag-des-schwaebischen-waldes-2015\/","url":"https:\/\/www.naturparkmagazin.de\/schwaebisch-fraenkischer-wald\/tag-des-schwaebischen-waldes-2015\/","name":"Tag des Schw\u00e4bischen Waldes 2015 - Naturpark Schw\u00e4bisch-Fr\u00e4nkischer Wald","isPartOf":{"@id":"https:\/\/www.naturparkmagazin.de\/schwaebisch-fraenkischer-wald\/#website"},"datePublished":"2015-08-19T06:10:08+00:00","dateModified":"2015-08-19T09:34:46+00:00","author":{"@id":"https:\/\/www.naturparkmagazin.de\/schwaebisch-fraenkischer-wald\/#\/schema\/person\/f047a3702ae747fd7830cf8ac95e6066"},"breadcrumb":{"@id":"https:\/\/www.naturparkmagazin.de\/schwaebisch-fraenkischer-wald\/tag-des-schwaebischen-waldes-2015\/#breadcrumb"},"inLanguage":"de","potentialAction":[{"@type":"ReadAction","target":["https:\/\/www.naturparkmagazin.de\/schwaebisch-fraenkischer-wald\/tag-des-schwaebischen-waldes-2015\/"]}]},{"@type":"BreadcrumbList","@id":"https:\/\/www.naturparkmagazin.de\/schwaebisch-fraenkischer-wald\/tag-des-schwaebischen-waldes-2015\/#breadcrumb","itemListElement":[{"@type":"ListItem","position":1,"name":"Home","item":"https:\/\/www.naturparkmagazin.de\/schwaebisch-fraenkischer-wald\/"},{"@type":"ListItem","position":2,"name":"Tag des Schw\u00e4bischen Waldes 2015"}]},{"@type":"WebSite","@id":"https:\/\/www.naturparkmagazin.de\/schwaebisch-fraenkischer-wald\/#website","url":"https:\/\/www.naturparkmagazin.de\/schwaebisch-fraenkischer-wald\/","name":"Naturpark Schw\u00e4bisch-Fr\u00e4nkischer Wald","description":"","potentialAction":[{"@type":"SearchAction","target":{"@type":"EntryPoint","urlTemplate":"https:\/\/www.naturparkmagazin.de\/schwaebisch-fraenkischer-wald\/?s={search_term_string}"},"query-input":"required name=search_term_string"}],"inLanguage":"de"},{"@type":"Person","@id":"https:\/\/www.naturparkmagazin.de\/schwaebisch-fraenkischer-wald\/#\/schema\/person\/f047a3702ae747fd7830cf8ac95e6066","name":"Naturpark-Team","sameAs":["http:\/\/www.naturpark-sfw.de","https:\/\/www.facebook.com\/naturparkSFW"],"url":"https:\/\/www.naturparkmagazin.de\/schwaebisch-fraenkischer-wald\/author\/bernharddrixler\/"}]}},"_links":{"self":[{"href":"https:\/\/www.naturparkmagazin.de\/schwaebisch-fraenkischer-wald\/wp-json\/wp\/v2\/posts\/2424"}],"collection":[{"href":"https:\/\/www.naturparkmagazin.de\/schwaebisch-fraenkischer-wald\/wp-json\/wp\/v2\/posts"}],"about":[{"href":"https:\/\/www.naturparkmagazin.de\/schwaebisch-fraenkischer-wald\/wp-json\/wp\/v2\/types\/post"}],"author":[{"embeddable":true,"href":"https:\/\/www.naturparkmagazin.de\/schwaebisch-fraenkischer-wald\/wp-json\/wp\/v2\/users\/25"}],"replies":[{"embeddable":true,"href":"https:\/\/www.naturparkmagazin.de\/schwaebisch-fraenkischer-wald\/wp-json\/wp\/v2\/comments?post=2424"}],"version-history":[{"count":1,"href":"https:\/\/www.naturparkmagazin.de\/schwaebisch-fraenkischer-wald\/wp-json\/wp\/v2\/posts\/2424\/revisions"}],"predecessor-version":[{"id":2426,"href":"https:\/\/www.naturparkmagazin.de\/schwaebisch-fraenkischer-wald\/wp-json\/wp\/v2\/posts\/2424\/revisions\/2426"}],"wp:featuredmedia":[{"embeddable":true,"href":"https:\/\/www.naturparkmagazin.de\/schwaebisch-fraenkischer-wald\/wp-json\/wp\/v2\/media\/2425"}],"wp:attachment":[{"href":"https:\/\/www.naturparkmagazin.de\/schwaebisch-fraenkischer-wald\/wp-json\/wp\/v2\/media?parent=2424"}],"wp:term":[{"taxonomy":"category","embeddable":true,"href":"https:\/\/www.naturparkmagazin.de\/schwaebisch-fraenkischer-wald\/wp-json\/wp\/v2\/categories?post=2424"},{"taxonomy":"post_tag","embeddable":true,"href":"https:\/\/www.naturparkmagazin.de\/schwaebisch-fraenkischer-wald\/wp-json\/wp\/v2\/tags?post=2424"}],"curies":[{"name":"wp","href":"https:\/\/api.w.org\/{rel}","templated":true}]}}