{"id":2577,"date":"2015-09-27T10:45:32","date_gmt":"2015-09-27T08:45:32","guid":{"rendered":"http:\/\/www.naturparkmagazin.de\/schwaebisch-fraenkischer-wald\/?p=2577"},"modified":"2015-09-28T16:28:34","modified_gmt":"2015-09-28T14:28:34","slug":"peruanischer-regenwald-trifft-naturpark-schwaebisch-fraenkischer-wald","status":"publish","type":"post","link":"https:\/\/www.naturparkmagazin.de\/schwaebisch-fraenkischer-wald\/peruanischer-regenwald-trifft-naturpark-schwaebisch-fraenkischer-wald\/","title":{"rendered":"Peruanischer Regenwald trifft Naturpark Schw\u00e4bisch-Fr\u00e4nkischer Wald"},"content":{"rendered":"<p>Zwei VertreterInnen der Ash\u00e1ninka werden zu einem Austausch in die Region Stuttgart kommen.<\/p>\n<div id=\"attachment_2583\" style=\"width: 310px\" class=\"wp-caption alignright\"><a href=\"https:\/\/www.naturparkmagazin.de\/schwaebisch-fraenkischer-wald\/wp-content\/uploads\/sites\/34\/Infoplakat-Ashaninka-Kopie.jpg\"><img aria-describedby=\"caption-attachment-2583\" decoding=\"async\" loading=\"lazy\" class=\"size-thumbnail wp-image-2583\" src=\"https:\/\/www.naturparkmagazin.de\/schwaebisch-fraenkischer-wald\/wp-content\/uploads\/sites\/34\/Infoplakat-Ashaninka-Kopie-300x424.jpg\" alt=\"ASH\u00c1NINKA \u2013 indigenes Volk aus dem Peruanischen Regenwald zu Besuch im Naturpark Schw\u00e4bisch-Fr\u00e4nkischer Wald\" width=\"300\" height=\"424\" srcset=\"https:\/\/www.naturparkmagazin.de\/schwaebisch-fraenkischer-wald\/wp-content\/uploads\/sites\/34\/Infoplakat-Ashaninka-Kopie-300x424.jpg 300w, https:\/\/www.naturparkmagazin.de\/schwaebisch-fraenkischer-wald\/wp-content\/uploads\/sites\/34\/Infoplakat-Ashaninka-Kopie-200x283.jpg 200w, https:\/\/www.naturparkmagazin.de\/schwaebisch-fraenkischer-wald\/wp-content\/uploads\/sites\/34\/Infoplakat-Ashaninka-Kopie.jpg 317w\" sizes=\"(max-width: 300px) 100vw, 300px\" \/><\/a><p id=\"caption-attachment-2583\" class=\"wp-caption-text\">ASH\u00c1NINKA \u2013 indigenes Volk aus dem Peruanischen Regenwald zu Besuch im Naturpark Schw\u00e4bisch-Fr\u00e4nkischer Wald<\/p><\/div>\n<p>H\u00f6hepunkt des Besuchs ist die Teilnahme am Naturparkmarkt am Sonntag, 4. Oktober in Murrhardt und eine Podiumsdiskussion am Montag, 5. Oktober ab 16 Uhr im Rathaus Alth\u00fctte.<\/p>\n<p>\u201e\u00dcberentwickelt\u201c \u2013 \u201eUnterentwickelt\u201c das sind die Schlagworte, die im Zusammenhang mit L\u00e4ndern auf der Nordhalbkugel bzw. mit sog. Entwicklungsl\u00e4ndern fallen. Im Rahmen des Ash\u00e1ninka-Besuchs soll ein Austausch dar\u00fcber stattfinden, wie gerechtere Beziehungen zwischen L\u00e4ndern im Norden und dem S\u00fcden entstehen k\u00f6nnen. Insbesondere soll im Rahmen der Podiumsdiskussion am Montag, 05.10. ab 16 Uhr im Rathaus Alth\u00fctte neben einer Pr\u00e4sentation der Geschichte, Kultur und Lebensweise der Ash\u00e1ninka auch die Frage im Mittelpunkt stehen, welche Auswirkungen die Globalisierung auf die Kultur der Ash\u00e1ninka hat und was wir hier in Europa von den V\u00f6lkern des Regenwaldes und ihrer Lebensweise lernen und in unseren Lebenskontext \u00fcbertragen k\u00f6nnen \u2013 Thema nachhaltiges Leben hier und dort. Die Podiumsdiskussion wird mit einem kleinen St\u00e4nderling ausklingen, bei dem dann auch ein weiterer Austausch mit den Ash\u00e1ninka stattfinden wird.<\/p>\n<p>Weitere Informationen finden Sie auf den Homepages von:<\/p>\n<ul>\n<li>kate e.V. &#8211; &#8222;Umwelt und Entwicklung&#8220;, Stuttgart<\/li>\n<li>SDW &#8211; Schutzgemeinschaft Deutscher Wald, Rems-Murr-Kreis<\/li>\n<\/ul>\n<p>&nbsp;<\/p>\n","protected":false},"excerpt":{"rendered":"<p>ASH\u00c1NINKA \u2013 indigenes Volk aus dem Peruanischen Regenwald zu Besuch im Naturpark Schw\u00e4bisch-Fr\u00e4nkischer Wald<\/p>\n","protected":false},"author":25,"featured_media":2583,"comment_status":"open","ping_status":"open","sticky":false,"template":"","format":"standard","meta":[],"categories":[7],"tags":[],"yoast_head":"<!-- This site is optimized with the Yoast SEO plugin v19.10 - https:\/\/yoast.com\/wordpress\/plugins\/seo\/ -->\n<title>Peruanischer Regenwald trifft Naturpark Schw\u00e4bisch-Fr\u00e4nkischer Wald - Naturpark Schw\u00e4bisch-Fr\u00e4nkischer Wald<\/title>\n<meta name=\"robots\" content=\"index, follow, max-snippet:-1, max-image-preview:large, max-video-preview:-1\" \/>\n<link rel=\"canonical\" href=\"https:\/\/www.naturparkmagazin.de\/schwaebisch-fraenkischer-wald\/peruanischer-regenwald-trifft-naturpark-schwaebisch-fraenkischer-wald\/\" \/>\n<meta property=\"og:locale\" content=\"de_DE\" \/>\n<meta property=\"og:type\" content=\"article\" \/>\n<meta property=\"og:title\" content=\"Peruanischer Regenwald trifft Naturpark Schw\u00e4bisch-Fr\u00e4nkischer Wald - Naturpark Schw\u00e4bisch-Fr\u00e4nkischer Wald\" \/>\n<meta property=\"og:description\" content=\"ASH\u00c1NINKA \u2013 indigenes Volk aus dem Peruanischen Regenwald zu Besuch im Naturpark Schw\u00e4bisch-Fr\u00e4nkischer Wald\" \/>\n<meta property=\"og:url\" content=\"https:\/\/www.naturparkmagazin.de\/schwaebisch-fraenkischer-wald\/peruanischer-regenwald-trifft-naturpark-schwaebisch-fraenkischer-wald\/\" \/>\n<meta property=\"og:site_name\" content=\"Naturpark Schw\u00e4bisch-Fr\u00e4nkischer Wald\" \/>\n<meta property=\"article:author\" content=\"https:\/\/www.facebook.com\/naturparkSFW\" \/>\n<meta property=\"article:published_time\" content=\"2015-09-27T08:45:32+00:00\" \/>\n<meta property=\"article:modified_time\" content=\"2015-09-28T14:28:34+00:00\" \/>\n<meta property=\"og:image\" content=\"https:\/\/www.naturparkmagazin.de\/schwaebisch-fraenkischer-wald\/wp-content\/uploads\/sites\/34\/Infoplakat-Ashaninka-Kopie.jpg\" \/>\n\t<meta property=\"og:image:width\" content=\"317\" \/>\n\t<meta property=\"og:image:height\" content=\"448\" \/>\n\t<meta property=\"og:image:type\" content=\"image\/jpeg\" \/>\n<meta name=\"author\" content=\"Naturpark-Team\" \/>\n<meta name=\"twitter:label1\" content=\"Verfasst von\" \/>\n\t<meta name=\"twitter:data1\" content=\"Naturpark-Team\" \/>\n\t<meta name=\"twitter:label2\" content=\"Gesch\u00e4tzte Lesezeit\" \/>\n\t<meta name=\"twitter:data2\" content=\"1\u00a0Minute\" \/>\n<script type=\"application\/ld+json\" class=\"yoast-schema-graph\">{\"@context\":\"https:\/\/schema.org\",\"@graph\":[{\"@type\":\"WebPage\",\"@id\":\"https:\/\/www.naturparkmagazin.de\/schwaebisch-fraenkischer-wald\/peruanischer-regenwald-trifft-naturpark-schwaebisch-fraenkischer-wald\/\",\"url\":\"https:\/\/www.naturparkmagazin.de\/schwaebisch-fraenkischer-wald\/peruanischer-regenwald-trifft-naturpark-schwaebisch-fraenkischer-wald\/\",\"name\":\"Peruanischer Regenwald trifft Naturpark Schw\u00e4bisch-Fr\u00e4nkischer Wald - Naturpark Schw\u00e4bisch-Fr\u00e4nkischer Wald\",\"isPartOf\":{\"@id\":\"https:\/\/www.naturparkmagazin.de\/schwaebisch-fraenkischer-wald\/#website\"},\"datePublished\":\"2015-09-27T08:45:32+00:00\",\"dateModified\":\"2015-09-28T14:28:34+00:00\",\"author\":{\"@id\":\"https:\/\/www.naturparkmagazin.de\/schwaebisch-fraenkischer-wald\/#\/schema\/person\/f047a3702ae747fd7830cf8ac95e6066\"},\"breadcrumb\":{\"@id\":\"https:\/\/www.naturparkmagazin.de\/schwaebisch-fraenkischer-wald\/peruanischer-regenwald-trifft-naturpark-schwaebisch-fraenkischer-wald\/#breadcrumb\"},\"inLanguage\":\"de\",\"potentialAction\":[{\"@type\":\"ReadAction\",\"target\":[\"https:\/\/www.naturparkmagazin.de\/schwaebisch-fraenkischer-wald\/peruanischer-regenwald-trifft-naturpark-schwaebisch-fraenkischer-wald\/\"]}]},{\"@type\":\"BreadcrumbList\",\"@id\":\"https:\/\/www.naturparkmagazin.de\/schwaebisch-fraenkischer-wald\/peruanischer-regenwald-trifft-naturpark-schwaebisch-fraenkischer-wald\/#breadcrumb\",\"itemListElement\":[{\"@type\":\"ListItem\",\"position\":1,\"name\":\"Home\",\"item\":\"https:\/\/www.naturparkmagazin.de\/schwaebisch-fraenkischer-wald\/\"},{\"@type\":\"ListItem\",\"position\":2,\"name\":\"Peruanischer Regenwald trifft Naturpark Schw\u00e4bisch-Fr\u00e4nkischer Wald\"}]},{\"@type\":\"WebSite\",\"@id\":\"https:\/\/www.naturparkmagazin.de\/schwaebisch-fraenkischer-wald\/#website\",\"url\":\"https:\/\/www.naturparkmagazin.de\/schwaebisch-fraenkischer-wald\/\",\"name\":\"Naturpark Schw\u00e4bisch-Fr\u00e4nkischer Wald\",\"description\":\"\",\"potentialAction\":[{\"@type\":\"SearchAction\",\"target\":{\"@type\":\"EntryPoint\",\"urlTemplate\":\"https:\/\/www.naturparkmagazin.de\/schwaebisch-fraenkischer-wald\/?s={search_term_string}\"},\"query-input\":\"required name=search_term_string\"}],\"inLanguage\":\"de\"},{\"@type\":\"Person\",\"@id\":\"https:\/\/www.naturparkmagazin.de\/schwaebisch-fraenkischer-wald\/#\/schema\/person\/f047a3702ae747fd7830cf8ac95e6066\",\"name\":\"Naturpark-Team\",\"sameAs\":[\"http:\/\/www.naturpark-sfw.de\",\"https:\/\/www.facebook.com\/naturparkSFW\"],\"url\":\"https:\/\/www.naturparkmagazin.de\/schwaebisch-fraenkischer-wald\/author\/bernharddrixler\/\"}]}<\/script>\n<!-- \/ Yoast SEO plugin. -->","yoast_head_json":{"title":"Peruanischer Regenwald trifft Naturpark Schw\u00e4bisch-Fr\u00e4nkischer Wald - Naturpark Schw\u00e4bisch-Fr\u00e4nkischer Wald","robots":{"index":"index","follow":"follow","max-snippet":"max-snippet:-1","max-image-preview":"max-image-preview:large","max-video-preview":"max-video-preview:-1"},"canonical":"https:\/\/www.naturparkmagazin.de\/schwaebisch-fraenkischer-wald\/peruanischer-regenwald-trifft-naturpark-schwaebisch-fraenkischer-wald\/","og_locale":"de_DE","og_type":"article","og_title":"Peruanischer Regenwald trifft Naturpark Schw\u00e4bisch-Fr\u00e4nkischer Wald - Naturpark Schw\u00e4bisch-Fr\u00e4nkischer Wald","og_description":"ASH\u00c1NINKA \u2013 indigenes Volk aus dem Peruanischen Regenwald zu Besuch im Naturpark Schw\u00e4bisch-Fr\u00e4nkischer Wald","og_url":"https:\/\/www.naturparkmagazin.de\/schwaebisch-fraenkischer-wald\/peruanischer-regenwald-trifft-naturpark-schwaebisch-fraenkischer-wald\/","og_site_name":"Naturpark Schw\u00e4bisch-Fr\u00e4nkischer Wald","article_author":"https:\/\/www.facebook.com\/naturparkSFW","article_published_time":"2015-09-27T08:45:32+00:00","article_modified_time":"2015-09-28T14:28:34+00:00","og_image":[{"width":317,"height":448,"url":"https:\/\/www.naturparkmagazin.de\/schwaebisch-fraenkischer-wald\/wp-content\/uploads\/sites\/34\/Infoplakat-Ashaninka-Kopie.jpg","type":"image\/jpeg"}],"author":"Naturpark-Team","twitter_misc":{"Verfasst von":"Naturpark-Team","Gesch\u00e4tzte Lesezeit":"1\u00a0Minute"},"schema":{"@context":"https:\/\/schema.org","@graph":[{"@type":"WebPage","@id":"https:\/\/www.naturparkmagazin.de\/schwaebisch-fraenkischer-wald\/peruanischer-regenwald-trifft-naturpark-schwaebisch-fraenkischer-wald\/","url":"https:\/\/www.naturparkmagazin.de\/schwaebisch-fraenkischer-wald\/peruanischer-regenwald-trifft-naturpark-schwaebisch-fraenkischer-wald\/","name":"Peruanischer Regenwald trifft Naturpark Schw\u00e4bisch-Fr\u00e4nkischer Wald - Naturpark Schw\u00e4bisch-Fr\u00e4nkischer Wald","isPartOf":{"@id":"https:\/\/www.naturparkmagazin.de\/schwaebisch-fraenkischer-wald\/#website"},"datePublished":"2015-09-27T08:45:32+00:00","dateModified":"2015-09-28T14:28:34+00:00","author":{"@id":"https:\/\/www.naturparkmagazin.de\/schwaebisch-fraenkischer-wald\/#\/schema\/person\/f047a3702ae747fd7830cf8ac95e6066"},"breadcrumb":{"@id":"https:\/\/www.naturparkmagazin.de\/schwaebisch-fraenkischer-wald\/peruanischer-regenwald-trifft-naturpark-schwaebisch-fraenkischer-wald\/#breadcrumb"},"inLanguage":"de","potentialAction":[{"@type":"ReadAction","target":["https:\/\/www.naturparkmagazin.de\/schwaebisch-fraenkischer-wald\/peruanischer-regenwald-trifft-naturpark-schwaebisch-fraenkischer-wald\/"]}]},{"@type":"BreadcrumbList","@id":"https:\/\/www.naturparkmagazin.de\/schwaebisch-fraenkischer-wald\/peruanischer-regenwald-trifft-naturpark-schwaebisch-fraenkischer-wald\/#breadcrumb","itemListElement":[{"@type":"ListItem","position":1,"name":"Home","item":"https:\/\/www.naturparkmagazin.de\/schwaebisch-fraenkischer-wald\/"},{"@type":"ListItem","position":2,"name":"Peruanischer Regenwald trifft Naturpark Schw\u00e4bisch-Fr\u00e4nkischer Wald"}]},{"@type":"WebSite","@id":"https:\/\/www.naturparkmagazin.de\/schwaebisch-fraenkischer-wald\/#website","url":"https:\/\/www.naturparkmagazin.de\/schwaebisch-fraenkischer-wald\/","name":"Naturpark Schw\u00e4bisch-Fr\u00e4nkischer Wald","description":"","potentialAction":[{"@type":"SearchAction","target":{"@type":"EntryPoint","urlTemplate":"https:\/\/www.naturparkmagazin.de\/schwaebisch-fraenkischer-wald\/?s={search_term_string}"},"query-input":"required name=search_term_string"}],"inLanguage":"de"},{"@type":"Person","@id":"https:\/\/www.naturparkmagazin.de\/schwaebisch-fraenkischer-wald\/#\/schema\/person\/f047a3702ae747fd7830cf8ac95e6066","name":"Naturpark-Team","sameAs":["http:\/\/www.naturpark-sfw.de","https:\/\/www.facebook.com\/naturparkSFW"],"url":"https:\/\/www.naturparkmagazin.de\/schwaebisch-fraenkischer-wald\/author\/bernharddrixler\/"}]}},"_links":{"self":[{"href":"https:\/\/www.naturparkmagazin.de\/schwaebisch-fraenkischer-wald\/wp-json\/wp\/v2\/posts\/2577"}],"collection":[{"href":"https:\/\/www.naturparkmagazin.de\/schwaebisch-fraenkischer-wald\/wp-json\/wp\/v2\/posts"}],"about":[{"href":"https:\/\/www.naturparkmagazin.de\/schwaebisch-fraenkischer-wald\/wp-json\/wp\/v2\/types\/post"}],"author":[{"embeddable":true,"href":"https:\/\/www.naturparkmagazin.de\/schwaebisch-fraenkischer-wald\/wp-json\/wp\/v2\/users\/25"}],"replies":[{"embeddable":true,"href":"https:\/\/www.naturparkmagazin.de\/schwaebisch-fraenkischer-wald\/wp-json\/wp\/v2\/comments?post=2577"}],"version-history":[{"count":3,"href":"https:\/\/www.naturparkmagazin.de\/schwaebisch-fraenkischer-wald\/wp-json\/wp\/v2\/posts\/2577\/revisions"}],"predecessor-version":[{"id":2585,"href":"https:\/\/www.naturparkmagazin.de\/schwaebisch-fraenkischer-wald\/wp-json\/wp\/v2\/posts\/2577\/revisions\/2585"}],"wp:featuredmedia":[{"embeddable":true,"href":"https:\/\/www.naturparkmagazin.de\/schwaebisch-fraenkischer-wald\/wp-json\/wp\/v2\/media\/2583"}],"wp:attachment":[{"href":"https:\/\/www.naturparkmagazin.de\/schwaebisch-fraenkischer-wald\/wp-json\/wp\/v2\/media?parent=2577"}],"wp:term":[{"taxonomy":"category","embeddable":true,"href":"https:\/\/www.naturparkmagazin.de\/schwaebisch-fraenkischer-wald\/wp-json\/wp\/v2\/categories?post=2577"},{"taxonomy":"post_tag","embeddable":true,"href":"https:\/\/www.naturparkmagazin.de\/schwaebisch-fraenkischer-wald\/wp-json\/wp\/v2\/tags?post=2577"}],"curies":[{"name":"wp","href":"https:\/\/api.w.org\/{rel}","templated":true}]}}