{"id":2656,"date":"2015-10-21T11:32:48","date_gmt":"2015-10-21T09:32:48","guid":{"rendered":"http:\/\/www.naturparkmagazin.de\/schwaebisch-fraenkischer-wald\/?p=2656"},"modified":"2015-10-20T11:37:06","modified_gmt":"2015-10-20T09:37:06","slug":"blick-zurueck-nach-vorn-naturparkfuehrerinnen-berichten-9","status":"publish","type":"post","link":"https:\/\/www.naturparkmagazin.de\/schwaebisch-fraenkischer-wald\/blick-zurueck-nach-vorn-naturparkfuehrerinnen-berichten-9\/","title":{"rendered":"Blick zur\u00fcck nach vorn &#8211; Naturparkf\u00fchrer*innen berichten"},"content":{"rendered":"<p>Nachdem es am Morgen der Tour in Str\u00f6men goss, war die Teilnehmergruppe mit 2 Teilnehmern \u00fcberschaubar gro\u00df.<\/p>\n<div id=\"attachment_2657\" style=\"width: 210px\" class=\"wp-caption alignright\"><a href=\"https:\/\/www.naturparkmagazin.de\/schwaebisch-fraenkischer-wald\/wp-content\/uploads\/sites\/34\/Biotop-im-NSG-Tal-der-Blinden-Rot.jpg\"><img aria-describedby=\"caption-attachment-2657\" decoding=\"async\" loading=\"lazy\" class=\"size-full wp-image-2657\" src=\"https:\/\/www.naturparkmagazin.de\/schwaebisch-fraenkischer-wald\/wp-content\/uploads\/sites\/34\/Biotop-im-NSG-Tal-der-Blinden-Rot.jpg\" alt=\"Biotop im Naturschutzgebiet Tal der Blinden Rot\" width=\"200\" height=\"200\" srcset=\"https:\/\/www.naturparkmagazin.de\/schwaebisch-fraenkischer-wald\/wp-content\/uploads\/sites\/34\/Biotop-im-NSG-Tal-der-Blinden-Rot.jpg 200w, https:\/\/www.naturparkmagazin.de\/schwaebisch-fraenkischer-wald\/wp-content\/uploads\/sites\/34\/Biotop-im-NSG-Tal-der-Blinden-Rot-30x30.jpg 30w\" sizes=\"(max-width: 200px) 100vw, 200px\" \/><\/a><p id=\"caption-attachment-2657\" class=\"wp-caption-text\">Biotop im Naturschutzgebiet &#8222;Tal der Blinden Rot&#8220;<\/p><\/div>\n<p>Trotzdem umrundete die wetterfeste Gruppe Abtsgm\u00fcnd. Vom Kochertal ging es ins Tal der Blinden Rot, \u00fcber das Krummbachtal wieder ins Kochertal, dann ins Laubbachtal und schlie\u00dflich \u00fcber das Leintal wieder zur\u00fcck.<\/p>\n<p>Neben wolkenverhangenen Ausblicken auf Abtsgm\u00fcnd, das Kocher- und Leintal waren die Geschichte der Eisenverarbeitung in Abtsgm\u00fcnd, Leben und Motive der beiden Maler Friedrich von Keller und Alexander Eckener sowie K\u00f6hlerei, Fl\u00f6\u00dferei, Fauna und Flora Bestandteile der Tour.<\/p>\n<p>W\u00e4hrend einer Rast gab es leckeren selbstgebackenen Apfelkuchen.<\/p>\n","protected":false},"excerpt":{"rendered":"<p>Naturparkf\u00fchrer Rolf Angstenberger war im Oktober auf 5-T\u00e4ler-Tour <\/p>\n","protected":false},"author":25,"featured_media":2657,"comment_status":"open","ping_status":"open","sticky":false,"template":"","format":"standard","meta":[],"categories":[7],"tags":[316],"yoast_head":"<!-- This site is optimized with the Yoast SEO plugin v19.10 - https:\/\/yoast.com\/wordpress\/plugins\/seo\/ -->\n<title>Blick zur\u00fcck nach vorn - Naturparkf\u00fchrer*innen berichten - Naturpark Schw\u00e4bisch-Fr\u00e4nkischer Wald<\/title>\n<meta name=\"robots\" content=\"index, follow, max-snippet:-1, max-image-preview:large, max-video-preview:-1\" \/>\n<link rel=\"canonical\" href=\"https:\/\/www.naturparkmagazin.de\/schwaebisch-fraenkischer-wald\/blick-zurueck-nach-vorn-naturparkfuehrerinnen-berichten-9\/\" \/>\n<meta property=\"og:locale\" content=\"de_DE\" \/>\n<meta property=\"og:type\" content=\"article\" \/>\n<meta property=\"og:title\" content=\"Blick zur\u00fcck nach vorn - Naturparkf\u00fchrer*innen berichten - Naturpark Schw\u00e4bisch-Fr\u00e4nkischer Wald\" \/>\n<meta property=\"og:description\" content=\"Naturparkf\u00fchrer Rolf Angstenberger war im Oktober auf 5-T\u00e4ler-Tour\" \/>\n<meta property=\"og:url\" content=\"https:\/\/www.naturparkmagazin.de\/schwaebisch-fraenkischer-wald\/blick-zurueck-nach-vorn-naturparkfuehrerinnen-berichten-9\/\" \/>\n<meta property=\"og:site_name\" content=\"Naturpark Schw\u00e4bisch-Fr\u00e4nkischer Wald\" \/>\n<meta property=\"article:author\" content=\"https:\/\/www.facebook.com\/naturparkSFW\" \/>\n<meta property=\"article:published_time\" content=\"2015-10-21T09:32:48+00:00\" \/>\n<meta property=\"article:modified_time\" content=\"2015-10-20T09:37:06+00:00\" \/>\n<meta property=\"og:image\" content=\"https:\/\/www.naturparkmagazin.de\/schwaebisch-fraenkischer-wald\/wp-content\/uploads\/sites\/34\/Biotop-im-NSG-Tal-der-Blinden-Rot.jpg\" \/>\n\t<meta property=\"og:image:width\" content=\"200\" \/>\n\t<meta property=\"og:image:height\" content=\"200\" \/>\n\t<meta property=\"og:image:type\" content=\"image\/jpeg\" \/>\n<meta name=\"author\" content=\"Naturpark-Team\" \/>\n<meta name=\"twitter:label1\" content=\"Verfasst von\" \/>\n\t<meta name=\"twitter:data1\" content=\"Naturpark-Team\" \/>\n\t<meta name=\"twitter:label2\" content=\"Gesch\u00e4tzte Lesezeit\" \/>\n\t<meta name=\"twitter:data2\" content=\"1\u00a0Minute\" \/>\n<script type=\"application\/ld+json\" class=\"yoast-schema-graph\">{\"@context\":\"https:\/\/schema.org\",\"@graph\":[{\"@type\":\"WebPage\",\"@id\":\"https:\/\/www.naturparkmagazin.de\/schwaebisch-fraenkischer-wald\/blick-zurueck-nach-vorn-naturparkfuehrerinnen-berichten-9\/\",\"url\":\"https:\/\/www.naturparkmagazin.de\/schwaebisch-fraenkischer-wald\/blick-zurueck-nach-vorn-naturparkfuehrerinnen-berichten-9\/\",\"name\":\"Blick zur\u00fcck nach vorn - Naturparkf\u00fchrer*innen berichten - Naturpark Schw\u00e4bisch-Fr\u00e4nkischer Wald\",\"isPartOf\":{\"@id\":\"https:\/\/www.naturparkmagazin.de\/schwaebisch-fraenkischer-wald\/#website\"},\"datePublished\":\"2015-10-21T09:32:48+00:00\",\"dateModified\":\"2015-10-20T09:37:06+00:00\",\"author\":{\"@id\":\"https:\/\/www.naturparkmagazin.de\/schwaebisch-fraenkischer-wald\/#\/schema\/person\/f047a3702ae747fd7830cf8ac95e6066\"},\"breadcrumb\":{\"@id\":\"https:\/\/www.naturparkmagazin.de\/schwaebisch-fraenkischer-wald\/blick-zurueck-nach-vorn-naturparkfuehrerinnen-berichten-9\/#breadcrumb\"},\"inLanguage\":\"de\",\"potentialAction\":[{\"@type\":\"ReadAction\",\"target\":[\"https:\/\/www.naturparkmagazin.de\/schwaebisch-fraenkischer-wald\/blick-zurueck-nach-vorn-naturparkfuehrerinnen-berichten-9\/\"]}]},{\"@type\":\"BreadcrumbList\",\"@id\":\"https:\/\/www.naturparkmagazin.de\/schwaebisch-fraenkischer-wald\/blick-zurueck-nach-vorn-naturparkfuehrerinnen-berichten-9\/#breadcrumb\",\"itemListElement\":[{\"@type\":\"ListItem\",\"position\":1,\"name\":\"Home\",\"item\":\"https:\/\/www.naturparkmagazin.de\/schwaebisch-fraenkischer-wald\/\"},{\"@type\":\"ListItem\",\"position\":2,\"name\":\"Blick zur\u00fcck nach vorn &#8211; Naturparkf\u00fchrer*innen berichten\"}]},{\"@type\":\"WebSite\",\"@id\":\"https:\/\/www.naturparkmagazin.de\/schwaebisch-fraenkischer-wald\/#website\",\"url\":\"https:\/\/www.naturparkmagazin.de\/schwaebisch-fraenkischer-wald\/\",\"name\":\"Naturpark Schw\u00e4bisch-Fr\u00e4nkischer Wald\",\"description\":\"\",\"potentialAction\":[{\"@type\":\"SearchAction\",\"target\":{\"@type\":\"EntryPoint\",\"urlTemplate\":\"https:\/\/www.naturparkmagazin.de\/schwaebisch-fraenkischer-wald\/?s={search_term_string}\"},\"query-input\":\"required name=search_term_string\"}],\"inLanguage\":\"de\"},{\"@type\":\"Person\",\"@id\":\"https:\/\/www.naturparkmagazin.de\/schwaebisch-fraenkischer-wald\/#\/schema\/person\/f047a3702ae747fd7830cf8ac95e6066\",\"name\":\"Naturpark-Team\",\"sameAs\":[\"http:\/\/www.naturpark-sfw.de\",\"https:\/\/www.facebook.com\/naturparkSFW\"],\"url\":\"https:\/\/www.naturparkmagazin.de\/schwaebisch-fraenkischer-wald\/author\/bernharddrixler\/\"}]}<\/script>\n<!-- \/ Yoast SEO plugin. -->","yoast_head_json":{"title":"Blick zur\u00fcck nach vorn - Naturparkf\u00fchrer*innen berichten - Naturpark Schw\u00e4bisch-Fr\u00e4nkischer Wald","robots":{"index":"index","follow":"follow","max-snippet":"max-snippet:-1","max-image-preview":"max-image-preview:large","max-video-preview":"max-video-preview:-1"},"canonical":"https:\/\/www.naturparkmagazin.de\/schwaebisch-fraenkischer-wald\/blick-zurueck-nach-vorn-naturparkfuehrerinnen-berichten-9\/","og_locale":"de_DE","og_type":"article","og_title":"Blick zur\u00fcck nach vorn - Naturparkf\u00fchrer*innen berichten - Naturpark Schw\u00e4bisch-Fr\u00e4nkischer Wald","og_description":"Naturparkf\u00fchrer Rolf Angstenberger war im Oktober auf 5-T\u00e4ler-Tour","og_url":"https:\/\/www.naturparkmagazin.de\/schwaebisch-fraenkischer-wald\/blick-zurueck-nach-vorn-naturparkfuehrerinnen-berichten-9\/","og_site_name":"Naturpark Schw\u00e4bisch-Fr\u00e4nkischer Wald","article_author":"https:\/\/www.facebook.com\/naturparkSFW","article_published_time":"2015-10-21T09:32:48+00:00","article_modified_time":"2015-10-20T09:37:06+00:00","og_image":[{"width":200,"height":200,"url":"https:\/\/www.naturparkmagazin.de\/schwaebisch-fraenkischer-wald\/wp-content\/uploads\/sites\/34\/Biotop-im-NSG-Tal-der-Blinden-Rot.jpg","type":"image\/jpeg"}],"author":"Naturpark-Team","twitter_misc":{"Verfasst von":"Naturpark-Team","Gesch\u00e4tzte Lesezeit":"1\u00a0Minute"},"schema":{"@context":"https:\/\/schema.org","@graph":[{"@type":"WebPage","@id":"https:\/\/www.naturparkmagazin.de\/schwaebisch-fraenkischer-wald\/blick-zurueck-nach-vorn-naturparkfuehrerinnen-berichten-9\/","url":"https:\/\/www.naturparkmagazin.de\/schwaebisch-fraenkischer-wald\/blick-zurueck-nach-vorn-naturparkfuehrerinnen-berichten-9\/","name":"Blick zur\u00fcck nach vorn - Naturparkf\u00fchrer*innen berichten - Naturpark Schw\u00e4bisch-Fr\u00e4nkischer Wald","isPartOf":{"@id":"https:\/\/www.naturparkmagazin.de\/schwaebisch-fraenkischer-wald\/#website"},"datePublished":"2015-10-21T09:32:48+00:00","dateModified":"2015-10-20T09:37:06+00:00","author":{"@id":"https:\/\/www.naturparkmagazin.de\/schwaebisch-fraenkischer-wald\/#\/schema\/person\/f047a3702ae747fd7830cf8ac95e6066"},"breadcrumb":{"@id":"https:\/\/www.naturparkmagazin.de\/schwaebisch-fraenkischer-wald\/blick-zurueck-nach-vorn-naturparkfuehrerinnen-berichten-9\/#breadcrumb"},"inLanguage":"de","potentialAction":[{"@type":"ReadAction","target":["https:\/\/www.naturparkmagazin.de\/schwaebisch-fraenkischer-wald\/blick-zurueck-nach-vorn-naturparkfuehrerinnen-berichten-9\/"]}]},{"@type":"BreadcrumbList","@id":"https:\/\/www.naturparkmagazin.de\/schwaebisch-fraenkischer-wald\/blick-zurueck-nach-vorn-naturparkfuehrerinnen-berichten-9\/#breadcrumb","itemListElement":[{"@type":"ListItem","position":1,"name":"Home","item":"https:\/\/www.naturparkmagazin.de\/schwaebisch-fraenkischer-wald\/"},{"@type":"ListItem","position":2,"name":"Blick zur\u00fcck nach vorn &#8211; Naturparkf\u00fchrer*innen berichten"}]},{"@type":"WebSite","@id":"https:\/\/www.naturparkmagazin.de\/schwaebisch-fraenkischer-wald\/#website","url":"https:\/\/www.naturparkmagazin.de\/schwaebisch-fraenkischer-wald\/","name":"Naturpark Schw\u00e4bisch-Fr\u00e4nkischer Wald","description":"","potentialAction":[{"@type":"SearchAction","target":{"@type":"EntryPoint","urlTemplate":"https:\/\/www.naturparkmagazin.de\/schwaebisch-fraenkischer-wald\/?s={search_term_string}"},"query-input":"required name=search_term_string"}],"inLanguage":"de"},{"@type":"Person","@id":"https:\/\/www.naturparkmagazin.de\/schwaebisch-fraenkischer-wald\/#\/schema\/person\/f047a3702ae747fd7830cf8ac95e6066","name":"Naturpark-Team","sameAs":["http:\/\/www.naturpark-sfw.de","https:\/\/www.facebook.com\/naturparkSFW"],"url":"https:\/\/www.naturparkmagazin.de\/schwaebisch-fraenkischer-wald\/author\/bernharddrixler\/"}]}},"_links":{"self":[{"href":"https:\/\/www.naturparkmagazin.de\/schwaebisch-fraenkischer-wald\/wp-json\/wp\/v2\/posts\/2656"}],"collection":[{"href":"https:\/\/www.naturparkmagazin.de\/schwaebisch-fraenkischer-wald\/wp-json\/wp\/v2\/posts"}],"about":[{"href":"https:\/\/www.naturparkmagazin.de\/schwaebisch-fraenkischer-wald\/wp-json\/wp\/v2\/types\/post"}],"author":[{"embeddable":true,"href":"https:\/\/www.naturparkmagazin.de\/schwaebisch-fraenkischer-wald\/wp-json\/wp\/v2\/users\/25"}],"replies":[{"embeddable":true,"href":"https:\/\/www.naturparkmagazin.de\/schwaebisch-fraenkischer-wald\/wp-json\/wp\/v2\/comments?post=2656"}],"version-history":[{"count":1,"href":"https:\/\/www.naturparkmagazin.de\/schwaebisch-fraenkischer-wald\/wp-json\/wp\/v2\/posts\/2656\/revisions"}],"predecessor-version":[{"id":2658,"href":"https:\/\/www.naturparkmagazin.de\/schwaebisch-fraenkischer-wald\/wp-json\/wp\/v2\/posts\/2656\/revisions\/2658"}],"wp:featuredmedia":[{"embeddable":true,"href":"https:\/\/www.naturparkmagazin.de\/schwaebisch-fraenkischer-wald\/wp-json\/wp\/v2\/media\/2657"}],"wp:attachment":[{"href":"https:\/\/www.naturparkmagazin.de\/schwaebisch-fraenkischer-wald\/wp-json\/wp\/v2\/media?parent=2656"}],"wp:term":[{"taxonomy":"category","embeddable":true,"href":"https:\/\/www.naturparkmagazin.de\/schwaebisch-fraenkischer-wald\/wp-json\/wp\/v2\/categories?post=2656"},{"taxonomy":"post_tag","embeddable":true,"href":"https:\/\/www.naturparkmagazin.de\/schwaebisch-fraenkischer-wald\/wp-json\/wp\/v2\/tags?post=2656"}],"curies":[{"name":"wp","href":"https:\/\/api.w.org\/{rel}","templated":true}]}}