{"id":2673,"date":"2015-10-21T14:22:27","date_gmt":"2015-10-21T12:22:27","guid":{"rendered":"http:\/\/www.naturparkmagazin.de\/schwaebisch-fraenkischer-wald\/?p=2673"},"modified":"2015-10-27T10:59:36","modified_gmt":"2015-10-27T09:59:36","slug":"liebe-leserin-lieber-leser-24","status":"publish","type":"post","link":"https:\/\/www.naturparkmagazin.de\/schwaebisch-fraenkischer-wald\/liebe-leserin-lieber-leser-24\/","title":{"rendered":"Liebe Leserin, lieber Leser,"},"content":{"rendered":"<p><strong>herzlich willkommen zum November-Newsletter des Naturparks Schw\u00e4bisch-Fr\u00e4nkischer Wald!<\/strong><\/p>\n<p>Im Kirchenjahr gilt der November als ein Monat der Besinnung und des Gedenkens.\u00a0 Aufgrund der zahlreichen Anl\u00e4sse des Totengedenkens tr\u00e4gt der November auch die Bezeichnung Trauermonat.<\/p>\n<p>In zahlreichen Bauern- und Wetterregeln l\u00e4sst sich leicht die\u00a0f\u00fcr unsere Gegend typische Novemberstimmung erkennen:<\/p>\n<ul>\n<li>Viel Nebel im November, viel Schnee im Winter<\/li>\n<li>Wenn der November blitzt und kracht, im n\u00e4chsten Jahr der Bauer lacht<\/li>\n<li>Gefriert im November schon das Wasser, wird der Januar umso nasser<\/li>\n<li>Donnert\u2019s im November gar, so folgt ein gesegnetes Jahr<\/li>\n<\/ul>\n<p>Naturgem\u00e4\u00df werden die Outdoor-Aktivit\u00e4ten nun etwas weniger. Sehr gut k\u00f6nnen Sie solch einen nass-kalt-nebligen Tag nutzen, um\u00a0unsere <a href=\"http:\/\/www.naturpark-sfw.de\" target=\"_blank\">Homepage<\/a>\u00a0zu durchst\u00f6bern oder sich auf unserer <a href=\"https:\/\/www.facebook.com\/naturparkSFW?ref=hl\" target=\"_blank\">Facebook-Seite<\/a>\u00a0(auch ohne dort Mitglied zu sein) umzuschauen.<\/p>\n<p>Wenn Sie gerne bei Wind und Wetter drau\u00dfen sind, dann sind die spannenden und besinnlichen Unternehmungen unserer\u00a0Naturparkf\u00fchrer*innen genau das Richtige f\u00fcr Sie. Von der stillen Waldwanderung \u00fcber die Nacht der Gnome bis zum Bahnerlebnispfad reicht die Palette an abwechslungsreich begleiteten und moderierten Erlebnissen im November.<\/p>\n<p>Beim Entdecken des Newsletters und des Naturparks w\u00fcnschen wir Ihnen viel Spa\u00df &#8211; online und offline!<\/p>\n<p><strong>Bernhard Drixler und Meika Bakker<\/strong>\n<strong> Gesch\u00e4ftsf\u00fchrung Naturpark Schw\u00e4bisch-Fr\u00e4nkischer Wald<\/strong><\/p>\n","protected":false},"excerpt":{"rendered":"<p>herzlich willkommen zum November-Newsletter des Naturparks Schw\u00e4bisch-Fr\u00e4nkischer Wald! Im Kirchenjahr gilt der November als ein Monat der Besinnung und des Gedenkens.\u00a0 Aufgrund der zahlreichen Anl\u00e4sse des Totengedenkens tr\u00e4gt der November auch die Bezeichnung Trauermonat. In zahlreichen Bauern- und Wetterregeln l\u00e4sst sich leicht die\u00a0f\u00fcr unsere Gegend typische Novemberstimmung erkennen: Viel Nebel im November, viel Schnee im<\/p>\n","protected":false},"author":25,"featured_media":0,"comment_status":"open","ping_status":"open","sticky":false,"template":"","format":"standard","meta":[],"categories":[52],"tags":[],"yoast_head":"<!-- This site is optimized with the Yoast SEO plugin v19.10 - https:\/\/yoast.com\/wordpress\/plugins\/seo\/ -->\n<title>Liebe Leserin, lieber Leser, - Naturpark Schw\u00e4bisch-Fr\u00e4nkischer Wald<\/title>\n<meta name=\"robots\" content=\"index, follow, max-snippet:-1, max-image-preview:large, max-video-preview:-1\" \/>\n<link rel=\"canonical\" href=\"https:\/\/www.naturparkmagazin.de\/schwaebisch-fraenkischer-wald\/liebe-leserin-lieber-leser-24\/\" \/>\n<meta property=\"og:locale\" content=\"de_DE\" \/>\n<meta property=\"og:type\" content=\"article\" \/>\n<meta property=\"og:title\" content=\"Liebe Leserin, lieber Leser, - Naturpark Schw\u00e4bisch-Fr\u00e4nkischer Wald\" \/>\n<meta property=\"og:description\" content=\"herzlich willkommen zum November-Newsletter des Naturparks Schw\u00e4bisch-Fr\u00e4nkischer Wald! Im Kirchenjahr gilt der November als ein Monat der Besinnung und des Gedenkens.\u00a0 Aufgrund der zahlreichen Anl\u00e4sse des Totengedenkens tr\u00e4gt der November auch die Bezeichnung Trauermonat. In zahlreichen Bauern- und Wetterregeln l\u00e4sst sich leicht die\u00a0f\u00fcr unsere Gegend typische Novemberstimmung erkennen: Viel Nebel im November, viel Schnee im\" \/>\n<meta property=\"og:url\" content=\"https:\/\/www.naturparkmagazin.de\/schwaebisch-fraenkischer-wald\/liebe-leserin-lieber-leser-24\/\" \/>\n<meta property=\"og:site_name\" content=\"Naturpark Schw\u00e4bisch-Fr\u00e4nkischer Wald\" \/>\n<meta property=\"article:author\" content=\"https:\/\/www.facebook.com\/naturparkSFW\" \/>\n<meta property=\"article:published_time\" content=\"2015-10-21T12:22:27+00:00\" \/>\n<meta property=\"article:modified_time\" content=\"2015-10-27T09:59:36+00:00\" \/>\n<meta name=\"author\" content=\"Naturpark-Team\" \/>\n<meta name=\"twitter:label1\" content=\"Verfasst von\" \/>\n\t<meta name=\"twitter:data1\" content=\"Naturpark-Team\" \/>\n\t<meta name=\"twitter:label2\" content=\"Gesch\u00e4tzte Lesezeit\" \/>\n\t<meta name=\"twitter:data2\" content=\"1\u00a0Minute\" \/>\n<script type=\"application\/ld+json\" class=\"yoast-schema-graph\">{\"@context\":\"https:\/\/schema.org\",\"@graph\":[{\"@type\":\"WebPage\",\"@id\":\"https:\/\/www.naturparkmagazin.de\/schwaebisch-fraenkischer-wald\/liebe-leserin-lieber-leser-24\/\",\"url\":\"https:\/\/www.naturparkmagazin.de\/schwaebisch-fraenkischer-wald\/liebe-leserin-lieber-leser-24\/\",\"name\":\"Liebe Leserin, lieber Leser, - Naturpark Schw\u00e4bisch-Fr\u00e4nkischer Wald\",\"isPartOf\":{\"@id\":\"https:\/\/www.naturparkmagazin.de\/schwaebisch-fraenkischer-wald\/#website\"},\"datePublished\":\"2015-10-21T12:22:27+00:00\",\"dateModified\":\"2015-10-27T09:59:36+00:00\",\"author\":{\"@id\":\"https:\/\/www.naturparkmagazin.de\/schwaebisch-fraenkischer-wald\/#\/schema\/person\/f047a3702ae747fd7830cf8ac95e6066\"},\"breadcrumb\":{\"@id\":\"https:\/\/www.naturparkmagazin.de\/schwaebisch-fraenkischer-wald\/liebe-leserin-lieber-leser-24\/#breadcrumb\"},\"inLanguage\":\"de\",\"potentialAction\":[{\"@type\":\"ReadAction\",\"target\":[\"https:\/\/www.naturparkmagazin.de\/schwaebisch-fraenkischer-wald\/liebe-leserin-lieber-leser-24\/\"]}]},{\"@type\":\"BreadcrumbList\",\"@id\":\"https:\/\/www.naturparkmagazin.de\/schwaebisch-fraenkischer-wald\/liebe-leserin-lieber-leser-24\/#breadcrumb\",\"itemListElement\":[{\"@type\":\"ListItem\",\"position\":1,\"name\":\"Home\",\"item\":\"https:\/\/www.naturparkmagazin.de\/schwaebisch-fraenkischer-wald\/\"},{\"@type\":\"ListItem\",\"position\":2,\"name\":\"Liebe Leserin, lieber Leser,\"}]},{\"@type\":\"WebSite\",\"@id\":\"https:\/\/www.naturparkmagazin.de\/schwaebisch-fraenkischer-wald\/#website\",\"url\":\"https:\/\/www.naturparkmagazin.de\/schwaebisch-fraenkischer-wald\/\",\"name\":\"Naturpark Schw\u00e4bisch-Fr\u00e4nkischer Wald\",\"description\":\"\",\"potentialAction\":[{\"@type\":\"SearchAction\",\"target\":{\"@type\":\"EntryPoint\",\"urlTemplate\":\"https:\/\/www.naturparkmagazin.de\/schwaebisch-fraenkischer-wald\/?s={search_term_string}\"},\"query-input\":\"required name=search_term_string\"}],\"inLanguage\":\"de\"},{\"@type\":\"Person\",\"@id\":\"https:\/\/www.naturparkmagazin.de\/schwaebisch-fraenkischer-wald\/#\/schema\/person\/f047a3702ae747fd7830cf8ac95e6066\",\"name\":\"Naturpark-Team\",\"sameAs\":[\"http:\/\/www.naturpark-sfw.de\",\"https:\/\/www.facebook.com\/naturparkSFW\"],\"url\":\"https:\/\/www.naturparkmagazin.de\/schwaebisch-fraenkischer-wald\/author\/bernharddrixler\/\"}]}<\/script>\n<!-- \/ Yoast SEO plugin. -->","yoast_head_json":{"title":"Liebe Leserin, lieber Leser, - Naturpark Schw\u00e4bisch-Fr\u00e4nkischer Wald","robots":{"index":"index","follow":"follow","max-snippet":"max-snippet:-1","max-image-preview":"max-image-preview:large","max-video-preview":"max-video-preview:-1"},"canonical":"https:\/\/www.naturparkmagazin.de\/schwaebisch-fraenkischer-wald\/liebe-leserin-lieber-leser-24\/","og_locale":"de_DE","og_type":"article","og_title":"Liebe Leserin, lieber Leser, - Naturpark Schw\u00e4bisch-Fr\u00e4nkischer Wald","og_description":"herzlich willkommen zum November-Newsletter des Naturparks Schw\u00e4bisch-Fr\u00e4nkischer Wald! Im Kirchenjahr gilt der November als ein Monat der Besinnung und des Gedenkens.\u00a0 Aufgrund der zahlreichen Anl\u00e4sse des Totengedenkens tr\u00e4gt der November auch die Bezeichnung Trauermonat. In zahlreichen Bauern- und Wetterregeln l\u00e4sst sich leicht die\u00a0f\u00fcr unsere Gegend typische Novemberstimmung erkennen: Viel Nebel im November, viel Schnee im","og_url":"https:\/\/www.naturparkmagazin.de\/schwaebisch-fraenkischer-wald\/liebe-leserin-lieber-leser-24\/","og_site_name":"Naturpark Schw\u00e4bisch-Fr\u00e4nkischer Wald","article_author":"https:\/\/www.facebook.com\/naturparkSFW","article_published_time":"2015-10-21T12:22:27+00:00","article_modified_time":"2015-10-27T09:59:36+00:00","author":"Naturpark-Team","twitter_misc":{"Verfasst von":"Naturpark-Team","Gesch\u00e4tzte Lesezeit":"1\u00a0Minute"},"schema":{"@context":"https:\/\/schema.org","@graph":[{"@type":"WebPage","@id":"https:\/\/www.naturparkmagazin.de\/schwaebisch-fraenkischer-wald\/liebe-leserin-lieber-leser-24\/","url":"https:\/\/www.naturparkmagazin.de\/schwaebisch-fraenkischer-wald\/liebe-leserin-lieber-leser-24\/","name":"Liebe Leserin, lieber Leser, - Naturpark Schw\u00e4bisch-Fr\u00e4nkischer Wald","isPartOf":{"@id":"https:\/\/www.naturparkmagazin.de\/schwaebisch-fraenkischer-wald\/#website"},"datePublished":"2015-10-21T12:22:27+00:00","dateModified":"2015-10-27T09:59:36+00:00","author":{"@id":"https:\/\/www.naturparkmagazin.de\/schwaebisch-fraenkischer-wald\/#\/schema\/person\/f047a3702ae747fd7830cf8ac95e6066"},"breadcrumb":{"@id":"https:\/\/www.naturparkmagazin.de\/schwaebisch-fraenkischer-wald\/liebe-leserin-lieber-leser-24\/#breadcrumb"},"inLanguage":"de","potentialAction":[{"@type":"ReadAction","target":["https:\/\/www.naturparkmagazin.de\/schwaebisch-fraenkischer-wald\/liebe-leserin-lieber-leser-24\/"]}]},{"@type":"BreadcrumbList","@id":"https:\/\/www.naturparkmagazin.de\/schwaebisch-fraenkischer-wald\/liebe-leserin-lieber-leser-24\/#breadcrumb","itemListElement":[{"@type":"ListItem","position":1,"name":"Home","item":"https:\/\/www.naturparkmagazin.de\/schwaebisch-fraenkischer-wald\/"},{"@type":"ListItem","position":2,"name":"Liebe Leserin, lieber Leser,"}]},{"@type":"WebSite","@id":"https:\/\/www.naturparkmagazin.de\/schwaebisch-fraenkischer-wald\/#website","url":"https:\/\/www.naturparkmagazin.de\/schwaebisch-fraenkischer-wald\/","name":"Naturpark Schw\u00e4bisch-Fr\u00e4nkischer Wald","description":"","potentialAction":[{"@type":"SearchAction","target":{"@type":"EntryPoint","urlTemplate":"https:\/\/www.naturparkmagazin.de\/schwaebisch-fraenkischer-wald\/?s={search_term_string}"},"query-input":"required name=search_term_string"}],"inLanguage":"de"},{"@type":"Person","@id":"https:\/\/www.naturparkmagazin.de\/schwaebisch-fraenkischer-wald\/#\/schema\/person\/f047a3702ae747fd7830cf8ac95e6066","name":"Naturpark-Team","sameAs":["http:\/\/www.naturpark-sfw.de","https:\/\/www.facebook.com\/naturparkSFW"],"url":"https:\/\/www.naturparkmagazin.de\/schwaebisch-fraenkischer-wald\/author\/bernharddrixler\/"}]}},"_links":{"self":[{"href":"https:\/\/www.naturparkmagazin.de\/schwaebisch-fraenkischer-wald\/wp-json\/wp\/v2\/posts\/2673"}],"collection":[{"href":"https:\/\/www.naturparkmagazin.de\/schwaebisch-fraenkischer-wald\/wp-json\/wp\/v2\/posts"}],"about":[{"href":"https:\/\/www.naturparkmagazin.de\/schwaebisch-fraenkischer-wald\/wp-json\/wp\/v2\/types\/post"}],"author":[{"embeddable":true,"href":"https:\/\/www.naturparkmagazin.de\/schwaebisch-fraenkischer-wald\/wp-json\/wp\/v2\/users\/25"}],"replies":[{"embeddable":true,"href":"https:\/\/www.naturparkmagazin.de\/schwaebisch-fraenkischer-wald\/wp-json\/wp\/v2\/comments?post=2673"}],"version-history":[{"count":3,"href":"https:\/\/www.naturparkmagazin.de\/schwaebisch-fraenkischer-wald\/wp-json\/wp\/v2\/posts\/2673\/revisions"}],"predecessor-version":[{"id":2692,"href":"https:\/\/www.naturparkmagazin.de\/schwaebisch-fraenkischer-wald\/wp-json\/wp\/v2\/posts\/2673\/revisions\/2692"}],"wp:attachment":[{"href":"https:\/\/www.naturparkmagazin.de\/schwaebisch-fraenkischer-wald\/wp-json\/wp\/v2\/media?parent=2673"}],"wp:term":[{"taxonomy":"category","embeddable":true,"href":"https:\/\/www.naturparkmagazin.de\/schwaebisch-fraenkischer-wald\/wp-json\/wp\/v2\/categories?post=2673"},{"taxonomy":"post_tag","embeddable":true,"href":"https:\/\/www.naturparkmagazin.de\/schwaebisch-fraenkischer-wald\/wp-json\/wp\/v2\/tags?post=2673"}],"curies":[{"name":"wp","href":"https:\/\/api.w.org\/{rel}","templated":true}]}}