{"id":2747,"date":"2015-11-19T11:13:26","date_gmt":"2015-11-19T10:13:26","guid":{"rendered":"http:\/\/www.naturparkmagazin.de\/schwaebisch-fraenkischer-wald\/?p=2747"},"modified":"2015-11-20T17:42:31","modified_gmt":"2015-11-20T16:42:31","slug":"unsere-naturparkfuehrerinnen-und-naturparkfuehrer-10","status":"publish","type":"post","link":"https:\/\/www.naturparkmagazin.de\/schwaebisch-fraenkischer-wald\/unsere-naturparkfuehrerinnen-und-naturparkfuehrer-10\/","title":{"rendered":"Unsere Naturparkf\u00fchrerinnen und Naturparkf\u00fchrer"},"content":{"rendered":"<p>STECKBRIEF:<\/p>\n<div id=\"attachment_2748\" style=\"width: 213px\" class=\"wp-caption alignright\"><a href=\"https:\/\/www.naturparkmagazin.de\/schwaebisch-fraenkischer-wald\/wp-content\/uploads\/sites\/34\/Sandra_Neubauer.jpg\"><img aria-describedby=\"caption-attachment-2748\" decoding=\"async\" loading=\"lazy\" class=\"size-full wp-image-2748\" src=\"https:\/\/www.naturparkmagazin.de\/schwaebisch-fraenkischer-wald\/wp-content\/uploads\/sites\/34\/Sandra_Neubauer.jpg\" alt=\"Naturparkf\u00fchrerin Sandra Neubauer\" width=\"203\" height=\"200\" srcset=\"https:\/\/www.naturparkmagazin.de\/schwaebisch-fraenkischer-wald\/wp-content\/uploads\/sites\/34\/Sandra_Neubauer.jpg 203w, https:\/\/www.naturparkmagazin.de\/schwaebisch-fraenkischer-wald\/wp-content\/uploads\/sites\/34\/Sandra_Neubauer-30x30.jpg 30w, https:\/\/www.naturparkmagazin.de\/schwaebisch-fraenkischer-wald\/wp-content\/uploads\/sites\/34\/Sandra_Neubauer-200x197.jpg 200w\" sizes=\"(max-width: 203px) 100vw, 203px\" \/><\/a><p id=\"caption-attachment-2748\" class=\"wp-caption-text\">Naturparkf\u00fchrerin Sandra Neubauer<\/p><\/div>\n<p>Sandra Neubauer, Pressesprecherin die Naturparkf\u00fchrer Schw\u00e4bisch-Fr\u00e4nkischer Wald e.V.<\/p>\n<p>Treutweinweg 11\n74523 Schw\u00e4bisch Hall\nTelefon: 0791 &#8211; 20338830<\/p>\n<p><a href=\"mailto:neubauer@die-naturparkfuehrer.de\" target=\"_blank\">E-Mail<\/a><\/p>\n<p>GEBIETE:<\/p>\n<p>Gro\u00dfraum Schw\u00e4bisch Hall: SHA-Gailenkirchen, SHA-Bibersfeld, Michelfeld, Michelbach a.d. Bilz, Oberrot, Mainhardt, Sulzbach a.d. Murr<\/p>\n<p>SCHWERPUNKTE:<\/p>\n<ul>\n<li><span class=\"_c24 _50f4\">Vegetation<\/span><\/li>\n<li><span class=\"_c24 _50f4\">Naturschutz<\/span><\/li>\n<li><span class=\"_c24 _50f4\">Kulturlandschaft und Nutzungsgeschichte<\/span><\/li>\n<li><span class=\"_c24 _50f4\">Besiedlungsgeschichte und die Lebensweise der Menschen im Naturpark in vergangenen Zeiten<\/span><\/li>\n<li><span class=\"_c24 _50f4\">Sagen, M\u00e4rchen u.a. Geschichten<\/span><\/li>\n<\/ul>\n","protected":false},"excerpt":{"rendered":"<p>Die nord-\u00f6stliche Naturparkregion mit Naturparkf\u00fchrerin Sandra Neubauer entdecken<\/p>\n","protected":false},"author":25,"featured_media":2748,"comment_status":"open","ping_status":"open","sticky":false,"template":"","format":"standard","meta":[],"categories":[617],"tags":[316],"yoast_head":"<!-- This site is optimized with the Yoast SEO plugin v19.10 - https:\/\/yoast.com\/wordpress\/plugins\/seo\/ -->\n<title>Unsere Naturparkf\u00fchrerinnen und Naturparkf\u00fchrer - Naturpark Schw\u00e4bisch-Fr\u00e4nkischer Wald<\/title>\n<meta name=\"robots\" content=\"index, follow, max-snippet:-1, max-image-preview:large, max-video-preview:-1\" \/>\n<link rel=\"canonical\" href=\"https:\/\/www.naturparkmagazin.de\/schwaebisch-fraenkischer-wald\/unsere-naturparkfuehrerinnen-und-naturparkfuehrer-10\/\" \/>\n<meta property=\"og:locale\" content=\"de_DE\" \/>\n<meta property=\"og:type\" content=\"article\" \/>\n<meta property=\"og:title\" content=\"Unsere Naturparkf\u00fchrerinnen und Naturparkf\u00fchrer - Naturpark Schw\u00e4bisch-Fr\u00e4nkischer Wald\" \/>\n<meta property=\"og:description\" content=\"Die nord-\u00f6stliche Naturparkregion mit Naturparkf\u00fchrerin Sandra Neubauer entdecken\" \/>\n<meta property=\"og:url\" content=\"https:\/\/www.naturparkmagazin.de\/schwaebisch-fraenkischer-wald\/unsere-naturparkfuehrerinnen-und-naturparkfuehrer-10\/\" \/>\n<meta property=\"og:site_name\" content=\"Naturpark Schw\u00e4bisch-Fr\u00e4nkischer Wald\" \/>\n<meta property=\"article:author\" content=\"https:\/\/www.facebook.com\/naturparkSFW\" \/>\n<meta property=\"article:published_time\" content=\"2015-11-19T10:13:26+00:00\" \/>\n<meta property=\"article:modified_time\" content=\"2015-11-20T16:42:31+00:00\" \/>\n<meta property=\"og:image\" content=\"https:\/\/www.naturparkmagazin.de\/schwaebisch-fraenkischer-wald\/wp-content\/uploads\/sites\/34\/Sandra_Neubauer.jpg\" \/>\n\t<meta property=\"og:image:width\" content=\"203\" \/>\n\t<meta property=\"og:image:height\" content=\"200\" \/>\n\t<meta property=\"og:image:type\" content=\"image\/jpeg\" \/>\n<meta name=\"author\" content=\"Naturpark-Team\" \/>\n<meta name=\"twitter:label1\" content=\"Verfasst von\" \/>\n\t<meta name=\"twitter:data1\" content=\"Naturpark-Team\" \/>\n<script type=\"application\/ld+json\" class=\"yoast-schema-graph\">{\"@context\":\"https:\/\/schema.org\",\"@graph\":[{\"@type\":\"WebPage\",\"@id\":\"https:\/\/www.naturparkmagazin.de\/schwaebisch-fraenkischer-wald\/unsere-naturparkfuehrerinnen-und-naturparkfuehrer-10\/\",\"url\":\"https:\/\/www.naturparkmagazin.de\/schwaebisch-fraenkischer-wald\/unsere-naturparkfuehrerinnen-und-naturparkfuehrer-10\/\",\"name\":\"Unsere Naturparkf\u00fchrerinnen und Naturparkf\u00fchrer - Naturpark Schw\u00e4bisch-Fr\u00e4nkischer Wald\",\"isPartOf\":{\"@id\":\"https:\/\/www.naturparkmagazin.de\/schwaebisch-fraenkischer-wald\/#website\"},\"datePublished\":\"2015-11-19T10:13:26+00:00\",\"dateModified\":\"2015-11-20T16:42:31+00:00\",\"author\":{\"@id\":\"https:\/\/www.naturparkmagazin.de\/schwaebisch-fraenkischer-wald\/#\/schema\/person\/f047a3702ae747fd7830cf8ac95e6066\"},\"breadcrumb\":{\"@id\":\"https:\/\/www.naturparkmagazin.de\/schwaebisch-fraenkischer-wald\/unsere-naturparkfuehrerinnen-und-naturparkfuehrer-10\/#breadcrumb\"},\"inLanguage\":\"de\",\"potentialAction\":[{\"@type\":\"ReadAction\",\"target\":[\"https:\/\/www.naturparkmagazin.de\/schwaebisch-fraenkischer-wald\/unsere-naturparkfuehrerinnen-und-naturparkfuehrer-10\/\"]}]},{\"@type\":\"BreadcrumbList\",\"@id\":\"https:\/\/www.naturparkmagazin.de\/schwaebisch-fraenkischer-wald\/unsere-naturparkfuehrerinnen-und-naturparkfuehrer-10\/#breadcrumb\",\"itemListElement\":[{\"@type\":\"ListItem\",\"position\":1,\"name\":\"Home\",\"item\":\"https:\/\/www.naturparkmagazin.de\/schwaebisch-fraenkischer-wald\/\"},{\"@type\":\"ListItem\",\"position\":2,\"name\":\"Unsere Naturparkf\u00fchrerinnen und Naturparkf\u00fchrer\"}]},{\"@type\":\"WebSite\",\"@id\":\"https:\/\/www.naturparkmagazin.de\/schwaebisch-fraenkischer-wald\/#website\",\"url\":\"https:\/\/www.naturparkmagazin.de\/schwaebisch-fraenkischer-wald\/\",\"name\":\"Naturpark Schw\u00e4bisch-Fr\u00e4nkischer Wald\",\"description\":\"\",\"potentialAction\":[{\"@type\":\"SearchAction\",\"target\":{\"@type\":\"EntryPoint\",\"urlTemplate\":\"https:\/\/www.naturparkmagazin.de\/schwaebisch-fraenkischer-wald\/?s={search_term_string}\"},\"query-input\":\"required name=search_term_string\"}],\"inLanguage\":\"de\"},{\"@type\":\"Person\",\"@id\":\"https:\/\/www.naturparkmagazin.de\/schwaebisch-fraenkischer-wald\/#\/schema\/person\/f047a3702ae747fd7830cf8ac95e6066\",\"name\":\"Naturpark-Team\",\"sameAs\":[\"http:\/\/www.naturpark-sfw.de\",\"https:\/\/www.facebook.com\/naturparkSFW\"],\"url\":\"https:\/\/www.naturparkmagazin.de\/schwaebisch-fraenkischer-wald\/author\/bernharddrixler\/\"}]}<\/script>\n<!-- \/ Yoast SEO plugin. -->","yoast_head_json":{"title":"Unsere Naturparkf\u00fchrerinnen und Naturparkf\u00fchrer - Naturpark Schw\u00e4bisch-Fr\u00e4nkischer Wald","robots":{"index":"index","follow":"follow","max-snippet":"max-snippet:-1","max-image-preview":"max-image-preview:large","max-video-preview":"max-video-preview:-1"},"canonical":"https:\/\/www.naturparkmagazin.de\/schwaebisch-fraenkischer-wald\/unsere-naturparkfuehrerinnen-und-naturparkfuehrer-10\/","og_locale":"de_DE","og_type":"article","og_title":"Unsere Naturparkf\u00fchrerinnen und Naturparkf\u00fchrer - Naturpark Schw\u00e4bisch-Fr\u00e4nkischer Wald","og_description":"Die nord-\u00f6stliche Naturparkregion mit Naturparkf\u00fchrerin Sandra Neubauer entdecken","og_url":"https:\/\/www.naturparkmagazin.de\/schwaebisch-fraenkischer-wald\/unsere-naturparkfuehrerinnen-und-naturparkfuehrer-10\/","og_site_name":"Naturpark Schw\u00e4bisch-Fr\u00e4nkischer Wald","article_author":"https:\/\/www.facebook.com\/naturparkSFW","article_published_time":"2015-11-19T10:13:26+00:00","article_modified_time":"2015-11-20T16:42:31+00:00","og_image":[{"width":203,"height":200,"url":"https:\/\/www.naturparkmagazin.de\/schwaebisch-fraenkischer-wald\/wp-content\/uploads\/sites\/34\/Sandra_Neubauer.jpg","type":"image\/jpeg"}],"author":"Naturpark-Team","twitter_misc":{"Verfasst von":"Naturpark-Team"},"schema":{"@context":"https:\/\/schema.org","@graph":[{"@type":"WebPage","@id":"https:\/\/www.naturparkmagazin.de\/schwaebisch-fraenkischer-wald\/unsere-naturparkfuehrerinnen-und-naturparkfuehrer-10\/","url":"https:\/\/www.naturparkmagazin.de\/schwaebisch-fraenkischer-wald\/unsere-naturparkfuehrerinnen-und-naturparkfuehrer-10\/","name":"Unsere Naturparkf\u00fchrerinnen und Naturparkf\u00fchrer - Naturpark Schw\u00e4bisch-Fr\u00e4nkischer Wald","isPartOf":{"@id":"https:\/\/www.naturparkmagazin.de\/schwaebisch-fraenkischer-wald\/#website"},"datePublished":"2015-11-19T10:13:26+00:00","dateModified":"2015-11-20T16:42:31+00:00","author":{"@id":"https:\/\/www.naturparkmagazin.de\/schwaebisch-fraenkischer-wald\/#\/schema\/person\/f047a3702ae747fd7830cf8ac95e6066"},"breadcrumb":{"@id":"https:\/\/www.naturparkmagazin.de\/schwaebisch-fraenkischer-wald\/unsere-naturparkfuehrerinnen-und-naturparkfuehrer-10\/#breadcrumb"},"inLanguage":"de","potentialAction":[{"@type":"ReadAction","target":["https:\/\/www.naturparkmagazin.de\/schwaebisch-fraenkischer-wald\/unsere-naturparkfuehrerinnen-und-naturparkfuehrer-10\/"]}]},{"@type":"BreadcrumbList","@id":"https:\/\/www.naturparkmagazin.de\/schwaebisch-fraenkischer-wald\/unsere-naturparkfuehrerinnen-und-naturparkfuehrer-10\/#breadcrumb","itemListElement":[{"@type":"ListItem","position":1,"name":"Home","item":"https:\/\/www.naturparkmagazin.de\/schwaebisch-fraenkischer-wald\/"},{"@type":"ListItem","position":2,"name":"Unsere Naturparkf\u00fchrerinnen und Naturparkf\u00fchrer"}]},{"@type":"WebSite","@id":"https:\/\/www.naturparkmagazin.de\/schwaebisch-fraenkischer-wald\/#website","url":"https:\/\/www.naturparkmagazin.de\/schwaebisch-fraenkischer-wald\/","name":"Naturpark Schw\u00e4bisch-Fr\u00e4nkischer Wald","description":"","potentialAction":[{"@type":"SearchAction","target":{"@type":"EntryPoint","urlTemplate":"https:\/\/www.naturparkmagazin.de\/schwaebisch-fraenkischer-wald\/?s={search_term_string}"},"query-input":"required name=search_term_string"}],"inLanguage":"de"},{"@type":"Person","@id":"https:\/\/www.naturparkmagazin.de\/schwaebisch-fraenkischer-wald\/#\/schema\/person\/f047a3702ae747fd7830cf8ac95e6066","name":"Naturpark-Team","sameAs":["http:\/\/www.naturpark-sfw.de","https:\/\/www.facebook.com\/naturparkSFW"],"url":"https:\/\/www.naturparkmagazin.de\/schwaebisch-fraenkischer-wald\/author\/bernharddrixler\/"}]}},"_links":{"self":[{"href":"https:\/\/www.naturparkmagazin.de\/schwaebisch-fraenkischer-wald\/wp-json\/wp\/v2\/posts\/2747"}],"collection":[{"href":"https:\/\/www.naturparkmagazin.de\/schwaebisch-fraenkischer-wald\/wp-json\/wp\/v2\/posts"}],"about":[{"href":"https:\/\/www.naturparkmagazin.de\/schwaebisch-fraenkischer-wald\/wp-json\/wp\/v2\/types\/post"}],"author":[{"embeddable":true,"href":"https:\/\/www.naturparkmagazin.de\/schwaebisch-fraenkischer-wald\/wp-json\/wp\/v2\/users\/25"}],"replies":[{"embeddable":true,"href":"https:\/\/www.naturparkmagazin.de\/schwaebisch-fraenkischer-wald\/wp-json\/wp\/v2\/comments?post=2747"}],"version-history":[{"count":3,"href":"https:\/\/www.naturparkmagazin.de\/schwaebisch-fraenkischer-wald\/wp-json\/wp\/v2\/posts\/2747\/revisions"}],"predecessor-version":[{"id":2753,"href":"https:\/\/www.naturparkmagazin.de\/schwaebisch-fraenkischer-wald\/wp-json\/wp\/v2\/posts\/2747\/revisions\/2753"}],"wp:featuredmedia":[{"embeddable":true,"href":"https:\/\/www.naturparkmagazin.de\/schwaebisch-fraenkischer-wald\/wp-json\/wp\/v2\/media\/2748"}],"wp:attachment":[{"href":"https:\/\/www.naturparkmagazin.de\/schwaebisch-fraenkischer-wald\/wp-json\/wp\/v2\/media?parent=2747"}],"wp:term":[{"taxonomy":"category","embeddable":true,"href":"https:\/\/www.naturparkmagazin.de\/schwaebisch-fraenkischer-wald\/wp-json\/wp\/v2\/categories?post=2747"},{"taxonomy":"post_tag","embeddable":true,"href":"https:\/\/www.naturparkmagazin.de\/schwaebisch-fraenkischer-wald\/wp-json\/wp\/v2\/tags?post=2747"}],"curies":[{"name":"wp","href":"https:\/\/api.w.org\/{rel}","templated":true}]}}