{"id":2754,"date":"2015-11-20T17:45:34","date_gmt":"2015-11-20T16:45:34","guid":{"rendered":"http:\/\/www.naturparkmagazin.de\/schwaebisch-fraenkischer-wald\/?p=2754"},"modified":"2015-11-22T11:55:12","modified_gmt":"2015-11-22T10:55:12","slug":"die-kommunen-im-naturpark-die-gemeinde-althuette","status":"publish","type":"post","link":"https:\/\/www.naturparkmagazin.de\/schwaebisch-fraenkischer-wald\/die-kommunen-im-naturpark-die-gemeinde-althuette\/","title":{"rendered":"Die Kommunen im Naturpark &#8211; Die Gemeinde Alth\u00fctte"},"content":{"rendered":"<p>Der staatlich anerkannte Erholungsort Ath\u00fctte liegt auf einer H\u00f6he von 334 bis 572 Meter im Rems-Murr-Kreis und wurde, ebenso wie die<\/p>\n<div id=\"attachment_2761\" style=\"width: 210px\" class=\"wp-caption alignright\"><a href=\"https:\/\/www.naturparkmagazin.de\/schwaebisch-fraenkischer-wald\/wp-content\/uploads\/sites\/34\/2015_Althuette-1.jpg\"><img aria-describedby=\"caption-attachment-2761\" decoding=\"async\" loading=\"lazy\" class=\"size-full wp-image-2761\" src=\"https:\/\/www.naturparkmagazin.de\/schwaebisch-fraenkischer-wald\/wp-content\/uploads\/sites\/34\/2015_Althuette-1.jpg\" alt=\"Idyllische Wanderwege um Alth\u00fctte\" width=\"200\" height=\"200\" srcset=\"https:\/\/www.naturparkmagazin.de\/schwaebisch-fraenkischer-wald\/wp-content\/uploads\/sites\/34\/2015_Althuette-1.jpg 200w, https:\/\/www.naturparkmagazin.de\/schwaebisch-fraenkischer-wald\/wp-content\/uploads\/sites\/34\/2015_Althuette-1-30x30.jpg 30w\" sizes=\"(max-width: 200px) 100vw, 200px\" \/><\/a><p id=\"caption-attachment-2761\" class=\"wp-caption-text\">Idyllische Wanderwege um Alth\u00fctte<\/p><\/div>\n<p>Gemeinde Sechselberg, 1819 gegr\u00fcndet.<\/p>\n<p>Zum Ortsteil Alth\u00fctte geh\u00f6ren folgende D\u00f6rfer, Weiler und H\u00f6fe:\u00a0Kallenberg, Lutzenberg, Sch\u00f6llh\u00fctte (seit 1971 baulich mit Alth\u00fctte zusammengewachsen) und Voggenhof sowie das Geh\u00f6ft Nonnenm\u00fchle. Zum Ortsteil Sechselberg geh\u00f6ren das Dorf Sechselberg, die Weiler Fautspach, Gallenhof, H\u00f6rschhof, Schlichenh\u00f6fle, Schlichenweiler und Waldenweiler, die H\u00f6fe Glaitenhof, H\u00f6rschhofer S\u00e4gm\u00fchle und der Wohnplatz Rottmansberger S\u00e4gm\u00fchle.<\/p>\n<p>In Alth\u00fctte waren einst die Glasbl\u00e4ser und Rechenmacher zuhause. In den letzten Jahren wurden bei Ausgrabungen \u00dcberre\u00adste einer Glash\u00fctte gefunden. Ein gut erhaltener Glasschmelzhafen und andere Gef\u00e4\u00dfe sind in einer Glasvitrine in der Eingangs\u00adhalle des Rathauses ausgestellt und legen Zeugnis von der Ver\u00adgangenheit ab.<\/p>\n<p>Sch\u00f6ne Wanderrouten sind hier zu entdecken und auch abwechslungsreiche Nordic-Walking Strecken laden zum teils sportlichen Erleben ein. Zahlreiche Vereine und viel b\u00fcrgerschaftliche Engagement machen die Gemeinde lebenswert. Die ber\u00fchmteste Tochter Alth\u00fcttes ist die Politikerin, Pazifistin und Frauenrechtlerin Anna Haag (*1888 +1982).<\/p>\n<p>Zahlreiche weitere Informationen finden Sie hier: <a href=\"http:\/\/www.althuette.de\" target=\"_blank\">www.althuette.de<\/a><\/p>\n<div id=\"attachment_2762\" style=\"width: 210px\" class=\"wp-caption alignright\"><a href=\"https:\/\/www.naturparkmagazin.de\/schwaebisch-fraenkischer-wald\/wp-content\/uploads\/sites\/34\/2015_Althuette-3.jpg\"><img aria-describedby=\"caption-attachment-2762\" decoding=\"async\" loading=\"lazy\" class=\"size-full wp-image-2762\" src=\"https:\/\/www.naturparkmagazin.de\/schwaebisch-fraenkischer-wald\/wp-content\/uploads\/sites\/34\/2015_Althuette-3.jpg\" alt=\"Blick auf\u00b4s Rathaus in Alth\u00fctte\" width=\"200\" height=\"200\" srcset=\"https:\/\/www.naturparkmagazin.de\/schwaebisch-fraenkischer-wald\/wp-content\/uploads\/sites\/34\/2015_Althuette-3.jpg 200w, https:\/\/www.naturparkmagazin.de\/schwaebisch-fraenkischer-wald\/wp-content\/uploads\/sites\/34\/2015_Althuette-3-30x30.jpg 30w\" sizes=\"(max-width: 200px) 100vw, 200px\" \/><\/a><p id=\"caption-attachment-2762\" class=\"wp-caption-text\">Blick auf\u00b4s Rathaus<\/p><\/div>\n<div>B\u00fcrgermeister:<\/div>\n<div>Reinhold Sczuka\nRathausplatz 1\n71566 Alth\u00fctte<\/div>\n<div>Telefon: 0 71 83\/9 59 59 &#8211; 0\nTelefax: 0 71 83\/9 59 59 &#8211; 22\nE-Mail: <a href=\"mailto:info@althuette.de\" target=\"_blank\">info@althuette.de<\/a><\/div>\n","protected":false},"excerpt":{"rendered":"<p>Gemeinde Alth\u00fctte: staatlich anerkannter Erholungsort im Naturpark<\/p>\n","protected":false},"author":25,"featured_media":2762,"comment_status":"open","ping_status":"open","sticky":false,"template":"","format":"standard","meta":[],"categories":[8],"tags":[316],"yoast_head":"<!-- This site is optimized with the Yoast SEO plugin v19.10 - https:\/\/yoast.com\/wordpress\/plugins\/seo\/ -->\n<title>Die Kommunen im Naturpark - Die Gemeinde Alth\u00fctte - Naturpark Schw\u00e4bisch-Fr\u00e4nkischer Wald<\/title>\n<meta name=\"robots\" content=\"index, follow, max-snippet:-1, max-image-preview:large, max-video-preview:-1\" \/>\n<link rel=\"canonical\" href=\"https:\/\/www.naturparkmagazin.de\/schwaebisch-fraenkischer-wald\/die-kommunen-im-naturpark-die-gemeinde-althuette\/\" \/>\n<meta property=\"og:locale\" content=\"de_DE\" \/>\n<meta property=\"og:type\" content=\"article\" \/>\n<meta property=\"og:title\" content=\"Die Kommunen im Naturpark - Die Gemeinde Alth\u00fctte - Naturpark Schw\u00e4bisch-Fr\u00e4nkischer Wald\" \/>\n<meta property=\"og:description\" content=\"Gemeinde Alth\u00fctte: staatlich anerkannter Erholungsort im Naturpark\" \/>\n<meta property=\"og:url\" content=\"https:\/\/www.naturparkmagazin.de\/schwaebisch-fraenkischer-wald\/die-kommunen-im-naturpark-die-gemeinde-althuette\/\" \/>\n<meta property=\"og:site_name\" content=\"Naturpark Schw\u00e4bisch-Fr\u00e4nkischer Wald\" \/>\n<meta property=\"article:author\" content=\"https:\/\/www.facebook.com\/naturparkSFW\" \/>\n<meta property=\"article:published_time\" content=\"2015-11-20T16:45:34+00:00\" \/>\n<meta property=\"article:modified_time\" content=\"2015-11-22T10:55:12+00:00\" \/>\n<meta property=\"og:image\" content=\"https:\/\/www.naturparkmagazin.de\/schwaebisch-fraenkischer-wald\/wp-content\/uploads\/sites\/34\/2015_Althuette-3.jpg\" \/>\n\t<meta property=\"og:image:width\" content=\"200\" \/>\n\t<meta property=\"og:image:height\" content=\"200\" \/>\n\t<meta property=\"og:image:type\" content=\"image\/jpeg\" \/>\n<meta name=\"author\" content=\"Naturpark-Team\" \/>\n<meta name=\"twitter:label1\" content=\"Verfasst von\" \/>\n\t<meta name=\"twitter:data1\" content=\"Naturpark-Team\" \/>\n\t<meta name=\"twitter:label2\" content=\"Gesch\u00e4tzte Lesezeit\" \/>\n\t<meta name=\"twitter:data2\" content=\"1\u00a0Minute\" \/>\n<script type=\"application\/ld+json\" class=\"yoast-schema-graph\">{\"@context\":\"https:\/\/schema.org\",\"@graph\":[{\"@type\":\"WebPage\",\"@id\":\"https:\/\/www.naturparkmagazin.de\/schwaebisch-fraenkischer-wald\/die-kommunen-im-naturpark-die-gemeinde-althuette\/\",\"url\":\"https:\/\/www.naturparkmagazin.de\/schwaebisch-fraenkischer-wald\/die-kommunen-im-naturpark-die-gemeinde-althuette\/\",\"name\":\"Die Kommunen im Naturpark - Die Gemeinde Alth\u00fctte - Naturpark Schw\u00e4bisch-Fr\u00e4nkischer Wald\",\"isPartOf\":{\"@id\":\"https:\/\/www.naturparkmagazin.de\/schwaebisch-fraenkischer-wald\/#website\"},\"datePublished\":\"2015-11-20T16:45:34+00:00\",\"dateModified\":\"2015-11-22T10:55:12+00:00\",\"author\":{\"@id\":\"https:\/\/www.naturparkmagazin.de\/schwaebisch-fraenkischer-wald\/#\/schema\/person\/f047a3702ae747fd7830cf8ac95e6066\"},\"breadcrumb\":{\"@id\":\"https:\/\/www.naturparkmagazin.de\/schwaebisch-fraenkischer-wald\/die-kommunen-im-naturpark-die-gemeinde-althuette\/#breadcrumb\"},\"inLanguage\":\"de\",\"potentialAction\":[{\"@type\":\"ReadAction\",\"target\":[\"https:\/\/www.naturparkmagazin.de\/schwaebisch-fraenkischer-wald\/die-kommunen-im-naturpark-die-gemeinde-althuette\/\"]}]},{\"@type\":\"BreadcrumbList\",\"@id\":\"https:\/\/www.naturparkmagazin.de\/schwaebisch-fraenkischer-wald\/die-kommunen-im-naturpark-die-gemeinde-althuette\/#breadcrumb\",\"itemListElement\":[{\"@type\":\"ListItem\",\"position\":1,\"name\":\"Home\",\"item\":\"https:\/\/www.naturparkmagazin.de\/schwaebisch-fraenkischer-wald\/\"},{\"@type\":\"ListItem\",\"position\":2,\"name\":\"Die Kommunen im Naturpark &#8211; Die Gemeinde Alth\u00fctte\"}]},{\"@type\":\"WebSite\",\"@id\":\"https:\/\/www.naturparkmagazin.de\/schwaebisch-fraenkischer-wald\/#website\",\"url\":\"https:\/\/www.naturparkmagazin.de\/schwaebisch-fraenkischer-wald\/\",\"name\":\"Naturpark Schw\u00e4bisch-Fr\u00e4nkischer Wald\",\"description\":\"\",\"potentialAction\":[{\"@type\":\"SearchAction\",\"target\":{\"@type\":\"EntryPoint\",\"urlTemplate\":\"https:\/\/www.naturparkmagazin.de\/schwaebisch-fraenkischer-wald\/?s={search_term_string}\"},\"query-input\":\"required name=search_term_string\"}],\"inLanguage\":\"de\"},{\"@type\":\"Person\",\"@id\":\"https:\/\/www.naturparkmagazin.de\/schwaebisch-fraenkischer-wald\/#\/schema\/person\/f047a3702ae747fd7830cf8ac95e6066\",\"name\":\"Naturpark-Team\",\"sameAs\":[\"http:\/\/www.naturpark-sfw.de\",\"https:\/\/www.facebook.com\/naturparkSFW\"],\"url\":\"https:\/\/www.naturparkmagazin.de\/schwaebisch-fraenkischer-wald\/author\/bernharddrixler\/\"}]}<\/script>\n<!-- \/ Yoast SEO plugin. -->","yoast_head_json":{"title":"Die Kommunen im Naturpark - Die Gemeinde Alth\u00fctte - Naturpark Schw\u00e4bisch-Fr\u00e4nkischer Wald","robots":{"index":"index","follow":"follow","max-snippet":"max-snippet:-1","max-image-preview":"max-image-preview:large","max-video-preview":"max-video-preview:-1"},"canonical":"https:\/\/www.naturparkmagazin.de\/schwaebisch-fraenkischer-wald\/die-kommunen-im-naturpark-die-gemeinde-althuette\/","og_locale":"de_DE","og_type":"article","og_title":"Die Kommunen im Naturpark - Die Gemeinde Alth\u00fctte - Naturpark Schw\u00e4bisch-Fr\u00e4nkischer Wald","og_description":"Gemeinde Alth\u00fctte: staatlich anerkannter Erholungsort im Naturpark","og_url":"https:\/\/www.naturparkmagazin.de\/schwaebisch-fraenkischer-wald\/die-kommunen-im-naturpark-die-gemeinde-althuette\/","og_site_name":"Naturpark Schw\u00e4bisch-Fr\u00e4nkischer Wald","article_author":"https:\/\/www.facebook.com\/naturparkSFW","article_published_time":"2015-11-20T16:45:34+00:00","article_modified_time":"2015-11-22T10:55:12+00:00","og_image":[{"width":200,"height":200,"url":"https:\/\/www.naturparkmagazin.de\/schwaebisch-fraenkischer-wald\/wp-content\/uploads\/sites\/34\/2015_Althuette-3.jpg","type":"image\/jpeg"}],"author":"Naturpark-Team","twitter_misc":{"Verfasst von":"Naturpark-Team","Gesch\u00e4tzte Lesezeit":"1\u00a0Minute"},"schema":{"@context":"https:\/\/schema.org","@graph":[{"@type":"WebPage","@id":"https:\/\/www.naturparkmagazin.de\/schwaebisch-fraenkischer-wald\/die-kommunen-im-naturpark-die-gemeinde-althuette\/","url":"https:\/\/www.naturparkmagazin.de\/schwaebisch-fraenkischer-wald\/die-kommunen-im-naturpark-die-gemeinde-althuette\/","name":"Die Kommunen im Naturpark - Die Gemeinde Alth\u00fctte - Naturpark Schw\u00e4bisch-Fr\u00e4nkischer Wald","isPartOf":{"@id":"https:\/\/www.naturparkmagazin.de\/schwaebisch-fraenkischer-wald\/#website"},"datePublished":"2015-11-20T16:45:34+00:00","dateModified":"2015-11-22T10:55:12+00:00","author":{"@id":"https:\/\/www.naturparkmagazin.de\/schwaebisch-fraenkischer-wald\/#\/schema\/person\/f047a3702ae747fd7830cf8ac95e6066"},"breadcrumb":{"@id":"https:\/\/www.naturparkmagazin.de\/schwaebisch-fraenkischer-wald\/die-kommunen-im-naturpark-die-gemeinde-althuette\/#breadcrumb"},"inLanguage":"de","potentialAction":[{"@type":"ReadAction","target":["https:\/\/www.naturparkmagazin.de\/schwaebisch-fraenkischer-wald\/die-kommunen-im-naturpark-die-gemeinde-althuette\/"]}]},{"@type":"BreadcrumbList","@id":"https:\/\/www.naturparkmagazin.de\/schwaebisch-fraenkischer-wald\/die-kommunen-im-naturpark-die-gemeinde-althuette\/#breadcrumb","itemListElement":[{"@type":"ListItem","position":1,"name":"Home","item":"https:\/\/www.naturparkmagazin.de\/schwaebisch-fraenkischer-wald\/"},{"@type":"ListItem","position":2,"name":"Die Kommunen im Naturpark &#8211; Die Gemeinde Alth\u00fctte"}]},{"@type":"WebSite","@id":"https:\/\/www.naturparkmagazin.de\/schwaebisch-fraenkischer-wald\/#website","url":"https:\/\/www.naturparkmagazin.de\/schwaebisch-fraenkischer-wald\/","name":"Naturpark Schw\u00e4bisch-Fr\u00e4nkischer Wald","description":"","potentialAction":[{"@type":"SearchAction","target":{"@type":"EntryPoint","urlTemplate":"https:\/\/www.naturparkmagazin.de\/schwaebisch-fraenkischer-wald\/?s={search_term_string}"},"query-input":"required name=search_term_string"}],"inLanguage":"de"},{"@type":"Person","@id":"https:\/\/www.naturparkmagazin.de\/schwaebisch-fraenkischer-wald\/#\/schema\/person\/f047a3702ae747fd7830cf8ac95e6066","name":"Naturpark-Team","sameAs":["http:\/\/www.naturpark-sfw.de","https:\/\/www.facebook.com\/naturparkSFW"],"url":"https:\/\/www.naturparkmagazin.de\/schwaebisch-fraenkischer-wald\/author\/bernharddrixler\/"}]}},"_links":{"self":[{"href":"https:\/\/www.naturparkmagazin.de\/schwaebisch-fraenkischer-wald\/wp-json\/wp\/v2\/posts\/2754"}],"collection":[{"href":"https:\/\/www.naturparkmagazin.de\/schwaebisch-fraenkischer-wald\/wp-json\/wp\/v2\/posts"}],"about":[{"href":"https:\/\/www.naturparkmagazin.de\/schwaebisch-fraenkischer-wald\/wp-json\/wp\/v2\/types\/post"}],"author":[{"embeddable":true,"href":"https:\/\/www.naturparkmagazin.de\/schwaebisch-fraenkischer-wald\/wp-json\/wp\/v2\/users\/25"}],"replies":[{"embeddable":true,"href":"https:\/\/www.naturparkmagazin.de\/schwaebisch-fraenkischer-wald\/wp-json\/wp\/v2\/comments?post=2754"}],"version-history":[{"count":5,"href":"https:\/\/www.naturparkmagazin.de\/schwaebisch-fraenkischer-wald\/wp-json\/wp\/v2\/posts\/2754\/revisions"}],"predecessor-version":[{"id":2763,"href":"https:\/\/www.naturparkmagazin.de\/schwaebisch-fraenkischer-wald\/wp-json\/wp\/v2\/posts\/2754\/revisions\/2763"}],"wp:featuredmedia":[{"embeddable":true,"href":"https:\/\/www.naturparkmagazin.de\/schwaebisch-fraenkischer-wald\/wp-json\/wp\/v2\/media\/2762"}],"wp:attachment":[{"href":"https:\/\/www.naturparkmagazin.de\/schwaebisch-fraenkischer-wald\/wp-json\/wp\/v2\/media?parent=2754"}],"wp:term":[{"taxonomy":"category","embeddable":true,"href":"https:\/\/www.naturparkmagazin.de\/schwaebisch-fraenkischer-wald\/wp-json\/wp\/v2\/categories?post=2754"},{"taxonomy":"post_tag","embeddable":true,"href":"https:\/\/www.naturparkmagazin.de\/schwaebisch-fraenkischer-wald\/wp-json\/wp\/v2\/tags?post=2754"}],"curies":[{"name":"wp","href":"https:\/\/api.w.org\/{rel}","templated":true}]}}