{"id":2770,"date":"2015-11-22T12:15:38","date_gmt":"2015-11-22T11:15:38","guid":{"rendered":"http:\/\/www.naturparkmagazin.de\/schwaebisch-fraenkischer-wald\/?p=2770"},"modified":"2015-11-22T12:15:38","modified_gmt":"2015-11-22T11:15:38","slug":"unter-dampf-sonderausstellung-bis-10-01-2016-im-museum-welzheim","status":"publish","type":"post","link":"https:\/\/www.naturparkmagazin.de\/schwaebisch-fraenkischer-wald\/unter-dampf-sonderausstellung-bis-10-01-2016-im-museum-welzheim\/","title":{"rendered":"\u201eUnter Dampf\u201c &#8211; Sonderausstellung bis 10.01.2016 im Museum Welzheim"},"content":{"rendered":"<p>\u201eUnter Dampf\u201c ist das Motto der diesj\u00e4hrigen Sonderausstellung \u00fcber die Advents- und Weihnachtstage im Museum Welzheim.<\/p>\n<div id=\"attachment_2772\" style=\"width: 210px\" class=\"wp-caption alignright\"><a href=\"https:\/\/www.naturparkmagazin.de\/schwaebisch-fraenkischer-wald\/wp-content\/uploads\/sites\/34\/Museum_Welzheim1.jpg\"><img aria-describedby=\"caption-attachment-2772\" decoding=\"async\" loading=\"lazy\" class=\"size-full wp-image-2772\" src=\"https:\/\/www.naturparkmagazin.de\/schwaebisch-fraenkischer-wald\/wp-content\/uploads\/sites\/34\/Museum_Welzheim1.jpg\" alt=\"&quot;Unter Dampf&quot; - Sonderausstellung im Museum Welzheim\" width=\"200\" height=\"200\" srcset=\"https:\/\/www.naturparkmagazin.de\/schwaebisch-fraenkischer-wald\/wp-content\/uploads\/sites\/34\/Museum_Welzheim1.jpg 200w, https:\/\/www.naturparkmagazin.de\/schwaebisch-fraenkischer-wald\/wp-content\/uploads\/sites\/34\/Museum_Welzheim1-30x30.jpg 30w\" sizes=\"(max-width: 200px) 100vw, 200px\" \/><\/a><p id=\"caption-attachment-2772\" class=\"wp-caption-text\">&#8222;Unter Dampf&#8220; &#8211; Sonderausstellung im St\u00e4dtischen Museum Welzheim<\/p><\/div>\n<p>Roland Birkle, Vorstandsmitglied des Vereins und passionierter Sammler, hat aus seiner eigenen Sammlung und weiteren Sammlungen eine stattliche Anzahl von historischen Dampfmaschinen und Dampflokomotiven der Spurweiten Z bis 1 zusammengetragen Diese werden im Museum Welzheim nicht nur ausgestellt, sondern es werden auch Dampfmaschinen angeheizt und vorgef\u00fchrt. Es wird also krachen und dampfen in den R\u00e4umlichkeiten des Museums. Doch nicht nur Ausstellungsexponate d\u00fcrfen bestaunt werden, Besucher k\u00f6nnen ihre Dampfmaschinen oder Lokomotiven ins Museum bringen und vorf\u00fchren. Es wird also ein richtiges Dampfmaschinenfestival an den \u00d6ffnungstagen f\u00fcr Gro\u00df und Klein stattfinden. W\u00e4hrend der Ausstellungstage wird Roland Birkle anwesend sein und fachkundige Erkl\u00e4rungen zu den einzelnen Modellen abgeben.<\/p>\n<p>Die Ausstellung ist sonntags vom 15. 11. 2015 bis 10. 1. 2016 zwischen 11.00 und 17.00 Uhr zu besichtigen.<\/p>\n<p>St\u00e4dtisches Museum Welzheim:\n73642 Welzheim\nPfarrstr. 8<\/p>\n<p>&nbsp;<\/p>\n<p>Gruppen und F\u00fchrungen nach Vereinbarung.\u00a0 Voranmeldung unter Telefon: 07182-800815<\/p>\n<p>Weitere Informationen auf der Homepage des Museums: <a href=\"http:\/\/www.museumwelzheim.de\" target=\"_blank\">www.museumwelzheim.de<\/a><\/p>\n","protected":false},"excerpt":{"rendered":"<p>Dampfmaschinenfestival f\u00fcr Gro\u00df und Klein im Museum in Welzheim <\/p>\n","protected":false},"author":25,"featured_media":2772,"comment_status":"open","ping_status":"open","sticky":false,"template":"","format":"standard","meta":[],"categories":[11],"tags":[316,508],"yoast_head":"<!-- This site is optimized with the Yoast SEO plugin v19.10 - https:\/\/yoast.com\/wordpress\/plugins\/seo\/ -->\n<title>\u201eUnter Dampf\u201c - Sonderausstellung bis 10.01.2016 im Museum Welzheim - Naturpark Schw\u00e4bisch-Fr\u00e4nkischer Wald<\/title>\n<meta name=\"robots\" content=\"index, follow, max-snippet:-1, max-image-preview:large, max-video-preview:-1\" \/>\n<link rel=\"canonical\" href=\"https:\/\/www.naturparkmagazin.de\/schwaebisch-fraenkischer-wald\/unter-dampf-sonderausstellung-bis-10-01-2016-im-museum-welzheim\/\" \/>\n<meta property=\"og:locale\" content=\"de_DE\" \/>\n<meta property=\"og:type\" content=\"article\" \/>\n<meta property=\"og:title\" content=\"\u201eUnter Dampf\u201c - Sonderausstellung bis 10.01.2016 im Museum Welzheim - Naturpark Schw\u00e4bisch-Fr\u00e4nkischer Wald\" \/>\n<meta property=\"og:description\" content=\"Dampfmaschinenfestival f\u00fcr Gro\u00df und Klein im Museum in Welzheim\" \/>\n<meta property=\"og:url\" content=\"https:\/\/www.naturparkmagazin.de\/schwaebisch-fraenkischer-wald\/unter-dampf-sonderausstellung-bis-10-01-2016-im-museum-welzheim\/\" \/>\n<meta property=\"og:site_name\" content=\"Naturpark Schw\u00e4bisch-Fr\u00e4nkischer Wald\" \/>\n<meta property=\"article:author\" content=\"https:\/\/www.facebook.com\/naturparkSFW\" \/>\n<meta property=\"article:published_time\" content=\"2015-11-22T11:15:38+00:00\" \/>\n<meta property=\"og:image\" content=\"https:\/\/www.naturparkmagazin.de\/schwaebisch-fraenkischer-wald\/wp-content\/uploads\/sites\/34\/Museum_Welzheim1.jpg\" \/>\n\t<meta property=\"og:image:width\" content=\"200\" \/>\n\t<meta property=\"og:image:height\" content=\"200\" \/>\n\t<meta property=\"og:image:type\" content=\"image\/jpeg\" \/>\n<meta name=\"author\" content=\"Naturpark-Team\" \/>\n<meta name=\"twitter:label1\" content=\"Verfasst von\" \/>\n\t<meta name=\"twitter:data1\" content=\"Naturpark-Team\" \/>\n\t<meta name=\"twitter:label2\" content=\"Gesch\u00e4tzte Lesezeit\" \/>\n\t<meta name=\"twitter:data2\" content=\"1\u00a0Minute\" \/>\n<script type=\"application\/ld+json\" class=\"yoast-schema-graph\">{\"@context\":\"https:\/\/schema.org\",\"@graph\":[{\"@type\":\"WebPage\",\"@id\":\"https:\/\/www.naturparkmagazin.de\/schwaebisch-fraenkischer-wald\/unter-dampf-sonderausstellung-bis-10-01-2016-im-museum-welzheim\/\",\"url\":\"https:\/\/www.naturparkmagazin.de\/schwaebisch-fraenkischer-wald\/unter-dampf-sonderausstellung-bis-10-01-2016-im-museum-welzheim\/\",\"name\":\"\u201eUnter Dampf\u201c - Sonderausstellung bis 10.01.2016 im Museum Welzheim - Naturpark Schw\u00e4bisch-Fr\u00e4nkischer Wald\",\"isPartOf\":{\"@id\":\"https:\/\/www.naturparkmagazin.de\/schwaebisch-fraenkischer-wald\/#website\"},\"datePublished\":\"2015-11-22T11:15:38+00:00\",\"dateModified\":\"2015-11-22T11:15:38+00:00\",\"author\":{\"@id\":\"https:\/\/www.naturparkmagazin.de\/schwaebisch-fraenkischer-wald\/#\/schema\/person\/f047a3702ae747fd7830cf8ac95e6066\"},\"breadcrumb\":{\"@id\":\"https:\/\/www.naturparkmagazin.de\/schwaebisch-fraenkischer-wald\/unter-dampf-sonderausstellung-bis-10-01-2016-im-museum-welzheim\/#breadcrumb\"},\"inLanguage\":\"de\",\"potentialAction\":[{\"@type\":\"ReadAction\",\"target\":[\"https:\/\/www.naturparkmagazin.de\/schwaebisch-fraenkischer-wald\/unter-dampf-sonderausstellung-bis-10-01-2016-im-museum-welzheim\/\"]}]},{\"@type\":\"BreadcrumbList\",\"@id\":\"https:\/\/www.naturparkmagazin.de\/schwaebisch-fraenkischer-wald\/unter-dampf-sonderausstellung-bis-10-01-2016-im-museum-welzheim\/#breadcrumb\",\"itemListElement\":[{\"@type\":\"ListItem\",\"position\":1,\"name\":\"Home\",\"item\":\"https:\/\/www.naturparkmagazin.de\/schwaebisch-fraenkischer-wald\/\"},{\"@type\":\"ListItem\",\"position\":2,\"name\":\"\u201eUnter Dampf\u201c &#8211; Sonderausstellung bis 10.01.2016 im Museum Welzheim\"}]},{\"@type\":\"WebSite\",\"@id\":\"https:\/\/www.naturparkmagazin.de\/schwaebisch-fraenkischer-wald\/#website\",\"url\":\"https:\/\/www.naturparkmagazin.de\/schwaebisch-fraenkischer-wald\/\",\"name\":\"Naturpark Schw\u00e4bisch-Fr\u00e4nkischer Wald\",\"description\":\"\",\"potentialAction\":[{\"@type\":\"SearchAction\",\"target\":{\"@type\":\"EntryPoint\",\"urlTemplate\":\"https:\/\/www.naturparkmagazin.de\/schwaebisch-fraenkischer-wald\/?s={search_term_string}\"},\"query-input\":\"required name=search_term_string\"}],\"inLanguage\":\"de\"},{\"@type\":\"Person\",\"@id\":\"https:\/\/www.naturparkmagazin.de\/schwaebisch-fraenkischer-wald\/#\/schema\/person\/f047a3702ae747fd7830cf8ac95e6066\",\"name\":\"Naturpark-Team\",\"sameAs\":[\"http:\/\/www.naturpark-sfw.de\",\"https:\/\/www.facebook.com\/naturparkSFW\"],\"url\":\"https:\/\/www.naturparkmagazin.de\/schwaebisch-fraenkischer-wald\/author\/bernharddrixler\/\"}]}<\/script>\n<!-- \/ Yoast SEO plugin. -->","yoast_head_json":{"title":"\u201eUnter Dampf\u201c - Sonderausstellung bis 10.01.2016 im Museum Welzheim - Naturpark Schw\u00e4bisch-Fr\u00e4nkischer Wald","robots":{"index":"index","follow":"follow","max-snippet":"max-snippet:-1","max-image-preview":"max-image-preview:large","max-video-preview":"max-video-preview:-1"},"canonical":"https:\/\/www.naturparkmagazin.de\/schwaebisch-fraenkischer-wald\/unter-dampf-sonderausstellung-bis-10-01-2016-im-museum-welzheim\/","og_locale":"de_DE","og_type":"article","og_title":"\u201eUnter Dampf\u201c - Sonderausstellung bis 10.01.2016 im Museum Welzheim - Naturpark Schw\u00e4bisch-Fr\u00e4nkischer Wald","og_description":"Dampfmaschinenfestival f\u00fcr Gro\u00df und Klein im Museum in Welzheim","og_url":"https:\/\/www.naturparkmagazin.de\/schwaebisch-fraenkischer-wald\/unter-dampf-sonderausstellung-bis-10-01-2016-im-museum-welzheim\/","og_site_name":"Naturpark Schw\u00e4bisch-Fr\u00e4nkischer Wald","article_author":"https:\/\/www.facebook.com\/naturparkSFW","article_published_time":"2015-11-22T11:15:38+00:00","og_image":[{"width":200,"height":200,"url":"https:\/\/www.naturparkmagazin.de\/schwaebisch-fraenkischer-wald\/wp-content\/uploads\/sites\/34\/Museum_Welzheim1.jpg","type":"image\/jpeg"}],"author":"Naturpark-Team","twitter_misc":{"Verfasst von":"Naturpark-Team","Gesch\u00e4tzte Lesezeit":"1\u00a0Minute"},"schema":{"@context":"https:\/\/schema.org","@graph":[{"@type":"WebPage","@id":"https:\/\/www.naturparkmagazin.de\/schwaebisch-fraenkischer-wald\/unter-dampf-sonderausstellung-bis-10-01-2016-im-museum-welzheim\/","url":"https:\/\/www.naturparkmagazin.de\/schwaebisch-fraenkischer-wald\/unter-dampf-sonderausstellung-bis-10-01-2016-im-museum-welzheim\/","name":"\u201eUnter Dampf\u201c - Sonderausstellung bis 10.01.2016 im Museum Welzheim - Naturpark Schw\u00e4bisch-Fr\u00e4nkischer Wald","isPartOf":{"@id":"https:\/\/www.naturparkmagazin.de\/schwaebisch-fraenkischer-wald\/#website"},"datePublished":"2015-11-22T11:15:38+00:00","dateModified":"2015-11-22T11:15:38+00:00","author":{"@id":"https:\/\/www.naturparkmagazin.de\/schwaebisch-fraenkischer-wald\/#\/schema\/person\/f047a3702ae747fd7830cf8ac95e6066"},"breadcrumb":{"@id":"https:\/\/www.naturparkmagazin.de\/schwaebisch-fraenkischer-wald\/unter-dampf-sonderausstellung-bis-10-01-2016-im-museum-welzheim\/#breadcrumb"},"inLanguage":"de","potentialAction":[{"@type":"ReadAction","target":["https:\/\/www.naturparkmagazin.de\/schwaebisch-fraenkischer-wald\/unter-dampf-sonderausstellung-bis-10-01-2016-im-museum-welzheim\/"]}]},{"@type":"BreadcrumbList","@id":"https:\/\/www.naturparkmagazin.de\/schwaebisch-fraenkischer-wald\/unter-dampf-sonderausstellung-bis-10-01-2016-im-museum-welzheim\/#breadcrumb","itemListElement":[{"@type":"ListItem","position":1,"name":"Home","item":"https:\/\/www.naturparkmagazin.de\/schwaebisch-fraenkischer-wald\/"},{"@type":"ListItem","position":2,"name":"\u201eUnter Dampf\u201c &#8211; Sonderausstellung bis 10.01.2016 im Museum Welzheim"}]},{"@type":"WebSite","@id":"https:\/\/www.naturparkmagazin.de\/schwaebisch-fraenkischer-wald\/#website","url":"https:\/\/www.naturparkmagazin.de\/schwaebisch-fraenkischer-wald\/","name":"Naturpark Schw\u00e4bisch-Fr\u00e4nkischer Wald","description":"","potentialAction":[{"@type":"SearchAction","target":{"@type":"EntryPoint","urlTemplate":"https:\/\/www.naturparkmagazin.de\/schwaebisch-fraenkischer-wald\/?s={search_term_string}"},"query-input":"required name=search_term_string"}],"inLanguage":"de"},{"@type":"Person","@id":"https:\/\/www.naturparkmagazin.de\/schwaebisch-fraenkischer-wald\/#\/schema\/person\/f047a3702ae747fd7830cf8ac95e6066","name":"Naturpark-Team","sameAs":["http:\/\/www.naturpark-sfw.de","https:\/\/www.facebook.com\/naturparkSFW"],"url":"https:\/\/www.naturparkmagazin.de\/schwaebisch-fraenkischer-wald\/author\/bernharddrixler\/"}]}},"_links":{"self":[{"href":"https:\/\/www.naturparkmagazin.de\/schwaebisch-fraenkischer-wald\/wp-json\/wp\/v2\/posts\/2770"}],"collection":[{"href":"https:\/\/www.naturparkmagazin.de\/schwaebisch-fraenkischer-wald\/wp-json\/wp\/v2\/posts"}],"about":[{"href":"https:\/\/www.naturparkmagazin.de\/schwaebisch-fraenkischer-wald\/wp-json\/wp\/v2\/types\/post"}],"author":[{"embeddable":true,"href":"https:\/\/www.naturparkmagazin.de\/schwaebisch-fraenkischer-wald\/wp-json\/wp\/v2\/users\/25"}],"replies":[{"embeddable":true,"href":"https:\/\/www.naturparkmagazin.de\/schwaebisch-fraenkischer-wald\/wp-json\/wp\/v2\/comments?post=2770"}],"version-history":[{"count":1,"href":"https:\/\/www.naturparkmagazin.de\/schwaebisch-fraenkischer-wald\/wp-json\/wp\/v2\/posts\/2770\/revisions"}],"predecessor-version":[{"id":2773,"href":"https:\/\/www.naturparkmagazin.de\/schwaebisch-fraenkischer-wald\/wp-json\/wp\/v2\/posts\/2770\/revisions\/2773"}],"wp:featuredmedia":[{"embeddable":true,"href":"https:\/\/www.naturparkmagazin.de\/schwaebisch-fraenkischer-wald\/wp-json\/wp\/v2\/media\/2772"}],"wp:attachment":[{"href":"https:\/\/www.naturparkmagazin.de\/schwaebisch-fraenkischer-wald\/wp-json\/wp\/v2\/media?parent=2770"}],"wp:term":[{"taxonomy":"category","embeddable":true,"href":"https:\/\/www.naturparkmagazin.de\/schwaebisch-fraenkischer-wald\/wp-json\/wp\/v2\/categories?post=2770"},{"taxonomy":"post_tag","embeddable":true,"href":"https:\/\/www.naturparkmagazin.de\/schwaebisch-fraenkischer-wald\/wp-json\/wp\/v2\/tags?post=2770"}],"curies":[{"name":"wp","href":"https:\/\/api.w.org\/{rel}","templated":true}]}}