{"id":2774,"date":"2015-11-22T12:21:54","date_gmt":"2015-11-22T11:21:54","guid":{"rendered":"http:\/\/www.naturparkmagazin.de\/schwaebisch-fraenkischer-wald\/?p=2774"},"modified":"2015-11-22T12:21:54","modified_gmt":"2015-11-22T11:21:54","slug":"mitgliederversammlung-der-naturparkfuehrer-schwaebisch-fraenkischer-wald-e-v","status":"publish","type":"post","link":"https:\/\/www.naturparkmagazin.de\/schwaebisch-fraenkischer-wald\/mitgliederversammlung-der-naturparkfuehrer-schwaebisch-fraenkischer-wald-e-v\/","title":{"rendered":"Mitgliederversammlung der Naturparkf\u00fchrer Schw\u00e4bisch-Fr\u00e4nkischer Wald e.V."},"content":{"rendered":"<p>Vergangenen Freitag hielt der Verein \u201eDie Naturparkf\u00fchrer Schw\u00e4bisch-Fr\u00e4nkischer Wald e.V.\u201c im Gasthof \u201eKocherb\u00e4hnle\u201c in Gaildorf-<\/p>\n<div id=\"attachment_2775\" style=\"width: 310px\" class=\"wp-caption alignright\"><a href=\"https:\/\/www.naturparkmagazin.de\/schwaebisch-fraenkischer-wald\/wp-content\/uploads\/sites\/34\/20151113_Vorstand-und-Beirat-Verein-der-Naturparkfuehrer-SFWa.jpg\"><img aria-describedby=\"caption-attachment-2775\" decoding=\"async\" loading=\"lazy\" class=\"size-thumbnail wp-image-2775\" src=\"https:\/\/www.naturparkmagazin.de\/schwaebisch-fraenkischer-wald\/wp-content\/uploads\/sites\/34\/20151113_Vorstand-und-Beirat-Verein-der-Naturparkfuehrer-SFWa-300x182.jpg\" alt=\"Vorstand und Beirat Verein der Naturparkf\u00fchrer Schw\u00e4bisch-Fr\u00e4nkischer Wald e.V.\" width=\"300\" height=\"182\" srcset=\"https:\/\/www.naturparkmagazin.de\/schwaebisch-fraenkischer-wald\/wp-content\/uploads\/sites\/34\/20151113_Vorstand-und-Beirat-Verein-der-Naturparkfuehrer-SFWa-300x182.jpg 300w, https:\/\/www.naturparkmagazin.de\/schwaebisch-fraenkischer-wald\/wp-content\/uploads\/sites\/34\/20151113_Vorstand-und-Beirat-Verein-der-Naturparkfuehrer-SFWa-200x122.jpg 200w, https:\/\/www.naturparkmagazin.de\/schwaebisch-fraenkischer-wald\/wp-content\/uploads\/sites\/34\/20151113_Vorstand-und-Beirat-Verein-der-Naturparkfuehrer-SFWa.jpg 329w\" sizes=\"(max-width: 300px) 100vw, 300px\" \/><\/a><p id=\"caption-attachment-2775\" class=\"wp-caption-text\">Vorstand und Beirat Verein der Naturparkf\u00fchrer Schw\u00e4bisch-Fr\u00e4nkischer Wald e.V.<\/p><\/div>\n<p>Unterrot seine j\u00e4hrliche Mitgliederversammlung ab. Hierbei wurden der Vorstand und andere \u00c4mter neu gew\u00e4hlt, \u00fcber die Ereignisse des vergangen Jahres berichtet und ein Ausblick auf die Schwerpunkte des kommenden Jahres gegeben.<\/p>\n<p>Bei der Wahl des Vorstands wurden Sabine R\u00fccker und Walter Hieber als Vorsitzende des Vereins best\u00e4tigt. Ebenso Klaus Pfeffer als Schatzmeister, Giesela Weigele als Schriftf\u00fchrerin und Gerda Drexel-Stich und Wolfgang Grabe als Rechnungspr\u00fcfer. Neu gew\u00e4hlt wurde Sandra Neubauer als Pressesprecherin. Der Beirat wird nun gestellt von Ruth Bohn, Andrea Schr\u00f6der, Rolf Angstenberger, Prof. Dr. Manfred Krautter und Frank Schulz.<\/p>\n","protected":false},"excerpt":{"rendered":"<p>Der neu gew\u00e4hlte Vorstand und Beirat des Vereins \u201eDie Naturparkf\u00fchrer Schw\u00e4bisch-Fr\u00e4nkischer Wald e.V.\u201c freut sich auf die kommenden Aufgaben<\/p>\n","protected":false},"author":25,"featured_media":2775,"comment_status":"open","ping_status":"open","sticky":false,"template":"","format":"standard","meta":[],"categories":[7],"tags":[316],"yoast_head":"<!-- This site is optimized with the Yoast SEO plugin v19.10 - https:\/\/yoast.com\/wordpress\/plugins\/seo\/ -->\n<title>Mitgliederversammlung der Naturparkf\u00fchrer Schw\u00e4bisch-Fr\u00e4nkischer Wald e.V. - Naturpark Schw\u00e4bisch-Fr\u00e4nkischer Wald<\/title>\n<meta name=\"robots\" content=\"index, follow, max-snippet:-1, max-image-preview:large, max-video-preview:-1\" \/>\n<link rel=\"canonical\" href=\"https:\/\/www.naturparkmagazin.de\/schwaebisch-fraenkischer-wald\/mitgliederversammlung-der-naturparkfuehrer-schwaebisch-fraenkischer-wald-e-v\/\" \/>\n<meta property=\"og:locale\" content=\"de_DE\" \/>\n<meta property=\"og:type\" content=\"article\" \/>\n<meta property=\"og:title\" content=\"Mitgliederversammlung der Naturparkf\u00fchrer Schw\u00e4bisch-Fr\u00e4nkischer Wald e.V. - Naturpark Schw\u00e4bisch-Fr\u00e4nkischer Wald\" \/>\n<meta property=\"og:description\" content=\"Der neu gew\u00e4hlte Vorstand und Beirat des Vereins \u201eDie Naturparkf\u00fchrer Schw\u00e4bisch-Fr\u00e4nkischer Wald e.V.\u201c freut sich auf die kommenden Aufgaben\" \/>\n<meta property=\"og:url\" content=\"https:\/\/www.naturparkmagazin.de\/schwaebisch-fraenkischer-wald\/mitgliederversammlung-der-naturparkfuehrer-schwaebisch-fraenkischer-wald-e-v\/\" \/>\n<meta property=\"og:site_name\" content=\"Naturpark Schw\u00e4bisch-Fr\u00e4nkischer Wald\" \/>\n<meta property=\"article:author\" content=\"https:\/\/www.facebook.com\/naturparkSFW\" \/>\n<meta property=\"article:published_time\" content=\"2015-11-22T11:21:54+00:00\" \/>\n<meta property=\"og:image\" content=\"https:\/\/www.naturparkmagazin.de\/schwaebisch-fraenkischer-wald\/wp-content\/uploads\/sites\/34\/20151113_Vorstand-und-Beirat-Verein-der-Naturparkfuehrer-SFWa.jpg\" \/>\n\t<meta property=\"og:image:width\" content=\"329\" \/>\n\t<meta property=\"og:image:height\" content=\"200\" \/>\n\t<meta property=\"og:image:type\" content=\"image\/jpeg\" \/>\n<meta name=\"author\" content=\"Naturpark-Team\" \/>\n<meta name=\"twitter:label1\" content=\"Verfasst von\" \/>\n\t<meta name=\"twitter:data1\" content=\"Naturpark-Team\" \/>\n\t<meta name=\"twitter:label2\" content=\"Gesch\u00e4tzte Lesezeit\" \/>\n\t<meta name=\"twitter:data2\" content=\"1\u00a0Minute\" \/>\n<script type=\"application\/ld+json\" class=\"yoast-schema-graph\">{\"@context\":\"https:\/\/schema.org\",\"@graph\":[{\"@type\":\"WebPage\",\"@id\":\"https:\/\/www.naturparkmagazin.de\/schwaebisch-fraenkischer-wald\/mitgliederversammlung-der-naturparkfuehrer-schwaebisch-fraenkischer-wald-e-v\/\",\"url\":\"https:\/\/www.naturparkmagazin.de\/schwaebisch-fraenkischer-wald\/mitgliederversammlung-der-naturparkfuehrer-schwaebisch-fraenkischer-wald-e-v\/\",\"name\":\"Mitgliederversammlung der Naturparkf\u00fchrer Schw\u00e4bisch-Fr\u00e4nkischer Wald e.V. - Naturpark Schw\u00e4bisch-Fr\u00e4nkischer Wald\",\"isPartOf\":{\"@id\":\"https:\/\/www.naturparkmagazin.de\/schwaebisch-fraenkischer-wald\/#website\"},\"datePublished\":\"2015-11-22T11:21:54+00:00\",\"dateModified\":\"2015-11-22T11:21:54+00:00\",\"author\":{\"@id\":\"https:\/\/www.naturparkmagazin.de\/schwaebisch-fraenkischer-wald\/#\/schema\/person\/f047a3702ae747fd7830cf8ac95e6066\"},\"breadcrumb\":{\"@id\":\"https:\/\/www.naturparkmagazin.de\/schwaebisch-fraenkischer-wald\/mitgliederversammlung-der-naturparkfuehrer-schwaebisch-fraenkischer-wald-e-v\/#breadcrumb\"},\"inLanguage\":\"de\",\"potentialAction\":[{\"@type\":\"ReadAction\",\"target\":[\"https:\/\/www.naturparkmagazin.de\/schwaebisch-fraenkischer-wald\/mitgliederversammlung-der-naturparkfuehrer-schwaebisch-fraenkischer-wald-e-v\/\"]}]},{\"@type\":\"BreadcrumbList\",\"@id\":\"https:\/\/www.naturparkmagazin.de\/schwaebisch-fraenkischer-wald\/mitgliederversammlung-der-naturparkfuehrer-schwaebisch-fraenkischer-wald-e-v\/#breadcrumb\",\"itemListElement\":[{\"@type\":\"ListItem\",\"position\":1,\"name\":\"Home\",\"item\":\"https:\/\/www.naturparkmagazin.de\/schwaebisch-fraenkischer-wald\/\"},{\"@type\":\"ListItem\",\"position\":2,\"name\":\"Mitgliederversammlung der Naturparkf\u00fchrer Schw\u00e4bisch-Fr\u00e4nkischer Wald e.V.\"}]},{\"@type\":\"WebSite\",\"@id\":\"https:\/\/www.naturparkmagazin.de\/schwaebisch-fraenkischer-wald\/#website\",\"url\":\"https:\/\/www.naturparkmagazin.de\/schwaebisch-fraenkischer-wald\/\",\"name\":\"Naturpark Schw\u00e4bisch-Fr\u00e4nkischer Wald\",\"description\":\"\",\"potentialAction\":[{\"@type\":\"SearchAction\",\"target\":{\"@type\":\"EntryPoint\",\"urlTemplate\":\"https:\/\/www.naturparkmagazin.de\/schwaebisch-fraenkischer-wald\/?s={search_term_string}\"},\"query-input\":\"required name=search_term_string\"}],\"inLanguage\":\"de\"},{\"@type\":\"Person\",\"@id\":\"https:\/\/www.naturparkmagazin.de\/schwaebisch-fraenkischer-wald\/#\/schema\/person\/f047a3702ae747fd7830cf8ac95e6066\",\"name\":\"Naturpark-Team\",\"sameAs\":[\"http:\/\/www.naturpark-sfw.de\",\"https:\/\/www.facebook.com\/naturparkSFW\"],\"url\":\"https:\/\/www.naturparkmagazin.de\/schwaebisch-fraenkischer-wald\/author\/bernharddrixler\/\"}]}<\/script>\n<!-- \/ Yoast SEO plugin. -->","yoast_head_json":{"title":"Mitgliederversammlung der Naturparkf\u00fchrer Schw\u00e4bisch-Fr\u00e4nkischer Wald e.V. - Naturpark Schw\u00e4bisch-Fr\u00e4nkischer Wald","robots":{"index":"index","follow":"follow","max-snippet":"max-snippet:-1","max-image-preview":"max-image-preview:large","max-video-preview":"max-video-preview:-1"},"canonical":"https:\/\/www.naturparkmagazin.de\/schwaebisch-fraenkischer-wald\/mitgliederversammlung-der-naturparkfuehrer-schwaebisch-fraenkischer-wald-e-v\/","og_locale":"de_DE","og_type":"article","og_title":"Mitgliederversammlung der Naturparkf\u00fchrer Schw\u00e4bisch-Fr\u00e4nkischer Wald e.V. - Naturpark Schw\u00e4bisch-Fr\u00e4nkischer Wald","og_description":"Der neu gew\u00e4hlte Vorstand und Beirat des Vereins \u201eDie Naturparkf\u00fchrer Schw\u00e4bisch-Fr\u00e4nkischer Wald e.V.\u201c freut sich auf die kommenden Aufgaben","og_url":"https:\/\/www.naturparkmagazin.de\/schwaebisch-fraenkischer-wald\/mitgliederversammlung-der-naturparkfuehrer-schwaebisch-fraenkischer-wald-e-v\/","og_site_name":"Naturpark Schw\u00e4bisch-Fr\u00e4nkischer Wald","article_author":"https:\/\/www.facebook.com\/naturparkSFW","article_published_time":"2015-11-22T11:21:54+00:00","og_image":[{"width":329,"height":200,"url":"https:\/\/www.naturparkmagazin.de\/schwaebisch-fraenkischer-wald\/wp-content\/uploads\/sites\/34\/20151113_Vorstand-und-Beirat-Verein-der-Naturparkfuehrer-SFWa.jpg","type":"image\/jpeg"}],"author":"Naturpark-Team","twitter_misc":{"Verfasst von":"Naturpark-Team","Gesch\u00e4tzte Lesezeit":"1\u00a0Minute"},"schema":{"@context":"https:\/\/schema.org","@graph":[{"@type":"WebPage","@id":"https:\/\/www.naturparkmagazin.de\/schwaebisch-fraenkischer-wald\/mitgliederversammlung-der-naturparkfuehrer-schwaebisch-fraenkischer-wald-e-v\/","url":"https:\/\/www.naturparkmagazin.de\/schwaebisch-fraenkischer-wald\/mitgliederversammlung-der-naturparkfuehrer-schwaebisch-fraenkischer-wald-e-v\/","name":"Mitgliederversammlung der Naturparkf\u00fchrer Schw\u00e4bisch-Fr\u00e4nkischer Wald e.V. - Naturpark Schw\u00e4bisch-Fr\u00e4nkischer Wald","isPartOf":{"@id":"https:\/\/www.naturparkmagazin.de\/schwaebisch-fraenkischer-wald\/#website"},"datePublished":"2015-11-22T11:21:54+00:00","dateModified":"2015-11-22T11:21:54+00:00","author":{"@id":"https:\/\/www.naturparkmagazin.de\/schwaebisch-fraenkischer-wald\/#\/schema\/person\/f047a3702ae747fd7830cf8ac95e6066"},"breadcrumb":{"@id":"https:\/\/www.naturparkmagazin.de\/schwaebisch-fraenkischer-wald\/mitgliederversammlung-der-naturparkfuehrer-schwaebisch-fraenkischer-wald-e-v\/#breadcrumb"},"inLanguage":"de","potentialAction":[{"@type":"ReadAction","target":["https:\/\/www.naturparkmagazin.de\/schwaebisch-fraenkischer-wald\/mitgliederversammlung-der-naturparkfuehrer-schwaebisch-fraenkischer-wald-e-v\/"]}]},{"@type":"BreadcrumbList","@id":"https:\/\/www.naturparkmagazin.de\/schwaebisch-fraenkischer-wald\/mitgliederversammlung-der-naturparkfuehrer-schwaebisch-fraenkischer-wald-e-v\/#breadcrumb","itemListElement":[{"@type":"ListItem","position":1,"name":"Home","item":"https:\/\/www.naturparkmagazin.de\/schwaebisch-fraenkischer-wald\/"},{"@type":"ListItem","position":2,"name":"Mitgliederversammlung der Naturparkf\u00fchrer Schw\u00e4bisch-Fr\u00e4nkischer Wald e.V."}]},{"@type":"WebSite","@id":"https:\/\/www.naturparkmagazin.de\/schwaebisch-fraenkischer-wald\/#website","url":"https:\/\/www.naturparkmagazin.de\/schwaebisch-fraenkischer-wald\/","name":"Naturpark Schw\u00e4bisch-Fr\u00e4nkischer Wald","description":"","potentialAction":[{"@type":"SearchAction","target":{"@type":"EntryPoint","urlTemplate":"https:\/\/www.naturparkmagazin.de\/schwaebisch-fraenkischer-wald\/?s={search_term_string}"},"query-input":"required name=search_term_string"}],"inLanguage":"de"},{"@type":"Person","@id":"https:\/\/www.naturparkmagazin.de\/schwaebisch-fraenkischer-wald\/#\/schema\/person\/f047a3702ae747fd7830cf8ac95e6066","name":"Naturpark-Team","sameAs":["http:\/\/www.naturpark-sfw.de","https:\/\/www.facebook.com\/naturparkSFW"],"url":"https:\/\/www.naturparkmagazin.de\/schwaebisch-fraenkischer-wald\/author\/bernharddrixler\/"}]}},"_links":{"self":[{"href":"https:\/\/www.naturparkmagazin.de\/schwaebisch-fraenkischer-wald\/wp-json\/wp\/v2\/posts\/2774"}],"collection":[{"href":"https:\/\/www.naturparkmagazin.de\/schwaebisch-fraenkischer-wald\/wp-json\/wp\/v2\/posts"}],"about":[{"href":"https:\/\/www.naturparkmagazin.de\/schwaebisch-fraenkischer-wald\/wp-json\/wp\/v2\/types\/post"}],"author":[{"embeddable":true,"href":"https:\/\/www.naturparkmagazin.de\/schwaebisch-fraenkischer-wald\/wp-json\/wp\/v2\/users\/25"}],"replies":[{"embeddable":true,"href":"https:\/\/www.naturparkmagazin.de\/schwaebisch-fraenkischer-wald\/wp-json\/wp\/v2\/comments?post=2774"}],"version-history":[{"count":1,"href":"https:\/\/www.naturparkmagazin.de\/schwaebisch-fraenkischer-wald\/wp-json\/wp\/v2\/posts\/2774\/revisions"}],"predecessor-version":[{"id":2776,"href":"https:\/\/www.naturparkmagazin.de\/schwaebisch-fraenkischer-wald\/wp-json\/wp\/v2\/posts\/2774\/revisions\/2776"}],"wp:featuredmedia":[{"embeddable":true,"href":"https:\/\/www.naturparkmagazin.de\/schwaebisch-fraenkischer-wald\/wp-json\/wp\/v2\/media\/2775"}],"wp:attachment":[{"href":"https:\/\/www.naturparkmagazin.de\/schwaebisch-fraenkischer-wald\/wp-json\/wp\/v2\/media?parent=2774"}],"wp:term":[{"taxonomy":"category","embeddable":true,"href":"https:\/\/www.naturparkmagazin.de\/schwaebisch-fraenkischer-wald\/wp-json\/wp\/v2\/categories?post=2774"},{"taxonomy":"post_tag","embeddable":true,"href":"https:\/\/www.naturparkmagazin.de\/schwaebisch-fraenkischer-wald\/wp-json\/wp\/v2\/tags?post=2774"}],"curies":[{"name":"wp","href":"https:\/\/api.w.org\/{rel}","templated":true}]}}