{"id":2780,"date":"2015-11-22T12:31:24","date_gmt":"2015-11-22T11:31:24","guid":{"rendered":"http:\/\/www.naturparkmagazin.de\/schwaebisch-fraenkischer-wald\/?p=2780"},"modified":"2015-11-22T12:33:11","modified_gmt":"2015-11-22T11:33:11","slug":"abenteuer-idylle-in-der-gaestezeitung-schwaebischer-wald-aktuell","status":"publish","type":"post","link":"https:\/\/www.naturparkmagazin.de\/schwaebisch-fraenkischer-wald\/abenteuer-idylle-in-der-gaestezeitung-schwaebischer-wald-aktuell\/","title":{"rendered":"Abenteuer Idylle in der G\u00e4stezeitung \u201eSchw\u00e4bischer Wald aktuell\u201c"},"content":{"rendered":"<p>Idyllisch wird es in der 29. Ausgabe der G\u00e4stezeitung \u201a\u201aSchw\u00e4bischer Wald aktuell\u2018\u2018.<\/p>\n<div id=\"attachment_2781\" style=\"width: 210px\" class=\"wp-caption alignright\"><a href=\"https:\/\/www.naturparkmagazin.de\/schwaebisch-fraenkischer-wald\/wp-content\/uploads\/sites\/34\/Titel_GZSZ_2015_2.jpg\"><img aria-describedby=\"caption-attachment-2781\" decoding=\"async\" loading=\"lazy\" class=\"size-full wp-image-2781\" src=\"https:\/\/www.naturparkmagazin.de\/schwaebisch-fraenkischer-wald\/wp-content\/uploads\/sites\/34\/Titel_GZSZ_2015_2.jpg\" alt=\"G\u00e4stezeitung &quot;Schw\u00e4bischer Wald aktuell&quot;\" width=\"200\" height=\"200\" srcset=\"https:\/\/www.naturparkmagazin.de\/schwaebisch-fraenkischer-wald\/wp-content\/uploads\/sites\/34\/Titel_GZSZ_2015_2.jpg 200w, https:\/\/www.naturparkmagazin.de\/schwaebisch-fraenkischer-wald\/wp-content\/uploads\/sites\/34\/Titel_GZSZ_2015_2-30x30.jpg 30w\" sizes=\"(max-width: 200px) 100vw, 200px\" \/><\/a><p id=\"caption-attachment-2781\" class=\"wp-caption-text\">G\u00e4stezeitung &#8222;Schw\u00e4bischer Wald aktuell&#8220;<\/p><\/div>\n<p>36 reich bebilderte Seiten entf\u00fchren beim Schm\u00f6kern in eine zweite Wirklichkeit \u2013 ganz ohne Alltagsstress \u2013 und bieten reizvolle Aus- und Einblicke in die Kulturlandschaft des Jahres 2015\/2016.<\/p>\n<p>Vorbei an Klingen, T\u00e4lern, Badeseen, historischen M\u00fchlen, Burgen und Zeitzeugen unserer r\u00f6mischen Vergangenheit f\u00fchren die 18 Wandervorschl\u00e4ge der neu aufgelegten Sammlung unter dem Titel \u201a\u201aIdyllische Stra\u00dfe \u2013 Wandern aktiv\u2018\u2018. Die Routen reichen vom viereinhalb Kilometer langen Spaziergang bis hin zu Tageswanderungen mit 25 Kilometern. Eine davon ist die zw\u00f6lf Kilometer lange Rundwanderung \u201a\u201aE \u2013 Gro\u00dferlach\u2018\u2018. Diese f\u00fchrt von Grab hinab ins romantische Rottal, vorbei an vertr\u00e4umten M\u00fchlen und l\u00e4dt schlie\u00dflich beim Grillplatz bei der Hankerstm\u00fchle zum Verweilen ein. Wer die Kulturlandschaft mit sagenhaften Ausblicken und rasanten Abfahrten mit dem Rad erkunden m\u00f6chte, kann den 117 Kilometer langen \u201a\u201aRadweg Idyllische Stra\u00dfe\u2018\u2018 befahren.<\/p>\n<p>Ein kulinarischer Geheimtipp ist der Landgasthof R\u00f6ssle in Gro\u00dferlach-Grab. Hausgemachte regionale Spezialit\u00e4ten kommen hier ebenso wie hochwertige Leckerbissen anderer Regionen auf den Tisch. Neben Tagesessen und \u201a\u201aSonntagsgerichten\u2018\u2018 bietet der Landgasthof im Sommer eine Reihe von Grillabenden und an Weihnachten, Silvester und Ostern spezielle Men\u00fcs an.<\/p>\n<p>Ein Weihnachtszauber der ganz besonderen Art erwartet die Besucher am 19. und 20. Dezember an der historischen Heinlesm\u00fchle in Alfdorf. \u201eTausend Lichter\u201c tauchen die besondere Szenerie der weihnachtlichen Erlebnisangebote in festliche Stimmung und bei Bratapfel und Stockbrot kann gemeinsam genussvoll entspannt werden.<\/p>\n<p>Weitere Tipps rund um Natur, Kunst und Kulinarik finden sich zusammengefasst im Ferien-Sonderteil f\u00fcr Gro\u00df und Klein. So geht es zum Beispiel im Herbst auf einen Nachtw\u00e4chterrundgang durch Murrhardt, im Winter lockt eine Raunachtwanderung am Ebnisee, in den Faschingsferien eine winterlich sagenhafte Klingentour und an Ostern ein Ausflug in die Welt der R\u00f6mer.<\/p>\n<p>Dass der Schw\u00e4bische Wald auch kulturell viel zu bieten hat, beweisen der Gschwender Musikwinter von Oktober 2015 bis M\u00e4rz 2016 wie auch der Skulpturenpfad in Weissach im Tal, der einl\u00e4dt zum Verweilen, Genie\u00dfen und Nachdenken.<\/p>\n<p>Die G\u00e4stezeitung \u201eSchw\u00e4bischer Wald aktuell\u201c kann unter <u><a href=\"http:\/\/www.schwaebischerwald.com\" target=\"_blank\">www.schwaebischerwald.com<\/a> <\/u>kostenlos heruntergeladen und gegen eine Portopauschale von 2 \u20ac unter der Telefon-Nr. 07151\/501-1376 angefordert werden.<\/p>\n","protected":false},"excerpt":{"rendered":"<p>G\u00e4stezeitung &#8222;Schw\u00e4bischer Wald aktuell&#8220; hat in der neuen Ausgabe viel zu bieten: Natur, Kultur, Kunst und Kulinarisches<\/p>\n","protected":false},"author":25,"featured_media":2781,"comment_status":"open","ping_status":"open","sticky":false,"template":"","format":"standard","meta":[],"categories":[7],"tags":[316,508],"yoast_head":"<!-- This site is optimized with the Yoast SEO plugin v19.10 - https:\/\/yoast.com\/wordpress\/plugins\/seo\/ -->\n<title>Abenteuer Idylle in der G\u00e4stezeitung \u201eSchw\u00e4bischer Wald aktuell\u201c - Naturpark Schw\u00e4bisch-Fr\u00e4nkischer Wald<\/title>\n<meta name=\"robots\" content=\"index, follow, max-snippet:-1, max-image-preview:large, max-video-preview:-1\" \/>\n<link rel=\"canonical\" href=\"https:\/\/www.naturparkmagazin.de\/schwaebisch-fraenkischer-wald\/abenteuer-idylle-in-der-gaestezeitung-schwaebischer-wald-aktuell\/\" \/>\n<meta property=\"og:locale\" content=\"de_DE\" \/>\n<meta property=\"og:type\" content=\"article\" \/>\n<meta property=\"og:title\" content=\"Abenteuer Idylle in der G\u00e4stezeitung \u201eSchw\u00e4bischer Wald aktuell\u201c - Naturpark Schw\u00e4bisch-Fr\u00e4nkischer Wald\" \/>\n<meta property=\"og:description\" content=\"G\u00e4stezeitung &quot;Schw\u00e4bischer Wald aktuell&quot; hat in der neuen Ausgabe viel zu bieten: Natur, Kultur, Kunst und Kulinarisches\" \/>\n<meta property=\"og:url\" content=\"https:\/\/www.naturparkmagazin.de\/schwaebisch-fraenkischer-wald\/abenteuer-idylle-in-der-gaestezeitung-schwaebischer-wald-aktuell\/\" \/>\n<meta property=\"og:site_name\" content=\"Naturpark Schw\u00e4bisch-Fr\u00e4nkischer Wald\" \/>\n<meta property=\"article:author\" content=\"https:\/\/www.facebook.com\/naturparkSFW\" \/>\n<meta property=\"article:published_time\" content=\"2015-11-22T11:31:24+00:00\" \/>\n<meta property=\"article:modified_time\" content=\"2015-11-22T11:33:11+00:00\" \/>\n<meta property=\"og:image\" content=\"https:\/\/www.naturparkmagazin.de\/schwaebisch-fraenkischer-wald\/wp-content\/uploads\/sites\/34\/Titel_GZSZ_2015_2.jpg\" \/>\n\t<meta property=\"og:image:width\" content=\"200\" \/>\n\t<meta property=\"og:image:height\" content=\"200\" \/>\n\t<meta property=\"og:image:type\" content=\"image\/jpeg\" \/>\n<meta name=\"author\" content=\"Naturpark-Team\" \/>\n<meta name=\"twitter:label1\" content=\"Verfasst von\" \/>\n\t<meta name=\"twitter:data1\" content=\"Naturpark-Team\" \/>\n\t<meta name=\"twitter:label2\" content=\"Gesch\u00e4tzte Lesezeit\" \/>\n\t<meta name=\"twitter:data2\" content=\"2\u00a0Minuten\" \/>\n<script type=\"application\/ld+json\" class=\"yoast-schema-graph\">{\"@context\":\"https:\/\/schema.org\",\"@graph\":[{\"@type\":\"WebPage\",\"@id\":\"https:\/\/www.naturparkmagazin.de\/schwaebisch-fraenkischer-wald\/abenteuer-idylle-in-der-gaestezeitung-schwaebischer-wald-aktuell\/\",\"url\":\"https:\/\/www.naturparkmagazin.de\/schwaebisch-fraenkischer-wald\/abenteuer-idylle-in-der-gaestezeitung-schwaebischer-wald-aktuell\/\",\"name\":\"Abenteuer Idylle in der G\u00e4stezeitung \u201eSchw\u00e4bischer Wald aktuell\u201c - Naturpark Schw\u00e4bisch-Fr\u00e4nkischer Wald\",\"isPartOf\":{\"@id\":\"https:\/\/www.naturparkmagazin.de\/schwaebisch-fraenkischer-wald\/#website\"},\"datePublished\":\"2015-11-22T11:31:24+00:00\",\"dateModified\":\"2015-11-22T11:33:11+00:00\",\"author\":{\"@id\":\"https:\/\/www.naturparkmagazin.de\/schwaebisch-fraenkischer-wald\/#\/schema\/person\/f047a3702ae747fd7830cf8ac95e6066\"},\"breadcrumb\":{\"@id\":\"https:\/\/www.naturparkmagazin.de\/schwaebisch-fraenkischer-wald\/abenteuer-idylle-in-der-gaestezeitung-schwaebischer-wald-aktuell\/#breadcrumb\"},\"inLanguage\":\"de\",\"potentialAction\":[{\"@type\":\"ReadAction\",\"target\":[\"https:\/\/www.naturparkmagazin.de\/schwaebisch-fraenkischer-wald\/abenteuer-idylle-in-der-gaestezeitung-schwaebischer-wald-aktuell\/\"]}]},{\"@type\":\"BreadcrumbList\",\"@id\":\"https:\/\/www.naturparkmagazin.de\/schwaebisch-fraenkischer-wald\/abenteuer-idylle-in-der-gaestezeitung-schwaebischer-wald-aktuell\/#breadcrumb\",\"itemListElement\":[{\"@type\":\"ListItem\",\"position\":1,\"name\":\"Home\",\"item\":\"https:\/\/www.naturparkmagazin.de\/schwaebisch-fraenkischer-wald\/\"},{\"@type\":\"ListItem\",\"position\":2,\"name\":\"Abenteuer Idylle in der G\u00e4stezeitung \u201eSchw\u00e4bischer Wald aktuell\u201c\"}]},{\"@type\":\"WebSite\",\"@id\":\"https:\/\/www.naturparkmagazin.de\/schwaebisch-fraenkischer-wald\/#website\",\"url\":\"https:\/\/www.naturparkmagazin.de\/schwaebisch-fraenkischer-wald\/\",\"name\":\"Naturpark Schw\u00e4bisch-Fr\u00e4nkischer Wald\",\"description\":\"\",\"potentialAction\":[{\"@type\":\"SearchAction\",\"target\":{\"@type\":\"EntryPoint\",\"urlTemplate\":\"https:\/\/www.naturparkmagazin.de\/schwaebisch-fraenkischer-wald\/?s={search_term_string}\"},\"query-input\":\"required name=search_term_string\"}],\"inLanguage\":\"de\"},{\"@type\":\"Person\",\"@id\":\"https:\/\/www.naturparkmagazin.de\/schwaebisch-fraenkischer-wald\/#\/schema\/person\/f047a3702ae747fd7830cf8ac95e6066\",\"name\":\"Naturpark-Team\",\"sameAs\":[\"http:\/\/www.naturpark-sfw.de\",\"https:\/\/www.facebook.com\/naturparkSFW\"],\"url\":\"https:\/\/www.naturparkmagazin.de\/schwaebisch-fraenkischer-wald\/author\/bernharddrixler\/\"}]}<\/script>\n<!-- \/ Yoast SEO plugin. -->","yoast_head_json":{"title":"Abenteuer Idylle in der G\u00e4stezeitung \u201eSchw\u00e4bischer Wald aktuell\u201c - Naturpark Schw\u00e4bisch-Fr\u00e4nkischer Wald","robots":{"index":"index","follow":"follow","max-snippet":"max-snippet:-1","max-image-preview":"max-image-preview:large","max-video-preview":"max-video-preview:-1"},"canonical":"https:\/\/www.naturparkmagazin.de\/schwaebisch-fraenkischer-wald\/abenteuer-idylle-in-der-gaestezeitung-schwaebischer-wald-aktuell\/","og_locale":"de_DE","og_type":"article","og_title":"Abenteuer Idylle in der G\u00e4stezeitung \u201eSchw\u00e4bischer Wald aktuell\u201c - Naturpark Schw\u00e4bisch-Fr\u00e4nkischer Wald","og_description":"G\u00e4stezeitung \"Schw\u00e4bischer Wald aktuell\" hat in der neuen Ausgabe viel zu bieten: Natur, Kultur, Kunst und Kulinarisches","og_url":"https:\/\/www.naturparkmagazin.de\/schwaebisch-fraenkischer-wald\/abenteuer-idylle-in-der-gaestezeitung-schwaebischer-wald-aktuell\/","og_site_name":"Naturpark Schw\u00e4bisch-Fr\u00e4nkischer Wald","article_author":"https:\/\/www.facebook.com\/naturparkSFW","article_published_time":"2015-11-22T11:31:24+00:00","article_modified_time":"2015-11-22T11:33:11+00:00","og_image":[{"width":200,"height":200,"url":"https:\/\/www.naturparkmagazin.de\/schwaebisch-fraenkischer-wald\/wp-content\/uploads\/sites\/34\/Titel_GZSZ_2015_2.jpg","type":"image\/jpeg"}],"author":"Naturpark-Team","twitter_misc":{"Verfasst von":"Naturpark-Team","Gesch\u00e4tzte Lesezeit":"2\u00a0Minuten"},"schema":{"@context":"https:\/\/schema.org","@graph":[{"@type":"WebPage","@id":"https:\/\/www.naturparkmagazin.de\/schwaebisch-fraenkischer-wald\/abenteuer-idylle-in-der-gaestezeitung-schwaebischer-wald-aktuell\/","url":"https:\/\/www.naturparkmagazin.de\/schwaebisch-fraenkischer-wald\/abenteuer-idylle-in-der-gaestezeitung-schwaebischer-wald-aktuell\/","name":"Abenteuer Idylle in der G\u00e4stezeitung \u201eSchw\u00e4bischer Wald aktuell\u201c - Naturpark Schw\u00e4bisch-Fr\u00e4nkischer Wald","isPartOf":{"@id":"https:\/\/www.naturparkmagazin.de\/schwaebisch-fraenkischer-wald\/#website"},"datePublished":"2015-11-22T11:31:24+00:00","dateModified":"2015-11-22T11:33:11+00:00","author":{"@id":"https:\/\/www.naturparkmagazin.de\/schwaebisch-fraenkischer-wald\/#\/schema\/person\/f047a3702ae747fd7830cf8ac95e6066"},"breadcrumb":{"@id":"https:\/\/www.naturparkmagazin.de\/schwaebisch-fraenkischer-wald\/abenteuer-idylle-in-der-gaestezeitung-schwaebischer-wald-aktuell\/#breadcrumb"},"inLanguage":"de","potentialAction":[{"@type":"ReadAction","target":["https:\/\/www.naturparkmagazin.de\/schwaebisch-fraenkischer-wald\/abenteuer-idylle-in-der-gaestezeitung-schwaebischer-wald-aktuell\/"]}]},{"@type":"BreadcrumbList","@id":"https:\/\/www.naturparkmagazin.de\/schwaebisch-fraenkischer-wald\/abenteuer-idylle-in-der-gaestezeitung-schwaebischer-wald-aktuell\/#breadcrumb","itemListElement":[{"@type":"ListItem","position":1,"name":"Home","item":"https:\/\/www.naturparkmagazin.de\/schwaebisch-fraenkischer-wald\/"},{"@type":"ListItem","position":2,"name":"Abenteuer Idylle in der G\u00e4stezeitung \u201eSchw\u00e4bischer Wald aktuell\u201c"}]},{"@type":"WebSite","@id":"https:\/\/www.naturparkmagazin.de\/schwaebisch-fraenkischer-wald\/#website","url":"https:\/\/www.naturparkmagazin.de\/schwaebisch-fraenkischer-wald\/","name":"Naturpark Schw\u00e4bisch-Fr\u00e4nkischer Wald","description":"","potentialAction":[{"@type":"SearchAction","target":{"@type":"EntryPoint","urlTemplate":"https:\/\/www.naturparkmagazin.de\/schwaebisch-fraenkischer-wald\/?s={search_term_string}"},"query-input":"required name=search_term_string"}],"inLanguage":"de"},{"@type":"Person","@id":"https:\/\/www.naturparkmagazin.de\/schwaebisch-fraenkischer-wald\/#\/schema\/person\/f047a3702ae747fd7830cf8ac95e6066","name":"Naturpark-Team","sameAs":["http:\/\/www.naturpark-sfw.de","https:\/\/www.facebook.com\/naturparkSFW"],"url":"https:\/\/www.naturparkmagazin.de\/schwaebisch-fraenkischer-wald\/author\/bernharddrixler\/"}]}},"_links":{"self":[{"href":"https:\/\/www.naturparkmagazin.de\/schwaebisch-fraenkischer-wald\/wp-json\/wp\/v2\/posts\/2780"}],"collection":[{"href":"https:\/\/www.naturparkmagazin.de\/schwaebisch-fraenkischer-wald\/wp-json\/wp\/v2\/posts"}],"about":[{"href":"https:\/\/www.naturparkmagazin.de\/schwaebisch-fraenkischer-wald\/wp-json\/wp\/v2\/types\/post"}],"author":[{"embeddable":true,"href":"https:\/\/www.naturparkmagazin.de\/schwaebisch-fraenkischer-wald\/wp-json\/wp\/v2\/users\/25"}],"replies":[{"embeddable":true,"href":"https:\/\/www.naturparkmagazin.de\/schwaebisch-fraenkischer-wald\/wp-json\/wp\/v2\/comments?post=2780"}],"version-history":[{"count":4,"href":"https:\/\/www.naturparkmagazin.de\/schwaebisch-fraenkischer-wald\/wp-json\/wp\/v2\/posts\/2780\/revisions"}],"predecessor-version":[{"id":2785,"href":"https:\/\/www.naturparkmagazin.de\/schwaebisch-fraenkischer-wald\/wp-json\/wp\/v2\/posts\/2780\/revisions\/2785"}],"wp:featuredmedia":[{"embeddable":true,"href":"https:\/\/www.naturparkmagazin.de\/schwaebisch-fraenkischer-wald\/wp-json\/wp\/v2\/media\/2781"}],"wp:attachment":[{"href":"https:\/\/www.naturparkmagazin.de\/schwaebisch-fraenkischer-wald\/wp-json\/wp\/v2\/media?parent=2780"}],"wp:term":[{"taxonomy":"category","embeddable":true,"href":"https:\/\/www.naturparkmagazin.de\/schwaebisch-fraenkischer-wald\/wp-json\/wp\/v2\/categories?post=2780"},{"taxonomy":"post_tag","embeddable":true,"href":"https:\/\/www.naturparkmagazin.de\/schwaebisch-fraenkischer-wald\/wp-json\/wp\/v2\/tags?post=2780"}],"curies":[{"name":"wp","href":"https:\/\/api.w.org\/{rel}","templated":true}]}}