{"id":2790,"date":"2015-11-22T12:57:58","date_gmt":"2015-11-22T11:57:58","guid":{"rendered":"http:\/\/www.naturparkmagazin.de\/schwaebisch-fraenkischer-wald\/?p=2790"},"modified":"2015-11-22T13:12:53","modified_gmt":"2015-11-22T12:12:53","slug":"liebe-leserin-lieber-leser-25","status":"publish","type":"post","link":"https:\/\/www.naturparkmagazin.de\/schwaebisch-fraenkischer-wald\/liebe-leserin-lieber-leser-25\/","title":{"rendered":"Liebe Leserin, lieber Leser,"},"content":{"rendered":"<p><strong>herzlich willkommen zum Dezember-Newsletter des Naturparks Schw\u00e4bisch-Fr\u00e4nkischer Wald!<\/strong><\/p>\n<p>Gerne wird der Dezember f\u00fcr Jahresr\u00fcckblicke genutzt. Wir k\u00f6nnen Ihnen zum Beispiel von den erfolgreichen Naturparkf\u00fchrer-Veranstaltungen berichten, die mit \u00fcber 17.000 Teilnehmern bei rund 890 F\u00fchrungen und Veranstaltungen im Naturpark unterwegs waren. Darunter waren auch zahlreiche Gro\u00dfveranstaltungen wie \u201eEbnisee f\u00fcr Alle\u201c (barrierefrei), das \u201eNaturerlebniscamp\u201c in W\u00fcstenrot oder die \u201eNaturparkschule\u201c. Au\u00dferdem stellten wir dieses Jahr die neue Naturpark-Homepage ins Netz, erlebten f\u00fcnf Naturparkm\u00e4rkte und freuten uns \u00fcber mittlerweile drei Naturparkschulen.<\/p>\n<p>Doch noch lieber bieten wir Ihnen einen Ausblick auf die Naturpark-Dinge, die Sie 2016 erwarten:<\/p>\n<ul>\n<li>Naturparkteller &#8211; 62 Gastronomen aus 28 Kommunen sind mit dabei<\/li>\n<li>Naturparkm\u00e4rkte &#8211; folgende Kommunen freuen sich auf Ihren Besuch:\nBerglen im Mai, Fichtenberg im Juni, Oppenweiler im Juli, Gaildorf im September, Murrhardt im Oktober<\/li>\n<li>Natur-Erlebnicamp W\u00fcstenrot &#8211; vier Veranstaltungen von April bis September<\/li>\n<li>Ebnisee f\u00fcr Alle &#8211; im Juni, Juli und August<\/li>\n<li>Internationaler Museumstag &#8211; im Mai<\/li>\n<li>Naturschutztag &#8211; im Juni<\/li>\n<li>Naturparktag &#8211; im Juni und Juli<\/li>\n<li>Brunch auf dem Bauernhof<\/li>\n<\/ul>\n<p>Diese Liste k\u00f6nnten wir noch deutlich erweitern! &#8230;doch so manche \u00dcberraschung wollen wir noch nicht verraten und werden diese nach und nach auf unserer <a href=\"http:\/\/www.naturpark-sfw.de\" target=\"_blank\">Homepage<\/a> und auf unserer <a href=\"https:\/\/www.facebook.com\/naturparkSFW\" target=\"_blank\">Facebook-Seite<\/a> ausf\u00fchrlich beschreiben. Bleiben Sie uns also treu, klicken Sie sich immer wieder in unsere digitalen Naturparkwelten hinein und entdecken Sie dann das Echte in Natur.<\/p>\n<p>Wir w\u00fcnschen Ihnen eine sch\u00f6ne Weihnachtszeit und einen guten Start in ein wahrhaft gutes Jahr 2016!<\/p>\n<p><strong>Bernhard Drixler und Meika Bakker<\/strong>\n<strong> Gesch\u00e4ftsf\u00fchrung Naturpark Schw\u00e4bisch-Fr\u00e4nkischer Wald<\/strong><\/p>\n","protected":false},"excerpt":{"rendered":"<p>herzlich willkommen zum Dezember-Newsletter des Naturparks Schw\u00e4bisch-Fr\u00e4nkischer Wald! Gerne wird der Dezember f\u00fcr Jahresr\u00fcckblicke genutzt. Wir k\u00f6nnen Ihnen zum Beispiel von den erfolgreichen Naturparkf\u00fchrer-Veranstaltungen berichten, die mit \u00fcber 17.000 Teilnehmern bei rund 890 F\u00fchrungen und Veranstaltungen im Naturpark unterwegs waren. Darunter waren auch zahlreiche Gro\u00dfveranstaltungen wie \u201eEbnisee f\u00fcr Alle\u201c (barrierefrei), das \u201eNaturerlebniscamp\u201c in W\u00fcstenrot oder<\/p>\n","protected":false},"author":25,"featured_media":0,"comment_status":"open","ping_status":"open","sticky":false,"template":"","format":"standard","meta":[],"categories":[52],"tags":[],"yoast_head":"<!-- This site is optimized with the Yoast SEO plugin v19.10 - https:\/\/yoast.com\/wordpress\/plugins\/seo\/ -->\n<title>Liebe Leserin, lieber Leser, - Naturpark Schw\u00e4bisch-Fr\u00e4nkischer Wald<\/title>\n<meta name=\"robots\" content=\"index, follow, max-snippet:-1, max-image-preview:large, max-video-preview:-1\" \/>\n<link rel=\"canonical\" href=\"https:\/\/www.naturparkmagazin.de\/schwaebisch-fraenkischer-wald\/liebe-leserin-lieber-leser-25\/\" \/>\n<meta property=\"og:locale\" content=\"de_DE\" \/>\n<meta property=\"og:type\" content=\"article\" \/>\n<meta property=\"og:title\" content=\"Liebe Leserin, lieber Leser, - Naturpark Schw\u00e4bisch-Fr\u00e4nkischer Wald\" \/>\n<meta property=\"og:description\" content=\"herzlich willkommen zum Dezember-Newsletter des Naturparks Schw\u00e4bisch-Fr\u00e4nkischer Wald! Gerne wird der Dezember f\u00fcr Jahresr\u00fcckblicke genutzt. Wir k\u00f6nnen Ihnen zum Beispiel von den erfolgreichen Naturparkf\u00fchrer-Veranstaltungen berichten, die mit \u00fcber 17.000 Teilnehmern bei rund 890 F\u00fchrungen und Veranstaltungen im Naturpark unterwegs waren. Darunter waren auch zahlreiche Gro\u00dfveranstaltungen wie \u201eEbnisee f\u00fcr Alle\u201c (barrierefrei), das \u201eNaturerlebniscamp\u201c in W\u00fcstenrot oder\" \/>\n<meta property=\"og:url\" content=\"https:\/\/www.naturparkmagazin.de\/schwaebisch-fraenkischer-wald\/liebe-leserin-lieber-leser-25\/\" \/>\n<meta property=\"og:site_name\" content=\"Naturpark Schw\u00e4bisch-Fr\u00e4nkischer Wald\" \/>\n<meta property=\"article:author\" content=\"https:\/\/www.facebook.com\/naturparkSFW\" \/>\n<meta property=\"article:published_time\" content=\"2015-11-22T11:57:58+00:00\" \/>\n<meta property=\"article:modified_time\" content=\"2015-11-22T12:12:53+00:00\" \/>\n<meta name=\"author\" content=\"Naturpark-Team\" \/>\n<meta name=\"twitter:label1\" content=\"Verfasst von\" \/>\n\t<meta name=\"twitter:data1\" content=\"Naturpark-Team\" \/>\n\t<meta name=\"twitter:label2\" content=\"Gesch\u00e4tzte Lesezeit\" \/>\n\t<meta name=\"twitter:data2\" content=\"1\u00a0Minute\" \/>\n<script type=\"application\/ld+json\" class=\"yoast-schema-graph\">{\"@context\":\"https:\/\/schema.org\",\"@graph\":[{\"@type\":\"WebPage\",\"@id\":\"https:\/\/www.naturparkmagazin.de\/schwaebisch-fraenkischer-wald\/liebe-leserin-lieber-leser-25\/\",\"url\":\"https:\/\/www.naturparkmagazin.de\/schwaebisch-fraenkischer-wald\/liebe-leserin-lieber-leser-25\/\",\"name\":\"Liebe Leserin, lieber Leser, - Naturpark Schw\u00e4bisch-Fr\u00e4nkischer Wald\",\"isPartOf\":{\"@id\":\"https:\/\/www.naturparkmagazin.de\/schwaebisch-fraenkischer-wald\/#website\"},\"datePublished\":\"2015-11-22T11:57:58+00:00\",\"dateModified\":\"2015-11-22T12:12:53+00:00\",\"author\":{\"@id\":\"https:\/\/www.naturparkmagazin.de\/schwaebisch-fraenkischer-wald\/#\/schema\/person\/f047a3702ae747fd7830cf8ac95e6066\"},\"breadcrumb\":{\"@id\":\"https:\/\/www.naturparkmagazin.de\/schwaebisch-fraenkischer-wald\/liebe-leserin-lieber-leser-25\/#breadcrumb\"},\"inLanguage\":\"de\",\"potentialAction\":[{\"@type\":\"ReadAction\",\"target\":[\"https:\/\/www.naturparkmagazin.de\/schwaebisch-fraenkischer-wald\/liebe-leserin-lieber-leser-25\/\"]}]},{\"@type\":\"BreadcrumbList\",\"@id\":\"https:\/\/www.naturparkmagazin.de\/schwaebisch-fraenkischer-wald\/liebe-leserin-lieber-leser-25\/#breadcrumb\",\"itemListElement\":[{\"@type\":\"ListItem\",\"position\":1,\"name\":\"Home\",\"item\":\"https:\/\/www.naturparkmagazin.de\/schwaebisch-fraenkischer-wald\/\"},{\"@type\":\"ListItem\",\"position\":2,\"name\":\"Liebe Leserin, lieber Leser,\"}]},{\"@type\":\"WebSite\",\"@id\":\"https:\/\/www.naturparkmagazin.de\/schwaebisch-fraenkischer-wald\/#website\",\"url\":\"https:\/\/www.naturparkmagazin.de\/schwaebisch-fraenkischer-wald\/\",\"name\":\"Naturpark Schw\u00e4bisch-Fr\u00e4nkischer Wald\",\"description\":\"\",\"potentialAction\":[{\"@type\":\"SearchAction\",\"target\":{\"@type\":\"EntryPoint\",\"urlTemplate\":\"https:\/\/www.naturparkmagazin.de\/schwaebisch-fraenkischer-wald\/?s={search_term_string}\"},\"query-input\":\"required name=search_term_string\"}],\"inLanguage\":\"de\"},{\"@type\":\"Person\",\"@id\":\"https:\/\/www.naturparkmagazin.de\/schwaebisch-fraenkischer-wald\/#\/schema\/person\/f047a3702ae747fd7830cf8ac95e6066\",\"name\":\"Naturpark-Team\",\"sameAs\":[\"http:\/\/www.naturpark-sfw.de\",\"https:\/\/www.facebook.com\/naturparkSFW\"],\"url\":\"https:\/\/www.naturparkmagazin.de\/schwaebisch-fraenkischer-wald\/author\/bernharddrixler\/\"}]}<\/script>\n<!-- \/ Yoast SEO plugin. -->","yoast_head_json":{"title":"Liebe Leserin, lieber Leser, - Naturpark Schw\u00e4bisch-Fr\u00e4nkischer Wald","robots":{"index":"index","follow":"follow","max-snippet":"max-snippet:-1","max-image-preview":"max-image-preview:large","max-video-preview":"max-video-preview:-1"},"canonical":"https:\/\/www.naturparkmagazin.de\/schwaebisch-fraenkischer-wald\/liebe-leserin-lieber-leser-25\/","og_locale":"de_DE","og_type":"article","og_title":"Liebe Leserin, lieber Leser, - Naturpark Schw\u00e4bisch-Fr\u00e4nkischer Wald","og_description":"herzlich willkommen zum Dezember-Newsletter des Naturparks Schw\u00e4bisch-Fr\u00e4nkischer Wald! Gerne wird der Dezember f\u00fcr Jahresr\u00fcckblicke genutzt. Wir k\u00f6nnen Ihnen zum Beispiel von den erfolgreichen Naturparkf\u00fchrer-Veranstaltungen berichten, die mit \u00fcber 17.000 Teilnehmern bei rund 890 F\u00fchrungen und Veranstaltungen im Naturpark unterwegs waren. Darunter waren auch zahlreiche Gro\u00dfveranstaltungen wie \u201eEbnisee f\u00fcr Alle\u201c (barrierefrei), das \u201eNaturerlebniscamp\u201c in W\u00fcstenrot oder","og_url":"https:\/\/www.naturparkmagazin.de\/schwaebisch-fraenkischer-wald\/liebe-leserin-lieber-leser-25\/","og_site_name":"Naturpark Schw\u00e4bisch-Fr\u00e4nkischer Wald","article_author":"https:\/\/www.facebook.com\/naturparkSFW","article_published_time":"2015-11-22T11:57:58+00:00","article_modified_time":"2015-11-22T12:12:53+00:00","author":"Naturpark-Team","twitter_misc":{"Verfasst von":"Naturpark-Team","Gesch\u00e4tzte Lesezeit":"1\u00a0Minute"},"schema":{"@context":"https:\/\/schema.org","@graph":[{"@type":"WebPage","@id":"https:\/\/www.naturparkmagazin.de\/schwaebisch-fraenkischer-wald\/liebe-leserin-lieber-leser-25\/","url":"https:\/\/www.naturparkmagazin.de\/schwaebisch-fraenkischer-wald\/liebe-leserin-lieber-leser-25\/","name":"Liebe Leserin, lieber Leser, - Naturpark Schw\u00e4bisch-Fr\u00e4nkischer Wald","isPartOf":{"@id":"https:\/\/www.naturparkmagazin.de\/schwaebisch-fraenkischer-wald\/#website"},"datePublished":"2015-11-22T11:57:58+00:00","dateModified":"2015-11-22T12:12:53+00:00","author":{"@id":"https:\/\/www.naturparkmagazin.de\/schwaebisch-fraenkischer-wald\/#\/schema\/person\/f047a3702ae747fd7830cf8ac95e6066"},"breadcrumb":{"@id":"https:\/\/www.naturparkmagazin.de\/schwaebisch-fraenkischer-wald\/liebe-leserin-lieber-leser-25\/#breadcrumb"},"inLanguage":"de","potentialAction":[{"@type":"ReadAction","target":["https:\/\/www.naturparkmagazin.de\/schwaebisch-fraenkischer-wald\/liebe-leserin-lieber-leser-25\/"]}]},{"@type":"BreadcrumbList","@id":"https:\/\/www.naturparkmagazin.de\/schwaebisch-fraenkischer-wald\/liebe-leserin-lieber-leser-25\/#breadcrumb","itemListElement":[{"@type":"ListItem","position":1,"name":"Home","item":"https:\/\/www.naturparkmagazin.de\/schwaebisch-fraenkischer-wald\/"},{"@type":"ListItem","position":2,"name":"Liebe Leserin, lieber Leser,"}]},{"@type":"WebSite","@id":"https:\/\/www.naturparkmagazin.de\/schwaebisch-fraenkischer-wald\/#website","url":"https:\/\/www.naturparkmagazin.de\/schwaebisch-fraenkischer-wald\/","name":"Naturpark Schw\u00e4bisch-Fr\u00e4nkischer Wald","description":"","potentialAction":[{"@type":"SearchAction","target":{"@type":"EntryPoint","urlTemplate":"https:\/\/www.naturparkmagazin.de\/schwaebisch-fraenkischer-wald\/?s={search_term_string}"},"query-input":"required name=search_term_string"}],"inLanguage":"de"},{"@type":"Person","@id":"https:\/\/www.naturparkmagazin.de\/schwaebisch-fraenkischer-wald\/#\/schema\/person\/f047a3702ae747fd7830cf8ac95e6066","name":"Naturpark-Team","sameAs":["http:\/\/www.naturpark-sfw.de","https:\/\/www.facebook.com\/naturparkSFW"],"url":"https:\/\/www.naturparkmagazin.de\/schwaebisch-fraenkischer-wald\/author\/bernharddrixler\/"}]}},"_links":{"self":[{"href":"https:\/\/www.naturparkmagazin.de\/schwaebisch-fraenkischer-wald\/wp-json\/wp\/v2\/posts\/2790"}],"collection":[{"href":"https:\/\/www.naturparkmagazin.de\/schwaebisch-fraenkischer-wald\/wp-json\/wp\/v2\/posts"}],"about":[{"href":"https:\/\/www.naturparkmagazin.de\/schwaebisch-fraenkischer-wald\/wp-json\/wp\/v2\/types\/post"}],"author":[{"embeddable":true,"href":"https:\/\/www.naturparkmagazin.de\/schwaebisch-fraenkischer-wald\/wp-json\/wp\/v2\/users\/25"}],"replies":[{"embeddable":true,"href":"https:\/\/www.naturparkmagazin.de\/schwaebisch-fraenkischer-wald\/wp-json\/wp\/v2\/comments?post=2790"}],"version-history":[{"count":5,"href":"https:\/\/www.naturparkmagazin.de\/schwaebisch-fraenkischer-wald\/wp-json\/wp\/v2\/posts\/2790\/revisions"}],"predecessor-version":[{"id":2795,"href":"https:\/\/www.naturparkmagazin.de\/schwaebisch-fraenkischer-wald\/wp-json\/wp\/v2\/posts\/2790\/revisions\/2795"}],"wp:attachment":[{"href":"https:\/\/www.naturparkmagazin.de\/schwaebisch-fraenkischer-wald\/wp-json\/wp\/v2\/media?parent=2790"}],"wp:term":[{"taxonomy":"category","embeddable":true,"href":"https:\/\/www.naturparkmagazin.de\/schwaebisch-fraenkischer-wald\/wp-json\/wp\/v2\/categories?post=2790"},{"taxonomy":"post_tag","embeddable":true,"href":"https:\/\/www.naturparkmagazin.de\/schwaebisch-fraenkischer-wald\/wp-json\/wp\/v2\/tags?post=2790"}],"curies":[{"name":"wp","href":"https:\/\/api.w.org\/{rel}","templated":true}]}}