{"id":3027,"date":"2016-01-18T13:41:30","date_gmt":"2016-01-18T12:41:30","guid":{"rendered":"http:\/\/www.naturparkmagazin.de\/schwaebisch-fraenkischer-wald\/?p=3027"},"modified":"2016-01-15T14:04:39","modified_gmt":"2016-01-15T13:04:39","slug":"die-kommunen-im-naturpark-die-stadt-loewenstein","status":"publish","type":"post","link":"https:\/\/www.naturparkmagazin.de\/schwaebisch-fraenkischer-wald\/die-kommunen-im-naturpark-die-stadt-loewenstein\/","title":{"rendered":"Die Kommunen im Naturpark: Die Stadt L\u00f6wenstein"},"content":{"rendered":"<div id=\"c393\" class=\"csc-default\">\n<p class=\"bodytext\">Der staatlich anerkannte Erholungsort\u00a0L\u00f6wenstein<\/p>\n<div id=\"attachment_3028\" style=\"width: 210px\" class=\"wp-caption alignright\"><a href=\"https:\/\/www.naturparkmagazin.de\/schwaebisch-fraenkischer-wald\/wp-content\/uploads\/sites\/34\/Loewenstein_Ansicht-2.jpg\"><img aria-describedby=\"caption-attachment-3028\" decoding=\"async\" loading=\"lazy\" class=\"size-full wp-image-3028\" src=\"https:\/\/www.naturparkmagazin.de\/schwaebisch-fraenkischer-wald\/wp-content\/uploads\/sites\/34\/Loewenstein_Ansicht-2.jpg\" alt=\"Eine Stadt mit Aussicht: L\u00f6wenstein\" width=\"200\" height=\"200\" srcset=\"https:\/\/www.naturparkmagazin.de\/schwaebisch-fraenkischer-wald\/wp-content\/uploads\/sites\/34\/Loewenstein_Ansicht-2.jpg 200w, https:\/\/www.naturparkmagazin.de\/schwaebisch-fraenkischer-wald\/wp-content\/uploads\/sites\/34\/Loewenstein_Ansicht-2-30x30.jpg 30w\" sizes=\"(max-width: 200px) 100vw, 200px\" \/><\/a><p id=\"caption-attachment-3028\" class=\"wp-caption-text\">Eine Stadt mit Aussicht: L\u00f6wenstein<\/p><\/div>\n<p class=\"bodytext\">\nliegt\u00a0ca. 20 km s\u00fcd\u00f6stlich vom Oberzentrum\u00a0Heilbronn\u00a0entfernt,\u00a0im\u00a0Naturpark Schw\u00e4bisch-Fr\u00e4nkischer Wald.<\/p>\n<p>Die Stadt liegt<span style=\"font-size: 13.3333px;line-height: 16px\">\u00a0<\/span>oberhalb des Sulmtales am Rand der nach ihr benannten L\u00f6wensteiner Berge in 220 bis 549 Meter H\u00f6he. Teilweise auf Gemeindegebiet liegt der in den 1970er-Jahren k\u00fcnstlich angelegte Breitenauer See.<\/p>\n<\/div>\n<p>L\u00f6wenstein gliedert sich in die Kernstadt L\u00f6wenstein und den eingemeindeten Stadtteil H\u00f6\u00dflins\u00fclz. Zu L\u00f6wenstein selbst geh\u00f6ren noch die Weiler Altenhau, Hirrweiler, Lichtenstern (ehemaliges Kloster und heutige Evangelische Stiftung Lichtenstern), Reisach und Rittelhof.<\/p>\n<p>Die Stadt L\u00f6wenstein liegt verkehrsg\u00fcnstig am Autobahnkreuz\u00a0Weinsberg\u00a0(A 6 \/ A 81) in die\u00a0Fahrtrichtungen Stuttgart, M\u00fcnchen, Mannheim, Heidelberg, W\u00fcrzburg und N\u00fcrnberg.<\/p>\n<p>Unmittelbar \u00fcber L\u00f6wenstein erheben sich die Ruinen einer einst m\u00e4chtigen, weitl\u00e4ufigen Burganlage, die etwa 3.500 qm umfasst.\nHier residierten im hohen und sp\u00e4ten Mittelalter drei Dynastengeschlechter der Grafen von L\u00f6wenstein:<\/p>\n<div id=\"attachment_3029\" style=\"width: 210px\" class=\"wp-caption alignright\"><a href=\"https:\/\/www.naturparkmagazin.de\/schwaebisch-fraenkischer-wald\/wp-content\/uploads\/sites\/34\/Loewenstein_Info_-Turm050.jpg\"><img aria-describedby=\"caption-attachment-3029\" decoding=\"async\" loading=\"lazy\" class=\"size-full wp-image-3029\" src=\"https:\/\/www.naturparkmagazin.de\/schwaebisch-fraenkischer-wald\/wp-content\/uploads\/sites\/34\/Loewenstein_Info_-Turm050.jpg\" alt=\"Ruine der Burg L\u00f6wenstein\" width=\"200\" height=\"200\" srcset=\"https:\/\/www.naturparkmagazin.de\/schwaebisch-fraenkischer-wald\/wp-content\/uploads\/sites\/34\/Loewenstein_Info_-Turm050.jpg 200w, https:\/\/www.naturparkmagazin.de\/schwaebisch-fraenkischer-wald\/wp-content\/uploads\/sites\/34\/Loewenstein_Info_-Turm050-30x30.jpg 30w\" sizes=\"(max-width: 200px) 100vw, 200px\" \/><\/a><p id=\"caption-attachment-3029\" class=\"wp-caption-text\">Ruine der Burg L\u00f6wenstein<\/p><\/div>\n<div id=\"c393\" class=\"csc-default\">\n<ul>\n<li class=\"bodytext\">Die Calwer L\u00f6wensteiner<\/li>\n<li class=\"bodytext\">Die Habsburger L\u00f6wensteiner<\/li>\n<li class=\"bodytext\">Die Kurpf\u00e4lzer L\u00f6wensteiner (Wittelsbacher).<\/li>\n<\/ul>\n<p class=\"bodytext\">\n<p class=\"bodytext\">\n<p class=\"bodytext\">\n<p class=\"bodytext\">\n<p class=\"bodytext\">Zahlreiche weitere Informationen finden Sie hier: <a href=\"http:\/\/www.stadt-loewenstein.de\/start\/\" target=\"_blank\">HOMEPAGE der Stadt L\u00f6wenstein<\/a><\/p>\n<p class=\"bodytext\">B\u00fcrgermeister:<\/p>\n<p class=\"bodytext\">Klaus Schifferer<\/p>\n<p class=\"bodytext\">Maybachstra\u00dfe 32\n74245 L\u00f6wenstein\nTelefon 07130\/22-0<\/p>\n<p class=\"bodytext\"><a href=\"mailto:info@stadt-loewenstein.de\" target=\"_blank\">E-Mail-Adresse<\/a><\/p>\n<p class=\"bodytext\">\n<\/div>\n","protected":false},"excerpt":{"rendered":"<p>Eine Stadt mit Aussicht: L\u00f6wenstein<\/p>\n","protected":false},"author":25,"featured_media":3028,"comment_status":"open","ping_status":"open","sticky":false,"template":"","format":"standard","meta":[],"categories":[8],"tags":[508],"yoast_head":"<!-- This site is optimized with the Yoast SEO plugin v19.10 - https:\/\/yoast.com\/wordpress\/plugins\/seo\/ -->\n<title>Die Kommunen im Naturpark: Die Stadt L\u00f6wenstein - Naturpark Schw\u00e4bisch-Fr\u00e4nkischer Wald<\/title>\n<meta name=\"robots\" content=\"index, follow, max-snippet:-1, max-image-preview:large, max-video-preview:-1\" \/>\n<link rel=\"canonical\" href=\"https:\/\/www.naturparkmagazin.de\/schwaebisch-fraenkischer-wald\/die-kommunen-im-naturpark-die-stadt-loewenstein\/\" \/>\n<meta property=\"og:locale\" content=\"de_DE\" \/>\n<meta property=\"og:type\" content=\"article\" \/>\n<meta property=\"og:title\" content=\"Die Kommunen im Naturpark: Die Stadt L\u00f6wenstein - Naturpark Schw\u00e4bisch-Fr\u00e4nkischer Wald\" \/>\n<meta property=\"og:description\" content=\"Eine Stadt mit Aussicht: L\u00f6wenstein\" \/>\n<meta property=\"og:url\" content=\"https:\/\/www.naturparkmagazin.de\/schwaebisch-fraenkischer-wald\/die-kommunen-im-naturpark-die-stadt-loewenstein\/\" \/>\n<meta property=\"og:site_name\" content=\"Naturpark Schw\u00e4bisch-Fr\u00e4nkischer Wald\" \/>\n<meta property=\"article:author\" content=\"https:\/\/www.facebook.com\/naturparkSFW\" \/>\n<meta property=\"article:published_time\" content=\"2016-01-18T12:41:30+00:00\" \/>\n<meta property=\"article:modified_time\" content=\"2016-01-15T13:04:39+00:00\" \/>\n<meta property=\"og:image\" content=\"https:\/\/www.naturparkmagazin.de\/schwaebisch-fraenkischer-wald\/wp-content\/uploads\/sites\/34\/Loewenstein_Ansicht-2.jpg\" \/>\n\t<meta property=\"og:image:width\" content=\"200\" \/>\n\t<meta property=\"og:image:height\" content=\"200\" \/>\n\t<meta property=\"og:image:type\" content=\"image\/jpeg\" \/>\n<meta name=\"author\" content=\"Naturpark-Team\" \/>\n<meta name=\"twitter:label1\" content=\"Verfasst von\" \/>\n\t<meta name=\"twitter:data1\" content=\"Naturpark-Team\" \/>\n\t<meta name=\"twitter:label2\" content=\"Gesch\u00e4tzte Lesezeit\" \/>\n\t<meta name=\"twitter:data2\" content=\"1\u00a0Minute\" \/>\n<script type=\"application\/ld+json\" class=\"yoast-schema-graph\">{\"@context\":\"https:\/\/schema.org\",\"@graph\":[{\"@type\":\"WebPage\",\"@id\":\"https:\/\/www.naturparkmagazin.de\/schwaebisch-fraenkischer-wald\/die-kommunen-im-naturpark-die-stadt-loewenstein\/\",\"url\":\"https:\/\/www.naturparkmagazin.de\/schwaebisch-fraenkischer-wald\/die-kommunen-im-naturpark-die-stadt-loewenstein\/\",\"name\":\"Die Kommunen im Naturpark: Die Stadt L\u00f6wenstein - Naturpark Schw\u00e4bisch-Fr\u00e4nkischer Wald\",\"isPartOf\":{\"@id\":\"https:\/\/www.naturparkmagazin.de\/schwaebisch-fraenkischer-wald\/#website\"},\"datePublished\":\"2016-01-18T12:41:30+00:00\",\"dateModified\":\"2016-01-15T13:04:39+00:00\",\"author\":{\"@id\":\"https:\/\/www.naturparkmagazin.de\/schwaebisch-fraenkischer-wald\/#\/schema\/person\/f047a3702ae747fd7830cf8ac95e6066\"},\"breadcrumb\":{\"@id\":\"https:\/\/www.naturparkmagazin.de\/schwaebisch-fraenkischer-wald\/die-kommunen-im-naturpark-die-stadt-loewenstein\/#breadcrumb\"},\"inLanguage\":\"de\",\"potentialAction\":[{\"@type\":\"ReadAction\",\"target\":[\"https:\/\/www.naturparkmagazin.de\/schwaebisch-fraenkischer-wald\/die-kommunen-im-naturpark-die-stadt-loewenstein\/\"]}]},{\"@type\":\"BreadcrumbList\",\"@id\":\"https:\/\/www.naturparkmagazin.de\/schwaebisch-fraenkischer-wald\/die-kommunen-im-naturpark-die-stadt-loewenstein\/#breadcrumb\",\"itemListElement\":[{\"@type\":\"ListItem\",\"position\":1,\"name\":\"Home\",\"item\":\"https:\/\/www.naturparkmagazin.de\/schwaebisch-fraenkischer-wald\/\"},{\"@type\":\"ListItem\",\"position\":2,\"name\":\"Die Kommunen im Naturpark: Die Stadt L\u00f6wenstein\"}]},{\"@type\":\"WebSite\",\"@id\":\"https:\/\/www.naturparkmagazin.de\/schwaebisch-fraenkischer-wald\/#website\",\"url\":\"https:\/\/www.naturparkmagazin.de\/schwaebisch-fraenkischer-wald\/\",\"name\":\"Naturpark Schw\u00e4bisch-Fr\u00e4nkischer Wald\",\"description\":\"\",\"potentialAction\":[{\"@type\":\"SearchAction\",\"target\":{\"@type\":\"EntryPoint\",\"urlTemplate\":\"https:\/\/www.naturparkmagazin.de\/schwaebisch-fraenkischer-wald\/?s={search_term_string}\"},\"query-input\":\"required name=search_term_string\"}],\"inLanguage\":\"de\"},{\"@type\":\"Person\",\"@id\":\"https:\/\/www.naturparkmagazin.de\/schwaebisch-fraenkischer-wald\/#\/schema\/person\/f047a3702ae747fd7830cf8ac95e6066\",\"name\":\"Naturpark-Team\",\"sameAs\":[\"http:\/\/www.naturpark-sfw.de\",\"https:\/\/www.facebook.com\/naturparkSFW\"],\"url\":\"https:\/\/www.naturparkmagazin.de\/schwaebisch-fraenkischer-wald\/author\/bernharddrixler\/\"}]}<\/script>\n<!-- \/ Yoast SEO plugin. -->","yoast_head_json":{"title":"Die Kommunen im Naturpark: Die Stadt L\u00f6wenstein - Naturpark Schw\u00e4bisch-Fr\u00e4nkischer Wald","robots":{"index":"index","follow":"follow","max-snippet":"max-snippet:-1","max-image-preview":"max-image-preview:large","max-video-preview":"max-video-preview:-1"},"canonical":"https:\/\/www.naturparkmagazin.de\/schwaebisch-fraenkischer-wald\/die-kommunen-im-naturpark-die-stadt-loewenstein\/","og_locale":"de_DE","og_type":"article","og_title":"Die Kommunen im Naturpark: Die Stadt L\u00f6wenstein - Naturpark Schw\u00e4bisch-Fr\u00e4nkischer Wald","og_description":"Eine Stadt mit Aussicht: L\u00f6wenstein","og_url":"https:\/\/www.naturparkmagazin.de\/schwaebisch-fraenkischer-wald\/die-kommunen-im-naturpark-die-stadt-loewenstein\/","og_site_name":"Naturpark Schw\u00e4bisch-Fr\u00e4nkischer Wald","article_author":"https:\/\/www.facebook.com\/naturparkSFW","article_published_time":"2016-01-18T12:41:30+00:00","article_modified_time":"2016-01-15T13:04:39+00:00","og_image":[{"width":200,"height":200,"url":"https:\/\/www.naturparkmagazin.de\/schwaebisch-fraenkischer-wald\/wp-content\/uploads\/sites\/34\/Loewenstein_Ansicht-2.jpg","type":"image\/jpeg"}],"author":"Naturpark-Team","twitter_misc":{"Verfasst von":"Naturpark-Team","Gesch\u00e4tzte Lesezeit":"1\u00a0Minute"},"schema":{"@context":"https:\/\/schema.org","@graph":[{"@type":"WebPage","@id":"https:\/\/www.naturparkmagazin.de\/schwaebisch-fraenkischer-wald\/die-kommunen-im-naturpark-die-stadt-loewenstein\/","url":"https:\/\/www.naturparkmagazin.de\/schwaebisch-fraenkischer-wald\/die-kommunen-im-naturpark-die-stadt-loewenstein\/","name":"Die Kommunen im Naturpark: Die Stadt L\u00f6wenstein - Naturpark Schw\u00e4bisch-Fr\u00e4nkischer Wald","isPartOf":{"@id":"https:\/\/www.naturparkmagazin.de\/schwaebisch-fraenkischer-wald\/#website"},"datePublished":"2016-01-18T12:41:30+00:00","dateModified":"2016-01-15T13:04:39+00:00","author":{"@id":"https:\/\/www.naturparkmagazin.de\/schwaebisch-fraenkischer-wald\/#\/schema\/person\/f047a3702ae747fd7830cf8ac95e6066"},"breadcrumb":{"@id":"https:\/\/www.naturparkmagazin.de\/schwaebisch-fraenkischer-wald\/die-kommunen-im-naturpark-die-stadt-loewenstein\/#breadcrumb"},"inLanguage":"de","potentialAction":[{"@type":"ReadAction","target":["https:\/\/www.naturparkmagazin.de\/schwaebisch-fraenkischer-wald\/die-kommunen-im-naturpark-die-stadt-loewenstein\/"]}]},{"@type":"BreadcrumbList","@id":"https:\/\/www.naturparkmagazin.de\/schwaebisch-fraenkischer-wald\/die-kommunen-im-naturpark-die-stadt-loewenstein\/#breadcrumb","itemListElement":[{"@type":"ListItem","position":1,"name":"Home","item":"https:\/\/www.naturparkmagazin.de\/schwaebisch-fraenkischer-wald\/"},{"@type":"ListItem","position":2,"name":"Die Kommunen im Naturpark: Die Stadt L\u00f6wenstein"}]},{"@type":"WebSite","@id":"https:\/\/www.naturparkmagazin.de\/schwaebisch-fraenkischer-wald\/#website","url":"https:\/\/www.naturparkmagazin.de\/schwaebisch-fraenkischer-wald\/","name":"Naturpark Schw\u00e4bisch-Fr\u00e4nkischer Wald","description":"","potentialAction":[{"@type":"SearchAction","target":{"@type":"EntryPoint","urlTemplate":"https:\/\/www.naturparkmagazin.de\/schwaebisch-fraenkischer-wald\/?s={search_term_string}"},"query-input":"required name=search_term_string"}],"inLanguage":"de"},{"@type":"Person","@id":"https:\/\/www.naturparkmagazin.de\/schwaebisch-fraenkischer-wald\/#\/schema\/person\/f047a3702ae747fd7830cf8ac95e6066","name":"Naturpark-Team","sameAs":["http:\/\/www.naturpark-sfw.de","https:\/\/www.facebook.com\/naturparkSFW"],"url":"https:\/\/www.naturparkmagazin.de\/schwaebisch-fraenkischer-wald\/author\/bernharddrixler\/"}]}},"_links":{"self":[{"href":"https:\/\/www.naturparkmagazin.de\/schwaebisch-fraenkischer-wald\/wp-json\/wp\/v2\/posts\/3027"}],"collection":[{"href":"https:\/\/www.naturparkmagazin.de\/schwaebisch-fraenkischer-wald\/wp-json\/wp\/v2\/posts"}],"about":[{"href":"https:\/\/www.naturparkmagazin.de\/schwaebisch-fraenkischer-wald\/wp-json\/wp\/v2\/types\/post"}],"author":[{"embeddable":true,"href":"https:\/\/www.naturparkmagazin.de\/schwaebisch-fraenkischer-wald\/wp-json\/wp\/v2\/users\/25"}],"replies":[{"embeddable":true,"href":"https:\/\/www.naturparkmagazin.de\/schwaebisch-fraenkischer-wald\/wp-json\/wp\/v2\/comments?post=3027"}],"version-history":[{"count":1,"href":"https:\/\/www.naturparkmagazin.de\/schwaebisch-fraenkischer-wald\/wp-json\/wp\/v2\/posts\/3027\/revisions"}],"predecessor-version":[{"id":3030,"href":"https:\/\/www.naturparkmagazin.de\/schwaebisch-fraenkischer-wald\/wp-json\/wp\/v2\/posts\/3027\/revisions\/3030"}],"wp:featuredmedia":[{"embeddable":true,"href":"https:\/\/www.naturparkmagazin.de\/schwaebisch-fraenkischer-wald\/wp-json\/wp\/v2\/media\/3028"}],"wp:attachment":[{"href":"https:\/\/www.naturparkmagazin.de\/schwaebisch-fraenkischer-wald\/wp-json\/wp\/v2\/media?parent=3027"}],"wp:term":[{"taxonomy":"category","embeddable":true,"href":"https:\/\/www.naturparkmagazin.de\/schwaebisch-fraenkischer-wald\/wp-json\/wp\/v2\/categories?post=3027"},{"taxonomy":"post_tag","embeddable":true,"href":"https:\/\/www.naturparkmagazin.de\/schwaebisch-fraenkischer-wald\/wp-json\/wp\/v2\/tags?post=3027"}],"curies":[{"name":"wp","href":"https:\/\/api.w.org\/{rel}","templated":true}]}}