{"id":3093,"date":"2016-02-15T10:26:15","date_gmt":"2016-02-15T09:26:15","guid":{"rendered":"http:\/\/www.naturparkmagazin.de\/schwaebisch-fraenkischer-wald\/?p=3093"},"modified":"2016-03-04T09:09:04","modified_gmt":"2016-03-04T08:09:04","slug":"3093","status":"publish","type":"post","link":"https:\/\/www.naturparkmagazin.de\/schwaebisch-fraenkischer-wald\/3093\/","title":{"rendered":"Die Kommunen im Naturpark: Die Gemeinde Spiegelberg"},"content":{"rendered":"<p>Im Jahr 1705 wurde auf dem Boden der heutigen Gemeinde Spiegelberg,<\/p>\n<div id=\"attachment_3097\" style=\"width: 210px\" class=\"wp-caption alignright\"><a href=\"https:\/\/www.naturparkmagazin.de\/schwaebisch-fraenkischer-wald\/wp-content\/uploads\/sites\/34\/k-SpiegelKipl_nachts_jf_3338_m.jpg\"><img aria-describedby=\"caption-attachment-3097\" decoding=\"async\" loading=\"lazy\" class=\"size-full wp-image-3097\" src=\"https:\/\/www.naturparkmagazin.de\/schwaebisch-fraenkischer-wald\/wp-content\/uploads\/sites\/34\/k-SpiegelKipl_nachts_jf_3338_m.jpg\" alt=\"Spiegelberger Kirchplatz bei Nacht\" width=\"200\" height=\"200\" srcset=\"https:\/\/www.naturparkmagazin.de\/schwaebisch-fraenkischer-wald\/wp-content\/uploads\/sites\/34\/k-SpiegelKipl_nachts_jf_3338_m.jpg 200w, https:\/\/www.naturparkmagazin.de\/schwaebisch-fraenkischer-wald\/wp-content\/uploads\/sites\/34\/k-SpiegelKipl_nachts_jf_3338_m-30x30.jpg 30w\" sizes=\"(max-width: 200px) 100vw, 200px\" \/><\/a><p id=\"caption-attachment-3097\" class=\"wp-caption-text\">Spiegelberger Kirchplatz bei Nacht<\/p><\/div>\n<p>der einwohnerm\u00e4\u00dfig kleinsten Gemeinde im Rems-Murr-Kreis,<\/p>\n<p>im Tal der Lauter, eine Spiegelglash\u00fctte errichtet. Durch Herzog Eberhard Ludwig wurde der H\u00fctte der Name \u201eSpiegelberg\u201c verliehen.<\/p>\n<div class=\"contentElement firstFont\">\n<div class=\"clickenlarge-0\">\n<div class=\"csc-textpic-text\">\n<p class=\"bodytext\">Spiegelberg ist eine eigenst\u00e4ndige und moderne Gemeinde mit zurzeit ca. 2200 Einwohnern. Mitten im gro\u00dfen Naturpark Schw\u00e4bisch-Fr\u00e4nkischer Wald und an der idyllischen Stra\u00dfe gelegen, bietet die Gemeinde hohe Wohnqualit\u00e4t und eine intakte Infrastruktur.<\/p>\n<p class=\"bodytext\">Zahlreiche Gasth\u00f6fe und Pensionen in Spiegelberg und seinen Teilorten verw\u00f6hnen Naherholungssuchende, Sportler und Urlaubsg\u00e4ste mit traditioneller K\u00fcche, gem\u00fctlicher Unterkunft und einem guten Tropfen aus den umliegenden Weinbaugebieten.<\/p>\n<p class=\"bodytext\">\u00dcber ein Dutzend Vereine und kulturelle Einrichtungen bieten M\u00f6glichkeiten zur Freizeitgestaltung und viele Ausflugsziele bieten Geschichtstr\u00e4chtiges und Unterhaltsames.<\/p>\n<div id=\"attachment_3098\" style=\"width: 210px\" class=\"wp-caption alignright\"><a href=\"https:\/\/www.naturparkmagazin.de\/schwaebisch-fraenkischer-wald\/wp-content\/uploads\/sites\/34\/Spiegelberg-von-oben.jpg\"><img aria-describedby=\"caption-attachment-3098\" decoding=\"async\" loading=\"lazy\" class=\"size-full wp-image-3098\" src=\"https:\/\/www.naturparkmagazin.de\/schwaebisch-fraenkischer-wald\/wp-content\/uploads\/sites\/34\/Spiegelberg-von-oben.jpg\" alt=\"Blick auf Spiegelberg von oben\" width=\"200\" height=\"200\" srcset=\"https:\/\/www.naturparkmagazin.de\/schwaebisch-fraenkischer-wald\/wp-content\/uploads\/sites\/34\/Spiegelberg-von-oben.jpg 200w, https:\/\/www.naturparkmagazin.de\/schwaebisch-fraenkischer-wald\/wp-content\/uploads\/sites\/34\/Spiegelberg-von-oben-30x30.jpg 30w\" sizes=\"(max-width: 200px) 100vw, 200px\" \/><\/a><p id=\"caption-attachment-3098\" class=\"wp-caption-text\">Blick auf Spiegelberg von oben<\/p><\/div>\n<p class=\"bodytext\">Auf weit \u00fcber 300 km vorbildlich ausgeschilderten Rundwanderwegen und dem 60 km langen \u201eR\u00e4uberweg\u201c erkundet man am Besten als aktiver Wanderer oder Mountainbiker die herrliche Gegend nord\u00f6stlich vor den Toren der Landeshauptstadt Stuttgart.<\/p>\n<p class=\"bodytext\">Zahlreiche weitere Informationen finden Sie hier:<\/p>\n<p class=\"bodytext\"><a href=\"http:\/\/www.gemeinde-spiegelberg.de\/index.php?id=312\" target=\"_blank\">HOMEPAGE der Gemeinde Spiegelberg<\/a><\/p>\n<p class=\"bodytext\">B\u00fcrgermeister<\/p>\n<p class=\"bodytext\">Uwe Bossert<\/p>\n<\/div>\n<\/div>\n<\/div>\n<p>Sulzbacher Str. 7\n71579 Spiegelberg<\/p>\n<div id=\"attachment_3099\" style=\"width: 210px\" class=\"wp-caption alignright\"><a href=\"https:\/\/www.naturparkmagazin.de\/schwaebisch-fraenkischer-wald\/wp-content\/uploads\/sites\/34\/Juxkopf-2-2011.jpg\"><img aria-describedby=\"caption-attachment-3099\" decoding=\"async\" loading=\"lazy\" class=\"size-full wp-image-3099\" src=\"https:\/\/www.naturparkmagazin.de\/schwaebisch-fraenkischer-wald\/wp-content\/uploads\/sites\/34\/Juxkopf-2-2011.jpg\" alt=\"Juxkopf\" width=\"200\" height=\"200\" srcset=\"https:\/\/www.naturparkmagazin.de\/schwaebisch-fraenkischer-wald\/wp-content\/uploads\/sites\/34\/Juxkopf-2-2011.jpg 200w, https:\/\/www.naturparkmagazin.de\/schwaebisch-fraenkischer-wald\/wp-content\/uploads\/sites\/34\/Juxkopf-2-2011-30x30.jpg 30w\" sizes=\"(max-width: 200px) 100vw, 200px\" \/><\/a><p id=\"caption-attachment-3099\" class=\"wp-caption-text\">Juxkopf<\/p><\/div>\n<p>Tel.: 07194\/9501-0<\/p>\n<p><a href=\"mailto:info@gemeinde-spiegelberg.de\" target=\"_blank\">E-Mail-Adresse<\/a><\/p>\n","protected":false},"excerpt":{"rendered":"<p>Die Gemeinde Spiegelberg: Sonnenh\u00e4nge und R\u00e4uberwege<\/p>\n","protected":false},"author":25,"featured_media":3097,"comment_status":"open","ping_status":"open","sticky":false,"template":"","format":"standard","meta":[],"categories":[8],"tags":[508],"yoast_head":"<!-- This site is optimized with the Yoast SEO plugin v19.10 - https:\/\/yoast.com\/wordpress\/plugins\/seo\/ -->\n<title>Die Kommunen im Naturpark: Die Gemeinde Spiegelberg - Naturpark Schw\u00e4bisch-Fr\u00e4nkischer Wald<\/title>\n<meta name=\"robots\" content=\"index, follow, max-snippet:-1, max-image-preview:large, max-video-preview:-1\" \/>\n<link rel=\"canonical\" href=\"https:\/\/www.naturparkmagazin.de\/schwaebisch-fraenkischer-wald\/3093\/\" \/>\n<meta property=\"og:locale\" content=\"de_DE\" \/>\n<meta property=\"og:type\" content=\"article\" \/>\n<meta property=\"og:title\" content=\"Die Kommunen im Naturpark: Die Gemeinde Spiegelberg - Naturpark Schw\u00e4bisch-Fr\u00e4nkischer Wald\" \/>\n<meta property=\"og:description\" content=\"Die Gemeinde Spiegelberg: Sonnenh\u00e4nge und R\u00e4uberwege\" \/>\n<meta property=\"og:url\" content=\"https:\/\/www.naturparkmagazin.de\/schwaebisch-fraenkischer-wald\/3093\/\" \/>\n<meta property=\"og:site_name\" content=\"Naturpark Schw\u00e4bisch-Fr\u00e4nkischer Wald\" \/>\n<meta property=\"article:author\" content=\"https:\/\/www.facebook.com\/naturparkSFW\" \/>\n<meta property=\"article:published_time\" content=\"2016-02-15T09:26:15+00:00\" \/>\n<meta property=\"article:modified_time\" content=\"2016-03-04T08:09:04+00:00\" \/>\n<meta property=\"og:image\" content=\"https:\/\/www.naturparkmagazin.de\/schwaebisch-fraenkischer-wald\/wp-content\/uploads\/sites\/34\/k-SpiegelKipl_nachts_jf_3338_m.jpg\" \/>\n\t<meta property=\"og:image:width\" content=\"200\" \/>\n\t<meta property=\"og:image:height\" content=\"200\" \/>\n\t<meta property=\"og:image:type\" content=\"image\/jpeg\" \/>\n<meta name=\"author\" content=\"Naturpark-Team\" \/>\n<meta name=\"twitter:label1\" content=\"Verfasst von\" \/>\n\t<meta name=\"twitter:data1\" content=\"Naturpark-Team\" \/>\n\t<meta name=\"twitter:label2\" content=\"Gesch\u00e4tzte Lesezeit\" \/>\n\t<meta name=\"twitter:data2\" content=\"1\u00a0Minute\" \/>\n<script type=\"application\/ld+json\" class=\"yoast-schema-graph\">{\"@context\":\"https:\/\/schema.org\",\"@graph\":[{\"@type\":\"WebPage\",\"@id\":\"https:\/\/www.naturparkmagazin.de\/schwaebisch-fraenkischer-wald\/3093\/\",\"url\":\"https:\/\/www.naturparkmagazin.de\/schwaebisch-fraenkischer-wald\/3093\/\",\"name\":\"Die Kommunen im Naturpark: Die Gemeinde Spiegelberg - Naturpark Schw\u00e4bisch-Fr\u00e4nkischer Wald\",\"isPartOf\":{\"@id\":\"https:\/\/www.naturparkmagazin.de\/schwaebisch-fraenkischer-wald\/#website\"},\"datePublished\":\"2016-02-15T09:26:15+00:00\",\"dateModified\":\"2016-03-04T08:09:04+00:00\",\"author\":{\"@id\":\"https:\/\/www.naturparkmagazin.de\/schwaebisch-fraenkischer-wald\/#\/schema\/person\/f047a3702ae747fd7830cf8ac95e6066\"},\"breadcrumb\":{\"@id\":\"https:\/\/www.naturparkmagazin.de\/schwaebisch-fraenkischer-wald\/3093\/#breadcrumb\"},\"inLanguage\":\"de\",\"potentialAction\":[{\"@type\":\"ReadAction\",\"target\":[\"https:\/\/www.naturparkmagazin.de\/schwaebisch-fraenkischer-wald\/3093\/\"]}]},{\"@type\":\"BreadcrumbList\",\"@id\":\"https:\/\/www.naturparkmagazin.de\/schwaebisch-fraenkischer-wald\/3093\/#breadcrumb\",\"itemListElement\":[{\"@type\":\"ListItem\",\"position\":1,\"name\":\"Home\",\"item\":\"https:\/\/www.naturparkmagazin.de\/schwaebisch-fraenkischer-wald\/\"},{\"@type\":\"ListItem\",\"position\":2,\"name\":\"Die Kommunen im Naturpark: Die Gemeinde Spiegelberg\"}]},{\"@type\":\"WebSite\",\"@id\":\"https:\/\/www.naturparkmagazin.de\/schwaebisch-fraenkischer-wald\/#website\",\"url\":\"https:\/\/www.naturparkmagazin.de\/schwaebisch-fraenkischer-wald\/\",\"name\":\"Naturpark Schw\u00e4bisch-Fr\u00e4nkischer Wald\",\"description\":\"\",\"potentialAction\":[{\"@type\":\"SearchAction\",\"target\":{\"@type\":\"EntryPoint\",\"urlTemplate\":\"https:\/\/www.naturparkmagazin.de\/schwaebisch-fraenkischer-wald\/?s={search_term_string}\"},\"query-input\":\"required name=search_term_string\"}],\"inLanguage\":\"de\"},{\"@type\":\"Person\",\"@id\":\"https:\/\/www.naturparkmagazin.de\/schwaebisch-fraenkischer-wald\/#\/schema\/person\/f047a3702ae747fd7830cf8ac95e6066\",\"name\":\"Naturpark-Team\",\"sameAs\":[\"http:\/\/www.naturpark-sfw.de\",\"https:\/\/www.facebook.com\/naturparkSFW\"],\"url\":\"https:\/\/www.naturparkmagazin.de\/schwaebisch-fraenkischer-wald\/author\/bernharddrixler\/\"}]}<\/script>\n<!-- \/ Yoast SEO plugin. -->","yoast_head_json":{"title":"Die Kommunen im Naturpark: Die Gemeinde Spiegelberg - Naturpark Schw\u00e4bisch-Fr\u00e4nkischer Wald","robots":{"index":"index","follow":"follow","max-snippet":"max-snippet:-1","max-image-preview":"max-image-preview:large","max-video-preview":"max-video-preview:-1"},"canonical":"https:\/\/www.naturparkmagazin.de\/schwaebisch-fraenkischer-wald\/3093\/","og_locale":"de_DE","og_type":"article","og_title":"Die Kommunen im Naturpark: Die Gemeinde Spiegelberg - Naturpark Schw\u00e4bisch-Fr\u00e4nkischer Wald","og_description":"Die Gemeinde Spiegelberg: Sonnenh\u00e4nge und R\u00e4uberwege","og_url":"https:\/\/www.naturparkmagazin.de\/schwaebisch-fraenkischer-wald\/3093\/","og_site_name":"Naturpark Schw\u00e4bisch-Fr\u00e4nkischer Wald","article_author":"https:\/\/www.facebook.com\/naturparkSFW","article_published_time":"2016-02-15T09:26:15+00:00","article_modified_time":"2016-03-04T08:09:04+00:00","og_image":[{"width":200,"height":200,"url":"https:\/\/www.naturparkmagazin.de\/schwaebisch-fraenkischer-wald\/wp-content\/uploads\/sites\/34\/k-SpiegelKipl_nachts_jf_3338_m.jpg","type":"image\/jpeg"}],"author":"Naturpark-Team","twitter_misc":{"Verfasst von":"Naturpark-Team","Gesch\u00e4tzte Lesezeit":"1\u00a0Minute"},"schema":{"@context":"https:\/\/schema.org","@graph":[{"@type":"WebPage","@id":"https:\/\/www.naturparkmagazin.de\/schwaebisch-fraenkischer-wald\/3093\/","url":"https:\/\/www.naturparkmagazin.de\/schwaebisch-fraenkischer-wald\/3093\/","name":"Die Kommunen im Naturpark: Die Gemeinde Spiegelberg - Naturpark Schw\u00e4bisch-Fr\u00e4nkischer Wald","isPartOf":{"@id":"https:\/\/www.naturparkmagazin.de\/schwaebisch-fraenkischer-wald\/#website"},"datePublished":"2016-02-15T09:26:15+00:00","dateModified":"2016-03-04T08:09:04+00:00","author":{"@id":"https:\/\/www.naturparkmagazin.de\/schwaebisch-fraenkischer-wald\/#\/schema\/person\/f047a3702ae747fd7830cf8ac95e6066"},"breadcrumb":{"@id":"https:\/\/www.naturparkmagazin.de\/schwaebisch-fraenkischer-wald\/3093\/#breadcrumb"},"inLanguage":"de","potentialAction":[{"@type":"ReadAction","target":["https:\/\/www.naturparkmagazin.de\/schwaebisch-fraenkischer-wald\/3093\/"]}]},{"@type":"BreadcrumbList","@id":"https:\/\/www.naturparkmagazin.de\/schwaebisch-fraenkischer-wald\/3093\/#breadcrumb","itemListElement":[{"@type":"ListItem","position":1,"name":"Home","item":"https:\/\/www.naturparkmagazin.de\/schwaebisch-fraenkischer-wald\/"},{"@type":"ListItem","position":2,"name":"Die Kommunen im Naturpark: Die Gemeinde Spiegelberg"}]},{"@type":"WebSite","@id":"https:\/\/www.naturparkmagazin.de\/schwaebisch-fraenkischer-wald\/#website","url":"https:\/\/www.naturparkmagazin.de\/schwaebisch-fraenkischer-wald\/","name":"Naturpark Schw\u00e4bisch-Fr\u00e4nkischer Wald","description":"","potentialAction":[{"@type":"SearchAction","target":{"@type":"EntryPoint","urlTemplate":"https:\/\/www.naturparkmagazin.de\/schwaebisch-fraenkischer-wald\/?s={search_term_string}"},"query-input":"required name=search_term_string"}],"inLanguage":"de"},{"@type":"Person","@id":"https:\/\/www.naturparkmagazin.de\/schwaebisch-fraenkischer-wald\/#\/schema\/person\/f047a3702ae747fd7830cf8ac95e6066","name":"Naturpark-Team","sameAs":["http:\/\/www.naturpark-sfw.de","https:\/\/www.facebook.com\/naturparkSFW"],"url":"https:\/\/www.naturparkmagazin.de\/schwaebisch-fraenkischer-wald\/author\/bernharddrixler\/"}]}},"_links":{"self":[{"href":"https:\/\/www.naturparkmagazin.de\/schwaebisch-fraenkischer-wald\/wp-json\/wp\/v2\/posts\/3093"}],"collection":[{"href":"https:\/\/www.naturparkmagazin.de\/schwaebisch-fraenkischer-wald\/wp-json\/wp\/v2\/posts"}],"about":[{"href":"https:\/\/www.naturparkmagazin.de\/schwaebisch-fraenkischer-wald\/wp-json\/wp\/v2\/types\/post"}],"author":[{"embeddable":true,"href":"https:\/\/www.naturparkmagazin.de\/schwaebisch-fraenkischer-wald\/wp-json\/wp\/v2\/users\/25"}],"replies":[{"embeddable":true,"href":"https:\/\/www.naturparkmagazin.de\/schwaebisch-fraenkischer-wald\/wp-json\/wp\/v2\/comments?post=3093"}],"version-history":[{"count":4,"href":"https:\/\/www.naturparkmagazin.de\/schwaebisch-fraenkischer-wald\/wp-json\/wp\/v2\/posts\/3093\/revisions"}],"predecessor-version":[{"id":3100,"href":"https:\/\/www.naturparkmagazin.de\/schwaebisch-fraenkischer-wald\/wp-json\/wp\/v2\/posts\/3093\/revisions\/3100"}],"wp:featuredmedia":[{"embeddable":true,"href":"https:\/\/www.naturparkmagazin.de\/schwaebisch-fraenkischer-wald\/wp-json\/wp\/v2\/media\/3097"}],"wp:attachment":[{"href":"https:\/\/www.naturparkmagazin.de\/schwaebisch-fraenkischer-wald\/wp-json\/wp\/v2\/media?parent=3093"}],"wp:term":[{"taxonomy":"category","embeddable":true,"href":"https:\/\/www.naturparkmagazin.de\/schwaebisch-fraenkischer-wald\/wp-json\/wp\/v2\/categories?post=3093"},{"taxonomy":"post_tag","embeddable":true,"href":"https:\/\/www.naturparkmagazin.de\/schwaebisch-fraenkischer-wald\/wp-json\/wp\/v2\/tags?post=3093"}],"curies":[{"name":"wp","href":"https:\/\/api.w.org\/{rel}","templated":true}]}}