{"id":3107,"date":"2016-04-18T15:57:37","date_gmt":"2016-04-18T13:57:37","guid":{"rendered":"http:\/\/www.naturparkmagazin.de\/schwaebisch-fraenkischer-wald\/?p=3107"},"modified":"2016-03-02T16:19:16","modified_gmt":"2016-03-02T15:19:16","slug":"naturpark-aktiv-wasserfaelle-und-urwaldartige-schluchten","status":"publish","type":"post","link":"https:\/\/www.naturparkmagazin.de\/schwaebisch-fraenkischer-wald\/naturpark-aktiv-wasserfaelle-und-urwaldartige-schluchten\/","title":{"rendered":"Naturpark aktiv &#8211; Wasserf\u00e4lle und urwaldartige Schluchten"},"content":{"rendered":"<p>Sonntag, 29. Mai<\/p>\n<div id=\"attachment_3109\" style=\"width: 210px\" class=\"wp-caption alignright\"><a href=\"https:\/\/www.naturparkmagazin.de\/schwaebisch-fraenkischer-wald\/wp-content\/uploads\/sites\/34\/NL_160529_NPaktiv_Schulz.jpg\"><img aria-describedby=\"caption-attachment-3109\" decoding=\"async\" loading=\"lazy\" class=\"size-full wp-image-3109\" src=\"https:\/\/www.naturparkmagazin.de\/schwaebisch-fraenkischer-wald\/wp-content\/uploads\/sites\/34\/NL_160529_NPaktiv_Schulz.jpg\" alt=\"Wasserf\u00e4lle und urwaldartige Schluchten\" width=\"200\" height=\"200\" srcset=\"https:\/\/www.naturparkmagazin.de\/schwaebisch-fraenkischer-wald\/wp-content\/uploads\/sites\/34\/NL_160529_NPaktiv_Schulz.jpg 200w, https:\/\/www.naturparkmagazin.de\/schwaebisch-fraenkischer-wald\/wp-content\/uploads\/sites\/34\/NL_160529_NPaktiv_Schulz-30x30.jpg 30w\" sizes=\"(max-width: 200px) 100vw, 200px\" \/><\/a><p id=\"caption-attachment-3109\" class=\"wp-caption-text\">Wasserf\u00e4lle und urwaldartige Schluchten<\/p><\/div>\n<p>Auf abenteuerlichen Wegen werden die Teilnehmer von Naturparkf\u00fchrer Frank Schulz durch eines der sch\u00f6nsten Gebiete des Schw\u00e4bischen Waldes gef\u00fchrt. Die urwaldartige H\u00f6rschbachschlucht, rauschende Wasserf\u00e4lle und ein Felsenmeer, das, wie eine Sage beschreibt, von Riesen erschaffen wurde. Die Urw\u00fcchsigkeit und Sch\u00f6nheit dieses Gebietes verzaubert Gro\u00df und Klein und motiviert zum weiteren Entdecken.<\/p>\n<p>Start: 9 Uhr<\/p>\n<p>Treffpunkt: Murrhardt, Wanderparkplatz am vorderen H\u00f6rschbachwasserfall<\/p>\n<p>Dauer: Ca. 4,5 Stunden<\/p>\n<p>Kosten: 9 \u20ac\/Person, Kinder bis 14 Jahre 5 \u20ac<\/p>\n<ul>\n<li>Anmeldung bis 26. Mai<\/li>\n<li>Kinder ab 9 Jahre<\/li>\n<li>Trittsicherheit erforderlich<\/li>\n<li>Getr\u00e4nke und Rucksackvesper mitbringen<\/li>\n<li>Infos unter:07 13 0 \/ 45 35 76, <a href=\"mailto:schulz@die-naturparkfuehrer.de\" target=\"_blank\">schulz@die-naturparkfuehrer.de<\/a><\/li>\n<\/ul>\n","protected":false},"excerpt":{"rendered":"<p>29.05.: Abenteuerliche Tour mit Naturparkf\u00fchrer Frank Schulz<\/p>\n","protected":false},"author":25,"featured_media":3109,"comment_status":"open","ping_status":"open","sticky":false,"template":"","format":"standard","meta":[],"categories":[11],"tags":[508],"yoast_head":"<!-- This site is optimized with the Yoast SEO plugin v19.10 - https:\/\/yoast.com\/wordpress\/plugins\/seo\/ -->\n<title>Naturpark aktiv - Wasserf\u00e4lle und urwaldartige Schluchten - Naturpark Schw\u00e4bisch-Fr\u00e4nkischer Wald<\/title>\n<meta name=\"robots\" content=\"index, follow, max-snippet:-1, max-image-preview:large, max-video-preview:-1\" \/>\n<link rel=\"canonical\" href=\"https:\/\/www.naturparkmagazin.de\/schwaebisch-fraenkischer-wald\/naturpark-aktiv-wasserfaelle-und-urwaldartige-schluchten\/\" \/>\n<meta property=\"og:locale\" content=\"de_DE\" \/>\n<meta property=\"og:type\" content=\"article\" \/>\n<meta property=\"og:title\" content=\"Naturpark aktiv - Wasserf\u00e4lle und urwaldartige Schluchten - Naturpark Schw\u00e4bisch-Fr\u00e4nkischer Wald\" \/>\n<meta property=\"og:description\" content=\"29.05.: Abenteuerliche Tour mit Naturparkf\u00fchrer Frank Schulz\" \/>\n<meta property=\"og:url\" content=\"https:\/\/www.naturparkmagazin.de\/schwaebisch-fraenkischer-wald\/naturpark-aktiv-wasserfaelle-und-urwaldartige-schluchten\/\" \/>\n<meta property=\"og:site_name\" content=\"Naturpark Schw\u00e4bisch-Fr\u00e4nkischer Wald\" \/>\n<meta property=\"article:author\" content=\"https:\/\/www.facebook.com\/naturparkSFW\" \/>\n<meta property=\"article:published_time\" content=\"2016-04-18T13:57:37+00:00\" \/>\n<meta property=\"article:modified_time\" content=\"2016-03-02T15:19:16+00:00\" \/>\n<meta property=\"og:image\" content=\"https:\/\/www.naturparkmagazin.de\/schwaebisch-fraenkischer-wald\/wp-content\/uploads\/sites\/34\/NL_160529_NPaktiv_Schulz.jpg\" \/>\n\t<meta property=\"og:image:width\" content=\"200\" \/>\n\t<meta property=\"og:image:height\" content=\"200\" \/>\n\t<meta property=\"og:image:type\" content=\"image\/jpeg\" \/>\n<meta name=\"author\" content=\"Naturpark-Team\" \/>\n<meta name=\"twitter:label1\" content=\"Verfasst von\" \/>\n\t<meta name=\"twitter:data1\" content=\"Naturpark-Team\" \/>\n\t<meta name=\"twitter:label2\" content=\"Gesch\u00e4tzte Lesezeit\" \/>\n\t<meta name=\"twitter:data2\" content=\"1\u00a0Minute\" \/>\n<script type=\"application\/ld+json\" class=\"yoast-schema-graph\">{\"@context\":\"https:\/\/schema.org\",\"@graph\":[{\"@type\":\"WebPage\",\"@id\":\"https:\/\/www.naturparkmagazin.de\/schwaebisch-fraenkischer-wald\/naturpark-aktiv-wasserfaelle-und-urwaldartige-schluchten\/\",\"url\":\"https:\/\/www.naturparkmagazin.de\/schwaebisch-fraenkischer-wald\/naturpark-aktiv-wasserfaelle-und-urwaldartige-schluchten\/\",\"name\":\"Naturpark aktiv - Wasserf\u00e4lle und urwaldartige Schluchten - Naturpark Schw\u00e4bisch-Fr\u00e4nkischer Wald\",\"isPartOf\":{\"@id\":\"https:\/\/www.naturparkmagazin.de\/schwaebisch-fraenkischer-wald\/#website\"},\"datePublished\":\"2016-04-18T13:57:37+00:00\",\"dateModified\":\"2016-03-02T15:19:16+00:00\",\"author\":{\"@id\":\"https:\/\/www.naturparkmagazin.de\/schwaebisch-fraenkischer-wald\/#\/schema\/person\/f047a3702ae747fd7830cf8ac95e6066\"},\"breadcrumb\":{\"@id\":\"https:\/\/www.naturparkmagazin.de\/schwaebisch-fraenkischer-wald\/naturpark-aktiv-wasserfaelle-und-urwaldartige-schluchten\/#breadcrumb\"},\"inLanguage\":\"de\",\"potentialAction\":[{\"@type\":\"ReadAction\",\"target\":[\"https:\/\/www.naturparkmagazin.de\/schwaebisch-fraenkischer-wald\/naturpark-aktiv-wasserfaelle-und-urwaldartige-schluchten\/\"]}]},{\"@type\":\"BreadcrumbList\",\"@id\":\"https:\/\/www.naturparkmagazin.de\/schwaebisch-fraenkischer-wald\/naturpark-aktiv-wasserfaelle-und-urwaldartige-schluchten\/#breadcrumb\",\"itemListElement\":[{\"@type\":\"ListItem\",\"position\":1,\"name\":\"Home\",\"item\":\"https:\/\/www.naturparkmagazin.de\/schwaebisch-fraenkischer-wald\/\"},{\"@type\":\"ListItem\",\"position\":2,\"name\":\"Naturpark aktiv &#8211; Wasserf\u00e4lle und urwaldartige Schluchten\"}]},{\"@type\":\"WebSite\",\"@id\":\"https:\/\/www.naturparkmagazin.de\/schwaebisch-fraenkischer-wald\/#website\",\"url\":\"https:\/\/www.naturparkmagazin.de\/schwaebisch-fraenkischer-wald\/\",\"name\":\"Naturpark Schw\u00e4bisch-Fr\u00e4nkischer Wald\",\"description\":\"\",\"potentialAction\":[{\"@type\":\"SearchAction\",\"target\":{\"@type\":\"EntryPoint\",\"urlTemplate\":\"https:\/\/www.naturparkmagazin.de\/schwaebisch-fraenkischer-wald\/?s={search_term_string}\"},\"query-input\":\"required name=search_term_string\"}],\"inLanguage\":\"de\"},{\"@type\":\"Person\",\"@id\":\"https:\/\/www.naturparkmagazin.de\/schwaebisch-fraenkischer-wald\/#\/schema\/person\/f047a3702ae747fd7830cf8ac95e6066\",\"name\":\"Naturpark-Team\",\"sameAs\":[\"http:\/\/www.naturpark-sfw.de\",\"https:\/\/www.facebook.com\/naturparkSFW\"],\"url\":\"https:\/\/www.naturparkmagazin.de\/schwaebisch-fraenkischer-wald\/author\/bernharddrixler\/\"}]}<\/script>\n<!-- \/ Yoast SEO plugin. -->","yoast_head_json":{"title":"Naturpark aktiv - Wasserf\u00e4lle und urwaldartige Schluchten - Naturpark Schw\u00e4bisch-Fr\u00e4nkischer Wald","robots":{"index":"index","follow":"follow","max-snippet":"max-snippet:-1","max-image-preview":"max-image-preview:large","max-video-preview":"max-video-preview:-1"},"canonical":"https:\/\/www.naturparkmagazin.de\/schwaebisch-fraenkischer-wald\/naturpark-aktiv-wasserfaelle-und-urwaldartige-schluchten\/","og_locale":"de_DE","og_type":"article","og_title":"Naturpark aktiv - Wasserf\u00e4lle und urwaldartige Schluchten - Naturpark Schw\u00e4bisch-Fr\u00e4nkischer Wald","og_description":"29.05.: Abenteuerliche Tour mit Naturparkf\u00fchrer Frank Schulz","og_url":"https:\/\/www.naturparkmagazin.de\/schwaebisch-fraenkischer-wald\/naturpark-aktiv-wasserfaelle-und-urwaldartige-schluchten\/","og_site_name":"Naturpark Schw\u00e4bisch-Fr\u00e4nkischer Wald","article_author":"https:\/\/www.facebook.com\/naturparkSFW","article_published_time":"2016-04-18T13:57:37+00:00","article_modified_time":"2016-03-02T15:19:16+00:00","og_image":[{"width":200,"height":200,"url":"https:\/\/www.naturparkmagazin.de\/schwaebisch-fraenkischer-wald\/wp-content\/uploads\/sites\/34\/NL_160529_NPaktiv_Schulz.jpg","type":"image\/jpeg"}],"author":"Naturpark-Team","twitter_misc":{"Verfasst von":"Naturpark-Team","Gesch\u00e4tzte Lesezeit":"1\u00a0Minute"},"schema":{"@context":"https:\/\/schema.org","@graph":[{"@type":"WebPage","@id":"https:\/\/www.naturparkmagazin.de\/schwaebisch-fraenkischer-wald\/naturpark-aktiv-wasserfaelle-und-urwaldartige-schluchten\/","url":"https:\/\/www.naturparkmagazin.de\/schwaebisch-fraenkischer-wald\/naturpark-aktiv-wasserfaelle-und-urwaldartige-schluchten\/","name":"Naturpark aktiv - Wasserf\u00e4lle und urwaldartige Schluchten - Naturpark Schw\u00e4bisch-Fr\u00e4nkischer Wald","isPartOf":{"@id":"https:\/\/www.naturparkmagazin.de\/schwaebisch-fraenkischer-wald\/#website"},"datePublished":"2016-04-18T13:57:37+00:00","dateModified":"2016-03-02T15:19:16+00:00","author":{"@id":"https:\/\/www.naturparkmagazin.de\/schwaebisch-fraenkischer-wald\/#\/schema\/person\/f047a3702ae747fd7830cf8ac95e6066"},"breadcrumb":{"@id":"https:\/\/www.naturparkmagazin.de\/schwaebisch-fraenkischer-wald\/naturpark-aktiv-wasserfaelle-und-urwaldartige-schluchten\/#breadcrumb"},"inLanguage":"de","potentialAction":[{"@type":"ReadAction","target":["https:\/\/www.naturparkmagazin.de\/schwaebisch-fraenkischer-wald\/naturpark-aktiv-wasserfaelle-und-urwaldartige-schluchten\/"]}]},{"@type":"BreadcrumbList","@id":"https:\/\/www.naturparkmagazin.de\/schwaebisch-fraenkischer-wald\/naturpark-aktiv-wasserfaelle-und-urwaldartige-schluchten\/#breadcrumb","itemListElement":[{"@type":"ListItem","position":1,"name":"Home","item":"https:\/\/www.naturparkmagazin.de\/schwaebisch-fraenkischer-wald\/"},{"@type":"ListItem","position":2,"name":"Naturpark aktiv &#8211; Wasserf\u00e4lle und urwaldartige Schluchten"}]},{"@type":"WebSite","@id":"https:\/\/www.naturparkmagazin.de\/schwaebisch-fraenkischer-wald\/#website","url":"https:\/\/www.naturparkmagazin.de\/schwaebisch-fraenkischer-wald\/","name":"Naturpark Schw\u00e4bisch-Fr\u00e4nkischer Wald","description":"","potentialAction":[{"@type":"SearchAction","target":{"@type":"EntryPoint","urlTemplate":"https:\/\/www.naturparkmagazin.de\/schwaebisch-fraenkischer-wald\/?s={search_term_string}"},"query-input":"required name=search_term_string"}],"inLanguage":"de"},{"@type":"Person","@id":"https:\/\/www.naturparkmagazin.de\/schwaebisch-fraenkischer-wald\/#\/schema\/person\/f047a3702ae747fd7830cf8ac95e6066","name":"Naturpark-Team","sameAs":["http:\/\/www.naturpark-sfw.de","https:\/\/www.facebook.com\/naturparkSFW"],"url":"https:\/\/www.naturparkmagazin.de\/schwaebisch-fraenkischer-wald\/author\/bernharddrixler\/"}]}},"_links":{"self":[{"href":"https:\/\/www.naturparkmagazin.de\/schwaebisch-fraenkischer-wald\/wp-json\/wp\/v2\/posts\/3107"}],"collection":[{"href":"https:\/\/www.naturparkmagazin.de\/schwaebisch-fraenkischer-wald\/wp-json\/wp\/v2\/posts"}],"about":[{"href":"https:\/\/www.naturparkmagazin.de\/schwaebisch-fraenkischer-wald\/wp-json\/wp\/v2\/types\/post"}],"author":[{"embeddable":true,"href":"https:\/\/www.naturparkmagazin.de\/schwaebisch-fraenkischer-wald\/wp-json\/wp\/v2\/users\/25"}],"replies":[{"embeddable":true,"href":"https:\/\/www.naturparkmagazin.de\/schwaebisch-fraenkischer-wald\/wp-json\/wp\/v2\/comments?post=3107"}],"version-history":[{"count":3,"href":"https:\/\/www.naturparkmagazin.de\/schwaebisch-fraenkischer-wald\/wp-json\/wp\/v2\/posts\/3107\/revisions"}],"predecessor-version":[{"id":3111,"href":"https:\/\/www.naturparkmagazin.de\/schwaebisch-fraenkischer-wald\/wp-json\/wp\/v2\/posts\/3107\/revisions\/3111"}],"wp:featuredmedia":[{"embeddable":true,"href":"https:\/\/www.naturparkmagazin.de\/schwaebisch-fraenkischer-wald\/wp-json\/wp\/v2\/media\/3109"}],"wp:attachment":[{"href":"https:\/\/www.naturparkmagazin.de\/schwaebisch-fraenkischer-wald\/wp-json\/wp\/v2\/media?parent=3107"}],"wp:term":[{"taxonomy":"category","embeddable":true,"href":"https:\/\/www.naturparkmagazin.de\/schwaebisch-fraenkischer-wald\/wp-json\/wp\/v2\/categories?post=3107"},{"taxonomy":"post_tag","embeddable":true,"href":"https:\/\/www.naturparkmagazin.de\/schwaebisch-fraenkischer-wald\/wp-json\/wp\/v2\/tags?post=3107"}],"curies":[{"name":"wp","href":"https:\/\/api.w.org\/{rel}","templated":true}]}}