{"id":3178,"date":"2016-03-14T12:17:35","date_gmt":"2016-03-14T11:17:35","guid":{"rendered":"http:\/\/www.naturparkmagazin.de\/schwaebisch-fraenkischer-wald\/?p=3178"},"modified":"2016-03-10T13:08:48","modified_gmt":"2016-03-10T12:08:48","slug":"erster-muehlenwandermarathon-im-schwaebischen-wald","status":"publish","type":"post","link":"https:\/\/www.naturparkmagazin.de\/schwaebisch-fraenkischer-wald\/erster-muehlenwandermarathon-im-schwaebischen-wald\/","title":{"rendered":"Erster M\u00fchlenwandermarathon im Schw\u00e4bischen Wald"},"content":{"rendered":"<p>Am 18. September 2016 findet im Rahmen der Kulturlandschaft des Jahres 2015|2016 Schw\u00e4bischer Wald der 16. \u201eTag des Schw\u00e4bischen Waldes\u201c statt. Neben dem bew\u00e4hrten Programm mit gef\u00fchrten Wanderungen und Radtouren, Hocketsen und weiteren abwechslungsreichen Veranstaltungen, gibt es eine Premiere der Extraklasse.<\/p>\n<div id=\"attachment_3179\" style=\"width: 210px\" class=\"wp-caption alignright\"><a href=\"https:\/\/www.naturparkmagazin.de\/schwaebisch-fraenkischer-wald\/wp-content\/uploads\/sites\/34\/Muehlenjahr2016.jpg\"><img aria-describedby=\"caption-attachment-3179\" decoding=\"async\" loading=\"lazy\" class=\"size-full wp-image-3179\" src=\"https:\/\/www.naturparkmagazin.de\/schwaebisch-fraenkischer-wald\/wp-content\/uploads\/sites\/34\/Muehlenjahr2016.jpg\" alt=\"Erster M\u00fchlenwandermarathon im Schw\u00e4bischen Wald\" width=\"200\" height=\"200\" srcset=\"https:\/\/www.naturparkmagazin.de\/schwaebisch-fraenkischer-wald\/wp-content\/uploads\/sites\/34\/Muehlenjahr2016.jpg 200w, https:\/\/www.naturparkmagazin.de\/schwaebisch-fraenkischer-wald\/wp-content\/uploads\/sites\/34\/Muehlenjahr2016-30x30.jpg 30w\" sizes=\"(max-width: 200px) 100vw, 200px\" \/><\/a><p id=\"caption-attachment-3179\" class=\"wp-caption-text\">Erster M\u00fchlenwandermarathon im Schw\u00e4bischen Wald<\/p><\/div>\n<p>Als Highlight im 40. Jahr der Fremdenverkehrsgemeinschaft wird erstmals ein M\u00fchlenwandermarathon ausgerichtet. Der Marathon steht unter dem Motto \u201eWandern f\u00fcr Alle auf dem M\u00fchlenwanderweg mit seinen alt-ehrw\u00fcrdigen M\u00fchlen\u201c und wird veranstaltet von den Naturparkf\u00fchrern Walter Hieber und Prof. Dr. Manfred Krautter. Sie freuen sich, mit ihrem M\u00fchlenwandermarathon die Kulturlandschaft Schw\u00e4bischer Wald zu einem besonderen Wandererlebnis f\u00fcr alle Naturfreunde machen zu k\u00f6nnen.<\/p>\n<p>Ausgestattet mit GPX-Daten f\u00fcrs Navi, einem Freigetr\u00e4nk und einer Karte mit Streckenverlauf k\u00f6nnen verschiedene Routen erwandert werden. Wie es sich f\u00fcr einen Marathon geh\u00f6rt, k\u00f6nnen die Wanderer w\u00e4hlen zwischen einer Tour von 42 Kilometern L\u00e4nge und einem Halbmarathon, der auf 21 Kilometern durch die reizende Landschaft f\u00fchrt. F\u00fcr Familien mit Kindern wird eine Rundtour mit 10 Kilometern ausgewiesen.<\/p>\n<p>All diejenigen, die etwas geruhsamer auf dem M\u00fchlenwanderweg unterwegs sind, k\u00f6nnen die romantischen M\u00fchlen besichtigen. Die Technikveteranen haben wie immer am Tag des Schw\u00e4bischen Waldes teilweise ge\u00f6ffnet und laden zur Einkehr. Die gut ausgeschilderte Marathonstrecke ist zudem ausgestattet mit Stempelstationen, Toiletten, Getr\u00e4nkestationen und f\u00fcr alle angemeldeten Teilnehmer f\u00fcr den Wandermarathon und seine Teilstrecken wird auch ein R\u00fcckholservice bei Notf\u00e4llen gestellt.<\/p>\n<p>Die Anmeldung ist ab sofort m\u00f6glich:<\/p>\n<p>Per E-Mail <a href=\"mailto:%20info@waldentdecker.de\" target=\"_blank\">info@waldentdecker.de <\/a>oder telefonisch: 07182\/935697.<\/p>\n<p>Weitere Informationen finden Sie unter: <a href=\"http:\/\/www.schwaebischerwald.com\" target=\"_blank\">www.schwaebischerwald.com<\/a>.<\/p>\n","protected":false},"excerpt":{"rendered":"<p>Wandern f\u00fcr Alle auf dem M\u00fchlenwanderweg mit seinen alt-ehrw\u00fcrdigen M\u00fchlen<\/p>\n","protected":false},"author":25,"featured_media":3179,"comment_status":"open","ping_status":"open","sticky":false,"template":"","format":"standard","meta":[],"categories":[7],"tags":[508],"yoast_head":"<!-- This site is optimized with the Yoast SEO plugin v19.10 - https:\/\/yoast.com\/wordpress\/plugins\/seo\/ -->\n<title>Erster M\u00fchlenwandermarathon im Schw\u00e4bischen Wald - Naturpark Schw\u00e4bisch-Fr\u00e4nkischer Wald<\/title>\n<meta name=\"robots\" content=\"index, follow, max-snippet:-1, max-image-preview:large, max-video-preview:-1\" \/>\n<link rel=\"canonical\" href=\"https:\/\/www.naturparkmagazin.de\/schwaebisch-fraenkischer-wald\/erster-muehlenwandermarathon-im-schwaebischen-wald\/\" \/>\n<meta property=\"og:locale\" content=\"de_DE\" \/>\n<meta property=\"og:type\" content=\"article\" \/>\n<meta property=\"og:title\" content=\"Erster M\u00fchlenwandermarathon im Schw\u00e4bischen Wald - Naturpark Schw\u00e4bisch-Fr\u00e4nkischer Wald\" \/>\n<meta property=\"og:description\" content=\"Wandern f\u00fcr Alle auf dem M\u00fchlenwanderweg mit seinen alt-ehrw\u00fcrdigen M\u00fchlen\" \/>\n<meta property=\"og:url\" content=\"https:\/\/www.naturparkmagazin.de\/schwaebisch-fraenkischer-wald\/erster-muehlenwandermarathon-im-schwaebischen-wald\/\" \/>\n<meta property=\"og:site_name\" content=\"Naturpark Schw\u00e4bisch-Fr\u00e4nkischer Wald\" \/>\n<meta property=\"article:author\" content=\"https:\/\/www.facebook.com\/naturparkSFW\" \/>\n<meta property=\"article:published_time\" content=\"2016-03-14T11:17:35+00:00\" \/>\n<meta property=\"article:modified_time\" content=\"2016-03-10T12:08:48+00:00\" \/>\n<meta property=\"og:image\" content=\"https:\/\/www.naturparkmagazin.de\/schwaebisch-fraenkischer-wald\/wp-content\/uploads\/sites\/34\/Muehlenjahr2016.jpg\" \/>\n\t<meta property=\"og:image:width\" content=\"200\" \/>\n\t<meta property=\"og:image:height\" content=\"200\" \/>\n\t<meta property=\"og:image:type\" content=\"image\/jpeg\" \/>\n<meta name=\"author\" content=\"Naturpark-Team\" \/>\n<meta name=\"twitter:label1\" content=\"Verfasst von\" \/>\n\t<meta name=\"twitter:data1\" content=\"Naturpark-Team\" \/>\n\t<meta name=\"twitter:label2\" content=\"Gesch\u00e4tzte Lesezeit\" \/>\n\t<meta name=\"twitter:data2\" content=\"1\u00a0Minute\" \/>\n<script type=\"application\/ld+json\" class=\"yoast-schema-graph\">{\"@context\":\"https:\/\/schema.org\",\"@graph\":[{\"@type\":\"WebPage\",\"@id\":\"https:\/\/www.naturparkmagazin.de\/schwaebisch-fraenkischer-wald\/erster-muehlenwandermarathon-im-schwaebischen-wald\/\",\"url\":\"https:\/\/www.naturparkmagazin.de\/schwaebisch-fraenkischer-wald\/erster-muehlenwandermarathon-im-schwaebischen-wald\/\",\"name\":\"Erster M\u00fchlenwandermarathon im Schw\u00e4bischen Wald - Naturpark Schw\u00e4bisch-Fr\u00e4nkischer Wald\",\"isPartOf\":{\"@id\":\"https:\/\/www.naturparkmagazin.de\/schwaebisch-fraenkischer-wald\/#website\"},\"datePublished\":\"2016-03-14T11:17:35+00:00\",\"dateModified\":\"2016-03-10T12:08:48+00:00\",\"author\":{\"@id\":\"https:\/\/www.naturparkmagazin.de\/schwaebisch-fraenkischer-wald\/#\/schema\/person\/f047a3702ae747fd7830cf8ac95e6066\"},\"breadcrumb\":{\"@id\":\"https:\/\/www.naturparkmagazin.de\/schwaebisch-fraenkischer-wald\/erster-muehlenwandermarathon-im-schwaebischen-wald\/#breadcrumb\"},\"inLanguage\":\"de\",\"potentialAction\":[{\"@type\":\"ReadAction\",\"target\":[\"https:\/\/www.naturparkmagazin.de\/schwaebisch-fraenkischer-wald\/erster-muehlenwandermarathon-im-schwaebischen-wald\/\"]}]},{\"@type\":\"BreadcrumbList\",\"@id\":\"https:\/\/www.naturparkmagazin.de\/schwaebisch-fraenkischer-wald\/erster-muehlenwandermarathon-im-schwaebischen-wald\/#breadcrumb\",\"itemListElement\":[{\"@type\":\"ListItem\",\"position\":1,\"name\":\"Home\",\"item\":\"https:\/\/www.naturparkmagazin.de\/schwaebisch-fraenkischer-wald\/\"},{\"@type\":\"ListItem\",\"position\":2,\"name\":\"Erster M\u00fchlenwandermarathon im Schw\u00e4bischen Wald\"}]},{\"@type\":\"WebSite\",\"@id\":\"https:\/\/www.naturparkmagazin.de\/schwaebisch-fraenkischer-wald\/#website\",\"url\":\"https:\/\/www.naturparkmagazin.de\/schwaebisch-fraenkischer-wald\/\",\"name\":\"Naturpark Schw\u00e4bisch-Fr\u00e4nkischer Wald\",\"description\":\"\",\"potentialAction\":[{\"@type\":\"SearchAction\",\"target\":{\"@type\":\"EntryPoint\",\"urlTemplate\":\"https:\/\/www.naturparkmagazin.de\/schwaebisch-fraenkischer-wald\/?s={search_term_string}\"},\"query-input\":\"required name=search_term_string\"}],\"inLanguage\":\"de\"},{\"@type\":\"Person\",\"@id\":\"https:\/\/www.naturparkmagazin.de\/schwaebisch-fraenkischer-wald\/#\/schema\/person\/f047a3702ae747fd7830cf8ac95e6066\",\"name\":\"Naturpark-Team\",\"sameAs\":[\"http:\/\/www.naturpark-sfw.de\",\"https:\/\/www.facebook.com\/naturparkSFW\"],\"url\":\"https:\/\/www.naturparkmagazin.de\/schwaebisch-fraenkischer-wald\/author\/bernharddrixler\/\"}]}<\/script>\n<!-- \/ Yoast SEO plugin. -->","yoast_head_json":{"title":"Erster M\u00fchlenwandermarathon im Schw\u00e4bischen Wald - Naturpark Schw\u00e4bisch-Fr\u00e4nkischer Wald","robots":{"index":"index","follow":"follow","max-snippet":"max-snippet:-1","max-image-preview":"max-image-preview:large","max-video-preview":"max-video-preview:-1"},"canonical":"https:\/\/www.naturparkmagazin.de\/schwaebisch-fraenkischer-wald\/erster-muehlenwandermarathon-im-schwaebischen-wald\/","og_locale":"de_DE","og_type":"article","og_title":"Erster M\u00fchlenwandermarathon im Schw\u00e4bischen Wald - Naturpark Schw\u00e4bisch-Fr\u00e4nkischer Wald","og_description":"Wandern f\u00fcr Alle auf dem M\u00fchlenwanderweg mit seinen alt-ehrw\u00fcrdigen M\u00fchlen","og_url":"https:\/\/www.naturparkmagazin.de\/schwaebisch-fraenkischer-wald\/erster-muehlenwandermarathon-im-schwaebischen-wald\/","og_site_name":"Naturpark Schw\u00e4bisch-Fr\u00e4nkischer Wald","article_author":"https:\/\/www.facebook.com\/naturparkSFW","article_published_time":"2016-03-14T11:17:35+00:00","article_modified_time":"2016-03-10T12:08:48+00:00","og_image":[{"width":200,"height":200,"url":"https:\/\/www.naturparkmagazin.de\/schwaebisch-fraenkischer-wald\/wp-content\/uploads\/sites\/34\/Muehlenjahr2016.jpg","type":"image\/jpeg"}],"author":"Naturpark-Team","twitter_misc":{"Verfasst von":"Naturpark-Team","Gesch\u00e4tzte Lesezeit":"1\u00a0Minute"},"schema":{"@context":"https:\/\/schema.org","@graph":[{"@type":"WebPage","@id":"https:\/\/www.naturparkmagazin.de\/schwaebisch-fraenkischer-wald\/erster-muehlenwandermarathon-im-schwaebischen-wald\/","url":"https:\/\/www.naturparkmagazin.de\/schwaebisch-fraenkischer-wald\/erster-muehlenwandermarathon-im-schwaebischen-wald\/","name":"Erster M\u00fchlenwandermarathon im Schw\u00e4bischen Wald - Naturpark Schw\u00e4bisch-Fr\u00e4nkischer Wald","isPartOf":{"@id":"https:\/\/www.naturparkmagazin.de\/schwaebisch-fraenkischer-wald\/#website"},"datePublished":"2016-03-14T11:17:35+00:00","dateModified":"2016-03-10T12:08:48+00:00","author":{"@id":"https:\/\/www.naturparkmagazin.de\/schwaebisch-fraenkischer-wald\/#\/schema\/person\/f047a3702ae747fd7830cf8ac95e6066"},"breadcrumb":{"@id":"https:\/\/www.naturparkmagazin.de\/schwaebisch-fraenkischer-wald\/erster-muehlenwandermarathon-im-schwaebischen-wald\/#breadcrumb"},"inLanguage":"de","potentialAction":[{"@type":"ReadAction","target":["https:\/\/www.naturparkmagazin.de\/schwaebisch-fraenkischer-wald\/erster-muehlenwandermarathon-im-schwaebischen-wald\/"]}]},{"@type":"BreadcrumbList","@id":"https:\/\/www.naturparkmagazin.de\/schwaebisch-fraenkischer-wald\/erster-muehlenwandermarathon-im-schwaebischen-wald\/#breadcrumb","itemListElement":[{"@type":"ListItem","position":1,"name":"Home","item":"https:\/\/www.naturparkmagazin.de\/schwaebisch-fraenkischer-wald\/"},{"@type":"ListItem","position":2,"name":"Erster M\u00fchlenwandermarathon im Schw\u00e4bischen Wald"}]},{"@type":"WebSite","@id":"https:\/\/www.naturparkmagazin.de\/schwaebisch-fraenkischer-wald\/#website","url":"https:\/\/www.naturparkmagazin.de\/schwaebisch-fraenkischer-wald\/","name":"Naturpark Schw\u00e4bisch-Fr\u00e4nkischer Wald","description":"","potentialAction":[{"@type":"SearchAction","target":{"@type":"EntryPoint","urlTemplate":"https:\/\/www.naturparkmagazin.de\/schwaebisch-fraenkischer-wald\/?s={search_term_string}"},"query-input":"required name=search_term_string"}],"inLanguage":"de"},{"@type":"Person","@id":"https:\/\/www.naturparkmagazin.de\/schwaebisch-fraenkischer-wald\/#\/schema\/person\/f047a3702ae747fd7830cf8ac95e6066","name":"Naturpark-Team","sameAs":["http:\/\/www.naturpark-sfw.de","https:\/\/www.facebook.com\/naturparkSFW"],"url":"https:\/\/www.naturparkmagazin.de\/schwaebisch-fraenkischer-wald\/author\/bernharddrixler\/"}]}},"_links":{"self":[{"href":"https:\/\/www.naturparkmagazin.de\/schwaebisch-fraenkischer-wald\/wp-json\/wp\/v2\/posts\/3178"}],"collection":[{"href":"https:\/\/www.naturparkmagazin.de\/schwaebisch-fraenkischer-wald\/wp-json\/wp\/v2\/posts"}],"about":[{"href":"https:\/\/www.naturparkmagazin.de\/schwaebisch-fraenkischer-wald\/wp-json\/wp\/v2\/types\/post"}],"author":[{"embeddable":true,"href":"https:\/\/www.naturparkmagazin.de\/schwaebisch-fraenkischer-wald\/wp-json\/wp\/v2\/users\/25"}],"replies":[{"embeddable":true,"href":"https:\/\/www.naturparkmagazin.de\/schwaebisch-fraenkischer-wald\/wp-json\/wp\/v2\/comments?post=3178"}],"version-history":[{"count":1,"href":"https:\/\/www.naturparkmagazin.de\/schwaebisch-fraenkischer-wald\/wp-json\/wp\/v2\/posts\/3178\/revisions"}],"predecessor-version":[{"id":3180,"href":"https:\/\/www.naturparkmagazin.de\/schwaebisch-fraenkischer-wald\/wp-json\/wp\/v2\/posts\/3178\/revisions\/3180"}],"wp:featuredmedia":[{"embeddable":true,"href":"https:\/\/www.naturparkmagazin.de\/schwaebisch-fraenkischer-wald\/wp-json\/wp\/v2\/media\/3179"}],"wp:attachment":[{"href":"https:\/\/www.naturparkmagazin.de\/schwaebisch-fraenkischer-wald\/wp-json\/wp\/v2\/media?parent=3178"}],"wp:term":[{"taxonomy":"category","embeddable":true,"href":"https:\/\/www.naturparkmagazin.de\/schwaebisch-fraenkischer-wald\/wp-json\/wp\/v2\/categories?post=3178"},{"taxonomy":"post_tag","embeddable":true,"href":"https:\/\/www.naturparkmagazin.de\/schwaebisch-fraenkischer-wald\/wp-json\/wp\/v2\/tags?post=3178"}],"curies":[{"name":"wp","href":"https:\/\/api.w.org\/{rel}","templated":true}]}}