{"id":3184,"date":"2016-03-14T13:16:31","date_gmt":"2016-03-14T12:16:31","guid":{"rendered":"http:\/\/www.naturparkmagazin.de\/schwaebisch-fraenkischer-wald\/?p=3184"},"modified":"2016-03-10T13:25:23","modified_gmt":"2016-03-10T12:25:23","slug":"land-verleiht-auszeichnung-nachhaltiges-reiseziel","status":"publish","type":"post","link":"https:\/\/www.naturparkmagazin.de\/schwaebisch-fraenkischer-wald\/land-verleiht-auszeichnung-nachhaltiges-reiseziel\/","title":{"rendered":"Land verleiht Auszeichnung \u201eNachhaltiges Reiseziel\u201c"},"content":{"rendered":"<p>Minister Alexander Bonde: \u201eNachhaltigkeits-Check honoriert Engagement von Reisezielen, sich \u00f6kologisch, \u00f6konomisch und sozial weiterzuentwickeln.\u201c<\/p>\n<div id=\"attachment_3185\" style=\"width: 210px\" class=\"wp-caption alignright\"><a href=\"https:\/\/www.naturparkmagazin.de\/schwaebisch-fraenkischer-wald\/wp-content\/uploads\/sites\/34\/k2176-160224Cleuschner_photos.jpg\"><img aria-describedby=\"caption-attachment-3185\" decoding=\"async\" loading=\"lazy\" class=\"size-full wp-image-3185\" src=\"https:\/\/www.naturparkmagazin.de\/schwaebisch-fraenkischer-wald\/wp-content\/uploads\/sites\/34\/k2176-160224Cleuschner_photos.jpg\" alt=\"Land verleiht Auszeichnung \u201eNachhaltiges Reiseziel\u201c\" width=\"200\" height=\"200\" srcset=\"https:\/\/www.naturparkmagazin.de\/schwaebisch-fraenkischer-wald\/wp-content\/uploads\/sites\/34\/k2176-160224Cleuschner_photos.jpg 200w, https:\/\/www.naturparkmagazin.de\/schwaebisch-fraenkischer-wald\/wp-content\/uploads\/sites\/34\/k2176-160224Cleuschner_photos-30x30.jpg 30w\" sizes=\"(max-width: 200px) 100vw, 200px\" \/><\/a><p id=\"caption-attachment-3185\" class=\"wp-caption-text\">Land verleiht Auszeichnung \u201eNachhaltiges Reiseziel\u201c<\/p><\/div>\n<p>Baden-W\u00fcrttemberg ist mit erstklassigen Tourismuszielen und vielf\u00e4ltigen touristischen Angeboten ein beliebtes Reiseziel. Neben faszinierenden Landschaften, spannenden St\u00e4dten und ausgezeichnetem Essen spielt f\u00fcr immer mehr G\u00e4ste Nachhaltigkeit eine gro\u00dfe Rolle bei ihrer Urlaubsplanung. Die gr\u00fcn-rote Landesregierung hat deshalb das bundesweit erste Zertifizierungsverfahren f\u00fcr ganze Tourismusdestinationen entwickelt und getestet: den Nachhaltigkeits-Check.<\/p>\n<p>Vorreiter des Nachhaltigkeits-Checks waren der Europa-Park in Rust, der Kurort Bad D\u00fcrrheim, der Naturpark Schw\u00e4bisch-Fr\u00e4nkischer Wald sowie die Landeshauptstadt Stuttgart. Diese vier Destinationen wurden 2014 als \u201eNachhaltiges Reiseziel\u201c ausgezeichnet. Im Anschluss daran haben sechs weitere Reiseziele (Bad Herrenalb, Bad Mergentheim, Baiersbronn und Insel Mainau sowie Hochschwarzwald Tourismus GmbH und Tourismus GmbH N\u00f6rdlicher Schwarzwald) im Land das Zertifizierungsverfahren durchlaufen.<\/p>\n<p>\u201eBei diesen zehn Regionen soll es nicht bleiben. Nachdem der Nachhaltigkeits-Check nun erfolgreich etabliert wurde, soll er k\u00fcnftig allen Reisezielen in Baden-W\u00fcrttemberg zur Verf\u00fcgung stehen \u2013 und dar\u00fcber hinaus\u201c, sagte Bonde. Der Nachhaltigkeits-Check stie\u00dfe bundesweit auf breites Interesse, so der Minister abschlie\u00dfend.<\/p>\n<p>Weitere Informationen zum Nachhaltigkeits-Check sind hier abrufbar: <a href=\"http:\/\/mlr.baden-wuerttemberg.de\/de\/unsere-themen\/tourismus\/nachhaltiger- tourismus\/nachhaltigkeitscheck\/\" target=\"_blank\">http:\/\/mlr.baden-wuerttemberg.de\/de\/unsere-themen\/tourismus\/nachhaltiger- tourismus\/nachhaltigkeitscheck\/<\/a><\/p>\n","protected":false},"excerpt":{"rendered":"<p>Baden-W\u00fcrttemberg mit erstklassigen Tourismuszielen beliebtes Reiseziel<\/p>\n","protected":false},"author":25,"featured_media":3185,"comment_status":"open","ping_status":"open","sticky":false,"template":"","format":"standard","meta":[],"categories":[7],"tags":[508],"yoast_head":"<!-- This site is optimized with the Yoast SEO plugin v19.10 - https:\/\/yoast.com\/wordpress\/plugins\/seo\/ -->\n<title>Land verleiht Auszeichnung \u201eNachhaltiges Reiseziel\u201c - Naturpark Schw\u00e4bisch-Fr\u00e4nkischer Wald<\/title>\n<meta name=\"robots\" content=\"index, follow, max-snippet:-1, max-image-preview:large, max-video-preview:-1\" \/>\n<link rel=\"canonical\" href=\"https:\/\/www.naturparkmagazin.de\/schwaebisch-fraenkischer-wald\/land-verleiht-auszeichnung-nachhaltiges-reiseziel\/\" \/>\n<meta property=\"og:locale\" content=\"de_DE\" \/>\n<meta property=\"og:type\" content=\"article\" \/>\n<meta property=\"og:title\" content=\"Land verleiht Auszeichnung \u201eNachhaltiges Reiseziel\u201c - Naturpark Schw\u00e4bisch-Fr\u00e4nkischer Wald\" \/>\n<meta property=\"og:description\" content=\"Baden-W\u00fcrttemberg mit erstklassigen Tourismuszielen beliebtes Reiseziel\" \/>\n<meta property=\"og:url\" content=\"https:\/\/www.naturparkmagazin.de\/schwaebisch-fraenkischer-wald\/land-verleiht-auszeichnung-nachhaltiges-reiseziel\/\" \/>\n<meta property=\"og:site_name\" content=\"Naturpark Schw\u00e4bisch-Fr\u00e4nkischer Wald\" \/>\n<meta property=\"article:author\" content=\"https:\/\/www.facebook.com\/naturparkSFW\" \/>\n<meta property=\"article:published_time\" content=\"2016-03-14T12:16:31+00:00\" \/>\n<meta property=\"article:modified_time\" content=\"2016-03-10T12:25:23+00:00\" \/>\n<meta property=\"og:image\" content=\"https:\/\/www.naturparkmagazin.de\/schwaebisch-fraenkischer-wald\/wp-content\/uploads\/sites\/34\/k2176-160224Cleuschner_photos.jpg\" \/>\n\t<meta property=\"og:image:width\" content=\"200\" \/>\n\t<meta property=\"og:image:height\" content=\"200\" \/>\n\t<meta property=\"og:image:type\" content=\"image\/jpeg\" \/>\n<meta name=\"author\" content=\"Naturpark-Team\" \/>\n<meta name=\"twitter:label1\" content=\"Verfasst von\" \/>\n\t<meta name=\"twitter:data1\" content=\"Naturpark-Team\" \/>\n\t<meta name=\"twitter:label2\" content=\"Gesch\u00e4tzte Lesezeit\" \/>\n\t<meta name=\"twitter:data2\" content=\"1\u00a0Minute\" \/>\n<script type=\"application\/ld+json\" class=\"yoast-schema-graph\">{\"@context\":\"https:\/\/schema.org\",\"@graph\":[{\"@type\":\"WebPage\",\"@id\":\"https:\/\/www.naturparkmagazin.de\/schwaebisch-fraenkischer-wald\/land-verleiht-auszeichnung-nachhaltiges-reiseziel\/\",\"url\":\"https:\/\/www.naturparkmagazin.de\/schwaebisch-fraenkischer-wald\/land-verleiht-auszeichnung-nachhaltiges-reiseziel\/\",\"name\":\"Land verleiht Auszeichnung \u201eNachhaltiges Reiseziel\u201c - Naturpark Schw\u00e4bisch-Fr\u00e4nkischer Wald\",\"isPartOf\":{\"@id\":\"https:\/\/www.naturparkmagazin.de\/schwaebisch-fraenkischer-wald\/#website\"},\"datePublished\":\"2016-03-14T12:16:31+00:00\",\"dateModified\":\"2016-03-10T12:25:23+00:00\",\"author\":{\"@id\":\"https:\/\/www.naturparkmagazin.de\/schwaebisch-fraenkischer-wald\/#\/schema\/person\/f047a3702ae747fd7830cf8ac95e6066\"},\"breadcrumb\":{\"@id\":\"https:\/\/www.naturparkmagazin.de\/schwaebisch-fraenkischer-wald\/land-verleiht-auszeichnung-nachhaltiges-reiseziel\/#breadcrumb\"},\"inLanguage\":\"de\",\"potentialAction\":[{\"@type\":\"ReadAction\",\"target\":[\"https:\/\/www.naturparkmagazin.de\/schwaebisch-fraenkischer-wald\/land-verleiht-auszeichnung-nachhaltiges-reiseziel\/\"]}]},{\"@type\":\"BreadcrumbList\",\"@id\":\"https:\/\/www.naturparkmagazin.de\/schwaebisch-fraenkischer-wald\/land-verleiht-auszeichnung-nachhaltiges-reiseziel\/#breadcrumb\",\"itemListElement\":[{\"@type\":\"ListItem\",\"position\":1,\"name\":\"Home\",\"item\":\"https:\/\/www.naturparkmagazin.de\/schwaebisch-fraenkischer-wald\/\"},{\"@type\":\"ListItem\",\"position\":2,\"name\":\"Land verleiht Auszeichnung \u201eNachhaltiges Reiseziel\u201c\"}]},{\"@type\":\"WebSite\",\"@id\":\"https:\/\/www.naturparkmagazin.de\/schwaebisch-fraenkischer-wald\/#website\",\"url\":\"https:\/\/www.naturparkmagazin.de\/schwaebisch-fraenkischer-wald\/\",\"name\":\"Naturpark Schw\u00e4bisch-Fr\u00e4nkischer Wald\",\"description\":\"\",\"potentialAction\":[{\"@type\":\"SearchAction\",\"target\":{\"@type\":\"EntryPoint\",\"urlTemplate\":\"https:\/\/www.naturparkmagazin.de\/schwaebisch-fraenkischer-wald\/?s={search_term_string}\"},\"query-input\":\"required name=search_term_string\"}],\"inLanguage\":\"de\"},{\"@type\":\"Person\",\"@id\":\"https:\/\/www.naturparkmagazin.de\/schwaebisch-fraenkischer-wald\/#\/schema\/person\/f047a3702ae747fd7830cf8ac95e6066\",\"name\":\"Naturpark-Team\",\"sameAs\":[\"http:\/\/www.naturpark-sfw.de\",\"https:\/\/www.facebook.com\/naturparkSFW\"],\"url\":\"https:\/\/www.naturparkmagazin.de\/schwaebisch-fraenkischer-wald\/author\/bernharddrixler\/\"}]}<\/script>\n<!-- \/ Yoast SEO plugin. -->","yoast_head_json":{"title":"Land verleiht Auszeichnung \u201eNachhaltiges Reiseziel\u201c - Naturpark Schw\u00e4bisch-Fr\u00e4nkischer Wald","robots":{"index":"index","follow":"follow","max-snippet":"max-snippet:-1","max-image-preview":"max-image-preview:large","max-video-preview":"max-video-preview:-1"},"canonical":"https:\/\/www.naturparkmagazin.de\/schwaebisch-fraenkischer-wald\/land-verleiht-auszeichnung-nachhaltiges-reiseziel\/","og_locale":"de_DE","og_type":"article","og_title":"Land verleiht Auszeichnung \u201eNachhaltiges Reiseziel\u201c - Naturpark Schw\u00e4bisch-Fr\u00e4nkischer Wald","og_description":"Baden-W\u00fcrttemberg mit erstklassigen Tourismuszielen beliebtes Reiseziel","og_url":"https:\/\/www.naturparkmagazin.de\/schwaebisch-fraenkischer-wald\/land-verleiht-auszeichnung-nachhaltiges-reiseziel\/","og_site_name":"Naturpark Schw\u00e4bisch-Fr\u00e4nkischer Wald","article_author":"https:\/\/www.facebook.com\/naturparkSFW","article_published_time":"2016-03-14T12:16:31+00:00","article_modified_time":"2016-03-10T12:25:23+00:00","og_image":[{"width":200,"height":200,"url":"https:\/\/www.naturparkmagazin.de\/schwaebisch-fraenkischer-wald\/wp-content\/uploads\/sites\/34\/k2176-160224Cleuschner_photos.jpg","type":"image\/jpeg"}],"author":"Naturpark-Team","twitter_misc":{"Verfasst von":"Naturpark-Team","Gesch\u00e4tzte Lesezeit":"1\u00a0Minute"},"schema":{"@context":"https:\/\/schema.org","@graph":[{"@type":"WebPage","@id":"https:\/\/www.naturparkmagazin.de\/schwaebisch-fraenkischer-wald\/land-verleiht-auszeichnung-nachhaltiges-reiseziel\/","url":"https:\/\/www.naturparkmagazin.de\/schwaebisch-fraenkischer-wald\/land-verleiht-auszeichnung-nachhaltiges-reiseziel\/","name":"Land verleiht Auszeichnung \u201eNachhaltiges Reiseziel\u201c - Naturpark Schw\u00e4bisch-Fr\u00e4nkischer Wald","isPartOf":{"@id":"https:\/\/www.naturparkmagazin.de\/schwaebisch-fraenkischer-wald\/#website"},"datePublished":"2016-03-14T12:16:31+00:00","dateModified":"2016-03-10T12:25:23+00:00","author":{"@id":"https:\/\/www.naturparkmagazin.de\/schwaebisch-fraenkischer-wald\/#\/schema\/person\/f047a3702ae747fd7830cf8ac95e6066"},"breadcrumb":{"@id":"https:\/\/www.naturparkmagazin.de\/schwaebisch-fraenkischer-wald\/land-verleiht-auszeichnung-nachhaltiges-reiseziel\/#breadcrumb"},"inLanguage":"de","potentialAction":[{"@type":"ReadAction","target":["https:\/\/www.naturparkmagazin.de\/schwaebisch-fraenkischer-wald\/land-verleiht-auszeichnung-nachhaltiges-reiseziel\/"]}]},{"@type":"BreadcrumbList","@id":"https:\/\/www.naturparkmagazin.de\/schwaebisch-fraenkischer-wald\/land-verleiht-auszeichnung-nachhaltiges-reiseziel\/#breadcrumb","itemListElement":[{"@type":"ListItem","position":1,"name":"Home","item":"https:\/\/www.naturparkmagazin.de\/schwaebisch-fraenkischer-wald\/"},{"@type":"ListItem","position":2,"name":"Land verleiht Auszeichnung \u201eNachhaltiges Reiseziel\u201c"}]},{"@type":"WebSite","@id":"https:\/\/www.naturparkmagazin.de\/schwaebisch-fraenkischer-wald\/#website","url":"https:\/\/www.naturparkmagazin.de\/schwaebisch-fraenkischer-wald\/","name":"Naturpark Schw\u00e4bisch-Fr\u00e4nkischer Wald","description":"","potentialAction":[{"@type":"SearchAction","target":{"@type":"EntryPoint","urlTemplate":"https:\/\/www.naturparkmagazin.de\/schwaebisch-fraenkischer-wald\/?s={search_term_string}"},"query-input":"required name=search_term_string"}],"inLanguage":"de"},{"@type":"Person","@id":"https:\/\/www.naturparkmagazin.de\/schwaebisch-fraenkischer-wald\/#\/schema\/person\/f047a3702ae747fd7830cf8ac95e6066","name":"Naturpark-Team","sameAs":["http:\/\/www.naturpark-sfw.de","https:\/\/www.facebook.com\/naturparkSFW"],"url":"https:\/\/www.naturparkmagazin.de\/schwaebisch-fraenkischer-wald\/author\/bernharddrixler\/"}]}},"_links":{"self":[{"href":"https:\/\/www.naturparkmagazin.de\/schwaebisch-fraenkischer-wald\/wp-json\/wp\/v2\/posts\/3184"}],"collection":[{"href":"https:\/\/www.naturparkmagazin.de\/schwaebisch-fraenkischer-wald\/wp-json\/wp\/v2\/posts"}],"about":[{"href":"https:\/\/www.naturparkmagazin.de\/schwaebisch-fraenkischer-wald\/wp-json\/wp\/v2\/types\/post"}],"author":[{"embeddable":true,"href":"https:\/\/www.naturparkmagazin.de\/schwaebisch-fraenkischer-wald\/wp-json\/wp\/v2\/users\/25"}],"replies":[{"embeddable":true,"href":"https:\/\/www.naturparkmagazin.de\/schwaebisch-fraenkischer-wald\/wp-json\/wp\/v2\/comments?post=3184"}],"version-history":[{"count":1,"href":"https:\/\/www.naturparkmagazin.de\/schwaebisch-fraenkischer-wald\/wp-json\/wp\/v2\/posts\/3184\/revisions"}],"predecessor-version":[{"id":3186,"href":"https:\/\/www.naturparkmagazin.de\/schwaebisch-fraenkischer-wald\/wp-json\/wp\/v2\/posts\/3184\/revisions\/3186"}],"wp:featuredmedia":[{"embeddable":true,"href":"https:\/\/www.naturparkmagazin.de\/schwaebisch-fraenkischer-wald\/wp-json\/wp\/v2\/media\/3185"}],"wp:attachment":[{"href":"https:\/\/www.naturparkmagazin.de\/schwaebisch-fraenkischer-wald\/wp-json\/wp\/v2\/media?parent=3184"}],"wp:term":[{"taxonomy":"category","embeddable":true,"href":"https:\/\/www.naturparkmagazin.de\/schwaebisch-fraenkischer-wald\/wp-json\/wp\/v2\/categories?post=3184"},{"taxonomy":"post_tag","embeddable":true,"href":"https:\/\/www.naturparkmagazin.de\/schwaebisch-fraenkischer-wald\/wp-json\/wp\/v2\/tags?post=3184"}],"curies":[{"name":"wp","href":"https:\/\/api.w.org\/{rel}","templated":true}]}}