{"id":3204,"date":"2016-03-14T14:25:44","date_gmt":"2016-03-14T13:25:44","guid":{"rendered":"http:\/\/www.naturparkmagazin.de\/schwaebisch-fraenkischer-wald\/?p=3204"},"modified":"2016-03-10T14:43:24","modified_gmt":"2016-03-10T13:43:24","slug":"unsere-nachhaltigen-partnerbetriebe-2","status":"publish","type":"post","link":"https:\/\/www.naturparkmagazin.de\/schwaebisch-fraenkischer-wald\/unsere-nachhaltigen-partnerbetriebe-2\/","title":{"rendered":"Unsere nachhaltigen Partnerbetriebe"},"content":{"rendered":"<p>Unsere insgesamt 17 Partnerbetriebe nehmen Nachhaltigkeit als wichtige F\u00fchrungsaufgabe wahr und leisten ihren eigenen Beitrag f\u00fcr faire und nachhaltige \u00f6kologische, \u00f6konomische und sozio-kulturelle Bedingungen. Daher arbeiten sie stetig daran, die eigene Bilanz in Sachen Nachhaltigkeit zu verbessern.<\/p>\n<p>Im Mai 2000 er\u00f6ffnete Thomas Weber seine eigene kleine Kabarettb\u00fchne in Gro\u00dfh\u00f6chberg: das \u201eKABIriNETT \u2013 die Probierb\u00fchne a.d.L.\u201c.\nIm Jahr darauf erfolgte der Umzug ins eigens daf\u00fcr erbaute Theaterhaus. Webers KABIriNETT ist mittlerweile ein beliebtes Ziel f\u00fcr Publikum und K\u00fcnstler geworden und aus der Kulturlandschaft nicht mehr wegzudenken.<\/p>\n<div id=\"attachment_3205\" style=\"width: 210px\" class=\"wp-caption alignright\"><a href=\"https:\/\/www.naturparkmagazin.de\/schwaebisch-fraenkischer-wald\/wp-content\/uploads\/sites\/34\/01_2016_Kabirinett_Mundart.jpg\"><img aria-describedby=\"caption-attachment-3205\" decoding=\"async\" loading=\"lazy\" class=\"size-full wp-image-3205\" src=\"https:\/\/www.naturparkmagazin.de\/schwaebisch-fraenkischer-wald\/wp-content\/uploads\/sites\/34\/01_2016_Kabirinett_Mundart.jpg\" alt=\"Theater KABIriNETT - die Probierb\u00fchne a.d.L.\" width=\"200\" height=\"200\" srcset=\"https:\/\/www.naturparkmagazin.de\/schwaebisch-fraenkischer-wald\/wp-content\/uploads\/sites\/34\/01_2016_Kabirinett_Mundart.jpg 200w, https:\/\/www.naturparkmagazin.de\/schwaebisch-fraenkischer-wald\/wp-content\/uploads\/sites\/34\/01_2016_Kabirinett_Mundart-30x30.jpg 30w\" sizes=\"(max-width: 200px) 100vw, 200px\" \/><\/a><p id=\"caption-attachment-3205\" class=\"wp-caption-text\">Theater KABIriNETT &#8211; die Probierb\u00fchne a.d.L.<\/p><\/div>\n<p>&#8222;Das Dorf in den L\u00fcften &#8211; ein Open Air Live-H\u00f6rspiel&#8220;, das derzeitige Sommerst\u00fcck, widmete Theaterchef Weber der Kulturlandschaft Schw\u00e4bischer Wald.<\/p>\n<p>Die beiden Kulinarst\u00fccke &#8222;MundArt &#8211; Weber kocht. Gut. B\u00fcrgerlich&#8220; und &#8222;BrotZeit &#8211; Most. Durst. Wurst.&#8220; sind beliebte Klassiker. Umso mehr d\u00fcrften wir auf das neues St\u00fcck, sein drittes Kulinarst\u00fcck, gespannt sein: &#8222;Schw\u00e4bisch All &#8211; Weber l\u00e4sst einen fliegen.&#8220; Allen Kulinarst\u00fccken gemein ist, dass es ein schw\u00e4bisches Vesper und ein Getr\u00e4nk gibt &#8211; f\u00fcr das die Zuschauer auch immer mit eingespannt werden.<\/p>\n<p>Viele weitere Informationen zum Theater KABIriNETT finden Sie hier:<\/p>\n<p>Thomas Weber<\/p>\n<p>Kleinh\u00f6chberger Weg 1<\/p>\n<p>71579 Spiegelberg-Gro\u00dfh\u00f6chberg<\/p>\n<p>Telefon: 07194-911140<\/p>\n<p><a href=\"http:\/\/www.kabirinett.de\" target=\"_blank\">Homepage<\/a><\/p>\n","protected":false},"excerpt":{"rendered":"<p>Theater KABIriNETT &#8211; die Probierb\u00fchne a.d.L.<\/p>\n","protected":false},"author":25,"featured_media":3205,"comment_status":"open","ping_status":"open","sticky":false,"template":"","format":"standard","meta":[],"categories":[13],"tags":[508],"yoast_head":"<!-- This site is optimized with the Yoast SEO plugin v19.10 - https:\/\/yoast.com\/wordpress\/plugins\/seo\/ -->\n<title>Unsere nachhaltigen Partnerbetriebe - Naturpark Schw\u00e4bisch-Fr\u00e4nkischer Wald<\/title>\n<meta name=\"robots\" content=\"index, follow, max-snippet:-1, max-image-preview:large, max-video-preview:-1\" \/>\n<link rel=\"canonical\" href=\"https:\/\/www.naturparkmagazin.de\/schwaebisch-fraenkischer-wald\/unsere-nachhaltigen-partnerbetriebe-2\/\" \/>\n<meta property=\"og:locale\" content=\"de_DE\" \/>\n<meta property=\"og:type\" content=\"article\" \/>\n<meta property=\"og:title\" content=\"Unsere nachhaltigen Partnerbetriebe - Naturpark Schw\u00e4bisch-Fr\u00e4nkischer Wald\" \/>\n<meta property=\"og:description\" content=\"Theater KABIriNETT - die Probierb\u00fchne a.d.L.\" \/>\n<meta property=\"og:url\" content=\"https:\/\/www.naturparkmagazin.de\/schwaebisch-fraenkischer-wald\/unsere-nachhaltigen-partnerbetriebe-2\/\" \/>\n<meta property=\"og:site_name\" content=\"Naturpark Schw\u00e4bisch-Fr\u00e4nkischer Wald\" \/>\n<meta property=\"article:author\" content=\"https:\/\/www.facebook.com\/naturparkSFW\" \/>\n<meta property=\"article:published_time\" content=\"2016-03-14T13:25:44+00:00\" \/>\n<meta property=\"article:modified_time\" content=\"2016-03-10T13:43:24+00:00\" \/>\n<meta property=\"og:image\" content=\"https:\/\/www.naturparkmagazin.de\/schwaebisch-fraenkischer-wald\/wp-content\/uploads\/sites\/34\/01_2016_Kabirinett_Mundart.jpg\" \/>\n\t<meta property=\"og:image:width\" content=\"200\" \/>\n\t<meta property=\"og:image:height\" content=\"200\" \/>\n\t<meta property=\"og:image:type\" content=\"image\/jpeg\" \/>\n<meta name=\"author\" content=\"Naturpark-Team\" \/>\n<meta name=\"twitter:label1\" content=\"Verfasst von\" \/>\n\t<meta name=\"twitter:data1\" content=\"Naturpark-Team\" \/>\n\t<meta name=\"twitter:label2\" content=\"Gesch\u00e4tzte Lesezeit\" \/>\n\t<meta name=\"twitter:data2\" content=\"1\u00a0Minute\" \/>\n<script type=\"application\/ld+json\" class=\"yoast-schema-graph\">{\"@context\":\"https:\/\/schema.org\",\"@graph\":[{\"@type\":\"WebPage\",\"@id\":\"https:\/\/www.naturparkmagazin.de\/schwaebisch-fraenkischer-wald\/unsere-nachhaltigen-partnerbetriebe-2\/\",\"url\":\"https:\/\/www.naturparkmagazin.de\/schwaebisch-fraenkischer-wald\/unsere-nachhaltigen-partnerbetriebe-2\/\",\"name\":\"Unsere nachhaltigen Partnerbetriebe - Naturpark Schw\u00e4bisch-Fr\u00e4nkischer Wald\",\"isPartOf\":{\"@id\":\"https:\/\/www.naturparkmagazin.de\/schwaebisch-fraenkischer-wald\/#website\"},\"datePublished\":\"2016-03-14T13:25:44+00:00\",\"dateModified\":\"2016-03-10T13:43:24+00:00\",\"author\":{\"@id\":\"https:\/\/www.naturparkmagazin.de\/schwaebisch-fraenkischer-wald\/#\/schema\/person\/f047a3702ae747fd7830cf8ac95e6066\"},\"breadcrumb\":{\"@id\":\"https:\/\/www.naturparkmagazin.de\/schwaebisch-fraenkischer-wald\/unsere-nachhaltigen-partnerbetriebe-2\/#breadcrumb\"},\"inLanguage\":\"de\",\"potentialAction\":[{\"@type\":\"ReadAction\",\"target\":[\"https:\/\/www.naturparkmagazin.de\/schwaebisch-fraenkischer-wald\/unsere-nachhaltigen-partnerbetriebe-2\/\"]}]},{\"@type\":\"BreadcrumbList\",\"@id\":\"https:\/\/www.naturparkmagazin.de\/schwaebisch-fraenkischer-wald\/unsere-nachhaltigen-partnerbetriebe-2\/#breadcrumb\",\"itemListElement\":[{\"@type\":\"ListItem\",\"position\":1,\"name\":\"Home\",\"item\":\"https:\/\/www.naturparkmagazin.de\/schwaebisch-fraenkischer-wald\/\"},{\"@type\":\"ListItem\",\"position\":2,\"name\":\"Unsere nachhaltigen Partnerbetriebe\"}]},{\"@type\":\"WebSite\",\"@id\":\"https:\/\/www.naturparkmagazin.de\/schwaebisch-fraenkischer-wald\/#website\",\"url\":\"https:\/\/www.naturparkmagazin.de\/schwaebisch-fraenkischer-wald\/\",\"name\":\"Naturpark Schw\u00e4bisch-Fr\u00e4nkischer Wald\",\"description\":\"\",\"potentialAction\":[{\"@type\":\"SearchAction\",\"target\":{\"@type\":\"EntryPoint\",\"urlTemplate\":\"https:\/\/www.naturparkmagazin.de\/schwaebisch-fraenkischer-wald\/?s={search_term_string}\"},\"query-input\":\"required name=search_term_string\"}],\"inLanguage\":\"de\"},{\"@type\":\"Person\",\"@id\":\"https:\/\/www.naturparkmagazin.de\/schwaebisch-fraenkischer-wald\/#\/schema\/person\/f047a3702ae747fd7830cf8ac95e6066\",\"name\":\"Naturpark-Team\",\"sameAs\":[\"http:\/\/www.naturpark-sfw.de\",\"https:\/\/www.facebook.com\/naturparkSFW\"],\"url\":\"https:\/\/www.naturparkmagazin.de\/schwaebisch-fraenkischer-wald\/author\/bernharddrixler\/\"}]}<\/script>\n<!-- \/ Yoast SEO plugin. -->","yoast_head_json":{"title":"Unsere nachhaltigen Partnerbetriebe - Naturpark Schw\u00e4bisch-Fr\u00e4nkischer Wald","robots":{"index":"index","follow":"follow","max-snippet":"max-snippet:-1","max-image-preview":"max-image-preview:large","max-video-preview":"max-video-preview:-1"},"canonical":"https:\/\/www.naturparkmagazin.de\/schwaebisch-fraenkischer-wald\/unsere-nachhaltigen-partnerbetriebe-2\/","og_locale":"de_DE","og_type":"article","og_title":"Unsere nachhaltigen Partnerbetriebe - Naturpark Schw\u00e4bisch-Fr\u00e4nkischer Wald","og_description":"Theater KABIriNETT - die Probierb\u00fchne a.d.L.","og_url":"https:\/\/www.naturparkmagazin.de\/schwaebisch-fraenkischer-wald\/unsere-nachhaltigen-partnerbetriebe-2\/","og_site_name":"Naturpark Schw\u00e4bisch-Fr\u00e4nkischer Wald","article_author":"https:\/\/www.facebook.com\/naturparkSFW","article_published_time":"2016-03-14T13:25:44+00:00","article_modified_time":"2016-03-10T13:43:24+00:00","og_image":[{"width":200,"height":200,"url":"https:\/\/www.naturparkmagazin.de\/schwaebisch-fraenkischer-wald\/wp-content\/uploads\/sites\/34\/01_2016_Kabirinett_Mundart.jpg","type":"image\/jpeg"}],"author":"Naturpark-Team","twitter_misc":{"Verfasst von":"Naturpark-Team","Gesch\u00e4tzte Lesezeit":"1\u00a0Minute"},"schema":{"@context":"https:\/\/schema.org","@graph":[{"@type":"WebPage","@id":"https:\/\/www.naturparkmagazin.de\/schwaebisch-fraenkischer-wald\/unsere-nachhaltigen-partnerbetriebe-2\/","url":"https:\/\/www.naturparkmagazin.de\/schwaebisch-fraenkischer-wald\/unsere-nachhaltigen-partnerbetriebe-2\/","name":"Unsere nachhaltigen Partnerbetriebe - Naturpark Schw\u00e4bisch-Fr\u00e4nkischer Wald","isPartOf":{"@id":"https:\/\/www.naturparkmagazin.de\/schwaebisch-fraenkischer-wald\/#website"},"datePublished":"2016-03-14T13:25:44+00:00","dateModified":"2016-03-10T13:43:24+00:00","author":{"@id":"https:\/\/www.naturparkmagazin.de\/schwaebisch-fraenkischer-wald\/#\/schema\/person\/f047a3702ae747fd7830cf8ac95e6066"},"breadcrumb":{"@id":"https:\/\/www.naturparkmagazin.de\/schwaebisch-fraenkischer-wald\/unsere-nachhaltigen-partnerbetriebe-2\/#breadcrumb"},"inLanguage":"de","potentialAction":[{"@type":"ReadAction","target":["https:\/\/www.naturparkmagazin.de\/schwaebisch-fraenkischer-wald\/unsere-nachhaltigen-partnerbetriebe-2\/"]}]},{"@type":"BreadcrumbList","@id":"https:\/\/www.naturparkmagazin.de\/schwaebisch-fraenkischer-wald\/unsere-nachhaltigen-partnerbetriebe-2\/#breadcrumb","itemListElement":[{"@type":"ListItem","position":1,"name":"Home","item":"https:\/\/www.naturparkmagazin.de\/schwaebisch-fraenkischer-wald\/"},{"@type":"ListItem","position":2,"name":"Unsere nachhaltigen Partnerbetriebe"}]},{"@type":"WebSite","@id":"https:\/\/www.naturparkmagazin.de\/schwaebisch-fraenkischer-wald\/#website","url":"https:\/\/www.naturparkmagazin.de\/schwaebisch-fraenkischer-wald\/","name":"Naturpark Schw\u00e4bisch-Fr\u00e4nkischer Wald","description":"","potentialAction":[{"@type":"SearchAction","target":{"@type":"EntryPoint","urlTemplate":"https:\/\/www.naturparkmagazin.de\/schwaebisch-fraenkischer-wald\/?s={search_term_string}"},"query-input":"required name=search_term_string"}],"inLanguage":"de"},{"@type":"Person","@id":"https:\/\/www.naturparkmagazin.de\/schwaebisch-fraenkischer-wald\/#\/schema\/person\/f047a3702ae747fd7830cf8ac95e6066","name":"Naturpark-Team","sameAs":["http:\/\/www.naturpark-sfw.de","https:\/\/www.facebook.com\/naturparkSFW"],"url":"https:\/\/www.naturparkmagazin.de\/schwaebisch-fraenkischer-wald\/author\/bernharddrixler\/"}]}},"_links":{"self":[{"href":"https:\/\/www.naturparkmagazin.de\/schwaebisch-fraenkischer-wald\/wp-json\/wp\/v2\/posts\/3204"}],"collection":[{"href":"https:\/\/www.naturparkmagazin.de\/schwaebisch-fraenkischer-wald\/wp-json\/wp\/v2\/posts"}],"about":[{"href":"https:\/\/www.naturparkmagazin.de\/schwaebisch-fraenkischer-wald\/wp-json\/wp\/v2\/types\/post"}],"author":[{"embeddable":true,"href":"https:\/\/www.naturparkmagazin.de\/schwaebisch-fraenkischer-wald\/wp-json\/wp\/v2\/users\/25"}],"replies":[{"embeddable":true,"href":"https:\/\/www.naturparkmagazin.de\/schwaebisch-fraenkischer-wald\/wp-json\/wp\/v2\/comments?post=3204"}],"version-history":[{"count":1,"href":"https:\/\/www.naturparkmagazin.de\/schwaebisch-fraenkischer-wald\/wp-json\/wp\/v2\/posts\/3204\/revisions"}],"predecessor-version":[{"id":3206,"href":"https:\/\/www.naturparkmagazin.de\/schwaebisch-fraenkischer-wald\/wp-json\/wp\/v2\/posts\/3204\/revisions\/3206"}],"wp:featuredmedia":[{"embeddable":true,"href":"https:\/\/www.naturparkmagazin.de\/schwaebisch-fraenkischer-wald\/wp-json\/wp\/v2\/media\/3205"}],"wp:attachment":[{"href":"https:\/\/www.naturparkmagazin.de\/schwaebisch-fraenkischer-wald\/wp-json\/wp\/v2\/media?parent=3204"}],"wp:term":[{"taxonomy":"category","embeddable":true,"href":"https:\/\/www.naturparkmagazin.de\/schwaebisch-fraenkischer-wald\/wp-json\/wp\/v2\/categories?post=3204"},{"taxonomy":"post_tag","embeddable":true,"href":"https:\/\/www.naturparkmagazin.de\/schwaebisch-fraenkischer-wald\/wp-json\/wp\/v2\/tags?post=3204"}],"curies":[{"name":"wp","href":"https:\/\/api.w.org\/{rel}","templated":true}]}}