{"id":3362,"date":"2016-04-18T13:32:31","date_gmt":"2016-04-18T11:32:31","guid":{"rendered":"http:\/\/www.naturparkmagazin.de\/schwaebisch-fraenkischer-wald\/?p=3362"},"modified":"2016-04-14T14:32:23","modified_gmt":"2016-04-14T12:32:23","slug":"die-kommunen-im-naturpark-die-stadt-murrhardt","status":"publish","type":"post","link":"https:\/\/www.naturparkmagazin.de\/schwaebisch-fraenkischer-wald\/die-kommunen-im-naturpark-die-stadt-murrhardt\/","title":{"rendered":"Die Kommunen im Naturpark: Die Stadt Murrhardt"},"content":{"rendered":"<p>Im Herzen des Naturparks Schw\u00e4bisch-Fr\u00e4nkischer Wald liegt die Stadt Murrhardt. Im Zentrum der Stadt, direkt am Marktplatz, ist seit 2004 das Naturparkzentrum beheimatet.<\/p>\n<div id=\"attachment_3369\" style=\"width: 210px\" class=\"wp-caption alignright\"><a href=\"https:\/\/www.naturparkmagazin.de\/schwaebisch-fraenkischer-wald\/wp-content\/uploads\/sites\/34\/1_NL_Murrhardt_Mende_IMG_0766.jpg\"><img aria-describedby=\"caption-attachment-3369\" decoding=\"async\" loading=\"lazy\" class=\"size-full wp-image-3369\" src=\"https:\/\/www.naturparkmagazin.de\/schwaebisch-fraenkischer-wald\/wp-content\/uploads\/sites\/34\/1_NL_Murrhardt_Mende_IMG_0766.jpg\" alt=\"Naturparkzentrum mit Tourist-Info in Murrhardt\" width=\"200\" height=\"200\" \/><\/a><p id=\"caption-attachment-3369\" class=\"wp-caption-text\">Naturparkzentrum mit Tourist-Info in Murrhardt<\/p><\/div>\n<p>Es beherbergt sowohl die Naturpark-Erlebnischau als auch die st\u00e4dtische Tourist-Information.<\/p>\n<p>Zur Stadt Murrhardt geh\u00f6ren neben der Kernstadt Murrhardt die Stadtbezirke Fornsbach und Kirchenkirnberg sowie 76 Teilorte, Weiler und Wohnpl\u00e4tze. Murrhardt zeichnet sich aus durch eine hohe Freizeitattraktivit\u00e4t, was gerade die G\u00e4ste und Besucher, aber auch die B\u00fcrgerinnen und B\u00fcrger der Stadt \u00fcber alle Jahreszeiten hinweg erleben d\u00fcrfen. Durch die landschaftlich herrliche Lage, rund 45 km nord\u00f6stlich von Stuttgart, bietet das symphatische St\u00e4dtle ein interessantes Spannungsfeld zwischen Natur, Kultur und historischen Impressionen. Gleichzeitig l\u00e4dt die Umgebung von Murrhardt zum Naturerlebnis und zur aktiven Erholung ein.<\/p>\n<p>Wanderer und Radfahrer genie\u00dfen die herrliche Erholungslandschaft mit den sich bietenden Ausblicken. Ein ausgedehntes und abwechslungsreiches Netz von Wander- und Radwegen mit Einkehrm\u00f6glichkeiten und auf dem Weg liegenden Naturdenkmalen machen die naturnahen Aktivit\u00e4ten unvergesslich.<\/p>\n<p>Kulturinteressierte werden von der kulturellen Vielfalt und Bandbreite begeistert sein. Murrhardt ist eine echte Kulturhochburg im Naturpark Schw\u00e4bisch Fr\u00e4nkischer Wald. J\u00e4hrlich findet kurz vor den Sommerferien bereits seit vielen Jahren das Kulturfestival<\/p>\n<div id=\"attachment_3366\" style=\"width: 210px\" class=\"wp-caption alignright\"><a href=\"https:\/\/www.naturparkmagazin.de\/schwaebisch-fraenkischer-wald\/wp-content\/uploads\/sites\/34\/1_NL_Murrhardt_Mende_P0973-0975-3.jpg\"><img aria-describedby=\"caption-attachment-3366\" decoding=\"async\" loading=\"lazy\" class=\"size-full wp-image-3366\" src=\"https:\/\/www.naturparkmagazin.de\/schwaebisch-fraenkischer-wald\/wp-content\/uploads\/sites\/34\/1_NL_Murrhardt_Mende_P0973-0975-3.jpg\" alt=\"Murrhardt - Naturnah in der H\u00f6rschbachschlucht\" width=\"200\" height=\"200\" srcset=\"https:\/\/www.naturparkmagazin.de\/schwaebisch-fraenkischer-wald\/wp-content\/uploads\/sites\/34\/1_NL_Murrhardt_Mende_P0973-0975-3.jpg 200w, https:\/\/www.naturparkmagazin.de\/schwaebisch-fraenkischer-wald\/wp-content\/uploads\/sites\/34\/1_NL_Murrhardt_Mende_P0973-0975-3-30x30.jpg 30w\" sizes=\"(max-width: 200px) 100vw, 200px\" \/><\/a><p id=\"caption-attachment-3366\" class=\"wp-caption-text\">Murrhardt &#8211; Naturnah in der H\u00f6rschbachschlucht<\/p><\/div>\n<p>\u201aSommerpalast\u2018 im Murrhardter Stadtgarten statt. W\u00e4hrend des Sommerpalastes l\u00e4sst sich feine Gastronomie mit einem ansprechendem Kulturprogramm in sch\u00f6ner Kulisse erleben. Der Januariusmarkt bietet den Besuchern ein vielf\u00e4ltiges Angebot an Kunsthandwerk und<\/p>\n<p>Kunst im Stadtgarten. Murrhardt brachte in seiner Vergangenheit bis heute namhafte K\u00fcnstler hervor, denen die Stadt mit der St\u00e4dtischen Kunstsammlung ein Forum gegeben hat. Zu nennen sind insbesondere die beiden schw\u00e4bischen Maler Heinrich von Z\u00fcgel und Reinhold N\u00e4gele, die beide auch Ehrenb\u00fcrger der Stadt Murrhardt sind. Im September finden jedes Jahr Musikstudentinnen und \u2013studenten den Weg nach Murrhardt, um bei der Internationalen Klavierakademie, einem anerkannten Meisterkurs f\u00fcr Klaviermusik, bei drei renommierten Professoren zu studieren und sich fachlich weiter zu bilden. Mittlerweile waren rund 500 Pianistinnen und Pianisten aus rund 50 L\u00e4ndern von allen Kontinenten zu Gast bei der Internationalen Klavierakademie, welche sich in den vergangenen Jahren einen festen Stamm an Zuh\u00f6rern und Fans erspielt hat. Ein weiteres Highlight ist das Kultur- und Banketthaus Villa Franck als Sitz der Stuttgarter Saloniker mit ihrem vielf\u00e4ltigen kulturellen Angebot.<\/p>\n<p>Die Stadt am Ursprung der Murr mit ihren 14.000 Einwohnern kann eine reichhaltige Vergangenheit aufweisen. Wenn Steine sprechen k\u00f6nnten, so h\u00e4tten sie \u00fcber Murrhardt viel zu erz\u00e4hlen. Funde aus der mesolithischen Zeit belegen bereits Jagd- und Aufenthaltspl\u00e4tze im Murrhardter Raum. Die Anf\u00e4nge der Stadt Murrhardt gehen bis in die R\u00f6merzeit zur\u00fcck, als die R\u00f6mer um 150 n. Chr. ihr Einflussgebiet vom Neckar nach Osten hin vergr\u00f6\u00dferten. Das UNESCO-Weltkulturerbe Limes zieht sich direkt durch das Stadtgebiet. Das R\u00f6merkastell im S\u00fcdosten der Altstadt ist aber leider aufgrund der \u00dcberbauung nicht mehr sichtbar. Weiter sind mehrere rekonstruierte Limest\u00fcrme auf der Gemarkung der Stadt Murrhardt erhalten und auf Wanderungen erlebbar. Erst j\u00fcngst wurde beim Bau des \u00c4rztehauses ein R\u00f6merbad entdeckt. Teile davon k\u00f6nnen in der Ausstellung im Foyer des \u00c4rztehauses besichtigt werden.<\/p>\n<p>788 wurde Murrhardt erstmals urkundlich erw\u00e4hnt in einer Urkunde von Kaiser Karl des Gro\u00dfen, was auf die \u201acellula Murrahart\u2018<\/p>\n<div id=\"attachment_3365\" style=\"width: 210px\" class=\"wp-caption alignright\"><a href=\"https:\/\/www.naturparkmagazin.de\/schwaebisch-fraenkischer-wald\/wp-content\/uploads\/sites\/34\/1_NL_Murrhardt_Mende_IMG_3770.jpg\"><img aria-describedby=\"caption-attachment-3365\" decoding=\"async\" loading=\"lazy\" class=\"size-full wp-image-3365\" src=\"https:\/\/www.naturparkmagazin.de\/schwaebisch-fraenkischer-wald\/wp-content\/uploads\/sites\/34\/1_NL_Murrhardt_Mende_IMG_3770.jpg\" alt=\"Murrhardt - Blick auf die Walterichskirche\" width=\"200\" height=\"200\" srcset=\"https:\/\/www.naturparkmagazin.de\/schwaebisch-fraenkischer-wald\/wp-content\/uploads\/sites\/34\/1_NL_Murrhardt_Mende_IMG_3770.jpg 200w, https:\/\/www.naturparkmagazin.de\/schwaebisch-fraenkischer-wald\/wp-content\/uploads\/sites\/34\/1_NL_Murrhardt_Mende_IMG_3770-30x30.jpg 30w\" sizes=\"(max-width: 200px) 100vw, 200px\" \/><\/a><p id=\"caption-attachment-3365\" class=\"wp-caption-text\">Murrhardt &#8211; Blick auf die Walterichskirche<\/p><\/div>\n<p>zur\u00fcckgeht, welche 760 von K\u00f6nig Pirmin dem W\u00fcrzburger Bischof geschenkt wurde. Das ehemalige Benediktierkloster St. Januarius ist die geistige Keimzelle der Stadt. 816 wurde es von Kaiser Ludwig des Frommen gegr\u00fcndet. Als erster Abt ist Abt Walterich nachgewiesen. Er wurde sp\u00e4ter als Ortsheiliger St. Walterich verehrt, was sich heute noch mit den vielen Namensgebungen wie St. Walterichs-Apotheke, Walterichskirche, Walterichskapelle, Walterichschule und Walterichsweg zeigt. 1288 erhielt Murrhardt die Stadtrechte. 1388 wurde Murrhardt w\u00fcrttembergisch. Am 24.08.1765 verw\u00fcstete ein verheerender Stadtbrand Murrhardt. Die Neuauflage der Stadt unter Herzog<\/p>\n<p>Karl Eugen und Pr\u00e4lat Friedrich Christoph Oetinger pr\u00e4gt die Stadt bis heute. Einige H\u00e4user der oberen Vorstadt am Oberen Tor, der unteren Vorstadt am Unteren Tor sowie im Galabre \u00fcberlebten das Ungl\u00fcck ebenso wie das Kloster. Einen gro\u00dfen Aufschwung erfuhr das Murrtal durch den Bau der Murrbahn und ihrer Inbetriebnahme im Jahr 1878. Mit der Eisenbahn kamen in der Folge auch erste Firmen nach Murrhardt, die die Industrialisierung erm\u00f6glichten und neue Entwicklungsm\u00f6glichkeiten bot. Zudem konnte das Holz aus dem Murrhardter Wald schneller und leichter abtransportiert werden. Die Stadtgeschichte der Stadt kann im Carl-Schweizer-Museum neben der vogel- und tierkundlichen Abteilung entdeckt und erlebt werden.<\/p>\n<p>Zahlreiche weitere Informationen finden Sie hier:<\/p>\n<p><a href=\"http:\/\/www.murrhardt.de\" target=\"_blank\">Homepage der Stadt Murrhardt<\/a><\/p>\n<p>B\u00fcrgermeister Armin M\u00f6\u00dfner<\/p>\n<p>Marktplatz 10 \u2013 Rathaus\n71540 Murrhardt\nTel.: 07192\/213-100<\/p>\n","protected":false},"excerpt":{"rendered":"<p>Murrhardt &#8211; Zentrum im Herzen des Naturparks<\/p>\n","protected":false},"author":25,"featured_media":3365,"comment_status":"open","ping_status":"open","sticky":false,"template":"","format":"standard","meta":[],"categories":[8],"tags":[],"yoast_head":"<!-- This site is optimized with the Yoast SEO plugin v19.10 - https:\/\/yoast.com\/wordpress\/plugins\/seo\/ -->\n<title>Die Kommunen im Naturpark: Die Stadt Murrhardt - Naturpark Schw\u00e4bisch-Fr\u00e4nkischer Wald<\/title>\n<meta name=\"robots\" content=\"index, follow, max-snippet:-1, max-image-preview:large, max-video-preview:-1\" \/>\n<link rel=\"canonical\" href=\"https:\/\/www.naturparkmagazin.de\/schwaebisch-fraenkischer-wald\/die-kommunen-im-naturpark-die-stadt-murrhardt\/\" \/>\n<meta property=\"og:locale\" content=\"de_DE\" \/>\n<meta property=\"og:type\" content=\"article\" \/>\n<meta property=\"og:title\" content=\"Die Kommunen im Naturpark: Die Stadt Murrhardt - Naturpark Schw\u00e4bisch-Fr\u00e4nkischer Wald\" \/>\n<meta property=\"og:description\" content=\"Murrhardt - Zentrum im Herzen des Naturparks\" \/>\n<meta property=\"og:url\" content=\"https:\/\/www.naturparkmagazin.de\/schwaebisch-fraenkischer-wald\/die-kommunen-im-naturpark-die-stadt-murrhardt\/\" \/>\n<meta property=\"og:site_name\" content=\"Naturpark Schw\u00e4bisch-Fr\u00e4nkischer Wald\" \/>\n<meta property=\"article:author\" content=\"https:\/\/www.facebook.com\/naturparkSFW\" \/>\n<meta property=\"article:published_time\" content=\"2016-04-18T11:32:31+00:00\" \/>\n<meta property=\"article:modified_time\" content=\"2016-04-14T12:32:23+00:00\" \/>\n<meta property=\"og:image\" content=\"https:\/\/www.naturparkmagazin.de\/schwaebisch-fraenkischer-wald\/wp-content\/uploads\/sites\/34\/1_NL_Murrhardt_Mende_IMG_3770.jpg\" \/>\n\t<meta property=\"og:image:width\" content=\"200\" \/>\n\t<meta property=\"og:image:height\" content=\"200\" \/>\n\t<meta property=\"og:image:type\" content=\"image\/jpeg\" \/>\n<meta name=\"author\" content=\"Naturpark-Team\" \/>\n<meta name=\"twitter:label1\" content=\"Verfasst von\" \/>\n\t<meta name=\"twitter:data1\" content=\"Naturpark-Team\" \/>\n\t<meta name=\"twitter:label2\" content=\"Gesch\u00e4tzte Lesezeit\" \/>\n\t<meta name=\"twitter:data2\" content=\"4\u00a0Minuten\" \/>\n<script type=\"application\/ld+json\" class=\"yoast-schema-graph\">{\"@context\":\"https:\/\/schema.org\",\"@graph\":[{\"@type\":\"WebPage\",\"@id\":\"https:\/\/www.naturparkmagazin.de\/schwaebisch-fraenkischer-wald\/die-kommunen-im-naturpark-die-stadt-murrhardt\/\",\"url\":\"https:\/\/www.naturparkmagazin.de\/schwaebisch-fraenkischer-wald\/die-kommunen-im-naturpark-die-stadt-murrhardt\/\",\"name\":\"Die Kommunen im Naturpark: Die Stadt Murrhardt - Naturpark Schw\u00e4bisch-Fr\u00e4nkischer Wald\",\"isPartOf\":{\"@id\":\"https:\/\/www.naturparkmagazin.de\/schwaebisch-fraenkischer-wald\/#website\"},\"datePublished\":\"2016-04-18T11:32:31+00:00\",\"dateModified\":\"2016-04-14T12:32:23+00:00\",\"author\":{\"@id\":\"https:\/\/www.naturparkmagazin.de\/schwaebisch-fraenkischer-wald\/#\/schema\/person\/f047a3702ae747fd7830cf8ac95e6066\"},\"breadcrumb\":{\"@id\":\"https:\/\/www.naturparkmagazin.de\/schwaebisch-fraenkischer-wald\/die-kommunen-im-naturpark-die-stadt-murrhardt\/#breadcrumb\"},\"inLanguage\":\"de\",\"potentialAction\":[{\"@type\":\"ReadAction\",\"target\":[\"https:\/\/www.naturparkmagazin.de\/schwaebisch-fraenkischer-wald\/die-kommunen-im-naturpark-die-stadt-murrhardt\/\"]}]},{\"@type\":\"BreadcrumbList\",\"@id\":\"https:\/\/www.naturparkmagazin.de\/schwaebisch-fraenkischer-wald\/die-kommunen-im-naturpark-die-stadt-murrhardt\/#breadcrumb\",\"itemListElement\":[{\"@type\":\"ListItem\",\"position\":1,\"name\":\"Home\",\"item\":\"https:\/\/www.naturparkmagazin.de\/schwaebisch-fraenkischer-wald\/\"},{\"@type\":\"ListItem\",\"position\":2,\"name\":\"Die Kommunen im Naturpark: Die Stadt Murrhardt\"}]},{\"@type\":\"WebSite\",\"@id\":\"https:\/\/www.naturparkmagazin.de\/schwaebisch-fraenkischer-wald\/#website\",\"url\":\"https:\/\/www.naturparkmagazin.de\/schwaebisch-fraenkischer-wald\/\",\"name\":\"Naturpark Schw\u00e4bisch-Fr\u00e4nkischer Wald\",\"description\":\"\",\"potentialAction\":[{\"@type\":\"SearchAction\",\"target\":{\"@type\":\"EntryPoint\",\"urlTemplate\":\"https:\/\/www.naturparkmagazin.de\/schwaebisch-fraenkischer-wald\/?s={search_term_string}\"},\"query-input\":\"required name=search_term_string\"}],\"inLanguage\":\"de\"},{\"@type\":\"Person\",\"@id\":\"https:\/\/www.naturparkmagazin.de\/schwaebisch-fraenkischer-wald\/#\/schema\/person\/f047a3702ae747fd7830cf8ac95e6066\",\"name\":\"Naturpark-Team\",\"sameAs\":[\"http:\/\/www.naturpark-sfw.de\",\"https:\/\/www.facebook.com\/naturparkSFW\"],\"url\":\"https:\/\/www.naturparkmagazin.de\/schwaebisch-fraenkischer-wald\/author\/bernharddrixler\/\"}]}<\/script>\n<!-- \/ Yoast SEO plugin. -->","yoast_head_json":{"title":"Die Kommunen im Naturpark: Die Stadt Murrhardt - Naturpark Schw\u00e4bisch-Fr\u00e4nkischer Wald","robots":{"index":"index","follow":"follow","max-snippet":"max-snippet:-1","max-image-preview":"max-image-preview:large","max-video-preview":"max-video-preview:-1"},"canonical":"https:\/\/www.naturparkmagazin.de\/schwaebisch-fraenkischer-wald\/die-kommunen-im-naturpark-die-stadt-murrhardt\/","og_locale":"de_DE","og_type":"article","og_title":"Die Kommunen im Naturpark: Die Stadt Murrhardt - Naturpark Schw\u00e4bisch-Fr\u00e4nkischer Wald","og_description":"Murrhardt - Zentrum im Herzen des Naturparks","og_url":"https:\/\/www.naturparkmagazin.de\/schwaebisch-fraenkischer-wald\/die-kommunen-im-naturpark-die-stadt-murrhardt\/","og_site_name":"Naturpark Schw\u00e4bisch-Fr\u00e4nkischer Wald","article_author":"https:\/\/www.facebook.com\/naturparkSFW","article_published_time":"2016-04-18T11:32:31+00:00","article_modified_time":"2016-04-14T12:32:23+00:00","og_image":[{"width":200,"height":200,"url":"https:\/\/www.naturparkmagazin.de\/schwaebisch-fraenkischer-wald\/wp-content\/uploads\/sites\/34\/1_NL_Murrhardt_Mende_IMG_3770.jpg","type":"image\/jpeg"}],"author":"Naturpark-Team","twitter_misc":{"Verfasst von":"Naturpark-Team","Gesch\u00e4tzte Lesezeit":"4\u00a0Minuten"},"schema":{"@context":"https:\/\/schema.org","@graph":[{"@type":"WebPage","@id":"https:\/\/www.naturparkmagazin.de\/schwaebisch-fraenkischer-wald\/die-kommunen-im-naturpark-die-stadt-murrhardt\/","url":"https:\/\/www.naturparkmagazin.de\/schwaebisch-fraenkischer-wald\/die-kommunen-im-naturpark-die-stadt-murrhardt\/","name":"Die Kommunen im Naturpark: Die Stadt Murrhardt - Naturpark Schw\u00e4bisch-Fr\u00e4nkischer Wald","isPartOf":{"@id":"https:\/\/www.naturparkmagazin.de\/schwaebisch-fraenkischer-wald\/#website"},"datePublished":"2016-04-18T11:32:31+00:00","dateModified":"2016-04-14T12:32:23+00:00","author":{"@id":"https:\/\/www.naturparkmagazin.de\/schwaebisch-fraenkischer-wald\/#\/schema\/person\/f047a3702ae747fd7830cf8ac95e6066"},"breadcrumb":{"@id":"https:\/\/www.naturparkmagazin.de\/schwaebisch-fraenkischer-wald\/die-kommunen-im-naturpark-die-stadt-murrhardt\/#breadcrumb"},"inLanguage":"de","potentialAction":[{"@type":"ReadAction","target":["https:\/\/www.naturparkmagazin.de\/schwaebisch-fraenkischer-wald\/die-kommunen-im-naturpark-die-stadt-murrhardt\/"]}]},{"@type":"BreadcrumbList","@id":"https:\/\/www.naturparkmagazin.de\/schwaebisch-fraenkischer-wald\/die-kommunen-im-naturpark-die-stadt-murrhardt\/#breadcrumb","itemListElement":[{"@type":"ListItem","position":1,"name":"Home","item":"https:\/\/www.naturparkmagazin.de\/schwaebisch-fraenkischer-wald\/"},{"@type":"ListItem","position":2,"name":"Die Kommunen im Naturpark: Die Stadt Murrhardt"}]},{"@type":"WebSite","@id":"https:\/\/www.naturparkmagazin.de\/schwaebisch-fraenkischer-wald\/#website","url":"https:\/\/www.naturparkmagazin.de\/schwaebisch-fraenkischer-wald\/","name":"Naturpark Schw\u00e4bisch-Fr\u00e4nkischer Wald","description":"","potentialAction":[{"@type":"SearchAction","target":{"@type":"EntryPoint","urlTemplate":"https:\/\/www.naturparkmagazin.de\/schwaebisch-fraenkischer-wald\/?s={search_term_string}"},"query-input":"required name=search_term_string"}],"inLanguage":"de"},{"@type":"Person","@id":"https:\/\/www.naturparkmagazin.de\/schwaebisch-fraenkischer-wald\/#\/schema\/person\/f047a3702ae747fd7830cf8ac95e6066","name":"Naturpark-Team","sameAs":["http:\/\/www.naturpark-sfw.de","https:\/\/www.facebook.com\/naturparkSFW"],"url":"https:\/\/www.naturparkmagazin.de\/schwaebisch-fraenkischer-wald\/author\/bernharddrixler\/"}]}},"_links":{"self":[{"href":"https:\/\/www.naturparkmagazin.de\/schwaebisch-fraenkischer-wald\/wp-json\/wp\/v2\/posts\/3362"}],"collection":[{"href":"https:\/\/www.naturparkmagazin.de\/schwaebisch-fraenkischer-wald\/wp-json\/wp\/v2\/posts"}],"about":[{"href":"https:\/\/www.naturparkmagazin.de\/schwaebisch-fraenkischer-wald\/wp-json\/wp\/v2\/types\/post"}],"author":[{"embeddable":true,"href":"https:\/\/www.naturparkmagazin.de\/schwaebisch-fraenkischer-wald\/wp-json\/wp\/v2\/users\/25"}],"replies":[{"embeddable":true,"href":"https:\/\/www.naturparkmagazin.de\/schwaebisch-fraenkischer-wald\/wp-json\/wp\/v2\/comments?post=3362"}],"version-history":[{"count":4,"href":"https:\/\/www.naturparkmagazin.de\/schwaebisch-fraenkischer-wald\/wp-json\/wp\/v2\/posts\/3362\/revisions"}],"predecessor-version":[{"id":3371,"href":"https:\/\/www.naturparkmagazin.de\/schwaebisch-fraenkischer-wald\/wp-json\/wp\/v2\/posts\/3362\/revisions\/3371"}],"wp:featuredmedia":[{"embeddable":true,"href":"https:\/\/www.naturparkmagazin.de\/schwaebisch-fraenkischer-wald\/wp-json\/wp\/v2\/media\/3365"}],"wp:attachment":[{"href":"https:\/\/www.naturparkmagazin.de\/schwaebisch-fraenkischer-wald\/wp-json\/wp\/v2\/media?parent=3362"}],"wp:term":[{"taxonomy":"category","embeddable":true,"href":"https:\/\/www.naturparkmagazin.de\/schwaebisch-fraenkischer-wald\/wp-json\/wp\/v2\/categories?post=3362"},{"taxonomy":"post_tag","embeddable":true,"href":"https:\/\/www.naturparkmagazin.de\/schwaebisch-fraenkischer-wald\/wp-json\/wp\/v2\/tags?post=3362"}],"curies":[{"name":"wp","href":"https:\/\/api.w.org\/{rel}","templated":true}]}}