{"id":3392,"date":"2016-04-18T15:20:23","date_gmt":"2016-04-18T13:20:23","guid":{"rendered":"http:\/\/www.naturparkmagazin.de\/schwaebisch-fraenkischer-wald\/?p=3392"},"modified":"2016-04-14T15:26:47","modified_gmt":"2016-04-14T13:26:47","slug":"saison-im-carl-schweizer-museum-ist-eroeffnet","status":"publish","type":"post","link":"https:\/\/www.naturparkmagazin.de\/schwaebisch-fraenkischer-wald\/saison-im-carl-schweizer-museum-ist-eroeffnet\/","title":{"rendered":"Saison im Carl-Schweizer-Museum ist er\u00f6ffnet"},"content":{"rendered":"<p>Das beliebte Privatmuseum in Murrhardt ist wieder t\u00e4glich ge\u00f6ffnet!<\/p>\n<div id=\"attachment_3393\" style=\"width: 210px\" class=\"wp-caption alignright\"><a href=\"https:\/\/www.naturparkmagazin.de\/schwaebisch-fraenkischer-wald\/wp-content\/uploads\/sites\/34\/saisonIMG_1135.jpg\"><img aria-describedby=\"caption-attachment-3393\" decoding=\"async\" loading=\"lazy\" class=\"size-full wp-image-3393\" src=\"https:\/\/www.naturparkmagazin.de\/schwaebisch-fraenkischer-wald\/wp-content\/uploads\/sites\/34\/saisonIMG_1135.jpg\" alt=\"Carl-Schweizer-Museum in Murrhardt\" width=\"200\" height=\"200\" srcset=\"https:\/\/www.naturparkmagazin.de\/schwaebisch-fraenkischer-wald\/wp-content\/uploads\/sites\/34\/saisonIMG_1135.jpg 200w, https:\/\/www.naturparkmagazin.de\/schwaebisch-fraenkischer-wald\/wp-content\/uploads\/sites\/34\/saisonIMG_1135-30x30.jpg 30w\" sizes=\"(max-width: 200px) 100vw, 200px\" \/><\/a><p id=\"caption-attachment-3393\" class=\"wp-caption-text\">Carl-Schweizer-Museum in Murrhardt<\/p><\/div>\n<p>In den letzten Wochen wurden die besonders aufw\u00e4ndigen Naturdioramen wieder erneuert und mit originalen Pflanzen, B\u00e4umen und Str\u00e4uchern best\u00fcckt, so dass nun eine frische Waldluft und Fr\u00fchlingsduft durch das Haus weht. Die nahezu 1800 Pr\u00e4parate heimischer und europ\u00e4ischer Tiere- und V\u00f6gel, stellen eine einzigartige Sammlung dar. Alle Exponate stammen aus zoologischen G\u00e4rten und Vogelschutzwarten und wurden f\u00fcr wissenschaftliche Zwecke pr\u00e4pariert. Das CSM ist daher beim Regierungspr\u00e4sidium Stuttgart als Lehreinrichtung anerkannt und hat eine der wenigen Ausnahmegenehmigungen in Baden-W\u00fcrttemberg, gesch\u00fctzte Tiere und V\u00f6gel zu zeigen. In den naturnahen, sehr detailliert gestalteten Schaugruppen k\u00f6nnen Jung und Alt die Artenvielfalt kennen lernen. F\u00fchrungen zum Artenschutz, den Biotopen auch kleine Lehrg\u00e4nge f\u00fcr Naturfreunde oder angehende J\u00e4ger geh\u00f6ren zum Veranstaltungsprogramm. Im Zweiten Teil des Museums wird die Geschichte Murrhardts lebendig.<\/p>\n<p>Von den Zeugnissen und Funden des UNESCO-Welterbe Limes, \u00fcber die bedeutenden Exponate in der Sammlung zu Kloster- und Stadtgeschichte, bis hin zu einem Kabinett zur Geschichte der Steinzeit und fr\u00fchen Besiedlung in Europa, ist ein sehenswerter Querschnitt \u00a0durch die Kulturgeschichte der Region vorhanden. \u00dcber Ostern bietet das CSM zahlreiche Sonderf\u00fchrungen und Familienf\u00fchrungen. F\u00fchrungen f\u00fcr Schulklassen oder auch Seniorengruppen werden angeboten und sind buchbar.<\/p>\n<p>Weitere Informationen finden Sie hier:<\/p>\n<div class=\"tbold\">CARL-SCHWEIZER-MUSEUM<\/div>\n<div>\n<div>Seegasse 36<\/div>\n<div>71540Murrhardt<\/div>\n<\/div>\n<div class=\"mTop15\">\n<div>Telefon: <span class=\"diy-visible-on-nontouch\">071925402<\/span><\/div>\n<div><a href=\"http:\/\/www.carl-schweizer-museum.de\" target=\"_blank\">www.carl-schweizer-museum.de<\/a><\/div>\n<\/div>\n","protected":false},"excerpt":{"rendered":"<p>Das Carl-Schweizer-Museum in Murrhardt hat wieder ge\u00f6ffnet<\/p>\n","protected":false},"author":25,"featured_media":3393,"comment_status":"open","ping_status":"open","sticky":false,"template":"","format":"standard","meta":[],"categories":[7],"tags":[508],"yoast_head":"<!-- This site is optimized with the Yoast SEO plugin v19.10 - https:\/\/yoast.com\/wordpress\/plugins\/seo\/ -->\n<title>Saison im Carl-Schweizer-Museum ist er\u00f6ffnet - Naturpark Schw\u00e4bisch-Fr\u00e4nkischer Wald<\/title>\n<meta name=\"robots\" content=\"index, follow, max-snippet:-1, max-image-preview:large, max-video-preview:-1\" \/>\n<link rel=\"canonical\" href=\"https:\/\/www.naturparkmagazin.de\/schwaebisch-fraenkischer-wald\/saison-im-carl-schweizer-museum-ist-eroeffnet\/\" \/>\n<meta property=\"og:locale\" content=\"de_DE\" \/>\n<meta property=\"og:type\" content=\"article\" \/>\n<meta property=\"og:title\" content=\"Saison im Carl-Schweizer-Museum ist er\u00f6ffnet - Naturpark Schw\u00e4bisch-Fr\u00e4nkischer Wald\" \/>\n<meta property=\"og:description\" content=\"Das Carl-Schweizer-Museum in Murrhardt hat wieder ge\u00f6ffnet\" \/>\n<meta property=\"og:url\" content=\"https:\/\/www.naturparkmagazin.de\/schwaebisch-fraenkischer-wald\/saison-im-carl-schweizer-museum-ist-eroeffnet\/\" \/>\n<meta property=\"og:site_name\" content=\"Naturpark Schw\u00e4bisch-Fr\u00e4nkischer Wald\" \/>\n<meta property=\"article:author\" content=\"https:\/\/www.facebook.com\/naturparkSFW\" \/>\n<meta property=\"article:published_time\" content=\"2016-04-18T13:20:23+00:00\" \/>\n<meta property=\"article:modified_time\" content=\"2016-04-14T13:26:47+00:00\" \/>\n<meta property=\"og:image\" content=\"https:\/\/www.naturparkmagazin.de\/schwaebisch-fraenkischer-wald\/wp-content\/uploads\/sites\/34\/saisonIMG_1135.jpg\" \/>\n\t<meta property=\"og:image:width\" content=\"200\" \/>\n\t<meta property=\"og:image:height\" content=\"200\" \/>\n\t<meta property=\"og:image:type\" content=\"image\/jpeg\" \/>\n<meta name=\"author\" content=\"Naturpark-Team\" \/>\n<meta name=\"twitter:label1\" content=\"Verfasst von\" \/>\n\t<meta name=\"twitter:data1\" content=\"Naturpark-Team\" \/>\n\t<meta name=\"twitter:label2\" content=\"Gesch\u00e4tzte Lesezeit\" \/>\n\t<meta name=\"twitter:data2\" content=\"1\u00a0Minute\" \/>\n<script type=\"application\/ld+json\" class=\"yoast-schema-graph\">{\"@context\":\"https:\/\/schema.org\",\"@graph\":[{\"@type\":\"WebPage\",\"@id\":\"https:\/\/www.naturparkmagazin.de\/schwaebisch-fraenkischer-wald\/saison-im-carl-schweizer-museum-ist-eroeffnet\/\",\"url\":\"https:\/\/www.naturparkmagazin.de\/schwaebisch-fraenkischer-wald\/saison-im-carl-schweizer-museum-ist-eroeffnet\/\",\"name\":\"Saison im Carl-Schweizer-Museum ist er\u00f6ffnet - Naturpark Schw\u00e4bisch-Fr\u00e4nkischer Wald\",\"isPartOf\":{\"@id\":\"https:\/\/www.naturparkmagazin.de\/schwaebisch-fraenkischer-wald\/#website\"},\"datePublished\":\"2016-04-18T13:20:23+00:00\",\"dateModified\":\"2016-04-14T13:26:47+00:00\",\"author\":{\"@id\":\"https:\/\/www.naturparkmagazin.de\/schwaebisch-fraenkischer-wald\/#\/schema\/person\/f047a3702ae747fd7830cf8ac95e6066\"},\"breadcrumb\":{\"@id\":\"https:\/\/www.naturparkmagazin.de\/schwaebisch-fraenkischer-wald\/saison-im-carl-schweizer-museum-ist-eroeffnet\/#breadcrumb\"},\"inLanguage\":\"de\",\"potentialAction\":[{\"@type\":\"ReadAction\",\"target\":[\"https:\/\/www.naturparkmagazin.de\/schwaebisch-fraenkischer-wald\/saison-im-carl-schweizer-museum-ist-eroeffnet\/\"]}]},{\"@type\":\"BreadcrumbList\",\"@id\":\"https:\/\/www.naturparkmagazin.de\/schwaebisch-fraenkischer-wald\/saison-im-carl-schweizer-museum-ist-eroeffnet\/#breadcrumb\",\"itemListElement\":[{\"@type\":\"ListItem\",\"position\":1,\"name\":\"Home\",\"item\":\"https:\/\/www.naturparkmagazin.de\/schwaebisch-fraenkischer-wald\/\"},{\"@type\":\"ListItem\",\"position\":2,\"name\":\"Saison im Carl-Schweizer-Museum ist er\u00f6ffnet\"}]},{\"@type\":\"WebSite\",\"@id\":\"https:\/\/www.naturparkmagazin.de\/schwaebisch-fraenkischer-wald\/#website\",\"url\":\"https:\/\/www.naturparkmagazin.de\/schwaebisch-fraenkischer-wald\/\",\"name\":\"Naturpark Schw\u00e4bisch-Fr\u00e4nkischer Wald\",\"description\":\"\",\"potentialAction\":[{\"@type\":\"SearchAction\",\"target\":{\"@type\":\"EntryPoint\",\"urlTemplate\":\"https:\/\/www.naturparkmagazin.de\/schwaebisch-fraenkischer-wald\/?s={search_term_string}\"},\"query-input\":\"required name=search_term_string\"}],\"inLanguage\":\"de\"},{\"@type\":\"Person\",\"@id\":\"https:\/\/www.naturparkmagazin.de\/schwaebisch-fraenkischer-wald\/#\/schema\/person\/f047a3702ae747fd7830cf8ac95e6066\",\"name\":\"Naturpark-Team\",\"sameAs\":[\"http:\/\/www.naturpark-sfw.de\",\"https:\/\/www.facebook.com\/naturparkSFW\"],\"url\":\"https:\/\/www.naturparkmagazin.de\/schwaebisch-fraenkischer-wald\/author\/bernharddrixler\/\"}]}<\/script>\n<!-- \/ Yoast SEO plugin. -->","yoast_head_json":{"title":"Saison im Carl-Schweizer-Museum ist er\u00f6ffnet - Naturpark Schw\u00e4bisch-Fr\u00e4nkischer Wald","robots":{"index":"index","follow":"follow","max-snippet":"max-snippet:-1","max-image-preview":"max-image-preview:large","max-video-preview":"max-video-preview:-1"},"canonical":"https:\/\/www.naturparkmagazin.de\/schwaebisch-fraenkischer-wald\/saison-im-carl-schweizer-museum-ist-eroeffnet\/","og_locale":"de_DE","og_type":"article","og_title":"Saison im Carl-Schweizer-Museum ist er\u00f6ffnet - Naturpark Schw\u00e4bisch-Fr\u00e4nkischer Wald","og_description":"Das Carl-Schweizer-Museum in Murrhardt hat wieder ge\u00f6ffnet","og_url":"https:\/\/www.naturparkmagazin.de\/schwaebisch-fraenkischer-wald\/saison-im-carl-schweizer-museum-ist-eroeffnet\/","og_site_name":"Naturpark Schw\u00e4bisch-Fr\u00e4nkischer Wald","article_author":"https:\/\/www.facebook.com\/naturparkSFW","article_published_time":"2016-04-18T13:20:23+00:00","article_modified_time":"2016-04-14T13:26:47+00:00","og_image":[{"width":200,"height":200,"url":"https:\/\/www.naturparkmagazin.de\/schwaebisch-fraenkischer-wald\/wp-content\/uploads\/sites\/34\/saisonIMG_1135.jpg","type":"image\/jpeg"}],"author":"Naturpark-Team","twitter_misc":{"Verfasst von":"Naturpark-Team","Gesch\u00e4tzte Lesezeit":"1\u00a0Minute"},"schema":{"@context":"https:\/\/schema.org","@graph":[{"@type":"WebPage","@id":"https:\/\/www.naturparkmagazin.de\/schwaebisch-fraenkischer-wald\/saison-im-carl-schweizer-museum-ist-eroeffnet\/","url":"https:\/\/www.naturparkmagazin.de\/schwaebisch-fraenkischer-wald\/saison-im-carl-schweizer-museum-ist-eroeffnet\/","name":"Saison im Carl-Schweizer-Museum ist er\u00f6ffnet - Naturpark Schw\u00e4bisch-Fr\u00e4nkischer Wald","isPartOf":{"@id":"https:\/\/www.naturparkmagazin.de\/schwaebisch-fraenkischer-wald\/#website"},"datePublished":"2016-04-18T13:20:23+00:00","dateModified":"2016-04-14T13:26:47+00:00","author":{"@id":"https:\/\/www.naturparkmagazin.de\/schwaebisch-fraenkischer-wald\/#\/schema\/person\/f047a3702ae747fd7830cf8ac95e6066"},"breadcrumb":{"@id":"https:\/\/www.naturparkmagazin.de\/schwaebisch-fraenkischer-wald\/saison-im-carl-schweizer-museum-ist-eroeffnet\/#breadcrumb"},"inLanguage":"de","potentialAction":[{"@type":"ReadAction","target":["https:\/\/www.naturparkmagazin.de\/schwaebisch-fraenkischer-wald\/saison-im-carl-schweizer-museum-ist-eroeffnet\/"]}]},{"@type":"BreadcrumbList","@id":"https:\/\/www.naturparkmagazin.de\/schwaebisch-fraenkischer-wald\/saison-im-carl-schweizer-museum-ist-eroeffnet\/#breadcrumb","itemListElement":[{"@type":"ListItem","position":1,"name":"Home","item":"https:\/\/www.naturparkmagazin.de\/schwaebisch-fraenkischer-wald\/"},{"@type":"ListItem","position":2,"name":"Saison im Carl-Schweizer-Museum ist er\u00f6ffnet"}]},{"@type":"WebSite","@id":"https:\/\/www.naturparkmagazin.de\/schwaebisch-fraenkischer-wald\/#website","url":"https:\/\/www.naturparkmagazin.de\/schwaebisch-fraenkischer-wald\/","name":"Naturpark Schw\u00e4bisch-Fr\u00e4nkischer Wald","description":"","potentialAction":[{"@type":"SearchAction","target":{"@type":"EntryPoint","urlTemplate":"https:\/\/www.naturparkmagazin.de\/schwaebisch-fraenkischer-wald\/?s={search_term_string}"},"query-input":"required name=search_term_string"}],"inLanguage":"de"},{"@type":"Person","@id":"https:\/\/www.naturparkmagazin.de\/schwaebisch-fraenkischer-wald\/#\/schema\/person\/f047a3702ae747fd7830cf8ac95e6066","name":"Naturpark-Team","sameAs":["http:\/\/www.naturpark-sfw.de","https:\/\/www.facebook.com\/naturparkSFW"],"url":"https:\/\/www.naturparkmagazin.de\/schwaebisch-fraenkischer-wald\/author\/bernharddrixler\/"}]}},"_links":{"self":[{"href":"https:\/\/www.naturparkmagazin.de\/schwaebisch-fraenkischer-wald\/wp-json\/wp\/v2\/posts\/3392"}],"collection":[{"href":"https:\/\/www.naturparkmagazin.de\/schwaebisch-fraenkischer-wald\/wp-json\/wp\/v2\/posts"}],"about":[{"href":"https:\/\/www.naturparkmagazin.de\/schwaebisch-fraenkischer-wald\/wp-json\/wp\/v2\/types\/post"}],"author":[{"embeddable":true,"href":"https:\/\/www.naturparkmagazin.de\/schwaebisch-fraenkischer-wald\/wp-json\/wp\/v2\/users\/25"}],"replies":[{"embeddable":true,"href":"https:\/\/www.naturparkmagazin.de\/schwaebisch-fraenkischer-wald\/wp-json\/wp\/v2\/comments?post=3392"}],"version-history":[{"count":1,"href":"https:\/\/www.naturparkmagazin.de\/schwaebisch-fraenkischer-wald\/wp-json\/wp\/v2\/posts\/3392\/revisions"}],"predecessor-version":[{"id":3394,"href":"https:\/\/www.naturparkmagazin.de\/schwaebisch-fraenkischer-wald\/wp-json\/wp\/v2\/posts\/3392\/revisions\/3394"}],"wp:featuredmedia":[{"embeddable":true,"href":"https:\/\/www.naturparkmagazin.de\/schwaebisch-fraenkischer-wald\/wp-json\/wp\/v2\/media\/3393"}],"wp:attachment":[{"href":"https:\/\/www.naturparkmagazin.de\/schwaebisch-fraenkischer-wald\/wp-json\/wp\/v2\/media?parent=3392"}],"wp:term":[{"taxonomy":"category","embeddable":true,"href":"https:\/\/www.naturparkmagazin.de\/schwaebisch-fraenkischer-wald\/wp-json\/wp\/v2\/categories?post=3392"},{"taxonomy":"post_tag","embeddable":true,"href":"https:\/\/www.naturparkmagazin.de\/schwaebisch-fraenkischer-wald\/wp-json\/wp\/v2\/tags?post=3392"}],"curies":[{"name":"wp","href":"https:\/\/api.w.org\/{rel}","templated":true}]}}