{"id":3418,"date":"2016-04-18T06:34:48","date_gmt":"2016-04-18T04:34:48","guid":{"rendered":"http:\/\/www.naturparkmagazin.de\/schwaebisch-fraenkischer-wald\/?p=3418"},"modified":"2016-04-19T06:42:20","modified_gmt":"2016-04-19T04:42:20","slug":"abtsgmuend-hat-jetzt-eine-app","status":"publish","type":"post","link":"https:\/\/www.naturparkmagazin.de\/schwaebisch-fraenkischer-wald\/abtsgmuend-hat-jetzt-eine-app\/","title":{"rendered":"Abtsgm\u00fcnd hat jetzt eine APP"},"content":{"rendered":"<p>Ein Multitalent mit Mehrwert f\u00fcr alle Besucher<\/p>\n<div id=\"attachment_3420\" style=\"width: 210px\" class=\"wp-caption alignright\"><a href=\"https:\/\/www.naturparkmagazin.de\/schwaebisch-fraenkischer-wald\/wp-content\/uploads\/sites\/34\/SchnappdirdieappPlakatLeisteuntenf\u00fcrMibla1.jpg\"><img aria-describedby=\"caption-attachment-3420\" decoding=\"async\" loading=\"lazy\" class=\"size-full wp-image-3420\" src=\"https:\/\/www.naturparkmagazin.de\/schwaebisch-fraenkischer-wald\/wp-content\/uploads\/sites\/34\/SchnappdirdieappPlakatLeisteuntenf\u00fcrMibla1.jpg\" alt=\"Abtsgm\u00fcnd hat jetzt eine APP\" width=\"200\" height=\"200\" srcset=\"https:\/\/www.naturparkmagazin.de\/schwaebisch-fraenkischer-wald\/wp-content\/uploads\/sites\/34\/SchnappdirdieappPlakatLeisteuntenf\u00fcrMibla1.jpg 200w, https:\/\/www.naturparkmagazin.de\/schwaebisch-fraenkischer-wald\/wp-content\/uploads\/sites\/34\/SchnappdirdieappPlakatLeisteuntenf\u00fcrMibla1-30x30.jpg 30w\" sizes=\"(max-width: 200px) 100vw, 200px\" \/><\/a><p id=\"caption-attachment-3420\" class=\"wp-caption-text\">Abtsgm\u00fcnd hat jetzt eine APP<\/p><\/div>\n<p>In Abtsgm\u00fcnd k\u00f6nnen Sie machen, was Sie wollen. Und finden sich jederzeit zurecht, ohne Wanderkarte, ohne viele Fragen. Denn damit Sie Ihre Freizeit optimal genie\u00dfen k\u00f6nnen, wurde die neue Abtsgm\u00fcnder App entwickelt, die \u00fcber alles informiert:<\/p>\n<p>Wo gibt`s was f\u00fcr Radfahrer, Wanderer, Walker, Kinder und Senioren?\u00a0 Wie komme ich zu Veranstaltungen, Sehensw\u00fcrdigkeiten und in die n\u00e4chste Gastst\u00e4tte? Ob quer durch die Gemeinde oder rundherum auf Wander- und Radwegen &#8211; die App wei\u00df, wo\u00b4s langgeht. Denn sie beinhaltet neben Kartensystem auch Navigation und &#8222;Augmented Reality&#8220;.<\/p>\n<p>Das hei\u00dft: Man kann sich Rad-, Wander- und Walkingstrecken anzeigen lassen. Oder man l\u00e4sst sich kinderleicht von der App navigieren. Dazu muss man nur eingeben, wohin in Abtsgm\u00fcnd man will und wird direkt ans Ziel geleitet. Dabei erfahren Sie auch, wo sich Freizeitangebote, Parkpl\u00e4tze oder Bushaltestellen befinden. Ohne langes Fragen, ohne Wanderkarte. Nat\u00fcrlich fehlen auch Essen, Trinken, \u00dcbernachtung und viele weitere Infos nicht: Ein Klick und man sieht, welche Apotheke Notdienst hat, ein Klick und man wei\u00df, wann die Busse fahren. Vor dem Tanken informiert der Klick \u00fcber die aktuellen Benzinpreise vor Ort.<\/p>\n<p>Damit noch nicht genug. \u00dcber &#8222;Augmented Reality&#8220; sieht man beim Blick auf das Smartphone ein Lifebild der Umgebung, samt wichtigen Informationen zu Geb\u00e4uden, Sehensw\u00fcrdigkeiten usw. Damit orientieren sich Besucher einfach wie nie.<\/p>\n<p>Der Erholungsort Abtsgm\u00fcnd verf\u00fcgt \u00fcber zahlreiche Rundwanderwege und Walkingstrecken, liegt am Kocher-Jagst-Radweg, am Leintalradweg und am B\u00fchlertalwanderweg. Deshalb wollte die Gemeinde einen Mehrwert f\u00fcr all jene bieten, die hier unterwegs sind. Rund 1000 App-Downloads in knapp zwei Monaten beweisen: Viele sch\u00e4tzen diesen Rundum-Service bereits.<\/p>\n<p>Am Besten l\u00e4dt man sich die App schon vor dem Abtsgm\u00fcnd-Besuch aufs Smartphone. Dazu einfach den QR-Code hier scannen oder im Apple-Store oder Play-Store die App herunterladen. Dann k\u00f6nnen Sie n\u00e4mlich jetzt schon in der Rubrik GRUPPENANGEBOTE das gro\u00dfe Angebot an F\u00fchrungen und Arrangements durchst\u00f6bern. Oder die Rubrik TRAUMHOCHZEIT: Denn Abtsgm\u00fcnd bietet zahlreiche Traum-Orte f\u00fcr Ja-Worte. Diese k\u00f6nnen hier besichtigt werden, au\u00dferdem gibt`s Infos rund um den sch\u00f6nsten Tag, eine Heirats-Checkliste und nat\u00fcrlich den direkten Draht ins Standesamt.<\/p>\n<p><a href=\"http:\/\/www.abtsgmuend.de\/index.php?id=389\" target=\"_blank\">Informationen auf der Abtsgm\u00fcnder Homepage<\/a><\/p>\n","protected":false},"excerpt":{"rendered":"<p>NEU: Schnappen Sie sich die Abtsgm\u00fcnder APP<\/p>\n","protected":false},"author":25,"featured_media":3420,"comment_status":"open","ping_status":"open","sticky":false,"template":"","format":"standard","meta":[],"categories":[7],"tags":[508],"yoast_head":"<!-- This site is optimized with the Yoast SEO plugin v19.10 - https:\/\/yoast.com\/wordpress\/plugins\/seo\/ -->\n<title>Abtsgm\u00fcnd hat jetzt eine APP - Naturpark Schw\u00e4bisch-Fr\u00e4nkischer Wald<\/title>\n<meta name=\"robots\" content=\"index, follow, max-snippet:-1, max-image-preview:large, max-video-preview:-1\" \/>\n<link rel=\"canonical\" href=\"https:\/\/www.naturparkmagazin.de\/schwaebisch-fraenkischer-wald\/abtsgmuend-hat-jetzt-eine-app\/\" \/>\n<meta property=\"og:locale\" content=\"de_DE\" \/>\n<meta property=\"og:type\" content=\"article\" \/>\n<meta property=\"og:title\" content=\"Abtsgm\u00fcnd hat jetzt eine APP - Naturpark Schw\u00e4bisch-Fr\u00e4nkischer Wald\" \/>\n<meta property=\"og:description\" content=\"NEU: Schnappen Sie sich die Abtsgm\u00fcnder APP\" \/>\n<meta property=\"og:url\" content=\"https:\/\/www.naturparkmagazin.de\/schwaebisch-fraenkischer-wald\/abtsgmuend-hat-jetzt-eine-app\/\" \/>\n<meta property=\"og:site_name\" content=\"Naturpark Schw\u00e4bisch-Fr\u00e4nkischer Wald\" \/>\n<meta property=\"article:author\" content=\"https:\/\/www.facebook.com\/naturparkSFW\" \/>\n<meta property=\"article:published_time\" content=\"2016-04-18T04:34:48+00:00\" \/>\n<meta property=\"article:modified_time\" content=\"2016-04-19T04:42:20+00:00\" \/>\n<meta property=\"og:image\" content=\"https:\/\/www.naturparkmagazin.de\/schwaebisch-fraenkischer-wald\/wp-content\/uploads\/sites\/34\/SchnappdirdieappPlakatLeisteuntenf\u00fcrMibla1.jpg\" \/>\n\t<meta property=\"og:image:width\" content=\"200\" \/>\n\t<meta property=\"og:image:height\" content=\"200\" \/>\n\t<meta property=\"og:image:type\" content=\"image\/jpeg\" \/>\n<meta name=\"author\" content=\"Naturpark-Team\" \/>\n<meta name=\"twitter:label1\" content=\"Verfasst von\" \/>\n\t<meta name=\"twitter:data1\" content=\"Naturpark-Team\" \/>\n\t<meta name=\"twitter:label2\" content=\"Gesch\u00e4tzte Lesezeit\" \/>\n\t<meta name=\"twitter:data2\" content=\"2\u00a0Minuten\" \/>\n<script type=\"application\/ld+json\" class=\"yoast-schema-graph\">{\"@context\":\"https:\/\/schema.org\",\"@graph\":[{\"@type\":\"WebPage\",\"@id\":\"https:\/\/www.naturparkmagazin.de\/schwaebisch-fraenkischer-wald\/abtsgmuend-hat-jetzt-eine-app\/\",\"url\":\"https:\/\/www.naturparkmagazin.de\/schwaebisch-fraenkischer-wald\/abtsgmuend-hat-jetzt-eine-app\/\",\"name\":\"Abtsgm\u00fcnd hat jetzt eine APP - Naturpark Schw\u00e4bisch-Fr\u00e4nkischer Wald\",\"isPartOf\":{\"@id\":\"https:\/\/www.naturparkmagazin.de\/schwaebisch-fraenkischer-wald\/#website\"},\"datePublished\":\"2016-04-18T04:34:48+00:00\",\"dateModified\":\"2016-04-19T04:42:20+00:00\",\"author\":{\"@id\":\"https:\/\/www.naturparkmagazin.de\/schwaebisch-fraenkischer-wald\/#\/schema\/person\/f047a3702ae747fd7830cf8ac95e6066\"},\"breadcrumb\":{\"@id\":\"https:\/\/www.naturparkmagazin.de\/schwaebisch-fraenkischer-wald\/abtsgmuend-hat-jetzt-eine-app\/#breadcrumb\"},\"inLanguage\":\"de\",\"potentialAction\":[{\"@type\":\"ReadAction\",\"target\":[\"https:\/\/www.naturparkmagazin.de\/schwaebisch-fraenkischer-wald\/abtsgmuend-hat-jetzt-eine-app\/\"]}]},{\"@type\":\"BreadcrumbList\",\"@id\":\"https:\/\/www.naturparkmagazin.de\/schwaebisch-fraenkischer-wald\/abtsgmuend-hat-jetzt-eine-app\/#breadcrumb\",\"itemListElement\":[{\"@type\":\"ListItem\",\"position\":1,\"name\":\"Home\",\"item\":\"https:\/\/www.naturparkmagazin.de\/schwaebisch-fraenkischer-wald\/\"},{\"@type\":\"ListItem\",\"position\":2,\"name\":\"Abtsgm\u00fcnd hat jetzt eine APP\"}]},{\"@type\":\"WebSite\",\"@id\":\"https:\/\/www.naturparkmagazin.de\/schwaebisch-fraenkischer-wald\/#website\",\"url\":\"https:\/\/www.naturparkmagazin.de\/schwaebisch-fraenkischer-wald\/\",\"name\":\"Naturpark Schw\u00e4bisch-Fr\u00e4nkischer Wald\",\"description\":\"\",\"potentialAction\":[{\"@type\":\"SearchAction\",\"target\":{\"@type\":\"EntryPoint\",\"urlTemplate\":\"https:\/\/www.naturparkmagazin.de\/schwaebisch-fraenkischer-wald\/?s={search_term_string}\"},\"query-input\":\"required name=search_term_string\"}],\"inLanguage\":\"de\"},{\"@type\":\"Person\",\"@id\":\"https:\/\/www.naturparkmagazin.de\/schwaebisch-fraenkischer-wald\/#\/schema\/person\/f047a3702ae747fd7830cf8ac95e6066\",\"name\":\"Naturpark-Team\",\"sameAs\":[\"http:\/\/www.naturpark-sfw.de\",\"https:\/\/www.facebook.com\/naturparkSFW\"],\"url\":\"https:\/\/www.naturparkmagazin.de\/schwaebisch-fraenkischer-wald\/author\/bernharddrixler\/\"}]}<\/script>\n<!-- \/ Yoast SEO plugin. -->","yoast_head_json":{"title":"Abtsgm\u00fcnd hat jetzt eine APP - Naturpark Schw\u00e4bisch-Fr\u00e4nkischer Wald","robots":{"index":"index","follow":"follow","max-snippet":"max-snippet:-1","max-image-preview":"max-image-preview:large","max-video-preview":"max-video-preview:-1"},"canonical":"https:\/\/www.naturparkmagazin.de\/schwaebisch-fraenkischer-wald\/abtsgmuend-hat-jetzt-eine-app\/","og_locale":"de_DE","og_type":"article","og_title":"Abtsgm\u00fcnd hat jetzt eine APP - Naturpark Schw\u00e4bisch-Fr\u00e4nkischer Wald","og_description":"NEU: Schnappen Sie sich die Abtsgm\u00fcnder APP","og_url":"https:\/\/www.naturparkmagazin.de\/schwaebisch-fraenkischer-wald\/abtsgmuend-hat-jetzt-eine-app\/","og_site_name":"Naturpark Schw\u00e4bisch-Fr\u00e4nkischer Wald","article_author":"https:\/\/www.facebook.com\/naturparkSFW","article_published_time":"2016-04-18T04:34:48+00:00","article_modified_time":"2016-04-19T04:42:20+00:00","og_image":[{"width":200,"height":200,"url":"https:\/\/www.naturparkmagazin.de\/schwaebisch-fraenkischer-wald\/wp-content\/uploads\/sites\/34\/SchnappdirdieappPlakatLeisteuntenf\u00fcrMibla1.jpg","type":"image\/jpeg"}],"author":"Naturpark-Team","twitter_misc":{"Verfasst von":"Naturpark-Team","Gesch\u00e4tzte Lesezeit":"2\u00a0Minuten"},"schema":{"@context":"https:\/\/schema.org","@graph":[{"@type":"WebPage","@id":"https:\/\/www.naturparkmagazin.de\/schwaebisch-fraenkischer-wald\/abtsgmuend-hat-jetzt-eine-app\/","url":"https:\/\/www.naturparkmagazin.de\/schwaebisch-fraenkischer-wald\/abtsgmuend-hat-jetzt-eine-app\/","name":"Abtsgm\u00fcnd hat jetzt eine APP - Naturpark Schw\u00e4bisch-Fr\u00e4nkischer Wald","isPartOf":{"@id":"https:\/\/www.naturparkmagazin.de\/schwaebisch-fraenkischer-wald\/#website"},"datePublished":"2016-04-18T04:34:48+00:00","dateModified":"2016-04-19T04:42:20+00:00","author":{"@id":"https:\/\/www.naturparkmagazin.de\/schwaebisch-fraenkischer-wald\/#\/schema\/person\/f047a3702ae747fd7830cf8ac95e6066"},"breadcrumb":{"@id":"https:\/\/www.naturparkmagazin.de\/schwaebisch-fraenkischer-wald\/abtsgmuend-hat-jetzt-eine-app\/#breadcrumb"},"inLanguage":"de","potentialAction":[{"@type":"ReadAction","target":["https:\/\/www.naturparkmagazin.de\/schwaebisch-fraenkischer-wald\/abtsgmuend-hat-jetzt-eine-app\/"]}]},{"@type":"BreadcrumbList","@id":"https:\/\/www.naturparkmagazin.de\/schwaebisch-fraenkischer-wald\/abtsgmuend-hat-jetzt-eine-app\/#breadcrumb","itemListElement":[{"@type":"ListItem","position":1,"name":"Home","item":"https:\/\/www.naturparkmagazin.de\/schwaebisch-fraenkischer-wald\/"},{"@type":"ListItem","position":2,"name":"Abtsgm\u00fcnd hat jetzt eine APP"}]},{"@type":"WebSite","@id":"https:\/\/www.naturparkmagazin.de\/schwaebisch-fraenkischer-wald\/#website","url":"https:\/\/www.naturparkmagazin.de\/schwaebisch-fraenkischer-wald\/","name":"Naturpark Schw\u00e4bisch-Fr\u00e4nkischer Wald","description":"","potentialAction":[{"@type":"SearchAction","target":{"@type":"EntryPoint","urlTemplate":"https:\/\/www.naturparkmagazin.de\/schwaebisch-fraenkischer-wald\/?s={search_term_string}"},"query-input":"required name=search_term_string"}],"inLanguage":"de"},{"@type":"Person","@id":"https:\/\/www.naturparkmagazin.de\/schwaebisch-fraenkischer-wald\/#\/schema\/person\/f047a3702ae747fd7830cf8ac95e6066","name":"Naturpark-Team","sameAs":["http:\/\/www.naturpark-sfw.de","https:\/\/www.facebook.com\/naturparkSFW"],"url":"https:\/\/www.naturparkmagazin.de\/schwaebisch-fraenkischer-wald\/author\/bernharddrixler\/"}]}},"_links":{"self":[{"href":"https:\/\/www.naturparkmagazin.de\/schwaebisch-fraenkischer-wald\/wp-json\/wp\/v2\/posts\/3418"}],"collection":[{"href":"https:\/\/www.naturparkmagazin.de\/schwaebisch-fraenkischer-wald\/wp-json\/wp\/v2\/posts"}],"about":[{"href":"https:\/\/www.naturparkmagazin.de\/schwaebisch-fraenkischer-wald\/wp-json\/wp\/v2\/types\/post"}],"author":[{"embeddable":true,"href":"https:\/\/www.naturparkmagazin.de\/schwaebisch-fraenkischer-wald\/wp-json\/wp\/v2\/users\/25"}],"replies":[{"embeddable":true,"href":"https:\/\/www.naturparkmagazin.de\/schwaebisch-fraenkischer-wald\/wp-json\/wp\/v2\/comments?post=3418"}],"version-history":[{"count":1,"href":"https:\/\/www.naturparkmagazin.de\/schwaebisch-fraenkischer-wald\/wp-json\/wp\/v2\/posts\/3418\/revisions"}],"predecessor-version":[{"id":3421,"href":"https:\/\/www.naturparkmagazin.de\/schwaebisch-fraenkischer-wald\/wp-json\/wp\/v2\/posts\/3418\/revisions\/3421"}],"wp:featuredmedia":[{"embeddable":true,"href":"https:\/\/www.naturparkmagazin.de\/schwaebisch-fraenkischer-wald\/wp-json\/wp\/v2\/media\/3420"}],"wp:attachment":[{"href":"https:\/\/www.naturparkmagazin.de\/schwaebisch-fraenkischer-wald\/wp-json\/wp\/v2\/media?parent=3418"}],"wp:term":[{"taxonomy":"category","embeddable":true,"href":"https:\/\/www.naturparkmagazin.de\/schwaebisch-fraenkischer-wald\/wp-json\/wp\/v2\/categories?post=3418"},{"taxonomy":"post_tag","embeddable":true,"href":"https:\/\/www.naturparkmagazin.de\/schwaebisch-fraenkischer-wald\/wp-json\/wp\/v2\/tags?post=3418"}],"curies":[{"name":"wp","href":"https:\/\/api.w.org\/{rel}","templated":true}]}}