{"id":342,"date":"2013-08-28T08:00:44","date_gmt":"2013-08-28T06:00:44","guid":{"rendered":"http:\/\/www.naturparkmagazin.de\/schwaebisch-fraenkischer-wald\/?p=342"},"modified":"2013-08-28T10:19:35","modified_gmt":"2013-08-28T08:19:35","slug":"spaetsommerliche-naturparkgenuesse","status":"publish","type":"post","link":"https:\/\/www.naturparkmagazin.de\/schwaebisch-fraenkischer-wald\/spaetsommerliche-naturparkgenuesse\/","title":{"rendered":"Sp\u00e4tsommerliche Naturparkgen\u00fcsse"},"content":{"rendered":"<p>Wer im September schon mit Unbehagen an die ersten grauen Tage im Herbst denkt, dem sei der Naturparkmarkt in Alfdorf herzlich empfohlen, wo sich am 8. September zwischen 11-18 Uhr der Sp\u00e4tsommer noch einmal von seiner kulinarisch und k\u00fcnstlerisch besten Seite zeigen wird.<\/p>\n<p>Insgesamt beteiligen sich erneut rund 60 Direktvermarkter aus dem Naturpark Schw\u00e4bisch-Fr\u00e4nkischer Wald &#8211; die Landwirte und weiterverarbeitenden Betriebe unter ihnen kreieren zum vierten Mal in diesem Jahr geschmackliche Leckerbissen aus der Region, die je nach pers\u00f6nlicher Vorliebe zusammengestellt werden k\u00f6nnen: Wie w\u00e4re es zum Beispiel mit ausgew\u00e4hlten K\u00e4sesorten von der Familie Bundschuh, dazu ein erlesener Wein vom Weingut Dieroff und frisches Brot mit erfrischendem Kr\u00e4uter\u00f6l der G\u00e4rtnerei Feucht?<\/p>\n<div id=\"attachment_346\" style=\"width: 188px\" class=\"wp-caption alignleft\"><a href=\"https:\/\/www.naturparkmagazin.de\/schwaebisch-fraenkischer-wald\/wp-content\/uploads\/sites\/34\/120617_NPM_Grab_Kathi-90_klein.jpg\"><img aria-describedby=\"caption-attachment-346\" decoding=\"async\" loading=\"lazy\" class=\" wp-image-346          \" title=\"Galloway-Burger\" alt=\"(c) Naturpark Schw\u00e4bisch-Fr\u00e4nkischer Wald\" src=\"https:\/\/www.naturparkmagazin.de\/schwaebisch-fraenkischer-wald\/wp-content\/uploads\/sites\/34\/120617_NPM_Grab_Kathi-90_klein-300x400.jpg\" width=\"178\" height=\"237\" srcset=\"https:\/\/www.naturparkmagazin.de\/schwaebisch-fraenkischer-wald\/wp-content\/uploads\/sites\/34\/120617_NPM_Grab_Kathi-90_klein-300x400.jpg 300w, https:\/\/www.naturparkmagazin.de\/schwaebisch-fraenkischer-wald\/wp-content\/uploads\/sites\/34\/120617_NPM_Grab_Kathi-90_klein-420x560.jpg 420w, https:\/\/www.naturparkmagazin.de\/schwaebisch-fraenkischer-wald\/wp-content\/uploads\/sites\/34\/120617_NPM_Grab_Kathi-90_klein-135x180.jpg 135w, https:\/\/www.naturparkmagazin.de\/schwaebisch-fraenkischer-wald\/wp-content\/uploads\/sites\/34\/120617_NPM_Grab_Kathi-90_klein-53x71.jpg 53w, https:\/\/www.naturparkmagazin.de\/schwaebisch-fraenkischer-wald\/wp-content\/uploads\/sites\/34\/120617_NPM_Grab_Kathi-90_klein-200x267.jpg 200w, https:\/\/www.naturparkmagazin.de\/schwaebisch-fraenkischer-wald\/wp-content\/uploads\/sites\/34\/120617_NPM_Grab_Kathi-90_klein.jpg 500w\" sizes=\"(max-width: 178px) 100vw, 178px\" \/><\/a><p id=\"caption-attachment-346\" class=\"wp-caption-text\">Galloway-Burger<\/p><\/div>\n<p>Sehr zu empfehlen sind auch die liebevoll angerichteten Burger von Murrhardter Galloway-Rindern, die zum Beispiel mit raffinierten Senfspezialit\u00e4ten aus der Remstaler Senfmanufaktur sowie einem frisch gezapften Bier der L\u00f6wenbrauerei Hall harmonieren.<\/p>\n<p>Gut gest\u00e4rkt lassen sich die kreativen Schaffensprozesse der Handwerksbetriebe aus dem Naturpark bewundern: Filz, Stoff, Leder, Seife, Holz, Stein, Ton oder Bl\u00fcten, werden mit fachkundigen H\u00e4nden neu geformt, sodass sie sich sowohl als praktischer Haushaltsgegenstand oder als dekoratives Schmuck- oder Kleidungsst\u00fcck sehen und kaufen lassen k\u00f6nnen.<\/p>\n<p>Ein wesentlicher Bestandteil eines jeden Naturparkmarktes ist der direkte Kontakt zwischen den wirtschaftenden Betrieben und der Bev\u00f6lkerung des Schw\u00e4bisch-Fr\u00e4nkischen Waldes, denn so k\u00f6nnen die Herstellungsprozesse und Vorteile regional erzeugter Lebensmittel und Handwerkskunst erfragt und nachvollzogen werden. Wissbegierige Besucher und Besucherinnen sind deshalb ausdr\u00fccklich erw\u00fcnscht und es w\u00e4re sch\u00f6n, wenn der eine oder andere Hofladen nach einem Naturparkmarkt-Besuch fest in die eigene Einkaufsroute mit eingeplant wird.<\/p>\n<div id=\"attachment_347\" style=\"width: 250px\" class=\"wp-caption alignright\"><a href=\"https:\/\/www.naturparkmagazin.de\/schwaebisch-fraenkischer-wald\/wp-content\/uploads\/sites\/34\/120708_NPM_Waldenburg-472_klein.jpg\"><img aria-describedby=\"caption-attachment-347\" decoding=\"async\" loading=\"lazy\" class=\" wp-image-347  \" title=\"Auf der Suche nach kreativer Handwerkskunst\" alt=\"(c) Naturpark Schw\u00e4bisch-Fr\u00e4nkischer Wald\" src=\"https:\/\/www.naturparkmagazin.de\/schwaebisch-fraenkischer-wald\/wp-content\/uploads\/sites\/34\/120708_NPM_Waldenburg-472_klein-300x450.jpg\" width=\"240\" height=\"360\" srcset=\"https:\/\/www.naturparkmagazin.de\/schwaebisch-fraenkischer-wald\/wp-content\/uploads\/sites\/34\/120708_NPM_Waldenburg-472_klein-300x450.jpg 300w, https:\/\/www.naturparkmagazin.de\/schwaebisch-fraenkischer-wald\/wp-content\/uploads\/sites\/34\/120708_NPM_Waldenburg-472_klein-200x300.jpg 200w, https:\/\/www.naturparkmagazin.de\/schwaebisch-fraenkischer-wald\/wp-content\/uploads\/sites\/34\/120708_NPM_Waldenburg-472_klein.jpg 500w\" sizes=\"(max-width: 240px) 100vw, 240px\" \/><\/a><p id=\"caption-attachment-347\" class=\"wp-caption-text\">Auf der Suche nach kreativer Handwerkskunst<\/p><\/div>\n<p>Auch der Ort Alfdorf kann w\u00e4hrend des Naturparkmarktes n\u00e4her kennengelernt werden. So l\u00e4sst sich mit dem Planwagen eine Stadtf\u00fchrung der besonderen Art erleben und die Kirchf\u00fchrerin B\u00e4rbel H\u00f6sch wei\u00df Spannendes und Informatives \u00fcber die Vergangenheit der ev. Stephanuskirche zu berichten. Wer herausfinden m\u00f6chte, was sich hinter den au\u00dfergew\u00f6hnlichen Namen \u201eBemberlesstein\u201c oder \u201eSchillergrotte\u201c verbirgt, schlie\u00dft sich um 14:30 der Wanderung mit der Naturparkf\u00fchrerin Gerda Drexel-Stich an.<\/p>\n<p>Der Flyer zum Naturparkmarkt Alfdorf kann ab sofort beim Naturpark angefordert oder im Internet heruntergeladen werden. Weitere Informationen zu diesem und den anderen Naturparkm\u00e4rkten finden Sie unter <a href=\"http:\/\/www.naturpark-sfw.de\">www.naturpark-sfw.de<\/a>.<\/p>\n<p>Der Naturpark Schw\u00e4bisch-Fr\u00e4nkischer Wald und die Aussteller freuen sich auf appetit- kauf- und gespr\u00e4chsfreudige Besucher und Besucherinnen beim Naturparkmarkt in Alfdorf!<\/p>\n<p>Die Naturparkm\u00e4rkte sind ein Kooperationsprojekt mit den teilnehmende Kommunen werden gef\u00f6rdert durch den Naturpark Schw\u00e4bisch-Fr\u00e4nkischer Wald mit Mitteln des Landes Baden-W\u00fcrttemberg, der Lotterie Gl\u00fccksspirale und der Europ\u00e4ischen Union (ELER).<\/p>\n<p>&nbsp;<\/p>\n","protected":false},"excerpt":{"rendered":"<p>Beim Naturparkmarkt in Alfdorf k\u00f6nnen zum vierten Mal in diesem Jahr nicht nur regionale Lebensmittel sowie Handwerkskunst erstanden sondern auch die Direktvermarkter in lockerer Atmosph\u00e4re kennengelernt werden.<\/p>\n","protected":false},"author":25,"featured_media":345,"comment_status":"open","ping_status":"open","sticky":false,"template":"","format":"standard","meta":[],"categories":[11],"tags":[29,81,3154,28],"yoast_head":"<!-- This site is optimized with the Yoast SEO plugin v19.10 - https:\/\/yoast.com\/wordpress\/plugins\/seo\/ -->\n<title>Sp\u00e4tsommerliche Naturparkgen\u00fcsse - Naturpark Schw\u00e4bisch-Fr\u00e4nkischer Wald<\/title>\n<meta name=\"robots\" content=\"index, follow, max-snippet:-1, max-image-preview:large, max-video-preview:-1\" \/>\n<link rel=\"canonical\" href=\"https:\/\/www.naturparkmagazin.de\/schwaebisch-fraenkischer-wald\/spaetsommerliche-naturparkgenuesse\/\" \/>\n<meta property=\"og:locale\" content=\"de_DE\" \/>\n<meta property=\"og:type\" content=\"article\" \/>\n<meta property=\"og:title\" content=\"Sp\u00e4tsommerliche Naturparkgen\u00fcsse - Naturpark Schw\u00e4bisch-Fr\u00e4nkischer Wald\" \/>\n<meta property=\"og:description\" content=\"Beim Naturparkmarkt in Alfdorf k\u00f6nnen zum vierten Mal in diesem Jahr nicht nur regionale Lebensmittel sowie Handwerkskunst erstanden sondern auch die Direktvermarkter in lockerer Atmosph\u00e4re kennengelernt werden.\" \/>\n<meta property=\"og:url\" content=\"https:\/\/www.naturparkmagazin.de\/schwaebisch-fraenkischer-wald\/spaetsommerliche-naturparkgenuesse\/\" \/>\n<meta property=\"og:site_name\" content=\"Naturpark Schw\u00e4bisch-Fr\u00e4nkischer Wald\" \/>\n<meta property=\"article:author\" content=\"https:\/\/www.facebook.com\/naturparkSFW\" \/>\n<meta property=\"article:published_time\" content=\"2013-08-28T06:00:44+00:00\" \/>\n<meta property=\"article:modified_time\" content=\"2013-08-28T08:19:35+00:00\" \/>\n<meta property=\"og:image\" content=\"https:\/\/www.naturparkmagazin.de\/schwaebisch-fraenkischer-wald\/wp-content\/uploads\/sites\/34\/110911_NPMopp-272_klein.jpg\" \/>\n\t<meta property=\"og:image:width\" content=\"500\" \/>\n\t<meta property=\"og:image:height\" content=\"333\" \/>\n\t<meta property=\"og:image:type\" content=\"image\/jpeg\" \/>\n<meta name=\"author\" content=\"Naturpark-Team\" \/>\n<meta name=\"twitter:label1\" content=\"Verfasst von\" \/>\n\t<meta name=\"twitter:data1\" content=\"Naturpark-Team\" \/>\n\t<meta name=\"twitter:label2\" content=\"Gesch\u00e4tzte Lesezeit\" \/>\n\t<meta name=\"twitter:data2\" content=\"2\u00a0Minuten\" \/>\n<script type=\"application\/ld+json\" class=\"yoast-schema-graph\">{\"@context\":\"https:\/\/schema.org\",\"@graph\":[{\"@type\":\"WebPage\",\"@id\":\"https:\/\/www.naturparkmagazin.de\/schwaebisch-fraenkischer-wald\/spaetsommerliche-naturparkgenuesse\/\",\"url\":\"https:\/\/www.naturparkmagazin.de\/schwaebisch-fraenkischer-wald\/spaetsommerliche-naturparkgenuesse\/\",\"name\":\"Sp\u00e4tsommerliche Naturparkgen\u00fcsse - Naturpark Schw\u00e4bisch-Fr\u00e4nkischer Wald\",\"isPartOf\":{\"@id\":\"https:\/\/www.naturparkmagazin.de\/schwaebisch-fraenkischer-wald\/#website\"},\"datePublished\":\"2013-08-28T06:00:44+00:00\",\"dateModified\":\"2013-08-28T08:19:35+00:00\",\"author\":{\"@id\":\"https:\/\/www.naturparkmagazin.de\/schwaebisch-fraenkischer-wald\/#\/schema\/person\/f047a3702ae747fd7830cf8ac95e6066\"},\"breadcrumb\":{\"@id\":\"https:\/\/www.naturparkmagazin.de\/schwaebisch-fraenkischer-wald\/spaetsommerliche-naturparkgenuesse\/#breadcrumb\"},\"inLanguage\":\"de\",\"potentialAction\":[{\"@type\":\"ReadAction\",\"target\":[\"https:\/\/www.naturparkmagazin.de\/schwaebisch-fraenkischer-wald\/spaetsommerliche-naturparkgenuesse\/\"]}]},{\"@type\":\"BreadcrumbList\",\"@id\":\"https:\/\/www.naturparkmagazin.de\/schwaebisch-fraenkischer-wald\/spaetsommerliche-naturparkgenuesse\/#breadcrumb\",\"itemListElement\":[{\"@type\":\"ListItem\",\"position\":1,\"name\":\"Home\",\"item\":\"https:\/\/www.naturparkmagazin.de\/schwaebisch-fraenkischer-wald\/\"},{\"@type\":\"ListItem\",\"position\":2,\"name\":\"Sp\u00e4tsommerliche Naturparkgen\u00fcsse\"}]},{\"@type\":\"WebSite\",\"@id\":\"https:\/\/www.naturparkmagazin.de\/schwaebisch-fraenkischer-wald\/#website\",\"url\":\"https:\/\/www.naturparkmagazin.de\/schwaebisch-fraenkischer-wald\/\",\"name\":\"Naturpark Schw\u00e4bisch-Fr\u00e4nkischer Wald\",\"description\":\"\",\"potentialAction\":[{\"@type\":\"SearchAction\",\"target\":{\"@type\":\"EntryPoint\",\"urlTemplate\":\"https:\/\/www.naturparkmagazin.de\/schwaebisch-fraenkischer-wald\/?s={search_term_string}\"},\"query-input\":\"required name=search_term_string\"}],\"inLanguage\":\"de\"},{\"@type\":\"Person\",\"@id\":\"https:\/\/www.naturparkmagazin.de\/schwaebisch-fraenkischer-wald\/#\/schema\/person\/f047a3702ae747fd7830cf8ac95e6066\",\"name\":\"Naturpark-Team\",\"sameAs\":[\"http:\/\/www.naturpark-sfw.de\",\"https:\/\/www.facebook.com\/naturparkSFW\"],\"url\":\"https:\/\/www.naturparkmagazin.de\/schwaebisch-fraenkischer-wald\/author\/bernharddrixler\/\"}]}<\/script>\n<!-- \/ Yoast SEO plugin. -->","yoast_head_json":{"title":"Sp\u00e4tsommerliche Naturparkgen\u00fcsse - Naturpark Schw\u00e4bisch-Fr\u00e4nkischer Wald","robots":{"index":"index","follow":"follow","max-snippet":"max-snippet:-1","max-image-preview":"max-image-preview:large","max-video-preview":"max-video-preview:-1"},"canonical":"https:\/\/www.naturparkmagazin.de\/schwaebisch-fraenkischer-wald\/spaetsommerliche-naturparkgenuesse\/","og_locale":"de_DE","og_type":"article","og_title":"Sp\u00e4tsommerliche Naturparkgen\u00fcsse - Naturpark Schw\u00e4bisch-Fr\u00e4nkischer Wald","og_description":"Beim Naturparkmarkt in Alfdorf k\u00f6nnen zum vierten Mal in diesem Jahr nicht nur regionale Lebensmittel sowie Handwerkskunst erstanden sondern auch die Direktvermarkter in lockerer Atmosph\u00e4re kennengelernt werden.","og_url":"https:\/\/www.naturparkmagazin.de\/schwaebisch-fraenkischer-wald\/spaetsommerliche-naturparkgenuesse\/","og_site_name":"Naturpark Schw\u00e4bisch-Fr\u00e4nkischer Wald","article_author":"https:\/\/www.facebook.com\/naturparkSFW","article_published_time":"2013-08-28T06:00:44+00:00","article_modified_time":"2013-08-28T08:19:35+00:00","og_image":[{"width":500,"height":333,"url":"https:\/\/www.naturparkmagazin.de\/schwaebisch-fraenkischer-wald\/wp-content\/uploads\/sites\/34\/110911_NPMopp-272_klein.jpg","type":"image\/jpeg"}],"author":"Naturpark-Team","twitter_misc":{"Verfasst von":"Naturpark-Team","Gesch\u00e4tzte Lesezeit":"2\u00a0Minuten"},"schema":{"@context":"https:\/\/schema.org","@graph":[{"@type":"WebPage","@id":"https:\/\/www.naturparkmagazin.de\/schwaebisch-fraenkischer-wald\/spaetsommerliche-naturparkgenuesse\/","url":"https:\/\/www.naturparkmagazin.de\/schwaebisch-fraenkischer-wald\/spaetsommerliche-naturparkgenuesse\/","name":"Sp\u00e4tsommerliche Naturparkgen\u00fcsse - Naturpark Schw\u00e4bisch-Fr\u00e4nkischer Wald","isPartOf":{"@id":"https:\/\/www.naturparkmagazin.de\/schwaebisch-fraenkischer-wald\/#website"},"datePublished":"2013-08-28T06:00:44+00:00","dateModified":"2013-08-28T08:19:35+00:00","author":{"@id":"https:\/\/www.naturparkmagazin.de\/schwaebisch-fraenkischer-wald\/#\/schema\/person\/f047a3702ae747fd7830cf8ac95e6066"},"breadcrumb":{"@id":"https:\/\/www.naturparkmagazin.de\/schwaebisch-fraenkischer-wald\/spaetsommerliche-naturparkgenuesse\/#breadcrumb"},"inLanguage":"de","potentialAction":[{"@type":"ReadAction","target":["https:\/\/www.naturparkmagazin.de\/schwaebisch-fraenkischer-wald\/spaetsommerliche-naturparkgenuesse\/"]}]},{"@type":"BreadcrumbList","@id":"https:\/\/www.naturparkmagazin.de\/schwaebisch-fraenkischer-wald\/spaetsommerliche-naturparkgenuesse\/#breadcrumb","itemListElement":[{"@type":"ListItem","position":1,"name":"Home","item":"https:\/\/www.naturparkmagazin.de\/schwaebisch-fraenkischer-wald\/"},{"@type":"ListItem","position":2,"name":"Sp\u00e4tsommerliche Naturparkgen\u00fcsse"}]},{"@type":"WebSite","@id":"https:\/\/www.naturparkmagazin.de\/schwaebisch-fraenkischer-wald\/#website","url":"https:\/\/www.naturparkmagazin.de\/schwaebisch-fraenkischer-wald\/","name":"Naturpark Schw\u00e4bisch-Fr\u00e4nkischer Wald","description":"","potentialAction":[{"@type":"SearchAction","target":{"@type":"EntryPoint","urlTemplate":"https:\/\/www.naturparkmagazin.de\/schwaebisch-fraenkischer-wald\/?s={search_term_string}"},"query-input":"required name=search_term_string"}],"inLanguage":"de"},{"@type":"Person","@id":"https:\/\/www.naturparkmagazin.de\/schwaebisch-fraenkischer-wald\/#\/schema\/person\/f047a3702ae747fd7830cf8ac95e6066","name":"Naturpark-Team","sameAs":["http:\/\/www.naturpark-sfw.de","https:\/\/www.facebook.com\/naturparkSFW"],"url":"https:\/\/www.naturparkmagazin.de\/schwaebisch-fraenkischer-wald\/author\/bernharddrixler\/"}]}},"_links":{"self":[{"href":"https:\/\/www.naturparkmagazin.de\/schwaebisch-fraenkischer-wald\/wp-json\/wp\/v2\/posts\/342"}],"collection":[{"href":"https:\/\/www.naturparkmagazin.de\/schwaebisch-fraenkischer-wald\/wp-json\/wp\/v2\/posts"}],"about":[{"href":"https:\/\/www.naturparkmagazin.de\/schwaebisch-fraenkischer-wald\/wp-json\/wp\/v2\/types\/post"}],"author":[{"embeddable":true,"href":"https:\/\/www.naturparkmagazin.de\/schwaebisch-fraenkischer-wald\/wp-json\/wp\/v2\/users\/25"}],"replies":[{"embeddable":true,"href":"https:\/\/www.naturparkmagazin.de\/schwaebisch-fraenkischer-wald\/wp-json\/wp\/v2\/comments?post=342"}],"version-history":[{"count":6,"href":"https:\/\/www.naturparkmagazin.de\/schwaebisch-fraenkischer-wald\/wp-json\/wp\/v2\/posts\/342\/revisions"}],"predecessor-version":[{"id":383,"href":"https:\/\/www.naturparkmagazin.de\/schwaebisch-fraenkischer-wald\/wp-json\/wp\/v2\/posts\/342\/revisions\/383"}],"wp:featuredmedia":[{"embeddable":true,"href":"https:\/\/www.naturparkmagazin.de\/schwaebisch-fraenkischer-wald\/wp-json\/wp\/v2\/media\/345"}],"wp:attachment":[{"href":"https:\/\/www.naturparkmagazin.de\/schwaebisch-fraenkischer-wald\/wp-json\/wp\/v2\/media?parent=342"}],"wp:term":[{"taxonomy":"category","embeddable":true,"href":"https:\/\/www.naturparkmagazin.de\/schwaebisch-fraenkischer-wald\/wp-json\/wp\/v2\/categories?post=342"},{"taxonomy":"post_tag","embeddable":true,"href":"https:\/\/www.naturparkmagazin.de\/schwaebisch-fraenkischer-wald\/wp-json\/wp\/v2\/tags?post=342"}],"curies":[{"name":"wp","href":"https:\/\/api.w.org\/{rel}","templated":true}]}}