{"id":3488,"date":"2016-05-17T08:55:49","date_gmt":"2016-05-17T06:55:49","guid":{"rendered":"http:\/\/www.naturparkmagazin.de\/schwaebisch-fraenkischer-wald\/?p=3488"},"modified":"2016-05-12T09:01:10","modified_gmt":"2016-05-12T07:01:10","slug":"abtsgmuend-hier-blueht-dir-was","status":"publish","type":"post","link":"https:\/\/www.naturparkmagazin.de\/schwaebisch-fraenkischer-wald\/abtsgmuend-hier-blueht-dir-was\/","title":{"rendered":"Abtsgm\u00fcnd. Hier bl\u00fcht dir was!"},"content":{"rendered":"<p>Zugegeben: In Abtsgm\u00fcnd darf es in Sachen Natur schon immer etwas mehr sein.<\/p>\n<div id=\"attachment_3489\" style=\"width: 210px\" class=\"wp-caption alignright\"><a href=\"https:\/\/www.naturparkmagazin.de\/schwaebisch-fraenkischer-wald\/wp-content\/uploads\/sites\/34\/Blumenwiesemittext.jpg\"><img aria-describedby=\"caption-attachment-3489\" decoding=\"async\" loading=\"lazy\" class=\"size-full wp-image-3489\" src=\"https:\/\/www.naturparkmagazin.de\/schwaebisch-fraenkischer-wald\/wp-content\/uploads\/sites\/34\/Blumenwiesemittext.jpg\" alt=\"Der wilde Blumensommer in Abtsgm\u00fcnd\" width=\"200\" height=\"200\" srcset=\"https:\/\/www.naturparkmagazin.de\/schwaebisch-fraenkischer-wald\/wp-content\/uploads\/sites\/34\/Blumenwiesemittext.jpg 200w, https:\/\/www.naturparkmagazin.de\/schwaebisch-fraenkischer-wald\/wp-content\/uploads\/sites\/34\/Blumenwiesemittext-30x30.jpg 30w\" sizes=\"(max-width: 200px) 100vw, 200px\" \/><\/a><p id=\"caption-attachment-3489\" class=\"wp-caption-text\">Der wilde Blumensommer in Abtsgm\u00fcnd<\/p><\/div>\n<p>Endlose W\u00e4lder weben ihre magischen B\u00e4nder durch die Gemeinde, frische B\u00e4chlein und Fl\u00fcsse winden sich durch gr\u00fcne Wiesen. Man kann wandern, Radfahren, schwimmen, einfach im Gr\u00fcnen sitzen und die Natur genie\u00dfen. Und nun hat der staatlich anerkannte Erholungsort auch noch \u00a0gro\u00dfz\u00fcgig ausges\u00e4t. Frei nach dem Motto: &#8222;Wer s\u00e4en kann, der s\u00e4e.&#8220;<\/p>\n<p>Das Ergebnis: In der gesamten Gemeinde auf rund\u00a0 25 000 Quadratmetern finden sich in diesem Sommer Blumenmeere, an denen sich nicht nur die Bienen, sondern allerlei Insekten und vor allem das Auge des Betrachters erfreuen. Ausgesucht wurden die Blumensamen von Landschaftsplanern und Naturschutzexperten. Und es wurde unterteilt in so genannte einj\u00e4hrige und mehrj\u00e4hrige Wiesen.<\/p>\n<p>&#8222;Generell sind Wildblumenwiesen wundersch\u00f6n anzusehen, bl\u00fchen bis in den Herbst und sind vor allem \u00f6kologisch wertvoll und ein wichtiger Beitrag zur Artenvielfalt.&#8220; Weist Abtsgm\u00fcnds B\u00fcrgermeister Armin Kiemel auf die Hintergrund\u00fcberlegungen hin.<\/p>\n<p>Die einj\u00e4hrigen Mischungen bieten neben Nahrung f\u00fcr allerlei Insekten auch einen prachtvollen Anblick. Sie wurden haupts\u00e4chlich innerorts ausges\u00e4t. Auf kleinen Fl\u00e4chen entfalten sie nun ihre Bl\u00fcten und D\u00fcfte. Auch rund zwanzig private Gartenbesitzer schlossen sich der Aktion an und brachten in ihren Vorg\u00e4rten\u00a0 Wildblumensamen aus, was das Ortsbild zus\u00e4tzlich aufwertet<\/p>\n<p>Daneben wurden zahlreiche der inner\u00f6rtlichen Blumenbeete mit Wildblumenmischungen einges\u00e4t. Einige wenige traditionelle Blumenbeete wurden belassen. Vor allem, um\u00a0 den Betrachtern einen unmittelbaren Vergleich zu erm\u00f6glichen. Denn im Laufe des Sommers k\u00f6nnen alle, die die Abtsgm\u00fcnder Wildblumen besuchen, ihre Lieblingswiese k\u00fcren und ein Bl\u00fctenmen\u00fc in einer der Abtsgm\u00fcnder Gastst\u00e4tten gewinnen.<\/p>\n<p>Extra daf\u00fcr wurde in der Abtsgm\u00fcnder App eine Rubrik &#8222;Wildblumensommer&#8220; angelegt. Darin findet sich eine \u00dcbersichtskarte, die alle Wildblumenwiesen beinhaltet sowie eine \u00dcbersicht \u00fcber das reichhaltige Begleitprogramm, das von Wildkr\u00e4uterf\u00fchrungen, Wiesenwanderungen und Imkerf\u00fchrungen \u00fcber Kochkurse mit wilden Bl\u00fcten bis hin zu Podiumsdiskussionen reicht und in das zahlreiche Abtsgm\u00fcnder Vereine mit einbezogen sind.<\/p>\n<p>Es wird spannend, welche Wildblumenwiese das Rennen macht. Eine der eher auff\u00e4lligen einj\u00e4hrigen Mischungen, oder aber die mehrj\u00e4hrigen, &#8222;Wilden Wiesen&#8220;, die in den gro\u00dfen Bereichen der Ortsrandlagen ausges\u00e4t wurden. Ihre Blumen sind eher unauff\u00e4llig und scheinen manchem Betrachter als &#8222;Unkraut&#8220;. Doch sie sind es, die Jahrhunderte lang die typischen Wiesenpflanzen unserer Heimat waren und die vielerorts durch intensive Bewirtschaftung verschwunden sind. Genau ihre Vielfalt und Bandbreite ist es, die nicht nur f\u00fcr Bienen und Schmetterlinge, sondern f\u00fcr unglaublich viele Wiesenbewohner so wichtig ist. Und auf diesen &#8222;mehrj\u00e4hrigen&#8220; Wiesen vollziehen sich auch die wirklich spannende Dinge: \u00dcber den Sommer hinweg wechseln die Bl\u00fcten und damit die Farben der Wiesen. Auf manchen erlangen im Laufe der Jahre bestimmte Pflanzen die Oberhand, auf manchen setzt sich eine immer buntere Mischung durch. Wer genau hinsieht, den werden speziell diese ganz &#8222;wilden&#8220; Wiesen in ihren Bann ziehen.<\/p>\n<p>So k\u00f6nnen Besucher aus Nah und Fern entdecken, wie\u00a0 wundersch\u00f6n und nachahmenswert naturnaher, \u00f6kologisch wertvoller Blumenschmuck sein kann. Ganz neue Wege, die die Gemeinde geht, um ihren B\u00fcrgern Natur, Vielfalt und \u00d6kologie nachhaltig nahe zu bringen. &#8222;Die Blumenwiesen sollen zuallererst gefallen.&#8220; Meint B\u00fcrgermeister Armin Kiemel. &#8222;Dann kommen die Menschen und schauen sich die Wiesen an. Und lernen zu sehen. Und nachzuahmen. Und wollen vielleicht auch mehr dar\u00fcber und \u00fcber \u00f6kologische Zusammenh\u00e4nge erfahren.&#8220; Deshalb findet auch das breit gef\u00e4cherte Begleitprogramm statt. Und Schulen sowie Kinderg\u00e4rten werden ebenfalls mit einbezogen.<\/p>\n<p>In jedem Fall gilt: Wer sehen kann, der sehe! Und wer genau hinsieht, der wird betrachten, schnuppern und aufatmen. Und wiederkommen. Und den wilden Sommer in Abtsgm\u00fcnd genie\u00dfen. Denn mehr Sommer geht nicht.<\/p>\n<p>Mehr Informationen auf <a href=\"http:\/\/www.abtsgmuend.de\" target=\"_blank\">www.abtsgmuend. de<\/a> oder auf der Abtsgm\u00fcnder App, ie im Google Playstore oder im Appstore heruntergeladen werden kann.<\/p>\n","protected":false},"excerpt":{"rendered":"<p>Der wilde Blumensommer in Abtsgm\u00fcnd<\/p>\n","protected":false},"author":25,"featured_media":3489,"comment_status":"open","ping_status":"open","sticky":false,"template":"","format":"standard","meta":[],"categories":[7],"tags":[508],"yoast_head":"<!-- This site is optimized with the Yoast SEO plugin v19.10 - https:\/\/yoast.com\/wordpress\/plugins\/seo\/ -->\n<title>Abtsgm\u00fcnd. Hier bl\u00fcht dir was! - Naturpark Schw\u00e4bisch-Fr\u00e4nkischer Wald<\/title>\n<meta name=\"robots\" content=\"index, follow, max-snippet:-1, max-image-preview:large, max-video-preview:-1\" \/>\n<link rel=\"canonical\" href=\"https:\/\/www.naturparkmagazin.de\/schwaebisch-fraenkischer-wald\/abtsgmuend-hier-blueht-dir-was\/\" \/>\n<meta property=\"og:locale\" content=\"de_DE\" \/>\n<meta property=\"og:type\" content=\"article\" \/>\n<meta property=\"og:title\" content=\"Abtsgm\u00fcnd. Hier bl\u00fcht dir was! - Naturpark Schw\u00e4bisch-Fr\u00e4nkischer Wald\" \/>\n<meta property=\"og:description\" content=\"Der wilde Blumensommer in Abtsgm\u00fcnd\" \/>\n<meta property=\"og:url\" content=\"https:\/\/www.naturparkmagazin.de\/schwaebisch-fraenkischer-wald\/abtsgmuend-hier-blueht-dir-was\/\" \/>\n<meta property=\"og:site_name\" content=\"Naturpark Schw\u00e4bisch-Fr\u00e4nkischer Wald\" \/>\n<meta property=\"article:author\" content=\"https:\/\/www.facebook.com\/naturparkSFW\" \/>\n<meta property=\"article:published_time\" content=\"2016-05-17T06:55:49+00:00\" \/>\n<meta property=\"article:modified_time\" content=\"2016-05-12T07:01:10+00:00\" \/>\n<meta property=\"og:image\" content=\"https:\/\/www.naturparkmagazin.de\/schwaebisch-fraenkischer-wald\/wp-content\/uploads\/sites\/34\/Blumenwiesemittext.jpg\" \/>\n\t<meta property=\"og:image:width\" content=\"200\" \/>\n\t<meta property=\"og:image:height\" content=\"200\" \/>\n\t<meta property=\"og:image:type\" content=\"image\/jpeg\" \/>\n<meta name=\"author\" content=\"Naturpark-Team\" \/>\n<meta name=\"twitter:label1\" content=\"Verfasst von\" \/>\n\t<meta name=\"twitter:data1\" content=\"Naturpark-Team\" \/>\n\t<meta name=\"twitter:label2\" content=\"Gesch\u00e4tzte Lesezeit\" \/>\n\t<meta name=\"twitter:data2\" content=\"3\u00a0Minuten\" \/>\n<script type=\"application\/ld+json\" class=\"yoast-schema-graph\">{\"@context\":\"https:\/\/schema.org\",\"@graph\":[{\"@type\":\"WebPage\",\"@id\":\"https:\/\/www.naturparkmagazin.de\/schwaebisch-fraenkischer-wald\/abtsgmuend-hier-blueht-dir-was\/\",\"url\":\"https:\/\/www.naturparkmagazin.de\/schwaebisch-fraenkischer-wald\/abtsgmuend-hier-blueht-dir-was\/\",\"name\":\"Abtsgm\u00fcnd. Hier bl\u00fcht dir was! - Naturpark Schw\u00e4bisch-Fr\u00e4nkischer Wald\",\"isPartOf\":{\"@id\":\"https:\/\/www.naturparkmagazin.de\/schwaebisch-fraenkischer-wald\/#website\"},\"datePublished\":\"2016-05-17T06:55:49+00:00\",\"dateModified\":\"2016-05-12T07:01:10+00:00\",\"author\":{\"@id\":\"https:\/\/www.naturparkmagazin.de\/schwaebisch-fraenkischer-wald\/#\/schema\/person\/f047a3702ae747fd7830cf8ac95e6066\"},\"breadcrumb\":{\"@id\":\"https:\/\/www.naturparkmagazin.de\/schwaebisch-fraenkischer-wald\/abtsgmuend-hier-blueht-dir-was\/#breadcrumb\"},\"inLanguage\":\"de\",\"potentialAction\":[{\"@type\":\"ReadAction\",\"target\":[\"https:\/\/www.naturparkmagazin.de\/schwaebisch-fraenkischer-wald\/abtsgmuend-hier-blueht-dir-was\/\"]}]},{\"@type\":\"BreadcrumbList\",\"@id\":\"https:\/\/www.naturparkmagazin.de\/schwaebisch-fraenkischer-wald\/abtsgmuend-hier-blueht-dir-was\/#breadcrumb\",\"itemListElement\":[{\"@type\":\"ListItem\",\"position\":1,\"name\":\"Home\",\"item\":\"https:\/\/www.naturparkmagazin.de\/schwaebisch-fraenkischer-wald\/\"},{\"@type\":\"ListItem\",\"position\":2,\"name\":\"Abtsgm\u00fcnd. Hier bl\u00fcht dir was!\"}]},{\"@type\":\"WebSite\",\"@id\":\"https:\/\/www.naturparkmagazin.de\/schwaebisch-fraenkischer-wald\/#website\",\"url\":\"https:\/\/www.naturparkmagazin.de\/schwaebisch-fraenkischer-wald\/\",\"name\":\"Naturpark Schw\u00e4bisch-Fr\u00e4nkischer Wald\",\"description\":\"\",\"potentialAction\":[{\"@type\":\"SearchAction\",\"target\":{\"@type\":\"EntryPoint\",\"urlTemplate\":\"https:\/\/www.naturparkmagazin.de\/schwaebisch-fraenkischer-wald\/?s={search_term_string}\"},\"query-input\":\"required name=search_term_string\"}],\"inLanguage\":\"de\"},{\"@type\":\"Person\",\"@id\":\"https:\/\/www.naturparkmagazin.de\/schwaebisch-fraenkischer-wald\/#\/schema\/person\/f047a3702ae747fd7830cf8ac95e6066\",\"name\":\"Naturpark-Team\",\"sameAs\":[\"http:\/\/www.naturpark-sfw.de\",\"https:\/\/www.facebook.com\/naturparkSFW\"],\"url\":\"https:\/\/www.naturparkmagazin.de\/schwaebisch-fraenkischer-wald\/author\/bernharddrixler\/\"}]}<\/script>\n<!-- \/ Yoast SEO plugin. -->","yoast_head_json":{"title":"Abtsgm\u00fcnd. Hier bl\u00fcht dir was! - Naturpark Schw\u00e4bisch-Fr\u00e4nkischer Wald","robots":{"index":"index","follow":"follow","max-snippet":"max-snippet:-1","max-image-preview":"max-image-preview:large","max-video-preview":"max-video-preview:-1"},"canonical":"https:\/\/www.naturparkmagazin.de\/schwaebisch-fraenkischer-wald\/abtsgmuend-hier-blueht-dir-was\/","og_locale":"de_DE","og_type":"article","og_title":"Abtsgm\u00fcnd. Hier bl\u00fcht dir was! - Naturpark Schw\u00e4bisch-Fr\u00e4nkischer Wald","og_description":"Der wilde Blumensommer in Abtsgm\u00fcnd","og_url":"https:\/\/www.naturparkmagazin.de\/schwaebisch-fraenkischer-wald\/abtsgmuend-hier-blueht-dir-was\/","og_site_name":"Naturpark Schw\u00e4bisch-Fr\u00e4nkischer Wald","article_author":"https:\/\/www.facebook.com\/naturparkSFW","article_published_time":"2016-05-17T06:55:49+00:00","article_modified_time":"2016-05-12T07:01:10+00:00","og_image":[{"width":200,"height":200,"url":"https:\/\/www.naturparkmagazin.de\/schwaebisch-fraenkischer-wald\/wp-content\/uploads\/sites\/34\/Blumenwiesemittext.jpg","type":"image\/jpeg"}],"author":"Naturpark-Team","twitter_misc":{"Verfasst von":"Naturpark-Team","Gesch\u00e4tzte Lesezeit":"3\u00a0Minuten"},"schema":{"@context":"https:\/\/schema.org","@graph":[{"@type":"WebPage","@id":"https:\/\/www.naturparkmagazin.de\/schwaebisch-fraenkischer-wald\/abtsgmuend-hier-blueht-dir-was\/","url":"https:\/\/www.naturparkmagazin.de\/schwaebisch-fraenkischer-wald\/abtsgmuend-hier-blueht-dir-was\/","name":"Abtsgm\u00fcnd. Hier bl\u00fcht dir was! - Naturpark Schw\u00e4bisch-Fr\u00e4nkischer Wald","isPartOf":{"@id":"https:\/\/www.naturparkmagazin.de\/schwaebisch-fraenkischer-wald\/#website"},"datePublished":"2016-05-17T06:55:49+00:00","dateModified":"2016-05-12T07:01:10+00:00","author":{"@id":"https:\/\/www.naturparkmagazin.de\/schwaebisch-fraenkischer-wald\/#\/schema\/person\/f047a3702ae747fd7830cf8ac95e6066"},"breadcrumb":{"@id":"https:\/\/www.naturparkmagazin.de\/schwaebisch-fraenkischer-wald\/abtsgmuend-hier-blueht-dir-was\/#breadcrumb"},"inLanguage":"de","potentialAction":[{"@type":"ReadAction","target":["https:\/\/www.naturparkmagazin.de\/schwaebisch-fraenkischer-wald\/abtsgmuend-hier-blueht-dir-was\/"]}]},{"@type":"BreadcrumbList","@id":"https:\/\/www.naturparkmagazin.de\/schwaebisch-fraenkischer-wald\/abtsgmuend-hier-blueht-dir-was\/#breadcrumb","itemListElement":[{"@type":"ListItem","position":1,"name":"Home","item":"https:\/\/www.naturparkmagazin.de\/schwaebisch-fraenkischer-wald\/"},{"@type":"ListItem","position":2,"name":"Abtsgm\u00fcnd. Hier bl\u00fcht dir was!"}]},{"@type":"WebSite","@id":"https:\/\/www.naturparkmagazin.de\/schwaebisch-fraenkischer-wald\/#website","url":"https:\/\/www.naturparkmagazin.de\/schwaebisch-fraenkischer-wald\/","name":"Naturpark Schw\u00e4bisch-Fr\u00e4nkischer Wald","description":"","potentialAction":[{"@type":"SearchAction","target":{"@type":"EntryPoint","urlTemplate":"https:\/\/www.naturparkmagazin.de\/schwaebisch-fraenkischer-wald\/?s={search_term_string}"},"query-input":"required name=search_term_string"}],"inLanguage":"de"},{"@type":"Person","@id":"https:\/\/www.naturparkmagazin.de\/schwaebisch-fraenkischer-wald\/#\/schema\/person\/f047a3702ae747fd7830cf8ac95e6066","name":"Naturpark-Team","sameAs":["http:\/\/www.naturpark-sfw.de","https:\/\/www.facebook.com\/naturparkSFW"],"url":"https:\/\/www.naturparkmagazin.de\/schwaebisch-fraenkischer-wald\/author\/bernharddrixler\/"}]}},"_links":{"self":[{"href":"https:\/\/www.naturparkmagazin.de\/schwaebisch-fraenkischer-wald\/wp-json\/wp\/v2\/posts\/3488"}],"collection":[{"href":"https:\/\/www.naturparkmagazin.de\/schwaebisch-fraenkischer-wald\/wp-json\/wp\/v2\/posts"}],"about":[{"href":"https:\/\/www.naturparkmagazin.de\/schwaebisch-fraenkischer-wald\/wp-json\/wp\/v2\/types\/post"}],"author":[{"embeddable":true,"href":"https:\/\/www.naturparkmagazin.de\/schwaebisch-fraenkischer-wald\/wp-json\/wp\/v2\/users\/25"}],"replies":[{"embeddable":true,"href":"https:\/\/www.naturparkmagazin.de\/schwaebisch-fraenkischer-wald\/wp-json\/wp\/v2\/comments?post=3488"}],"version-history":[{"count":1,"href":"https:\/\/www.naturparkmagazin.de\/schwaebisch-fraenkischer-wald\/wp-json\/wp\/v2\/posts\/3488\/revisions"}],"predecessor-version":[{"id":3490,"href":"https:\/\/www.naturparkmagazin.de\/schwaebisch-fraenkischer-wald\/wp-json\/wp\/v2\/posts\/3488\/revisions\/3490"}],"wp:featuredmedia":[{"embeddable":true,"href":"https:\/\/www.naturparkmagazin.de\/schwaebisch-fraenkischer-wald\/wp-json\/wp\/v2\/media\/3489"}],"wp:attachment":[{"href":"https:\/\/www.naturparkmagazin.de\/schwaebisch-fraenkischer-wald\/wp-json\/wp\/v2\/media?parent=3488"}],"wp:term":[{"taxonomy":"category","embeddable":true,"href":"https:\/\/www.naturparkmagazin.de\/schwaebisch-fraenkischer-wald\/wp-json\/wp\/v2\/categories?post=3488"},{"taxonomy":"post_tag","embeddable":true,"href":"https:\/\/www.naturparkmagazin.de\/schwaebisch-fraenkischer-wald\/wp-json\/wp\/v2\/tags?post=3488"}],"curies":[{"name":"wp","href":"https:\/\/api.w.org\/{rel}","templated":true}]}}