{"id":3501,"date":"2016-05-17T14:28:40","date_gmt":"2016-05-17T12:28:40","guid":{"rendered":"http:\/\/www.naturparkmagazin.de\/schwaebisch-fraenkischer-wald\/?p=3501"},"modified":"2016-05-18T16:03:31","modified_gmt":"2016-05-18T14:03:31","slug":"naturparkmarkt-in-fichtenberg","status":"publish","type":"post","link":"https:\/\/www.naturparkmagazin.de\/schwaebisch-fraenkischer-wald\/naturparkmarkt-in-fichtenberg\/","title":{"rendered":"Naturparkmarkt in Fichtenberg"},"content":{"rendered":"<p>Sonntag, 12. Juni<\/p>\n<div id=\"attachment_3502\" style=\"width: 210px\" class=\"wp-caption alignright\"><a href=\"https:\/\/www.naturparkmagazin.de\/schwaebisch-fraenkischer-wald\/wp-content\/uploads\/sites\/34\/NL_Titel_npm_fichtenberg_2016.jpg\"><img aria-describedby=\"caption-attachment-3502\" decoding=\"async\" loading=\"lazy\" class=\"size-full wp-image-3502\" src=\"https:\/\/www.naturparkmagazin.de\/schwaebisch-fraenkischer-wald\/wp-content\/uploads\/sites\/34\/NL_Titel_npm_fichtenberg_2016.jpg\" alt=\"Naturparkmarkt in Fichtenberg\" width=\"200\" height=\"200\" srcset=\"https:\/\/www.naturparkmagazin.de\/schwaebisch-fraenkischer-wald\/wp-content\/uploads\/sites\/34\/NL_Titel_npm_fichtenberg_2016.jpg 200w, https:\/\/www.naturparkmagazin.de\/schwaebisch-fraenkischer-wald\/wp-content\/uploads\/sites\/34\/NL_Titel_npm_fichtenberg_2016-30x30.jpg 30w\" sizes=\"(max-width: 200px) 100vw, 200px\" \/><\/a><p id=\"caption-attachment-3502\" class=\"wp-caption-text\">Naturparkmarkt in Fichtenberg<\/p><\/div>\n<p><strong>Naturparkmarkt in Fichtenberg \u2013 regionale K\u00f6stlichkeiten und ein 1200-j\u00e4hriges Jubil\u00e4um<\/strong><\/p>\n<p>Zur 1200-Jahrfeier der Gemeinde Fichtenberg hat sich die Naturparkkommune ein ganz besonderes Geburtstagsgeschenk \u00fcberlegt. Am 12. Juni findet in der Ortsmitte von Fichtenberg von 11 bis 18 Uhr der zweite Naturparkmarkt der Saison statt.\nEingebunden in das Festwochenende bieten die Direktvermarkter und Kunsthandwerker aus dem Naturparkgebiet regional produzierte K\u00f6stlichkeiten sowie allerlei k\u00fcnstlerische sowie praktische Produkte an. Der pers\u00f6nliche Festtagsschmaus kann sich beispielsweise aus einem leckeren Burger vom \u201eUKU\u201c-Galloway-Rind, den frittierten Kartoffelzapfen von der Familie Heinz, frischen Forellen vom Forellenhof Rieker und saftigen Erdbeeren von Obstbau Schleicher zusammensetzen. Die heimische Vorratskammer freut sich sicherlich \u00fcber Dosenwurst, Marmeladen, w\u00fcrzige K\u00e4sesorten, hausgemachte Nudeln oder dem einen oder anderen Destillat.\nDie \u00fcber 40 teilnehmenden Direktvermarkter k\u00f6nnen Ihnen vor Ort erkl\u00e4ren, wie die regionalen Produkte entstehen. So l\u00e4sst sich etwa erfragen, wie das Bauernhofeis von Gerrit Horlacher aus Abtsgm\u00fcnd besonders cremig wird oder wie die Schweine f\u00fcr den sp\u00e4teren \u201eSchwoba-Hotdog\u201c von Martin Schmidt aus Fichtenberg aufwachsen. Durch den direkten Kontakt zu den Produzenten k\u00f6nnen Sie sich vor Ort von der Qualit\u00e4t und Frische der Lebensmittel \u00fcberzeugen.\nNach der kulinarischen St\u00e4rkung bleibt viel Zeit, um die handwerkliche Geschicklichkeit von Be-trieben aus dem Naturpark zu bewundern. Egal ob Kissen, M\u00f6bel, Filz-Ideen, Schneidebretter, Keramik oder Schmuck, sicherlich wird f\u00fcr Sie etwas Passendes dabei sein.\nNeben dem eigentlichen Marktgeschehen kann die Gemeinde Fichtenberg bei einer ca. 1 \u00bd st\u00fcn-digen Wanderung mit Naturparkf\u00fchrer Karl Diemer n\u00e4her kennengelernt werden. Los geht es um 13 Uhr am Infostand der Gemeinde. Wer bei den vielen sch\u00f6nen Dingen auf dem Naturparkmarkt selbst k\u00fcnstlerisch aktiv werden m\u00f6chte, kann sich beim Basteln mit Naturmaterialien bei Naturparkf\u00fchrerin Ruth Bohn verwirklichen. Karlheinz Gruber wird um 12, 14 und 16 Uhr zeigen, wie Skulpturen mit der Kettens\u00e4ge entstehen.\nIm Rahmen der 1200-Jahrfeier findet um 10 Uhr ein \u00f6kumenischer Gottesdienst unter freiem Himmel statt, in der Mittagszeit d\u00fcrfen Sie auf die beeindruckenden Kl\u00e4nge von 50 Alphornbl\u00e4sern gespannt sein. Ein weiterer Programmpunkt ist der gro\u00dfe Festumzug durch die Gemeinde.\nDie f\u00fcnf Naturparkm\u00e4rkte 2016 sind ein Kooperationsprojekt des Naturparks mit den teilnehmenden Kommunen. Das Projekt wird durch den Naturpark Schw\u00e4bisch-Fr\u00e4nkischer Wald mit Mitteln des Landes Baden-W\u00fcrttemberg, der Lotterie Gl\u00fccksspirale und der Europ\u00e4ischen Union (ELER) gef\u00f6rdert.\nDer Flyer zum Naturparkmarkt in Fichtenberg kann beim Naturpark angefordert oder im Internet heruntergeladen werden. Weitere Informationen zu diesem und den anderen Naturparkm\u00e4rkten finden Sie unter <a href=\"http:\/\/www.naturpark-sfw.de\" target=\"_blank\">www.naturpark-sfw.de<\/a>.<\/p>\n<p>&nbsp;<\/p>\n","protected":false},"excerpt":{"rendered":"<p>12.06.: Naturparkmarkt in Fichtenberg<\/p>\n","protected":false},"author":25,"featured_media":3502,"comment_status":"open","ping_status":"open","sticky":false,"template":"","format":"standard","meta":[],"categories":[11],"tags":[508],"yoast_head":"<!-- This site is optimized with the Yoast SEO plugin v19.10 - https:\/\/yoast.com\/wordpress\/plugins\/seo\/ -->\n<title>Naturparkmarkt in Fichtenberg - Naturpark Schw\u00e4bisch-Fr\u00e4nkischer Wald<\/title>\n<meta name=\"robots\" content=\"index, follow, max-snippet:-1, max-image-preview:large, max-video-preview:-1\" \/>\n<link rel=\"canonical\" href=\"https:\/\/www.naturparkmagazin.de\/schwaebisch-fraenkischer-wald\/naturparkmarkt-in-fichtenberg\/\" \/>\n<meta property=\"og:locale\" content=\"de_DE\" \/>\n<meta property=\"og:type\" content=\"article\" \/>\n<meta property=\"og:title\" content=\"Naturparkmarkt in Fichtenberg - Naturpark Schw\u00e4bisch-Fr\u00e4nkischer Wald\" \/>\n<meta property=\"og:description\" content=\"12.06.: Naturparkmarkt in Fichtenberg\" \/>\n<meta property=\"og:url\" content=\"https:\/\/www.naturparkmagazin.de\/schwaebisch-fraenkischer-wald\/naturparkmarkt-in-fichtenberg\/\" \/>\n<meta property=\"og:site_name\" content=\"Naturpark Schw\u00e4bisch-Fr\u00e4nkischer Wald\" \/>\n<meta property=\"article:author\" content=\"https:\/\/www.facebook.com\/naturparkSFW\" \/>\n<meta property=\"article:published_time\" content=\"2016-05-17T12:28:40+00:00\" \/>\n<meta property=\"article:modified_time\" content=\"2016-05-18T14:03:31+00:00\" \/>\n<meta property=\"og:image\" content=\"https:\/\/www.naturparkmagazin.de\/schwaebisch-fraenkischer-wald\/wp-content\/uploads\/sites\/34\/NL_Titel_npm_fichtenberg_2016.jpg\" \/>\n\t<meta property=\"og:image:width\" content=\"200\" \/>\n\t<meta property=\"og:image:height\" content=\"200\" \/>\n\t<meta property=\"og:image:type\" content=\"image\/jpeg\" \/>\n<meta name=\"author\" content=\"Naturpark-Team\" \/>\n<meta name=\"twitter:label1\" content=\"Verfasst von\" \/>\n\t<meta name=\"twitter:data1\" content=\"Naturpark-Team\" \/>\n\t<meta name=\"twitter:label2\" content=\"Gesch\u00e4tzte Lesezeit\" \/>\n\t<meta name=\"twitter:data2\" content=\"2\u00a0Minuten\" \/>\n<script type=\"application\/ld+json\" class=\"yoast-schema-graph\">{\"@context\":\"https:\/\/schema.org\",\"@graph\":[{\"@type\":\"WebPage\",\"@id\":\"https:\/\/www.naturparkmagazin.de\/schwaebisch-fraenkischer-wald\/naturparkmarkt-in-fichtenberg\/\",\"url\":\"https:\/\/www.naturparkmagazin.de\/schwaebisch-fraenkischer-wald\/naturparkmarkt-in-fichtenberg\/\",\"name\":\"Naturparkmarkt in Fichtenberg - Naturpark Schw\u00e4bisch-Fr\u00e4nkischer Wald\",\"isPartOf\":{\"@id\":\"https:\/\/www.naturparkmagazin.de\/schwaebisch-fraenkischer-wald\/#website\"},\"datePublished\":\"2016-05-17T12:28:40+00:00\",\"dateModified\":\"2016-05-18T14:03:31+00:00\",\"author\":{\"@id\":\"https:\/\/www.naturparkmagazin.de\/schwaebisch-fraenkischer-wald\/#\/schema\/person\/f047a3702ae747fd7830cf8ac95e6066\"},\"breadcrumb\":{\"@id\":\"https:\/\/www.naturparkmagazin.de\/schwaebisch-fraenkischer-wald\/naturparkmarkt-in-fichtenberg\/#breadcrumb\"},\"inLanguage\":\"de\",\"potentialAction\":[{\"@type\":\"ReadAction\",\"target\":[\"https:\/\/www.naturparkmagazin.de\/schwaebisch-fraenkischer-wald\/naturparkmarkt-in-fichtenberg\/\"]}]},{\"@type\":\"BreadcrumbList\",\"@id\":\"https:\/\/www.naturparkmagazin.de\/schwaebisch-fraenkischer-wald\/naturparkmarkt-in-fichtenberg\/#breadcrumb\",\"itemListElement\":[{\"@type\":\"ListItem\",\"position\":1,\"name\":\"Home\",\"item\":\"https:\/\/www.naturparkmagazin.de\/schwaebisch-fraenkischer-wald\/\"},{\"@type\":\"ListItem\",\"position\":2,\"name\":\"Naturparkmarkt in Fichtenberg\"}]},{\"@type\":\"WebSite\",\"@id\":\"https:\/\/www.naturparkmagazin.de\/schwaebisch-fraenkischer-wald\/#website\",\"url\":\"https:\/\/www.naturparkmagazin.de\/schwaebisch-fraenkischer-wald\/\",\"name\":\"Naturpark Schw\u00e4bisch-Fr\u00e4nkischer Wald\",\"description\":\"\",\"potentialAction\":[{\"@type\":\"SearchAction\",\"target\":{\"@type\":\"EntryPoint\",\"urlTemplate\":\"https:\/\/www.naturparkmagazin.de\/schwaebisch-fraenkischer-wald\/?s={search_term_string}\"},\"query-input\":\"required name=search_term_string\"}],\"inLanguage\":\"de\"},{\"@type\":\"Person\",\"@id\":\"https:\/\/www.naturparkmagazin.de\/schwaebisch-fraenkischer-wald\/#\/schema\/person\/f047a3702ae747fd7830cf8ac95e6066\",\"name\":\"Naturpark-Team\",\"sameAs\":[\"http:\/\/www.naturpark-sfw.de\",\"https:\/\/www.facebook.com\/naturparkSFW\"],\"url\":\"https:\/\/www.naturparkmagazin.de\/schwaebisch-fraenkischer-wald\/author\/bernharddrixler\/\"}]}<\/script>\n<!-- \/ Yoast SEO plugin. -->","yoast_head_json":{"title":"Naturparkmarkt in Fichtenberg - Naturpark Schw\u00e4bisch-Fr\u00e4nkischer Wald","robots":{"index":"index","follow":"follow","max-snippet":"max-snippet:-1","max-image-preview":"max-image-preview:large","max-video-preview":"max-video-preview:-1"},"canonical":"https:\/\/www.naturparkmagazin.de\/schwaebisch-fraenkischer-wald\/naturparkmarkt-in-fichtenberg\/","og_locale":"de_DE","og_type":"article","og_title":"Naturparkmarkt in Fichtenberg - Naturpark Schw\u00e4bisch-Fr\u00e4nkischer Wald","og_description":"12.06.: Naturparkmarkt in Fichtenberg","og_url":"https:\/\/www.naturparkmagazin.de\/schwaebisch-fraenkischer-wald\/naturparkmarkt-in-fichtenberg\/","og_site_name":"Naturpark Schw\u00e4bisch-Fr\u00e4nkischer Wald","article_author":"https:\/\/www.facebook.com\/naturparkSFW","article_published_time":"2016-05-17T12:28:40+00:00","article_modified_time":"2016-05-18T14:03:31+00:00","og_image":[{"width":200,"height":200,"url":"https:\/\/www.naturparkmagazin.de\/schwaebisch-fraenkischer-wald\/wp-content\/uploads\/sites\/34\/NL_Titel_npm_fichtenberg_2016.jpg","type":"image\/jpeg"}],"author":"Naturpark-Team","twitter_misc":{"Verfasst von":"Naturpark-Team","Gesch\u00e4tzte Lesezeit":"2\u00a0Minuten"},"schema":{"@context":"https:\/\/schema.org","@graph":[{"@type":"WebPage","@id":"https:\/\/www.naturparkmagazin.de\/schwaebisch-fraenkischer-wald\/naturparkmarkt-in-fichtenberg\/","url":"https:\/\/www.naturparkmagazin.de\/schwaebisch-fraenkischer-wald\/naturparkmarkt-in-fichtenberg\/","name":"Naturparkmarkt in Fichtenberg - Naturpark Schw\u00e4bisch-Fr\u00e4nkischer Wald","isPartOf":{"@id":"https:\/\/www.naturparkmagazin.de\/schwaebisch-fraenkischer-wald\/#website"},"datePublished":"2016-05-17T12:28:40+00:00","dateModified":"2016-05-18T14:03:31+00:00","author":{"@id":"https:\/\/www.naturparkmagazin.de\/schwaebisch-fraenkischer-wald\/#\/schema\/person\/f047a3702ae747fd7830cf8ac95e6066"},"breadcrumb":{"@id":"https:\/\/www.naturparkmagazin.de\/schwaebisch-fraenkischer-wald\/naturparkmarkt-in-fichtenberg\/#breadcrumb"},"inLanguage":"de","potentialAction":[{"@type":"ReadAction","target":["https:\/\/www.naturparkmagazin.de\/schwaebisch-fraenkischer-wald\/naturparkmarkt-in-fichtenberg\/"]}]},{"@type":"BreadcrumbList","@id":"https:\/\/www.naturparkmagazin.de\/schwaebisch-fraenkischer-wald\/naturparkmarkt-in-fichtenberg\/#breadcrumb","itemListElement":[{"@type":"ListItem","position":1,"name":"Home","item":"https:\/\/www.naturparkmagazin.de\/schwaebisch-fraenkischer-wald\/"},{"@type":"ListItem","position":2,"name":"Naturparkmarkt in Fichtenberg"}]},{"@type":"WebSite","@id":"https:\/\/www.naturparkmagazin.de\/schwaebisch-fraenkischer-wald\/#website","url":"https:\/\/www.naturparkmagazin.de\/schwaebisch-fraenkischer-wald\/","name":"Naturpark Schw\u00e4bisch-Fr\u00e4nkischer Wald","description":"","potentialAction":[{"@type":"SearchAction","target":{"@type":"EntryPoint","urlTemplate":"https:\/\/www.naturparkmagazin.de\/schwaebisch-fraenkischer-wald\/?s={search_term_string}"},"query-input":"required name=search_term_string"}],"inLanguage":"de"},{"@type":"Person","@id":"https:\/\/www.naturparkmagazin.de\/schwaebisch-fraenkischer-wald\/#\/schema\/person\/f047a3702ae747fd7830cf8ac95e6066","name":"Naturpark-Team","sameAs":["http:\/\/www.naturpark-sfw.de","https:\/\/www.facebook.com\/naturparkSFW"],"url":"https:\/\/www.naturparkmagazin.de\/schwaebisch-fraenkischer-wald\/author\/bernharddrixler\/"}]}},"_links":{"self":[{"href":"https:\/\/www.naturparkmagazin.de\/schwaebisch-fraenkischer-wald\/wp-json\/wp\/v2\/posts\/3501"}],"collection":[{"href":"https:\/\/www.naturparkmagazin.de\/schwaebisch-fraenkischer-wald\/wp-json\/wp\/v2\/posts"}],"about":[{"href":"https:\/\/www.naturparkmagazin.de\/schwaebisch-fraenkischer-wald\/wp-json\/wp\/v2\/types\/post"}],"author":[{"embeddable":true,"href":"https:\/\/www.naturparkmagazin.de\/schwaebisch-fraenkischer-wald\/wp-json\/wp\/v2\/users\/25"}],"replies":[{"embeddable":true,"href":"https:\/\/www.naturparkmagazin.de\/schwaebisch-fraenkischer-wald\/wp-json\/wp\/v2\/comments?post=3501"}],"version-history":[{"count":4,"href":"https:\/\/www.naturparkmagazin.de\/schwaebisch-fraenkischer-wald\/wp-json\/wp\/v2\/posts\/3501\/revisions"}],"predecessor-version":[{"id":3686,"href":"https:\/\/www.naturparkmagazin.de\/schwaebisch-fraenkischer-wald\/wp-json\/wp\/v2\/posts\/3501\/revisions\/3686"}],"wp:featuredmedia":[{"embeddable":true,"href":"https:\/\/www.naturparkmagazin.de\/schwaebisch-fraenkischer-wald\/wp-json\/wp\/v2\/media\/3502"}],"wp:attachment":[{"href":"https:\/\/www.naturparkmagazin.de\/schwaebisch-fraenkischer-wald\/wp-json\/wp\/v2\/media?parent=3501"}],"wp:term":[{"taxonomy":"category","embeddable":true,"href":"https:\/\/www.naturparkmagazin.de\/schwaebisch-fraenkischer-wald\/wp-json\/wp\/v2\/categories?post=3501"},{"taxonomy":"post_tag","embeddable":true,"href":"https:\/\/www.naturparkmagazin.de\/schwaebisch-fraenkischer-wald\/wp-json\/wp\/v2\/tags?post=3501"}],"curies":[{"name":"wp","href":"https:\/\/api.w.org\/{rel}","templated":true}]}}