{"id":3534,"date":"2016-05-17T09:00:51","date_gmt":"2016-05-17T07:00:51","guid":{"rendered":"http:\/\/www.naturparkmagazin.de\/schwaebisch-fraenkischer-wald\/?p=3534"},"modified":"2016-05-16T09:13:58","modified_gmt":"2016-05-16T07:13:58","slug":"unsere-nachhaltigen-partnerbetriebe-neu","status":"publish","type":"post","link":"https:\/\/www.naturparkmagazin.de\/schwaebisch-fraenkischer-wald\/unsere-nachhaltigen-partnerbetriebe-neu\/","title":{"rendered":"Unsere nachhaltigen Partnerbetriebe"},"content":{"rendered":"<p>Unsere insgesamt 18 Partnerbetriebe nehmen Nachhaltigkeit als wichtige F\u00fchrungsaufgabe wahr und leisten ihren eigenen Beitrag f\u00fcr faire und nachhaltige \u00f6kologische, \u00f6konomische und sozio-kulturelle Bedingungen. Daher arbeiten sie stetig daran, die eigene Bilanz in Sachen Nachhaltigkeit zu verbessern.<\/p>\n<p>Mitten im Naturpark liegt das <strong>Hotel Vesperstube Waldblick<\/strong> in der Gemeinde Mainhardt im Landkreis Schw\u00e4bisch Hall.<\/p>\n<div id=\"attachment_3529\" style=\"width: 210px\" class=\"wp-caption alignright\"><a href=\"https:\/\/www.naturparkmagazin.de\/schwaebisch-fraenkischer-wald\/wp-content\/uploads\/sites\/34\/Waldblick.jpg\"><img aria-describedby=\"caption-attachment-3529\" decoding=\"async\" loading=\"lazy\" class=\"size-full wp-image-3529\" src=\"https:\/\/www.naturparkmagazin.de\/schwaebisch-fraenkischer-wald\/wp-content\/uploads\/sites\/34\/Waldblick.jpg\" alt=\"Hotel Vesperstube Waldblick \" width=\"200\" height=\"200\" srcset=\"https:\/\/www.naturparkmagazin.de\/schwaebisch-fraenkischer-wald\/wp-content\/uploads\/sites\/34\/Waldblick.jpg 200w, https:\/\/www.naturparkmagazin.de\/schwaebisch-fraenkischer-wald\/wp-content\/uploads\/sites\/34\/Waldblick-30x30.jpg 30w\" sizes=\"(max-width: 200px) 100vw, 200px\" \/><\/a><p id=\"caption-attachment-3529\" class=\"wp-caption-text\">Hotel Vesperstube Waldblick in Mainhardt<\/p><\/div>\n<p>Hier bietet sich ein idealer Ausgangspunkt f\u00fcr erlebnisreiche Erkundungstouren, denn die Region l\u00e4dt ein zum Wandern, Radeln, Mountainbiking, Reiten, Nordic Walking und bietet sensationelle Strecken f\u00fcr Motorrad Fahrer.<\/p>\n<p>Das kleine Hotel im Herzen des Naturparks Schw\u00e4bisch-Fr\u00e4nkischer Wald f\u00fcr Gesch\u00e4ftsreisende, Urlaub und Kurzurlaub zwischen Stuttgart, Heilbronn, Schw\u00e4bisch Hall und Ulm.<\/p>\n<p>Die K\u00fcche der Vesperstube bietet vom schw\u00e4bischen Rostbraten mit hausgemachten Dinkelsp\u00e4tzle \u00fcber saftigen Schnitzel und Steaks in verschiedenen Variationen, Bratkartoffel mit knusprigem Speck und Spiegeleier bis zu hausgemachten Maultaschen auch in vegetarischen Varianten. Und nat\u00fcrlich darf auch der &#8222;Naturparkteller&#8220; im Angebot nicht fehlen!<\/p>\n<p>Bei Familie Benzinger ist alles buchst\u00e4blich REGIONAL: Angefangen von den Marmeladen, ausschlie\u00dflich von eigenen Fr\u00fcchten, Eier, Rindfleisch, Leber nur von eigenen Tieren, von der Zunge bis zum Schwanz und die Knochen f\u00fcr die So\u00dfe. &#8222;Aufgef\u00fcllt&#8220; wird von ortsans\u00e4ssigen Metzgern oder der Schl\u00e4chterei Huber aus Bretzfeld. Sonstige Zutaten m\u00fcssen regional und m\u00f6glichst wenig verpackt sein. Den Kaffee und Tee liefert das Kaffeehaus Hagen aus Heilbronn, fair gehandelt. W\u00fcrttemberger Weine und das Bier von der Familienbrauerei Ladenburger aus Neuler im Ostalbkreis.<\/p>\n<p>Die Gartenpflege \u00fcbernehmen die Esel, Laufenten, H\u00fchner und Puten. Der Rest erinnert an ein Biotop&#8230; was aber den Bienen sehr zugute kommt, und so manchen Salatteller mit Kr\u00e4utern schm\u00fcckt (Girsch, L\u00f6wenzahn und Brennessel).<\/p>\n<p>Gerne wird im Hotel auch fast alles beherbergt, was Sie nicht zuhause lassen wollen; egal ob Hund,Hamster oder Pferd&#8230; bis Elefant bietet die Familie Benzinger eine Herberge.<\/p>\n<div id=\"attachment_3535\" style=\"width: 210px\" class=\"wp-caption alignright\"><a href=\"https:\/\/www.naturparkmagazin.de\/schwaebisch-fraenkischer-wald\/wp-content\/uploads\/sites\/34\/Waldblick2.jpg\"><img aria-describedby=\"caption-attachment-3535\" decoding=\"async\" loading=\"lazy\" class=\"size-full wp-image-3535\" src=\"https:\/\/www.naturparkmagazin.de\/schwaebisch-fraenkischer-wald\/wp-content\/uploads\/sites\/34\/Waldblick2.jpg\" alt=\"Idyllisch: Hotel Pension Waldblick in Mainhardt\" width=\"200\" height=\"200\" srcset=\"https:\/\/www.naturparkmagazin.de\/schwaebisch-fraenkischer-wald\/wp-content\/uploads\/sites\/34\/Waldblick2.jpg 200w, https:\/\/www.naturparkmagazin.de\/schwaebisch-fraenkischer-wald\/wp-content\/uploads\/sites\/34\/Waldblick2-30x30.jpg 30w\" sizes=\"(max-width: 200px) 100vw, 200px\" \/><\/a><p id=\"caption-attachment-3535\" class=\"wp-caption-text\">Idyllisch: Hotel Vesperstube Waldblick in Mainhardt<\/p><\/div>\n<p>Es g\u00e4be noch vieles zu berichten, doch am besten kommen Sie vorbei und genie\u00dfen all das frisch-regional vor Ort!<\/p>\n<p>Viele weitere Informationen finden Sie hier:<\/p>\n<p>Hotel Pension\nVesperstube Waldblick\nHeilbronner Stra\u00dfe 51\n74535 Mainhardt<\/p>\n<p><a href=\"mailto:info@hotel-vesperstube-waldblick.de\" target=\"_blank\">E-Mail<\/a><\/p>\n<p>Homepage: <a href=\"http:\/\/hotel-vesperstube-waldblick.de\" target=\"_blank\">www.hotel-vesperstube-waldblick.de<\/a><\/p>\n","protected":false},"excerpt":{"rendered":"<p>Hotel Pension Vesperstube Waldblick, Mainhardt<\/p>\n","protected":false},"author":25,"featured_media":3529,"comment_status":"open","ping_status":"open","sticky":false,"template":"","format":"standard","meta":[],"categories":[13],"tags":[508],"yoast_head":"<!-- This site is optimized with the Yoast SEO plugin v19.10 - https:\/\/yoast.com\/wordpress\/plugins\/seo\/ -->\n<title>Unsere nachhaltigen Partnerbetriebe - Naturpark Schw\u00e4bisch-Fr\u00e4nkischer Wald<\/title>\n<meta name=\"robots\" content=\"index, follow, max-snippet:-1, max-image-preview:large, max-video-preview:-1\" \/>\n<link rel=\"canonical\" href=\"https:\/\/www.naturparkmagazin.de\/schwaebisch-fraenkischer-wald\/unsere-nachhaltigen-partnerbetriebe-neu\/\" \/>\n<meta property=\"og:locale\" content=\"de_DE\" \/>\n<meta property=\"og:type\" content=\"article\" \/>\n<meta property=\"og:title\" content=\"Unsere nachhaltigen Partnerbetriebe - Naturpark Schw\u00e4bisch-Fr\u00e4nkischer Wald\" \/>\n<meta property=\"og:description\" content=\"Hotel Pension Vesperstube Waldblick, Mainhardt\" \/>\n<meta property=\"og:url\" content=\"https:\/\/www.naturparkmagazin.de\/schwaebisch-fraenkischer-wald\/unsere-nachhaltigen-partnerbetriebe-neu\/\" \/>\n<meta property=\"og:site_name\" content=\"Naturpark Schw\u00e4bisch-Fr\u00e4nkischer Wald\" \/>\n<meta property=\"article:author\" content=\"https:\/\/www.facebook.com\/naturparkSFW\" \/>\n<meta property=\"article:published_time\" content=\"2016-05-17T07:00:51+00:00\" \/>\n<meta property=\"article:modified_time\" content=\"2016-05-16T07:13:58+00:00\" \/>\n<meta property=\"og:image\" content=\"https:\/\/www.naturparkmagazin.de\/schwaebisch-fraenkischer-wald\/wp-content\/uploads\/sites\/34\/Waldblick.jpg\" \/>\n\t<meta property=\"og:image:width\" content=\"200\" \/>\n\t<meta property=\"og:image:height\" content=\"200\" \/>\n\t<meta property=\"og:image:type\" content=\"image\/jpeg\" \/>\n<meta name=\"author\" content=\"Naturpark-Team\" \/>\n<meta name=\"twitter:label1\" content=\"Verfasst von\" \/>\n\t<meta name=\"twitter:data1\" content=\"Naturpark-Team\" \/>\n\t<meta name=\"twitter:label2\" content=\"Gesch\u00e4tzte Lesezeit\" \/>\n\t<meta name=\"twitter:data2\" content=\"2\u00a0Minuten\" \/>\n<script type=\"application\/ld+json\" class=\"yoast-schema-graph\">{\"@context\":\"https:\/\/schema.org\",\"@graph\":[{\"@type\":\"WebPage\",\"@id\":\"https:\/\/www.naturparkmagazin.de\/schwaebisch-fraenkischer-wald\/unsere-nachhaltigen-partnerbetriebe-neu\/\",\"url\":\"https:\/\/www.naturparkmagazin.de\/schwaebisch-fraenkischer-wald\/unsere-nachhaltigen-partnerbetriebe-neu\/\",\"name\":\"Unsere nachhaltigen Partnerbetriebe - Naturpark Schw\u00e4bisch-Fr\u00e4nkischer Wald\",\"isPartOf\":{\"@id\":\"https:\/\/www.naturparkmagazin.de\/schwaebisch-fraenkischer-wald\/#website\"},\"datePublished\":\"2016-05-17T07:00:51+00:00\",\"dateModified\":\"2016-05-16T07:13:58+00:00\",\"author\":{\"@id\":\"https:\/\/www.naturparkmagazin.de\/schwaebisch-fraenkischer-wald\/#\/schema\/person\/f047a3702ae747fd7830cf8ac95e6066\"},\"breadcrumb\":{\"@id\":\"https:\/\/www.naturparkmagazin.de\/schwaebisch-fraenkischer-wald\/unsere-nachhaltigen-partnerbetriebe-neu\/#breadcrumb\"},\"inLanguage\":\"de\",\"potentialAction\":[{\"@type\":\"ReadAction\",\"target\":[\"https:\/\/www.naturparkmagazin.de\/schwaebisch-fraenkischer-wald\/unsere-nachhaltigen-partnerbetriebe-neu\/\"]}]},{\"@type\":\"BreadcrumbList\",\"@id\":\"https:\/\/www.naturparkmagazin.de\/schwaebisch-fraenkischer-wald\/unsere-nachhaltigen-partnerbetriebe-neu\/#breadcrumb\",\"itemListElement\":[{\"@type\":\"ListItem\",\"position\":1,\"name\":\"Home\",\"item\":\"https:\/\/www.naturparkmagazin.de\/schwaebisch-fraenkischer-wald\/\"},{\"@type\":\"ListItem\",\"position\":2,\"name\":\"Unsere nachhaltigen Partnerbetriebe\"}]},{\"@type\":\"WebSite\",\"@id\":\"https:\/\/www.naturparkmagazin.de\/schwaebisch-fraenkischer-wald\/#website\",\"url\":\"https:\/\/www.naturparkmagazin.de\/schwaebisch-fraenkischer-wald\/\",\"name\":\"Naturpark Schw\u00e4bisch-Fr\u00e4nkischer Wald\",\"description\":\"\",\"potentialAction\":[{\"@type\":\"SearchAction\",\"target\":{\"@type\":\"EntryPoint\",\"urlTemplate\":\"https:\/\/www.naturparkmagazin.de\/schwaebisch-fraenkischer-wald\/?s={search_term_string}\"},\"query-input\":\"required name=search_term_string\"}],\"inLanguage\":\"de\"},{\"@type\":\"Person\",\"@id\":\"https:\/\/www.naturparkmagazin.de\/schwaebisch-fraenkischer-wald\/#\/schema\/person\/f047a3702ae747fd7830cf8ac95e6066\",\"name\":\"Naturpark-Team\",\"sameAs\":[\"http:\/\/www.naturpark-sfw.de\",\"https:\/\/www.facebook.com\/naturparkSFW\"],\"url\":\"https:\/\/www.naturparkmagazin.de\/schwaebisch-fraenkischer-wald\/author\/bernharddrixler\/\"}]}<\/script>\n<!-- \/ Yoast SEO plugin. -->","yoast_head_json":{"title":"Unsere nachhaltigen Partnerbetriebe - Naturpark Schw\u00e4bisch-Fr\u00e4nkischer Wald","robots":{"index":"index","follow":"follow","max-snippet":"max-snippet:-1","max-image-preview":"max-image-preview:large","max-video-preview":"max-video-preview:-1"},"canonical":"https:\/\/www.naturparkmagazin.de\/schwaebisch-fraenkischer-wald\/unsere-nachhaltigen-partnerbetriebe-neu\/","og_locale":"de_DE","og_type":"article","og_title":"Unsere nachhaltigen Partnerbetriebe - Naturpark Schw\u00e4bisch-Fr\u00e4nkischer Wald","og_description":"Hotel Pension Vesperstube Waldblick, Mainhardt","og_url":"https:\/\/www.naturparkmagazin.de\/schwaebisch-fraenkischer-wald\/unsere-nachhaltigen-partnerbetriebe-neu\/","og_site_name":"Naturpark Schw\u00e4bisch-Fr\u00e4nkischer Wald","article_author":"https:\/\/www.facebook.com\/naturparkSFW","article_published_time":"2016-05-17T07:00:51+00:00","article_modified_time":"2016-05-16T07:13:58+00:00","og_image":[{"width":200,"height":200,"url":"https:\/\/www.naturparkmagazin.de\/schwaebisch-fraenkischer-wald\/wp-content\/uploads\/sites\/34\/Waldblick.jpg","type":"image\/jpeg"}],"author":"Naturpark-Team","twitter_misc":{"Verfasst von":"Naturpark-Team","Gesch\u00e4tzte Lesezeit":"2\u00a0Minuten"},"schema":{"@context":"https:\/\/schema.org","@graph":[{"@type":"WebPage","@id":"https:\/\/www.naturparkmagazin.de\/schwaebisch-fraenkischer-wald\/unsere-nachhaltigen-partnerbetriebe-neu\/","url":"https:\/\/www.naturparkmagazin.de\/schwaebisch-fraenkischer-wald\/unsere-nachhaltigen-partnerbetriebe-neu\/","name":"Unsere nachhaltigen Partnerbetriebe - Naturpark Schw\u00e4bisch-Fr\u00e4nkischer Wald","isPartOf":{"@id":"https:\/\/www.naturparkmagazin.de\/schwaebisch-fraenkischer-wald\/#website"},"datePublished":"2016-05-17T07:00:51+00:00","dateModified":"2016-05-16T07:13:58+00:00","author":{"@id":"https:\/\/www.naturparkmagazin.de\/schwaebisch-fraenkischer-wald\/#\/schema\/person\/f047a3702ae747fd7830cf8ac95e6066"},"breadcrumb":{"@id":"https:\/\/www.naturparkmagazin.de\/schwaebisch-fraenkischer-wald\/unsere-nachhaltigen-partnerbetriebe-neu\/#breadcrumb"},"inLanguage":"de","potentialAction":[{"@type":"ReadAction","target":["https:\/\/www.naturparkmagazin.de\/schwaebisch-fraenkischer-wald\/unsere-nachhaltigen-partnerbetriebe-neu\/"]}]},{"@type":"BreadcrumbList","@id":"https:\/\/www.naturparkmagazin.de\/schwaebisch-fraenkischer-wald\/unsere-nachhaltigen-partnerbetriebe-neu\/#breadcrumb","itemListElement":[{"@type":"ListItem","position":1,"name":"Home","item":"https:\/\/www.naturparkmagazin.de\/schwaebisch-fraenkischer-wald\/"},{"@type":"ListItem","position":2,"name":"Unsere nachhaltigen Partnerbetriebe"}]},{"@type":"WebSite","@id":"https:\/\/www.naturparkmagazin.de\/schwaebisch-fraenkischer-wald\/#website","url":"https:\/\/www.naturparkmagazin.de\/schwaebisch-fraenkischer-wald\/","name":"Naturpark Schw\u00e4bisch-Fr\u00e4nkischer Wald","description":"","potentialAction":[{"@type":"SearchAction","target":{"@type":"EntryPoint","urlTemplate":"https:\/\/www.naturparkmagazin.de\/schwaebisch-fraenkischer-wald\/?s={search_term_string}"},"query-input":"required name=search_term_string"}],"inLanguage":"de"},{"@type":"Person","@id":"https:\/\/www.naturparkmagazin.de\/schwaebisch-fraenkischer-wald\/#\/schema\/person\/f047a3702ae747fd7830cf8ac95e6066","name":"Naturpark-Team","sameAs":["http:\/\/www.naturpark-sfw.de","https:\/\/www.facebook.com\/naturparkSFW"],"url":"https:\/\/www.naturparkmagazin.de\/schwaebisch-fraenkischer-wald\/author\/bernharddrixler\/"}]}},"_links":{"self":[{"href":"https:\/\/www.naturparkmagazin.de\/schwaebisch-fraenkischer-wald\/wp-json\/wp\/v2\/posts\/3534"}],"collection":[{"href":"https:\/\/www.naturparkmagazin.de\/schwaebisch-fraenkischer-wald\/wp-json\/wp\/v2\/posts"}],"about":[{"href":"https:\/\/www.naturparkmagazin.de\/schwaebisch-fraenkischer-wald\/wp-json\/wp\/v2\/types\/post"}],"author":[{"embeddable":true,"href":"https:\/\/www.naturparkmagazin.de\/schwaebisch-fraenkischer-wald\/wp-json\/wp\/v2\/users\/25"}],"replies":[{"embeddable":true,"href":"https:\/\/www.naturparkmagazin.de\/schwaebisch-fraenkischer-wald\/wp-json\/wp\/v2\/comments?post=3534"}],"version-history":[{"count":2,"href":"https:\/\/www.naturparkmagazin.de\/schwaebisch-fraenkischer-wald\/wp-json\/wp\/v2\/posts\/3534\/revisions"}],"predecessor-version":[{"id":3537,"href":"https:\/\/www.naturparkmagazin.de\/schwaebisch-fraenkischer-wald\/wp-json\/wp\/v2\/posts\/3534\/revisions\/3537"}],"wp:featuredmedia":[{"embeddable":true,"href":"https:\/\/www.naturparkmagazin.de\/schwaebisch-fraenkischer-wald\/wp-json\/wp\/v2\/media\/3529"}],"wp:attachment":[{"href":"https:\/\/www.naturparkmagazin.de\/schwaebisch-fraenkischer-wald\/wp-json\/wp\/v2\/media?parent=3534"}],"wp:term":[{"taxonomy":"category","embeddable":true,"href":"https:\/\/www.naturparkmagazin.de\/schwaebisch-fraenkischer-wald\/wp-json\/wp\/v2\/categories?post=3534"},{"taxonomy":"post_tag","embeddable":true,"href":"https:\/\/www.naturparkmagazin.de\/schwaebisch-fraenkischer-wald\/wp-json\/wp\/v2\/tags?post=3534"}],"curies":[{"name":"wp","href":"https:\/\/api.w.org\/{rel}","templated":true}]}}