{"id":3569,"date":"2016-08-18T12:03:12","date_gmt":"2016-08-18T10:03:12","guid":{"rendered":"http:\/\/www.naturparkmagazin.de\/schwaebisch-fraenkischer-wald\/?p=3569"},"modified":"2016-08-17T10:46:31","modified_gmt":"2016-08-17T08:46:31","slug":"natuparkmarkt-in-gaildorf","status":"publish","type":"post","link":"https:\/\/www.naturparkmagazin.de\/schwaebisch-fraenkischer-wald\/natuparkmarkt-in-gaildorf\/","title":{"rendered":"Natuparkmarkt in Gaildorf"},"content":{"rendered":"<p>Sonntag, 11. September<a href=\"https:\/\/www.naturparkmagazin.de\/schwaebisch-fraenkischer-wald\/wp-content\/uploads\/sites\/34\/1609_Titel_Naturparkmarkt_Gaildorf_NPSFW.jpg\"><img decoding=\"async\" loading=\"lazy\" class=\"alignright size-full wp-image-3842\" src=\"https:\/\/www.naturparkmagazin.de\/schwaebisch-fraenkischer-wald\/wp-content\/uploads\/sites\/34\/1609_Titel_Naturparkmarkt_Gaildorf_NPSFW.jpg\" alt=\"Naturparkmarkt Gaildorf\" width=\"200\" height=\"200\" srcset=\"https:\/\/www.naturparkmagazin.de\/schwaebisch-fraenkischer-wald\/wp-content\/uploads\/sites\/34\/1609_Titel_Naturparkmarkt_Gaildorf_NPSFW.jpg 200w, https:\/\/www.naturparkmagazin.de\/schwaebisch-fraenkischer-wald\/wp-content\/uploads\/sites\/34\/1609_Titel_Naturparkmarkt_Gaildorf_NPSFW-30x30.jpg 30w\" sizes=\"(max-width: 200px) 100vw, 200px\" \/><\/a><\/p>\n<p>Rund um das Alte Schloss in Gaildorf findet am 11. September zwischen 11 und 18 Uhr der vierte Naturparkmarkt in diesem Jahr statt. Das Zauberwort, mit dem sich die besondere Atmosph\u00e4re eines Naturparkmarktes beschreiben l\u00e4sst, hei\u00dft \u201eregional\u201c: die Direktvermarkter leben in der Region und produzieren die Ware soweit es irgend geht vor Ort. So k\u00f6nnen Sie als Besucher sicher sein, dass die Linsen, Kartoffeln, Wollprodukte, H\u00f6lzer und Vieles mehr aus dem Naturparkgebiet stammen. Dies schont das Klima und ihren Geldbeutel, zudem werden die regionalen Wertsch\u00f6pfungsketten unterst\u00fctzt.<\/p>\n<p>Sie k\u00f6nnen also mit ruhigem Gewissen naschen, schlemmen, schauen und staunen. Wie w\u00e4re es bspw. mit leckeren Wildspezialit\u00e4ten, Apfeleis von heimischen Streuobstwiesen, s\u00fc\u00dfem Tannenhonig oder liebevoll hergestellten Teigwaren? Erg\u00e4nzt wird solch ein Naturparkmarkt-Men\u00fc durch wohltuende Fruchts\u00e4fte, Wein, Lik\u00f6re oder einem frisch gezapften Bier von Haller L\u00f6wenbr\u00e4u sowie der Brauerei H\u00e4berlen.<\/p>\n<p>Gut ges\u00e4ttigt k\u00f6nnen anschlie\u00dfend die St\u00e4nde der Kunsthandwerker besucht werden, die ideenreiche Produkte aus Wolle, Holz, Keramik, Seife oder Blumen pr\u00e4sentieren.<\/p>\n<p>Umrahmt wird der Naturparkmarkt durch vielf\u00e4ltige Aktionen. Um 9.30 Uhr findet auf dem Kirchplatz der Stadtkirche ein Gottesdienst im Freien statt. Auf einer ca. zweist\u00fcndigen Stadtf\u00fchrung mit Naturparkf\u00fchrerin Michaela K\u00f6hler k\u00f6nnen sie ab 14 Uhr Anekdoten aus der Gaildorfer Geschichte erfahren. Los geht es im Innenhof des Alten Schlosses. Dar\u00fcber hinaus bieten die Naturparkf\u00fchrer im \u201ewilden Eck\u201c Mitmachangebote f\u00fcr Gro\u00df und Klein an, so etwa Baumklettern, Kuckuckspfeifen basteln oder malen mit Pflanzenfarben. Beim Kreisjugendring Rems-Murr e.V. l\u00e4sst sich das \u00d6kosystem der Streuobstwiesen kennenlernen und die Limpurger Fl\u00f6\u00dfer laden ein zu abenteuerlichen Flo\u00dffahrten.<\/p>\n<p>Die f\u00fcnf Naturparkm\u00e4rkte 2016 sind ein Kooperationsprojekt des Naturparks mit den teilnehmenden Kommunen. Das Projekt wird durch den Naturpark Schw\u00e4bisch-Fr\u00e4nkischer Wald mit Mitteln des Landes Baden-W\u00fcrttemberg, der Lotterie Gl\u00fccksspirale und der Europ\u00e4ischen Union (ELER) gef\u00f6rdert.<\/p>\n<p>Der Flyer zum Naturparkmarkt in Gaildorf kann beim Naturpark angefordert oder im Internet heruntergeladen werden. Weitere Informationen zu diesem und den anderen Naturparkm\u00e4rkten finden Sie unter <a href=\"http:\/\/www.naturpark-sfw.de\" target=\"_blank\">www.naturpark-sfw.de<\/a>.<\/p>\n<p><strong>Termin\u00fcbersicht Naturparkm\u00e4rkte 2016<\/strong><\/p>\n<ul>\n<li>Mai, Berglen-Oppelsbohm<\/li>\n<li>Juni, Fichtenberg<\/li>\n<li>Juli, Oppenweiler<\/li>\n<li>September, Gaildorf<\/li>\n<li>Oktober, Murrhardt<\/li>\n<\/ul>\n<p>Weitere Informationen:<\/p>\n<p>Naturpark Schw\u00e4bisch-Fr\u00e4nkischer Wald e. V.<\/p>\n<p>Naturparkzentrum, Marktplatz 8, 71540 Murrhardt<\/p>\n<p>Tel. 07192-213-888<\/p>\n<p>Email: <a href=\"mailto:info@naturpark-sfw.de\" target=\"_blank\">info@naturpark-sfw.de<\/a><\/p>\n<p>Homepage: <a href=\"http:\/\/www.naturpark-sfw.de\" target=\"_blank\">www.naturpark-sfw.de<\/a><\/p>\n<p>&nbsp;<\/p>\n","protected":false},"excerpt":{"rendered":"<p>11.09.: Naturparkmarkt in Gaildorf<\/p>\n","protected":false},"author":25,"featured_media":3842,"comment_status":"open","ping_status":"open","sticky":false,"template":"","format":"standard","meta":[],"categories":[11],"tags":[508],"yoast_head":"<!-- This site is optimized with the Yoast SEO plugin v19.10 - https:\/\/yoast.com\/wordpress\/plugins\/seo\/ -->\n<title>Natuparkmarkt in Gaildorf - Naturpark Schw\u00e4bisch-Fr\u00e4nkischer Wald<\/title>\n<meta name=\"robots\" content=\"index, follow, max-snippet:-1, max-image-preview:large, max-video-preview:-1\" \/>\n<link rel=\"canonical\" href=\"https:\/\/www.naturparkmagazin.de\/schwaebisch-fraenkischer-wald\/natuparkmarkt-in-gaildorf\/\" \/>\n<meta property=\"og:locale\" content=\"de_DE\" \/>\n<meta property=\"og:type\" content=\"article\" \/>\n<meta property=\"og:title\" content=\"Natuparkmarkt in Gaildorf - Naturpark Schw\u00e4bisch-Fr\u00e4nkischer Wald\" \/>\n<meta property=\"og:description\" content=\"11.09.: Naturparkmarkt in Gaildorf\" \/>\n<meta property=\"og:url\" content=\"https:\/\/www.naturparkmagazin.de\/schwaebisch-fraenkischer-wald\/natuparkmarkt-in-gaildorf\/\" \/>\n<meta property=\"og:site_name\" content=\"Naturpark Schw\u00e4bisch-Fr\u00e4nkischer Wald\" \/>\n<meta property=\"article:author\" content=\"https:\/\/www.facebook.com\/naturparkSFW\" \/>\n<meta property=\"article:published_time\" content=\"2016-08-18T10:03:12+00:00\" \/>\n<meta property=\"article:modified_time\" content=\"2016-08-17T08:46:31+00:00\" \/>\n<meta property=\"og:image\" content=\"https:\/\/www.naturparkmagazin.de\/schwaebisch-fraenkischer-wald\/wp-content\/uploads\/sites\/34\/1609_Titel_Naturparkmarkt_Gaildorf_NPSFW.jpg\" \/>\n\t<meta property=\"og:image:width\" content=\"200\" \/>\n\t<meta property=\"og:image:height\" content=\"200\" \/>\n\t<meta property=\"og:image:type\" content=\"image\/jpeg\" \/>\n<meta name=\"author\" content=\"Naturpark-Team\" \/>\n<meta name=\"twitter:label1\" content=\"Verfasst von\" \/>\n\t<meta name=\"twitter:data1\" content=\"Naturpark-Team\" \/>\n\t<meta name=\"twitter:label2\" content=\"Gesch\u00e4tzte Lesezeit\" \/>\n\t<meta name=\"twitter:data2\" content=\"2\u00a0Minuten\" \/>\n<script type=\"application\/ld+json\" class=\"yoast-schema-graph\">{\"@context\":\"https:\/\/schema.org\",\"@graph\":[{\"@type\":\"WebPage\",\"@id\":\"https:\/\/www.naturparkmagazin.de\/schwaebisch-fraenkischer-wald\/natuparkmarkt-in-gaildorf\/\",\"url\":\"https:\/\/www.naturparkmagazin.de\/schwaebisch-fraenkischer-wald\/natuparkmarkt-in-gaildorf\/\",\"name\":\"Natuparkmarkt in Gaildorf - Naturpark Schw\u00e4bisch-Fr\u00e4nkischer Wald\",\"isPartOf\":{\"@id\":\"https:\/\/www.naturparkmagazin.de\/schwaebisch-fraenkischer-wald\/#website\"},\"datePublished\":\"2016-08-18T10:03:12+00:00\",\"dateModified\":\"2016-08-17T08:46:31+00:00\",\"author\":{\"@id\":\"https:\/\/www.naturparkmagazin.de\/schwaebisch-fraenkischer-wald\/#\/schema\/person\/f047a3702ae747fd7830cf8ac95e6066\"},\"breadcrumb\":{\"@id\":\"https:\/\/www.naturparkmagazin.de\/schwaebisch-fraenkischer-wald\/natuparkmarkt-in-gaildorf\/#breadcrumb\"},\"inLanguage\":\"de\",\"potentialAction\":[{\"@type\":\"ReadAction\",\"target\":[\"https:\/\/www.naturparkmagazin.de\/schwaebisch-fraenkischer-wald\/natuparkmarkt-in-gaildorf\/\"]}]},{\"@type\":\"BreadcrumbList\",\"@id\":\"https:\/\/www.naturparkmagazin.de\/schwaebisch-fraenkischer-wald\/natuparkmarkt-in-gaildorf\/#breadcrumb\",\"itemListElement\":[{\"@type\":\"ListItem\",\"position\":1,\"name\":\"Home\",\"item\":\"https:\/\/www.naturparkmagazin.de\/schwaebisch-fraenkischer-wald\/\"},{\"@type\":\"ListItem\",\"position\":2,\"name\":\"Natuparkmarkt in Gaildorf\"}]},{\"@type\":\"WebSite\",\"@id\":\"https:\/\/www.naturparkmagazin.de\/schwaebisch-fraenkischer-wald\/#website\",\"url\":\"https:\/\/www.naturparkmagazin.de\/schwaebisch-fraenkischer-wald\/\",\"name\":\"Naturpark Schw\u00e4bisch-Fr\u00e4nkischer Wald\",\"description\":\"\",\"potentialAction\":[{\"@type\":\"SearchAction\",\"target\":{\"@type\":\"EntryPoint\",\"urlTemplate\":\"https:\/\/www.naturparkmagazin.de\/schwaebisch-fraenkischer-wald\/?s={search_term_string}\"},\"query-input\":\"required name=search_term_string\"}],\"inLanguage\":\"de\"},{\"@type\":\"Person\",\"@id\":\"https:\/\/www.naturparkmagazin.de\/schwaebisch-fraenkischer-wald\/#\/schema\/person\/f047a3702ae747fd7830cf8ac95e6066\",\"name\":\"Naturpark-Team\",\"sameAs\":[\"http:\/\/www.naturpark-sfw.de\",\"https:\/\/www.facebook.com\/naturparkSFW\"],\"url\":\"https:\/\/www.naturparkmagazin.de\/schwaebisch-fraenkischer-wald\/author\/bernharddrixler\/\"}]}<\/script>\n<!-- \/ Yoast SEO plugin. -->","yoast_head_json":{"title":"Natuparkmarkt in Gaildorf - Naturpark Schw\u00e4bisch-Fr\u00e4nkischer Wald","robots":{"index":"index","follow":"follow","max-snippet":"max-snippet:-1","max-image-preview":"max-image-preview:large","max-video-preview":"max-video-preview:-1"},"canonical":"https:\/\/www.naturparkmagazin.de\/schwaebisch-fraenkischer-wald\/natuparkmarkt-in-gaildorf\/","og_locale":"de_DE","og_type":"article","og_title":"Natuparkmarkt in Gaildorf - Naturpark Schw\u00e4bisch-Fr\u00e4nkischer Wald","og_description":"11.09.: Naturparkmarkt in Gaildorf","og_url":"https:\/\/www.naturparkmagazin.de\/schwaebisch-fraenkischer-wald\/natuparkmarkt-in-gaildorf\/","og_site_name":"Naturpark Schw\u00e4bisch-Fr\u00e4nkischer Wald","article_author":"https:\/\/www.facebook.com\/naturparkSFW","article_published_time":"2016-08-18T10:03:12+00:00","article_modified_time":"2016-08-17T08:46:31+00:00","og_image":[{"width":200,"height":200,"url":"https:\/\/www.naturparkmagazin.de\/schwaebisch-fraenkischer-wald\/wp-content\/uploads\/sites\/34\/1609_Titel_Naturparkmarkt_Gaildorf_NPSFW.jpg","type":"image\/jpeg"}],"author":"Naturpark-Team","twitter_misc":{"Verfasst von":"Naturpark-Team","Gesch\u00e4tzte Lesezeit":"2\u00a0Minuten"},"schema":{"@context":"https:\/\/schema.org","@graph":[{"@type":"WebPage","@id":"https:\/\/www.naturparkmagazin.de\/schwaebisch-fraenkischer-wald\/natuparkmarkt-in-gaildorf\/","url":"https:\/\/www.naturparkmagazin.de\/schwaebisch-fraenkischer-wald\/natuparkmarkt-in-gaildorf\/","name":"Natuparkmarkt in Gaildorf - Naturpark Schw\u00e4bisch-Fr\u00e4nkischer Wald","isPartOf":{"@id":"https:\/\/www.naturparkmagazin.de\/schwaebisch-fraenkischer-wald\/#website"},"datePublished":"2016-08-18T10:03:12+00:00","dateModified":"2016-08-17T08:46:31+00:00","author":{"@id":"https:\/\/www.naturparkmagazin.de\/schwaebisch-fraenkischer-wald\/#\/schema\/person\/f047a3702ae747fd7830cf8ac95e6066"},"breadcrumb":{"@id":"https:\/\/www.naturparkmagazin.de\/schwaebisch-fraenkischer-wald\/natuparkmarkt-in-gaildorf\/#breadcrumb"},"inLanguage":"de","potentialAction":[{"@type":"ReadAction","target":["https:\/\/www.naturparkmagazin.de\/schwaebisch-fraenkischer-wald\/natuparkmarkt-in-gaildorf\/"]}]},{"@type":"BreadcrumbList","@id":"https:\/\/www.naturparkmagazin.de\/schwaebisch-fraenkischer-wald\/natuparkmarkt-in-gaildorf\/#breadcrumb","itemListElement":[{"@type":"ListItem","position":1,"name":"Home","item":"https:\/\/www.naturparkmagazin.de\/schwaebisch-fraenkischer-wald\/"},{"@type":"ListItem","position":2,"name":"Natuparkmarkt in Gaildorf"}]},{"@type":"WebSite","@id":"https:\/\/www.naturparkmagazin.de\/schwaebisch-fraenkischer-wald\/#website","url":"https:\/\/www.naturparkmagazin.de\/schwaebisch-fraenkischer-wald\/","name":"Naturpark Schw\u00e4bisch-Fr\u00e4nkischer Wald","description":"","potentialAction":[{"@type":"SearchAction","target":{"@type":"EntryPoint","urlTemplate":"https:\/\/www.naturparkmagazin.de\/schwaebisch-fraenkischer-wald\/?s={search_term_string}"},"query-input":"required name=search_term_string"}],"inLanguage":"de"},{"@type":"Person","@id":"https:\/\/www.naturparkmagazin.de\/schwaebisch-fraenkischer-wald\/#\/schema\/person\/f047a3702ae747fd7830cf8ac95e6066","name":"Naturpark-Team","sameAs":["http:\/\/www.naturpark-sfw.de","https:\/\/www.facebook.com\/naturparkSFW"],"url":"https:\/\/www.naturparkmagazin.de\/schwaebisch-fraenkischer-wald\/author\/bernharddrixler\/"}]}},"_links":{"self":[{"href":"https:\/\/www.naturparkmagazin.de\/schwaebisch-fraenkischer-wald\/wp-json\/wp\/v2\/posts\/3569"}],"collection":[{"href":"https:\/\/www.naturparkmagazin.de\/schwaebisch-fraenkischer-wald\/wp-json\/wp\/v2\/posts"}],"about":[{"href":"https:\/\/www.naturparkmagazin.de\/schwaebisch-fraenkischer-wald\/wp-json\/wp\/v2\/types\/post"}],"author":[{"embeddable":true,"href":"https:\/\/www.naturparkmagazin.de\/schwaebisch-fraenkischer-wald\/wp-json\/wp\/v2\/users\/25"}],"replies":[{"embeddable":true,"href":"https:\/\/www.naturparkmagazin.de\/schwaebisch-fraenkischer-wald\/wp-json\/wp\/v2\/comments?post=3569"}],"version-history":[{"count":3,"href":"https:\/\/www.naturparkmagazin.de\/schwaebisch-fraenkischer-wald\/wp-json\/wp\/v2\/posts\/3569\/revisions"}],"predecessor-version":[{"id":3843,"href":"https:\/\/www.naturparkmagazin.de\/schwaebisch-fraenkischer-wald\/wp-json\/wp\/v2\/posts\/3569\/revisions\/3843"}],"wp:featuredmedia":[{"embeddable":true,"href":"https:\/\/www.naturparkmagazin.de\/schwaebisch-fraenkischer-wald\/wp-json\/wp\/v2\/media\/3842"}],"wp:attachment":[{"href":"https:\/\/www.naturparkmagazin.de\/schwaebisch-fraenkischer-wald\/wp-json\/wp\/v2\/media?parent=3569"}],"wp:term":[{"taxonomy":"category","embeddable":true,"href":"https:\/\/www.naturparkmagazin.de\/schwaebisch-fraenkischer-wald\/wp-json\/wp\/v2\/categories?post=3569"},{"taxonomy":"post_tag","embeddable":true,"href":"https:\/\/www.naturparkmagazin.de\/schwaebisch-fraenkischer-wald\/wp-json\/wp\/v2\/tags?post=3569"}],"curies":[{"name":"wp","href":"https:\/\/api.w.org\/{rel}","templated":true}]}}