{"id":358,"date":"2013-08-28T09:42:22","date_gmt":"2013-08-28T07:42:22","guid":{"rendered":"http:\/\/www.naturparkmagazin.de\/schwaebisch-fraenkischer-wald\/?p=358"},"modified":"2014-04-09T12:02:44","modified_gmt":"2014-04-09T10:02:44","slug":"natur-erlebniscamp-wuestenrot-abenteuerlich-spannend-lehrreich","status":"publish","type":"post","link":"https:\/\/www.naturparkmagazin.de\/schwaebisch-fraenkischer-wald\/natur-erlebniscamp-wuestenrot-abenteuerlich-spannend-lehrreich\/","title":{"rendered":"Natur-Erlebniscamp W\u00fcstenrot: Abenteuerlich &#8211; Spannend \u2013 Lehrreich"},"content":{"rendered":"<p>Beim vierten Termin des Natur-Erlebniscamps W\u00fcstenrot am 22. September 2013 f\u00fchren die Naturparkf\u00fchrer sieben verschiedene spannende Exkursionen vom Naturfreundehaus Steinknickle aus durch. Weglos f\u00fchrt die \u201eSchluchtentour\u201c durch die Schinderklinge mit Klaus Pfeffer, die \u201eGPS-Tour\u201c mit Walter Hieber fasziniert die Orientierungsprofis. F\u00fcr die Kinder gibt es die \u201eLamawanderung\u201c mit Sabine Jordan und die Exkursion mit den \u201eNaturpark-Entdeckerwesten\u201c mit Eva Rombach. Sabine R\u00fccker erforscht \u201eAlte Waldgewerbe\u201c an Originalpl\u00e4tzen, Andrea Schr\u00f6der erz\u00e4hlt unterwegs \u00fcber \u201eB\u00e4ume \u2013 Mythen und Sagen\u201c und F\u00f6rster Klaus Ulrich f\u00fchrt zu den Schaupl\u00e4tzen der \u201eJagd im Spannungsfeld von Wild und Wald\u201c.<\/p>\n<div id=\"attachment_360\" style=\"width: 280px\" class=\"wp-caption alignright\"><a href=\"https:\/\/www.naturparkmagazin.de\/schwaebisch-fraenkischer-wald\/wp-content\/uploads\/sites\/34\/120316_nbacknang_z97_klein.jpg\"><img aria-describedby=\"caption-attachment-360\" decoding=\"async\" loading=\"lazy\" class=\" wp-image-360  \" title=\"Auf der Suche nach dem richtigen Weg zum Natur-Erlebniscamp\" alt=\"(c) Naturpark Schw\u00e4bisch-Fr\u00e4nkischer Wald\" src=\"https:\/\/www.naturparkmagazin.de\/schwaebisch-fraenkischer-wald\/wp-content\/uploads\/sites\/34\/120316_nbacknang_z97_klein-300x375.jpg\" width=\"270\" height=\"338\" srcset=\"https:\/\/www.naturparkmagazin.de\/schwaebisch-fraenkischer-wald\/wp-content\/uploads\/sites\/34\/120316_nbacknang_z97_klein-300x375.jpg 300w, https:\/\/www.naturparkmagazin.de\/schwaebisch-fraenkischer-wald\/wp-content\/uploads\/sites\/34\/120316_nbacknang_z97_klein.jpg 500w, https:\/\/www.naturparkmagazin.de\/schwaebisch-fraenkischer-wald\/wp-content\/uploads\/sites\/34\/120316_nbacknang_z97_klein-200x250.jpg 200w\" sizes=\"(max-width: 270px) 100vw, 270px\" \/><\/a><p id=\"caption-attachment-360\" class=\"wp-caption-text\">Auf der Suche nach dem richtigen Weg zum Natur-Erlebniscamp<\/p><\/div>\n<p>Alle Touren starten p\u00fcnktlich um 11.00 Uhr und um 14.30 Uhr am Naturfreundehaus Steinknickle und dauern etwa 1,5 \u2013 2 Stunden. Jeder kann sich daher ganz individuell sein Tagesprogramm zusammenstellen.<\/p>\n<p>W\u00e4hrend der gesamten Zeit kann in der Naturwerkstatt am Naturfreundhaus gebastelt werden und in der Holzwerkstatt werden Nistk\u00e4sten f\u00fcr V\u00f6gel gebaut. Am Naturfreundehaus Steinknickle k\u00f6nnen sich die Wanderer mit leckeren Speisen und Getr\u00e4nken st\u00e4rken. Parkm\u00f6glichkeiten sind ausgeschildert.<\/p>\n<p>Der Flyer \u201eNatur-Erlebniscamp W\u00fcstenrot\u201c\u00a0 kann bei der Gemeinde und beim Naturpark angefordert werden und steht im Internet zum Download bereit. Die Veranstaltung ist kostenlos und bedarf keiner Anmeldung.<\/p>\n<p>&nbsp;<\/p>\n<p><b>Weitere Informationen unter: <\/b><\/p>\n<p>B\u00fcrgermeisteramt W\u00fcstenrot<\/p>\n<p>Telefon: 07945 \u2013 9199 0<\/p>\n<p><a href=\"http:\/\/www.gemeinde-wuestenrot.de\/\">www.gemeinde-wuestenrot.de<\/a><\/p>\n<p><a href=\"http:\/\/www.die-naturparkfuehrer.de\/\">www.die-naturparkfuehrer.de<\/a> <b><i><\/i><\/b><\/p>\n","protected":false},"excerpt":{"rendered":"<p>Am 22.9. k\u00f6nnen Besucher und Besucherinnen beim Natur-Erlebniscamp W\u00fcstenrot zwischen sieben spannenden Exkursionen w\u00e4hlen. <\/p>\n","protected":false},"author":25,"featured_media":359,"comment_status":"open","ping_status":"open","sticky":false,"template":"","format":"standard","meta":[],"categories":[11],"tags":[35,91,86,81,3154,28],"yoast_head":"<!-- This site is optimized with the Yoast SEO plugin v19.10 - https:\/\/yoast.com\/wordpress\/plugins\/seo\/ -->\n<title>Natur-Erlebniscamp W\u00fcstenrot: Abenteuerlich - Spannend \u2013 Lehrreich - Naturpark Schw\u00e4bisch-Fr\u00e4nkischer Wald<\/title>\n<meta name=\"robots\" content=\"index, follow, max-snippet:-1, max-image-preview:large, max-video-preview:-1\" \/>\n<link rel=\"canonical\" href=\"https:\/\/www.naturparkmagazin.de\/schwaebisch-fraenkischer-wald\/natur-erlebniscamp-wuestenrot-abenteuerlich-spannend-lehrreich\/\" \/>\n<meta property=\"og:locale\" content=\"de_DE\" \/>\n<meta property=\"og:type\" content=\"article\" \/>\n<meta property=\"og:title\" content=\"Natur-Erlebniscamp W\u00fcstenrot: Abenteuerlich - Spannend \u2013 Lehrreich - Naturpark Schw\u00e4bisch-Fr\u00e4nkischer Wald\" \/>\n<meta property=\"og:description\" content=\"Am 22.9. k\u00f6nnen Besucher und Besucherinnen beim Natur-Erlebniscamp W\u00fcstenrot zwischen sieben spannenden Exkursionen w\u00e4hlen.\" \/>\n<meta property=\"og:url\" content=\"https:\/\/www.naturparkmagazin.de\/schwaebisch-fraenkischer-wald\/natur-erlebniscamp-wuestenrot-abenteuerlich-spannend-lehrreich\/\" \/>\n<meta property=\"og:site_name\" content=\"Naturpark Schw\u00e4bisch-Fr\u00e4nkischer Wald\" \/>\n<meta property=\"article:author\" content=\"https:\/\/www.facebook.com\/naturparkSFW\" \/>\n<meta property=\"article:published_time\" content=\"2013-08-28T07:42:22+00:00\" \/>\n<meta property=\"article:modified_time\" content=\"2014-04-09T10:02:44+00:00\" \/>\n<meta property=\"og:image\" content=\"https:\/\/www.naturparkmagazin.de\/schwaebisch-fraenkischer-wald\/wp-content\/uploads\/sites\/34\/2013_NEC_Titel1.jpg\" \/>\n\t<meta property=\"og:image:width\" content=\"292\" \/>\n\t<meta property=\"og:image:height\" content=\"604\" \/>\n\t<meta property=\"og:image:type\" content=\"image\/jpeg\" \/>\n<meta name=\"author\" content=\"Naturpark-Team\" \/>\n<meta name=\"twitter:label1\" content=\"Verfasst von\" \/>\n\t<meta name=\"twitter:data1\" content=\"Naturpark-Team\" \/>\n\t<meta name=\"twitter:label2\" content=\"Gesch\u00e4tzte Lesezeit\" \/>\n\t<meta name=\"twitter:data2\" content=\"1\u00a0Minute\" \/>\n<script type=\"application\/ld+json\" class=\"yoast-schema-graph\">{\"@context\":\"https:\/\/schema.org\",\"@graph\":[{\"@type\":\"WebPage\",\"@id\":\"https:\/\/www.naturparkmagazin.de\/schwaebisch-fraenkischer-wald\/natur-erlebniscamp-wuestenrot-abenteuerlich-spannend-lehrreich\/\",\"url\":\"https:\/\/www.naturparkmagazin.de\/schwaebisch-fraenkischer-wald\/natur-erlebniscamp-wuestenrot-abenteuerlich-spannend-lehrreich\/\",\"name\":\"Natur-Erlebniscamp W\u00fcstenrot: Abenteuerlich - Spannend \u2013 Lehrreich - Naturpark Schw\u00e4bisch-Fr\u00e4nkischer Wald\",\"isPartOf\":{\"@id\":\"https:\/\/www.naturparkmagazin.de\/schwaebisch-fraenkischer-wald\/#website\"},\"datePublished\":\"2013-08-28T07:42:22+00:00\",\"dateModified\":\"2014-04-09T10:02:44+00:00\",\"author\":{\"@id\":\"https:\/\/www.naturparkmagazin.de\/schwaebisch-fraenkischer-wald\/#\/schema\/person\/f047a3702ae747fd7830cf8ac95e6066\"},\"breadcrumb\":{\"@id\":\"https:\/\/www.naturparkmagazin.de\/schwaebisch-fraenkischer-wald\/natur-erlebniscamp-wuestenrot-abenteuerlich-spannend-lehrreich\/#breadcrumb\"},\"inLanguage\":\"de\",\"potentialAction\":[{\"@type\":\"ReadAction\",\"target\":[\"https:\/\/www.naturparkmagazin.de\/schwaebisch-fraenkischer-wald\/natur-erlebniscamp-wuestenrot-abenteuerlich-spannend-lehrreich\/\"]}]},{\"@type\":\"BreadcrumbList\",\"@id\":\"https:\/\/www.naturparkmagazin.de\/schwaebisch-fraenkischer-wald\/natur-erlebniscamp-wuestenrot-abenteuerlich-spannend-lehrreich\/#breadcrumb\",\"itemListElement\":[{\"@type\":\"ListItem\",\"position\":1,\"name\":\"Home\",\"item\":\"https:\/\/www.naturparkmagazin.de\/schwaebisch-fraenkischer-wald\/\"},{\"@type\":\"ListItem\",\"position\":2,\"name\":\"Natur-Erlebniscamp W\u00fcstenrot: Abenteuerlich &#8211; Spannend \u2013 Lehrreich\"}]},{\"@type\":\"WebSite\",\"@id\":\"https:\/\/www.naturparkmagazin.de\/schwaebisch-fraenkischer-wald\/#website\",\"url\":\"https:\/\/www.naturparkmagazin.de\/schwaebisch-fraenkischer-wald\/\",\"name\":\"Naturpark Schw\u00e4bisch-Fr\u00e4nkischer Wald\",\"description\":\"\",\"potentialAction\":[{\"@type\":\"SearchAction\",\"target\":{\"@type\":\"EntryPoint\",\"urlTemplate\":\"https:\/\/www.naturparkmagazin.de\/schwaebisch-fraenkischer-wald\/?s={search_term_string}\"},\"query-input\":\"required name=search_term_string\"}],\"inLanguage\":\"de\"},{\"@type\":\"Person\",\"@id\":\"https:\/\/www.naturparkmagazin.de\/schwaebisch-fraenkischer-wald\/#\/schema\/person\/f047a3702ae747fd7830cf8ac95e6066\",\"name\":\"Naturpark-Team\",\"sameAs\":[\"http:\/\/www.naturpark-sfw.de\",\"https:\/\/www.facebook.com\/naturparkSFW\"],\"url\":\"https:\/\/www.naturparkmagazin.de\/schwaebisch-fraenkischer-wald\/author\/bernharddrixler\/\"}]}<\/script>\n<!-- \/ Yoast SEO plugin. -->","yoast_head_json":{"title":"Natur-Erlebniscamp W\u00fcstenrot: Abenteuerlich - Spannend \u2013 Lehrreich - Naturpark Schw\u00e4bisch-Fr\u00e4nkischer Wald","robots":{"index":"index","follow":"follow","max-snippet":"max-snippet:-1","max-image-preview":"max-image-preview:large","max-video-preview":"max-video-preview:-1"},"canonical":"https:\/\/www.naturparkmagazin.de\/schwaebisch-fraenkischer-wald\/natur-erlebniscamp-wuestenrot-abenteuerlich-spannend-lehrreich\/","og_locale":"de_DE","og_type":"article","og_title":"Natur-Erlebniscamp W\u00fcstenrot: Abenteuerlich - Spannend \u2013 Lehrreich - Naturpark Schw\u00e4bisch-Fr\u00e4nkischer Wald","og_description":"Am 22.9. k\u00f6nnen Besucher und Besucherinnen beim Natur-Erlebniscamp W\u00fcstenrot zwischen sieben spannenden Exkursionen w\u00e4hlen.","og_url":"https:\/\/www.naturparkmagazin.de\/schwaebisch-fraenkischer-wald\/natur-erlebniscamp-wuestenrot-abenteuerlich-spannend-lehrreich\/","og_site_name":"Naturpark Schw\u00e4bisch-Fr\u00e4nkischer Wald","article_author":"https:\/\/www.facebook.com\/naturparkSFW","article_published_time":"2013-08-28T07:42:22+00:00","article_modified_time":"2014-04-09T10:02:44+00:00","og_image":[{"width":292,"height":604,"url":"https:\/\/www.naturparkmagazin.de\/schwaebisch-fraenkischer-wald\/wp-content\/uploads\/sites\/34\/2013_NEC_Titel1.jpg","type":"image\/jpeg"}],"author":"Naturpark-Team","twitter_misc":{"Verfasst von":"Naturpark-Team","Gesch\u00e4tzte Lesezeit":"1\u00a0Minute"},"schema":{"@context":"https:\/\/schema.org","@graph":[{"@type":"WebPage","@id":"https:\/\/www.naturparkmagazin.de\/schwaebisch-fraenkischer-wald\/natur-erlebniscamp-wuestenrot-abenteuerlich-spannend-lehrreich\/","url":"https:\/\/www.naturparkmagazin.de\/schwaebisch-fraenkischer-wald\/natur-erlebniscamp-wuestenrot-abenteuerlich-spannend-lehrreich\/","name":"Natur-Erlebniscamp W\u00fcstenrot: Abenteuerlich - Spannend \u2013 Lehrreich - Naturpark Schw\u00e4bisch-Fr\u00e4nkischer Wald","isPartOf":{"@id":"https:\/\/www.naturparkmagazin.de\/schwaebisch-fraenkischer-wald\/#website"},"datePublished":"2013-08-28T07:42:22+00:00","dateModified":"2014-04-09T10:02:44+00:00","author":{"@id":"https:\/\/www.naturparkmagazin.de\/schwaebisch-fraenkischer-wald\/#\/schema\/person\/f047a3702ae747fd7830cf8ac95e6066"},"breadcrumb":{"@id":"https:\/\/www.naturparkmagazin.de\/schwaebisch-fraenkischer-wald\/natur-erlebniscamp-wuestenrot-abenteuerlich-spannend-lehrreich\/#breadcrumb"},"inLanguage":"de","potentialAction":[{"@type":"ReadAction","target":["https:\/\/www.naturparkmagazin.de\/schwaebisch-fraenkischer-wald\/natur-erlebniscamp-wuestenrot-abenteuerlich-spannend-lehrreich\/"]}]},{"@type":"BreadcrumbList","@id":"https:\/\/www.naturparkmagazin.de\/schwaebisch-fraenkischer-wald\/natur-erlebniscamp-wuestenrot-abenteuerlich-spannend-lehrreich\/#breadcrumb","itemListElement":[{"@type":"ListItem","position":1,"name":"Home","item":"https:\/\/www.naturparkmagazin.de\/schwaebisch-fraenkischer-wald\/"},{"@type":"ListItem","position":2,"name":"Natur-Erlebniscamp W\u00fcstenrot: Abenteuerlich &#8211; Spannend \u2013 Lehrreich"}]},{"@type":"WebSite","@id":"https:\/\/www.naturparkmagazin.de\/schwaebisch-fraenkischer-wald\/#website","url":"https:\/\/www.naturparkmagazin.de\/schwaebisch-fraenkischer-wald\/","name":"Naturpark Schw\u00e4bisch-Fr\u00e4nkischer Wald","description":"","potentialAction":[{"@type":"SearchAction","target":{"@type":"EntryPoint","urlTemplate":"https:\/\/www.naturparkmagazin.de\/schwaebisch-fraenkischer-wald\/?s={search_term_string}"},"query-input":"required name=search_term_string"}],"inLanguage":"de"},{"@type":"Person","@id":"https:\/\/www.naturparkmagazin.de\/schwaebisch-fraenkischer-wald\/#\/schema\/person\/f047a3702ae747fd7830cf8ac95e6066","name":"Naturpark-Team","sameAs":["http:\/\/www.naturpark-sfw.de","https:\/\/www.facebook.com\/naturparkSFW"],"url":"https:\/\/www.naturparkmagazin.de\/schwaebisch-fraenkischer-wald\/author\/bernharddrixler\/"}]}},"_links":{"self":[{"href":"https:\/\/www.naturparkmagazin.de\/schwaebisch-fraenkischer-wald\/wp-json\/wp\/v2\/posts\/358"}],"collection":[{"href":"https:\/\/www.naturparkmagazin.de\/schwaebisch-fraenkischer-wald\/wp-json\/wp\/v2\/posts"}],"about":[{"href":"https:\/\/www.naturparkmagazin.de\/schwaebisch-fraenkischer-wald\/wp-json\/wp\/v2\/types\/post"}],"author":[{"embeddable":true,"href":"https:\/\/www.naturparkmagazin.de\/schwaebisch-fraenkischer-wald\/wp-json\/wp\/v2\/users\/25"}],"replies":[{"embeddable":true,"href":"https:\/\/www.naturparkmagazin.de\/schwaebisch-fraenkischer-wald\/wp-json\/wp\/v2\/comments?post=358"}],"version-history":[{"count":4,"href":"https:\/\/www.naturparkmagazin.de\/schwaebisch-fraenkischer-wald\/wp-json\/wp\/v2\/posts\/358\/revisions"}],"predecessor-version":[{"id":368,"href":"https:\/\/www.naturparkmagazin.de\/schwaebisch-fraenkischer-wald\/wp-json\/wp\/v2\/posts\/358\/revisions\/368"}],"wp:featuredmedia":[{"embeddable":true,"href":"https:\/\/www.naturparkmagazin.de\/schwaebisch-fraenkischer-wald\/wp-json\/wp\/v2\/media\/359"}],"wp:attachment":[{"href":"https:\/\/www.naturparkmagazin.de\/schwaebisch-fraenkischer-wald\/wp-json\/wp\/v2\/media?parent=358"}],"wp:term":[{"taxonomy":"category","embeddable":true,"href":"https:\/\/www.naturparkmagazin.de\/schwaebisch-fraenkischer-wald\/wp-json\/wp\/v2\/categories?post=358"},{"taxonomy":"post_tag","embeddable":true,"href":"https:\/\/www.naturparkmagazin.de\/schwaebisch-fraenkischer-wald\/wp-json\/wp\/v2\/tags?post=358"}],"curies":[{"name":"wp","href":"https:\/\/api.w.org\/{rel}","templated":true}]}}