{"id":3695,"date":"2016-05-17T16:30:28","date_gmt":"2016-05-17T14:30:28","guid":{"rendered":"http:\/\/www.naturparkmagazin.de\/schwaebisch-fraenkischer-wald\/?p=3695"},"modified":"2016-05-18T16:35:51","modified_gmt":"2016-05-18T14:35:51","slug":"kulturlandschaft-des-jahres-20152016-schwaebischer-wald-2","status":"publish","type":"post","link":"https:\/\/www.naturparkmagazin.de\/schwaebisch-fraenkischer-wald\/kulturlandschaft-des-jahres-20152016-schwaebischer-wald-2\/","title":{"rendered":"Kulturlandschaft des Jahres 2015|2016 &#8211; Schw\u00e4bischer Wald"},"content":{"rendered":"<p>Von Mai bis Oktober 2016 laden die Museen des Schw\u00e4bischen Waldes in einer \u201eMuseumsrundfahrt\u201c zum Stempelsammeln und Gewinnen ein<\/p>\n<div id=\"attachment_3696\" style=\"width: 210px\" class=\"wp-caption alignright\"><a href=\"https:\/\/www.naturparkmagazin.de\/schwaebisch-fraenkischer-wald\/wp-content\/uploads\/sites\/34\/KuLa_Museumsfahrt.jpg\"><img aria-describedby=\"caption-attachment-3696\" decoding=\"async\" loading=\"lazy\" class=\"size-full wp-image-3696\" src=\"https:\/\/www.naturparkmagazin.de\/schwaebisch-fraenkischer-wald\/wp-content\/uploads\/sites\/34\/KuLa_Museumsfahrt.jpg\" alt=\"Geschichte und Geschichten aus dem Schw\u00e4bischen Wald in einer \u201eMuseumsrundfahrt\u201c  entdecken\" width=\"200\" height=\"200\" srcset=\"https:\/\/www.naturparkmagazin.de\/schwaebisch-fraenkischer-wald\/wp-content\/uploads\/sites\/34\/KuLa_Museumsfahrt.jpg 200w, https:\/\/www.naturparkmagazin.de\/schwaebisch-fraenkischer-wald\/wp-content\/uploads\/sites\/34\/KuLa_Museumsfahrt-30x30.jpg 30w\" sizes=\"(max-width: 200px) 100vw, 200px\" \/><\/a><p id=\"caption-attachment-3696\" class=\"wp-caption-text\">Geschichte und Geschichten aus dem Schw\u00e4bischen Wald in einer \u201eMuseumsrundfahrt\u201c entdecken<\/p><\/div>\n<p><strong>Geschichte und Geschichten aus dem Schw\u00e4bischen Wald entdecken<\/strong><\/p>\n<p>Mit M\u00fchlen, Klingen und R\u00e4ubergeschichten wartet der Schw\u00e4bische Wald auf, mit geheimnisvoller Glasmacherkunst, spektakul\u00e4ren Funden aus der R\u00f6merzeit samt beeindruckenden 3D-Animationen in den \u201eVirtuellen Limes-Welten\u201c sowie kaum erforschten Spuren der Auswanderung aus dem einst so armen Landstrich, die sich meist in den USA und S\u00fcdamerika verlieren.<\/p>\n<p>All diesen Geschichten und Zeugnissen aus dem Alltagsleben der vergangenen Jahrhunderte kann man von Ende Mai bis Ende Oktober in einer \u201eMuseumsrundfahrt\u201c durch den Schw\u00e4bischen Wald nachsp\u00fcren: 14 Museen an zehn Standorten haben sich im Rahmen des Gemeinschaftsprojekts \u201eKulturlandschaft des Jahres: Schw\u00e4bischer Wald\u201c des Naturparks Schw\u00e4bisch-Fr\u00e4nkischer Wald, der Fremdenverkehrsgemeinschaft Schw\u00e4bischer Wald und des Schw\u00e4bischen Heimatbundes zusammengefunden, um den Besuchern gemeinsam ein umfassendes Bild der Vergangenheit, aber auch der Gegenwart der \u201eKulturlandschaft des Jahres\u201c zu vermitteln. Auf diese Weise l\u00e4sst sich der Schw\u00e4bische Wald unter ganz neuen Aspekten erkunden, n\u00e4mlich \u2013 und vor allem \u2013 mit einem Blick auf die Geschichte: vom R\u00f6mischen Imperium \u00fcber Adels-, Kloster- und Technikgeschichte, bis zur l\u00e4ndlichen Arbeits- und Lebenswelt vergangener Jahrhunderte.<\/p>\n<p>Wer mitmachen m\u00f6chte, stellt sich eine Tour auf eigene Faust nach eigenen Vorlieben zusammen und hat auf diese Weise viele Wochenenden und Ferientage Zeit, Ausfl\u00fcge in die Museen zu planen und vielleicht auch mit einer Wanderung oder Radtour durch die die idyllische Naturlandschaft des Schw\u00e4bischen Waldes zu verbinden. Vom 22. Mai bis Ende Oktober kann man sich den Museumsbesuch mit einem Stempel auf dem Aktionsflyer quittieren lassen und gibt dann den Abschnitt bis Ende des Jahres ab oder schickt ihn ein.<\/p>\n<p>Auftakt ist der Internationale Museumstag, der in diesem Jahr zuf\u00e4lligerweise unter dem \u00e4hnlich lautenden Motto \u201eMuseen in der Kulturlandschaft\u201c steht \u2013 ein doppelter Grund also f\u00fcr die Initiatoren der Museumsrundfahrt um Dieter Frey, den Koordinator der Kulturlandschaft des Jahres im Schw\u00e4bischen Wald, sich in einer ganz besonderen Aktion zu pr\u00e4sentieren. Damit das interessante Angebot nicht nur auf den Museumstag am 22. Mai zusammengedr\u00e4ngt wird, l\u00e4uft die Museumsrundfahrt bis zum Herbst. Und gewinnen kann man dabei nicht nur interessante Einblicke in die Geschichte der Region, sondern auch erlebnisorientierte Preise f\u00fcr gesammelte Stempel. Vor allem eines bieten die beteiligten Museen, die \u00fcberwiegend ehrenamtlich betrieben werden: den Charme und die Originalit\u00e4t kleinerer Museen und die liebevolle Betreuung von Besuchern und Best\u00e4nden. Wahre Sch\u00e4tze sind im Viereck zwischen Welzheim, Gaildorf, Mainhardt und Weissach zu entdecken und oft kommt der Zeitplan durcheinander, weil man sich leicht mit den kenntnisreichen und auskunftsfreudigen Betreuer(inne)n verplaudert.<\/p>\n<p>Eine Sammlung zur eigenen Ortsgeschichte mit interessanten Exponaten aus der Alltagskultur vergangener Tage haben die meisten Museen im Repertoire. Zu den vom Mittelalter an ausge\u00fcbten Berufen z\u00e4hlt die Glas- und Spiegelmacherei, die Weberei, die Fl\u00f6zerei und K\u00f6hlerei, das M\u00fcller- und Schuhmacherhandwerk oder die Ofensetzerei. Oft mussten gro\u00dfe Familien mit einem k\u00e4rglichen Broterwerb durchkommen. Dass der Schw\u00e4bische Wald aber auch viele kluge K\u00f6pfe hervorgebracht hat, die es zu einigem Reichtum brachten, zeigt sich auf den Spuren schw\u00e4bischer T\u00fcftler wie Hermann Frasch, der mit 1868 mit 17 Jahren nach Philadephia auswanderte und sich neben verschiedenen neuen Verfahren in der Erd\u00f6lf\u00f6rderung und -verarbeitung auch das Paraffin-Wachspapierverfahren patentieren lie\u00df, das heute noch bei der Verpackung von Milch Anwendung findet (Oberrot). Oder der 1907 geborene Unternehmer Erich Schumm, Erfinder der Plastik-Fliegenklatsche und des Campingkocher-Brennstoffs Esbit in Tablettenform (Murrhardt). Oder der Apotheker und Abstinenzler Georg Kropp 1865-1943, der in den 1920ger Jahren in W\u00fcstenrot das Bausparen erfand und so vielen kinderreichen Familien ein Dach \u00fcber dem Kopf verschaffte. Auch in recht ungew\u00f6hnliche Spezialgebiete f\u00fchren einige der Museen ein, etwa die Hexenverfolgung und Strafjustiz in der Grafschaft Limpurg (Gaildorf), historisches Spielzeug aus \u00f6rtlicher Produktion (Welzheim) oder ein Steinzeitkabinett (Murrhardt).<\/p>\n<p>Gleich drei der Museen liegen direkt am Limes (Welzheim, Mainhardt, Murrhardt) und lassen das Leben vor fast 2000 Jahren am r\u00f6mischen Grenzwall sowohl in Artefakten als auch in spannenden 3D-Visualisierungen lebendig werden. Mit seiner neu gestalteten umfangreichen R\u00f6merabteilung ist das Museum Welzheim der zentrale Vermittlungsschwerpunkt f\u00fcr das UNESCO-Welterbe Limes f\u00fcr die Region Stuttgart, aber auch das Carl-Schweizer-Museum in Murrhardt und das Mainhardter R\u00f6mermuseum sind interessante Ausflugsziele f\u00fcr alle Fans der R\u00f6merzeit. Ein Tipp: der Limeswanderweg verbindet diese Museen mit einer spannenden Wanderung am Limes, der an vielen Stellen in der Landschaft sichtbar ist und von teilrekonstruierten Kastellen und Wachtt\u00fcrmen ges\u00e4umt ist.<\/p>\n<p>Bildende Kunst aus Gegenwart und Vergangenheit mit vielen Bez\u00fcgen zur Kulturlandschaft ist in Mainhardt und Murrhardt zu sehen. Eindrucksvolle Landschaftsbilder und Motive aus der l\u00e4ndlichen Arbeitswelt wie das bekannte \u201eOchsengespann\u201c des Impressionisten Heinrich von Z\u00fcgel (1850-1941) zeigt die St\u00e4dtische Kunstsammlung Murrhardt. Daneben sind Werke Reinhold N\u00e4geles (1884-1972) zu sehen oder der k\u00fcrzlich verstorbenen Trude Sch\u00fcle (, die ihren Bezug zur Heimat vielf\u00e4ltig auf Leinwand und Papier gebannt haben. Das Museum Pahl in Mainhardt-Gailsbach zeigt das umfangreiche Werk des bis zu seinem Tode dort lebenden und arbeitenden Manfred Pahl (1900-1994). Er war 1929 Mitbegr\u00fcnder der Stuttgarter Neue Sezession, die sich dem Expressiven Realismus zuordnen l\u00e4sst.<\/p>\n<p>Der Flyer zur Museumsrundfahrt mit Adressen und Kurzportraits der Sammlungen liegt in allen Museen , im Landratsamt und im Naturparkzentrum in Murrhardt, Marktplatz 8, aus und steht auch zum Download auf den Homepages der Kulturlandschaft \u00a0(<a href=\"http:\/\/www.kulturlandschaft-des-jahres.de\">www.kulturlandschaft-des-jahres.de<\/a>) und der Fremdenverkehrs-gemeinschaft Schw\u00e4bischer Wald (<a href=\"http:\/\/www.schwaebischerwald.com\">www.schwaebischerwald.com<\/a>) bereit.<\/p>\n","protected":false},"excerpt":{"rendered":"<p>Geschichte und Geschichten aus dem Schw\u00e4bischen Wald in einer \u201eMuseumsrundfahrt\u201c  entdecken<\/p>\n","protected":false},"author":25,"featured_media":3696,"comment_status":"open","ping_status":"open","sticky":false,"template":"","format":"standard","meta":[],"categories":[7],"tags":[508],"yoast_head":"<!-- This site is optimized with the Yoast SEO plugin v19.10 - https:\/\/yoast.com\/wordpress\/plugins\/seo\/ -->\n<title>Kulturlandschaft des Jahres 2015|2016 - Schw\u00e4bischer Wald - Naturpark Schw\u00e4bisch-Fr\u00e4nkischer Wald<\/title>\n<meta name=\"robots\" content=\"index, follow, max-snippet:-1, max-image-preview:large, max-video-preview:-1\" \/>\n<link rel=\"canonical\" href=\"https:\/\/www.naturparkmagazin.de\/schwaebisch-fraenkischer-wald\/kulturlandschaft-des-jahres-20152016-schwaebischer-wald-2\/\" \/>\n<meta property=\"og:locale\" content=\"de_DE\" \/>\n<meta property=\"og:type\" content=\"article\" \/>\n<meta property=\"og:title\" content=\"Kulturlandschaft des Jahres 2015|2016 - Schw\u00e4bischer Wald - Naturpark Schw\u00e4bisch-Fr\u00e4nkischer Wald\" \/>\n<meta property=\"og:description\" content=\"Geschichte und Geschichten aus dem Schw\u00e4bischen Wald in einer \u201eMuseumsrundfahrt\u201c entdecken\" \/>\n<meta property=\"og:url\" content=\"https:\/\/www.naturparkmagazin.de\/schwaebisch-fraenkischer-wald\/kulturlandschaft-des-jahres-20152016-schwaebischer-wald-2\/\" \/>\n<meta property=\"og:site_name\" content=\"Naturpark Schw\u00e4bisch-Fr\u00e4nkischer Wald\" \/>\n<meta property=\"article:author\" content=\"https:\/\/www.facebook.com\/naturparkSFW\" \/>\n<meta property=\"article:published_time\" content=\"2016-05-17T14:30:28+00:00\" \/>\n<meta property=\"article:modified_time\" content=\"2016-05-18T14:35:51+00:00\" \/>\n<meta property=\"og:image\" content=\"https:\/\/www.naturparkmagazin.de\/schwaebisch-fraenkischer-wald\/wp-content\/uploads\/sites\/34\/KuLa_Museumsfahrt.jpg\" \/>\n\t<meta property=\"og:image:width\" content=\"200\" \/>\n\t<meta property=\"og:image:height\" content=\"200\" \/>\n\t<meta property=\"og:image:type\" content=\"image\/jpeg\" \/>\n<meta name=\"author\" content=\"Naturpark-Team\" \/>\n<meta name=\"twitter:label1\" content=\"Verfasst von\" \/>\n\t<meta name=\"twitter:data1\" content=\"Naturpark-Team\" \/>\n\t<meta name=\"twitter:label2\" content=\"Gesch\u00e4tzte Lesezeit\" \/>\n\t<meta name=\"twitter:data2\" content=\"5\u00a0Minuten\" \/>\n<script type=\"application\/ld+json\" class=\"yoast-schema-graph\">{\"@context\":\"https:\/\/schema.org\",\"@graph\":[{\"@type\":\"WebPage\",\"@id\":\"https:\/\/www.naturparkmagazin.de\/schwaebisch-fraenkischer-wald\/kulturlandschaft-des-jahres-20152016-schwaebischer-wald-2\/\",\"url\":\"https:\/\/www.naturparkmagazin.de\/schwaebisch-fraenkischer-wald\/kulturlandschaft-des-jahres-20152016-schwaebischer-wald-2\/\",\"name\":\"Kulturlandschaft des Jahres 2015|2016 - Schw\u00e4bischer Wald - Naturpark Schw\u00e4bisch-Fr\u00e4nkischer Wald\",\"isPartOf\":{\"@id\":\"https:\/\/www.naturparkmagazin.de\/schwaebisch-fraenkischer-wald\/#website\"},\"datePublished\":\"2016-05-17T14:30:28+00:00\",\"dateModified\":\"2016-05-18T14:35:51+00:00\",\"author\":{\"@id\":\"https:\/\/www.naturparkmagazin.de\/schwaebisch-fraenkischer-wald\/#\/schema\/person\/f047a3702ae747fd7830cf8ac95e6066\"},\"breadcrumb\":{\"@id\":\"https:\/\/www.naturparkmagazin.de\/schwaebisch-fraenkischer-wald\/kulturlandschaft-des-jahres-20152016-schwaebischer-wald-2\/#breadcrumb\"},\"inLanguage\":\"de\",\"potentialAction\":[{\"@type\":\"ReadAction\",\"target\":[\"https:\/\/www.naturparkmagazin.de\/schwaebisch-fraenkischer-wald\/kulturlandschaft-des-jahres-20152016-schwaebischer-wald-2\/\"]}]},{\"@type\":\"BreadcrumbList\",\"@id\":\"https:\/\/www.naturparkmagazin.de\/schwaebisch-fraenkischer-wald\/kulturlandschaft-des-jahres-20152016-schwaebischer-wald-2\/#breadcrumb\",\"itemListElement\":[{\"@type\":\"ListItem\",\"position\":1,\"name\":\"Home\",\"item\":\"https:\/\/www.naturparkmagazin.de\/schwaebisch-fraenkischer-wald\/\"},{\"@type\":\"ListItem\",\"position\":2,\"name\":\"Kulturlandschaft des Jahres 2015|2016 &#8211; Schw\u00e4bischer Wald\"}]},{\"@type\":\"WebSite\",\"@id\":\"https:\/\/www.naturparkmagazin.de\/schwaebisch-fraenkischer-wald\/#website\",\"url\":\"https:\/\/www.naturparkmagazin.de\/schwaebisch-fraenkischer-wald\/\",\"name\":\"Naturpark Schw\u00e4bisch-Fr\u00e4nkischer Wald\",\"description\":\"\",\"potentialAction\":[{\"@type\":\"SearchAction\",\"target\":{\"@type\":\"EntryPoint\",\"urlTemplate\":\"https:\/\/www.naturparkmagazin.de\/schwaebisch-fraenkischer-wald\/?s={search_term_string}\"},\"query-input\":\"required name=search_term_string\"}],\"inLanguage\":\"de\"},{\"@type\":\"Person\",\"@id\":\"https:\/\/www.naturparkmagazin.de\/schwaebisch-fraenkischer-wald\/#\/schema\/person\/f047a3702ae747fd7830cf8ac95e6066\",\"name\":\"Naturpark-Team\",\"sameAs\":[\"http:\/\/www.naturpark-sfw.de\",\"https:\/\/www.facebook.com\/naturparkSFW\"],\"url\":\"https:\/\/www.naturparkmagazin.de\/schwaebisch-fraenkischer-wald\/author\/bernharddrixler\/\"}]}<\/script>\n<!-- \/ Yoast SEO plugin. -->","yoast_head_json":{"title":"Kulturlandschaft des Jahres 2015|2016 - Schw\u00e4bischer Wald - Naturpark Schw\u00e4bisch-Fr\u00e4nkischer Wald","robots":{"index":"index","follow":"follow","max-snippet":"max-snippet:-1","max-image-preview":"max-image-preview:large","max-video-preview":"max-video-preview:-1"},"canonical":"https:\/\/www.naturparkmagazin.de\/schwaebisch-fraenkischer-wald\/kulturlandschaft-des-jahres-20152016-schwaebischer-wald-2\/","og_locale":"de_DE","og_type":"article","og_title":"Kulturlandschaft des Jahres 2015|2016 - Schw\u00e4bischer Wald - Naturpark Schw\u00e4bisch-Fr\u00e4nkischer Wald","og_description":"Geschichte und Geschichten aus dem Schw\u00e4bischen Wald in einer \u201eMuseumsrundfahrt\u201c entdecken","og_url":"https:\/\/www.naturparkmagazin.de\/schwaebisch-fraenkischer-wald\/kulturlandschaft-des-jahres-20152016-schwaebischer-wald-2\/","og_site_name":"Naturpark Schw\u00e4bisch-Fr\u00e4nkischer Wald","article_author":"https:\/\/www.facebook.com\/naturparkSFW","article_published_time":"2016-05-17T14:30:28+00:00","article_modified_time":"2016-05-18T14:35:51+00:00","og_image":[{"width":200,"height":200,"url":"https:\/\/www.naturparkmagazin.de\/schwaebisch-fraenkischer-wald\/wp-content\/uploads\/sites\/34\/KuLa_Museumsfahrt.jpg","type":"image\/jpeg"}],"author":"Naturpark-Team","twitter_misc":{"Verfasst von":"Naturpark-Team","Gesch\u00e4tzte Lesezeit":"5\u00a0Minuten"},"schema":{"@context":"https:\/\/schema.org","@graph":[{"@type":"WebPage","@id":"https:\/\/www.naturparkmagazin.de\/schwaebisch-fraenkischer-wald\/kulturlandschaft-des-jahres-20152016-schwaebischer-wald-2\/","url":"https:\/\/www.naturparkmagazin.de\/schwaebisch-fraenkischer-wald\/kulturlandschaft-des-jahres-20152016-schwaebischer-wald-2\/","name":"Kulturlandschaft des Jahres 2015|2016 - Schw\u00e4bischer Wald - Naturpark Schw\u00e4bisch-Fr\u00e4nkischer Wald","isPartOf":{"@id":"https:\/\/www.naturparkmagazin.de\/schwaebisch-fraenkischer-wald\/#website"},"datePublished":"2016-05-17T14:30:28+00:00","dateModified":"2016-05-18T14:35:51+00:00","author":{"@id":"https:\/\/www.naturparkmagazin.de\/schwaebisch-fraenkischer-wald\/#\/schema\/person\/f047a3702ae747fd7830cf8ac95e6066"},"breadcrumb":{"@id":"https:\/\/www.naturparkmagazin.de\/schwaebisch-fraenkischer-wald\/kulturlandschaft-des-jahres-20152016-schwaebischer-wald-2\/#breadcrumb"},"inLanguage":"de","potentialAction":[{"@type":"ReadAction","target":["https:\/\/www.naturparkmagazin.de\/schwaebisch-fraenkischer-wald\/kulturlandschaft-des-jahres-20152016-schwaebischer-wald-2\/"]}]},{"@type":"BreadcrumbList","@id":"https:\/\/www.naturparkmagazin.de\/schwaebisch-fraenkischer-wald\/kulturlandschaft-des-jahres-20152016-schwaebischer-wald-2\/#breadcrumb","itemListElement":[{"@type":"ListItem","position":1,"name":"Home","item":"https:\/\/www.naturparkmagazin.de\/schwaebisch-fraenkischer-wald\/"},{"@type":"ListItem","position":2,"name":"Kulturlandschaft des Jahres 2015|2016 &#8211; Schw\u00e4bischer Wald"}]},{"@type":"WebSite","@id":"https:\/\/www.naturparkmagazin.de\/schwaebisch-fraenkischer-wald\/#website","url":"https:\/\/www.naturparkmagazin.de\/schwaebisch-fraenkischer-wald\/","name":"Naturpark Schw\u00e4bisch-Fr\u00e4nkischer Wald","description":"","potentialAction":[{"@type":"SearchAction","target":{"@type":"EntryPoint","urlTemplate":"https:\/\/www.naturparkmagazin.de\/schwaebisch-fraenkischer-wald\/?s={search_term_string}"},"query-input":"required name=search_term_string"}],"inLanguage":"de"},{"@type":"Person","@id":"https:\/\/www.naturparkmagazin.de\/schwaebisch-fraenkischer-wald\/#\/schema\/person\/f047a3702ae747fd7830cf8ac95e6066","name":"Naturpark-Team","sameAs":["http:\/\/www.naturpark-sfw.de","https:\/\/www.facebook.com\/naturparkSFW"],"url":"https:\/\/www.naturparkmagazin.de\/schwaebisch-fraenkischer-wald\/author\/bernharddrixler\/"}]}},"_links":{"self":[{"href":"https:\/\/www.naturparkmagazin.de\/schwaebisch-fraenkischer-wald\/wp-json\/wp\/v2\/posts\/3695"}],"collection":[{"href":"https:\/\/www.naturparkmagazin.de\/schwaebisch-fraenkischer-wald\/wp-json\/wp\/v2\/posts"}],"about":[{"href":"https:\/\/www.naturparkmagazin.de\/schwaebisch-fraenkischer-wald\/wp-json\/wp\/v2\/types\/post"}],"author":[{"embeddable":true,"href":"https:\/\/www.naturparkmagazin.de\/schwaebisch-fraenkischer-wald\/wp-json\/wp\/v2\/users\/25"}],"replies":[{"embeddable":true,"href":"https:\/\/www.naturparkmagazin.de\/schwaebisch-fraenkischer-wald\/wp-json\/wp\/v2\/comments?post=3695"}],"version-history":[{"count":1,"href":"https:\/\/www.naturparkmagazin.de\/schwaebisch-fraenkischer-wald\/wp-json\/wp\/v2\/posts\/3695\/revisions"}],"predecessor-version":[{"id":3697,"href":"https:\/\/www.naturparkmagazin.de\/schwaebisch-fraenkischer-wald\/wp-json\/wp\/v2\/posts\/3695\/revisions\/3697"}],"wp:featuredmedia":[{"embeddable":true,"href":"https:\/\/www.naturparkmagazin.de\/schwaebisch-fraenkischer-wald\/wp-json\/wp\/v2\/media\/3696"}],"wp:attachment":[{"href":"https:\/\/www.naturparkmagazin.de\/schwaebisch-fraenkischer-wald\/wp-json\/wp\/v2\/media?parent=3695"}],"wp:term":[{"taxonomy":"category","embeddable":true,"href":"https:\/\/www.naturparkmagazin.de\/schwaebisch-fraenkischer-wald\/wp-json\/wp\/v2\/categories?post=3695"},{"taxonomy":"post_tag","embeddable":true,"href":"https:\/\/www.naturparkmagazin.de\/schwaebisch-fraenkischer-wald\/wp-json\/wp\/v2\/tags?post=3695"}],"curies":[{"name":"wp","href":"https:\/\/api.w.org\/{rel}","templated":true}]}}