{"id":3725,"date":"2016-06-16T08:51:22","date_gmt":"2016-06-16T06:51:22","guid":{"rendered":"http:\/\/www.naturparkmagazin.de\/schwaebisch-fraenkischer-wald\/?p=3725"},"modified":"2016-06-15T09:08:27","modified_gmt":"2016-06-15T07:08:27","slug":"froehlicher-becher-mit-ueberraschender-funktion","status":"publish","type":"post","link":"https:\/\/www.naturparkmagazin.de\/schwaebisch-fraenkischer-wald\/froehlicher-becher-mit-ueberraschender-funktion\/","title":{"rendered":"Fr\u00f6hlicher Becher mit \u00fcberraschender Funktion"},"content":{"rendered":"<p>Selbst erfahrene Hausfrauen und -M\u00e4nner kann eines oftmals zu Verzweiflung bringen: das saubere Trennen von Eiern!<\/p>\n<div id=\"attachment_3726\" style=\"width: 210px\" class=\"wp-caption alignright\"><a href=\"https:\/\/www.naturparkmagazin.de\/schwaebisch-fraenkischer-wald\/wp-content\/uploads\/sites\/34\/DSCN9945.jpg\"><img aria-describedby=\"caption-attachment-3726\" decoding=\"async\" loading=\"lazy\" class=\"size-full wp-image-3726\" src=\"https:\/\/www.naturparkmagazin.de\/schwaebisch-fraenkischer-wald\/wp-content\/uploads\/sites\/34\/DSCN9945.jpg\" alt=\"T\u00f6nerner Eier-Trenn-Becher\" width=\"200\" height=\"200\" srcset=\"https:\/\/www.naturparkmagazin.de\/schwaebisch-fraenkischer-wald\/wp-content\/uploads\/sites\/34\/DSCN9945.jpg 200w, https:\/\/www.naturparkmagazin.de\/schwaebisch-fraenkischer-wald\/wp-content\/uploads\/sites\/34\/DSCN9945-30x30.jpg 30w\" sizes=\"(max-width: 200px) 100vw, 200px\" \/><\/a><p id=\"caption-attachment-3726\" class=\"wp-caption-text\">T\u00f6nerner Eiertrenn-Becher<\/p><\/div>\n<p>Beziehungsweise die Tatsache, dass dies eben nicht &#8222;sauber&#8220; funktioniert, sondern ein ziemliches Gekleckere ist und Arbeitsfl\u00e4che und H\u00e4nde gleicherma\u00dfen klebrig werden l\u00e4sst.<\/p>\n<p>Dieses Problem hat T\u00f6pferin Heike Becker nun buchst\u00e4blich in ihre eigenen H\u00e4nde genommen und Abhilfe geschaffen: mit dem ebenso h\u00fcbschen wie praktiven Eiertrenn-Becher!<\/p>\n<p>Die Produkte aus Heike Beckers T\u00f6pferei k\u00f6nnen im hauseigenen kleinen Laden oder auf den Naturpark-M\u00e4rkten der Region erworben werden.<\/p>\n<p>Hintergrundwissen:<\/p>\n<p>Das T\u00f6pferhandwerk hat im Schw\u00e4bisch-Fr\u00e4nkischen Wald eine Jahrhunderte lange Tradition. Die Region z\u00e4hlt zu den \u00e4ltesten T\u00f6pferlandschaften in Deutschland. Nachweislich haben hier schon zu r\u00f6mischen Zeiten, Werkst\u00e4tten das Terra Sigillata produziert. In sp\u00e4tr\u00f6mischer Zeit galt das rot schimmernde Geschirr im ganzen Imperium als \u201efeines Porzellan der Antike\u201c und war ein besonderes Luxusgut.<\/p>\n<p>Die Jahrhunderte lange Tradition der T\u00f6pferkunst im Lautertal wurde von Heike Becker aus ganz pers\u00f6nlicher Leidenschaft wieder zum Leben erweckt. In einem 200-j\u00e4hrigen ehemaligen B\u00e4ckereigeb\u00e4ude, das am Schnittpunkt zweier T\u00e4ler gelegen ist, entstand 1999 die heutige \u201eLautertal-Keramik\u201c im W\u00fcstenroter Teilort Neulautern. Ganz im Sinne der Geschichte und der Tradition des Ortes werden seither \u201eSch\u00fcsseln und Teller\u201c nach historischen Mustern auf der T\u00f6pferscheibe hergestellt. Die Bemalung erfolgt damals wie heute ausschlie\u00dflich von Hand mit dem Malb\u00e4llchen. Gebrannt wird die Ware bei 1080\u00b0C im Elektroofen.<\/p>\n<p>Lautertal-Keramik:\n\u00d6ffnungszeiten: Montag \u2013 Freitag 9.00 bis 18.00 Uhr, Samstag 9.00 bis 14.00 Uhr\nTel: 07194\/1316\n<a href=\"mailto:Lautertalkeramik@t-online.de\">E-Mail<\/a><a href=\"mailto:Lautertalkeramik@t-online.de\">\n<\/a>71543 W\u00fcstenrot-Neulautern<\/p>\n","protected":false},"excerpt":{"rendered":"<p>Neues Produkt aus der Lautertal-Keramik-Werkst\u00e4tte von Heike Becker<\/p>\n","protected":false},"author":25,"featured_media":3726,"comment_status":"open","ping_status":"open","sticky":false,"template":"","format":"standard","meta":[],"categories":[13],"tags":[508],"yoast_head":"<!-- This site is optimized with the Yoast SEO plugin v19.10 - https:\/\/yoast.com\/wordpress\/plugins\/seo\/ -->\n<title>Fr\u00f6hlicher Becher mit \u00fcberraschender Funktion - Naturpark Schw\u00e4bisch-Fr\u00e4nkischer Wald<\/title>\n<meta name=\"robots\" content=\"index, follow, max-snippet:-1, max-image-preview:large, max-video-preview:-1\" \/>\n<link rel=\"canonical\" href=\"https:\/\/www.naturparkmagazin.de\/schwaebisch-fraenkischer-wald\/froehlicher-becher-mit-ueberraschender-funktion\/\" \/>\n<meta property=\"og:locale\" content=\"de_DE\" \/>\n<meta property=\"og:type\" content=\"article\" \/>\n<meta property=\"og:title\" content=\"Fr\u00f6hlicher Becher mit \u00fcberraschender Funktion - Naturpark Schw\u00e4bisch-Fr\u00e4nkischer Wald\" \/>\n<meta property=\"og:description\" content=\"Neues Produkt aus der Lautertal-Keramik-Werkst\u00e4tte von Heike Becker\" \/>\n<meta property=\"og:url\" content=\"https:\/\/www.naturparkmagazin.de\/schwaebisch-fraenkischer-wald\/froehlicher-becher-mit-ueberraschender-funktion\/\" \/>\n<meta property=\"og:site_name\" content=\"Naturpark Schw\u00e4bisch-Fr\u00e4nkischer Wald\" \/>\n<meta property=\"article:author\" content=\"https:\/\/www.facebook.com\/naturparkSFW\" \/>\n<meta property=\"article:published_time\" content=\"2016-06-16T06:51:22+00:00\" \/>\n<meta property=\"article:modified_time\" content=\"2016-06-15T07:08:27+00:00\" \/>\n<meta property=\"og:image\" content=\"https:\/\/www.naturparkmagazin.de\/schwaebisch-fraenkischer-wald\/wp-content\/uploads\/sites\/34\/DSCN9945.jpg\" \/>\n\t<meta property=\"og:image:width\" content=\"200\" \/>\n\t<meta property=\"og:image:height\" content=\"200\" \/>\n\t<meta property=\"og:image:type\" content=\"image\/jpeg\" \/>\n<meta name=\"author\" content=\"Naturpark-Team\" \/>\n<meta name=\"twitter:label1\" content=\"Verfasst von\" \/>\n\t<meta name=\"twitter:data1\" content=\"Naturpark-Team\" \/>\n\t<meta name=\"twitter:label2\" content=\"Gesch\u00e4tzte Lesezeit\" \/>\n\t<meta name=\"twitter:data2\" content=\"1\u00a0Minute\" \/>\n<script type=\"application\/ld+json\" class=\"yoast-schema-graph\">{\"@context\":\"https:\/\/schema.org\",\"@graph\":[{\"@type\":\"WebPage\",\"@id\":\"https:\/\/www.naturparkmagazin.de\/schwaebisch-fraenkischer-wald\/froehlicher-becher-mit-ueberraschender-funktion\/\",\"url\":\"https:\/\/www.naturparkmagazin.de\/schwaebisch-fraenkischer-wald\/froehlicher-becher-mit-ueberraschender-funktion\/\",\"name\":\"Fr\u00f6hlicher Becher mit \u00fcberraschender Funktion - Naturpark Schw\u00e4bisch-Fr\u00e4nkischer Wald\",\"isPartOf\":{\"@id\":\"https:\/\/www.naturparkmagazin.de\/schwaebisch-fraenkischer-wald\/#website\"},\"datePublished\":\"2016-06-16T06:51:22+00:00\",\"dateModified\":\"2016-06-15T07:08:27+00:00\",\"author\":{\"@id\":\"https:\/\/www.naturparkmagazin.de\/schwaebisch-fraenkischer-wald\/#\/schema\/person\/f047a3702ae747fd7830cf8ac95e6066\"},\"breadcrumb\":{\"@id\":\"https:\/\/www.naturparkmagazin.de\/schwaebisch-fraenkischer-wald\/froehlicher-becher-mit-ueberraschender-funktion\/#breadcrumb\"},\"inLanguage\":\"de\",\"potentialAction\":[{\"@type\":\"ReadAction\",\"target\":[\"https:\/\/www.naturparkmagazin.de\/schwaebisch-fraenkischer-wald\/froehlicher-becher-mit-ueberraschender-funktion\/\"]}]},{\"@type\":\"BreadcrumbList\",\"@id\":\"https:\/\/www.naturparkmagazin.de\/schwaebisch-fraenkischer-wald\/froehlicher-becher-mit-ueberraschender-funktion\/#breadcrumb\",\"itemListElement\":[{\"@type\":\"ListItem\",\"position\":1,\"name\":\"Home\",\"item\":\"https:\/\/www.naturparkmagazin.de\/schwaebisch-fraenkischer-wald\/\"},{\"@type\":\"ListItem\",\"position\":2,\"name\":\"Fr\u00f6hlicher Becher mit \u00fcberraschender Funktion\"}]},{\"@type\":\"WebSite\",\"@id\":\"https:\/\/www.naturparkmagazin.de\/schwaebisch-fraenkischer-wald\/#website\",\"url\":\"https:\/\/www.naturparkmagazin.de\/schwaebisch-fraenkischer-wald\/\",\"name\":\"Naturpark Schw\u00e4bisch-Fr\u00e4nkischer Wald\",\"description\":\"\",\"potentialAction\":[{\"@type\":\"SearchAction\",\"target\":{\"@type\":\"EntryPoint\",\"urlTemplate\":\"https:\/\/www.naturparkmagazin.de\/schwaebisch-fraenkischer-wald\/?s={search_term_string}\"},\"query-input\":\"required name=search_term_string\"}],\"inLanguage\":\"de\"},{\"@type\":\"Person\",\"@id\":\"https:\/\/www.naturparkmagazin.de\/schwaebisch-fraenkischer-wald\/#\/schema\/person\/f047a3702ae747fd7830cf8ac95e6066\",\"name\":\"Naturpark-Team\",\"sameAs\":[\"http:\/\/www.naturpark-sfw.de\",\"https:\/\/www.facebook.com\/naturparkSFW\"],\"url\":\"https:\/\/www.naturparkmagazin.de\/schwaebisch-fraenkischer-wald\/author\/bernharddrixler\/\"}]}<\/script>\n<!-- \/ Yoast SEO plugin. -->","yoast_head_json":{"title":"Fr\u00f6hlicher Becher mit \u00fcberraschender Funktion - Naturpark Schw\u00e4bisch-Fr\u00e4nkischer Wald","robots":{"index":"index","follow":"follow","max-snippet":"max-snippet:-1","max-image-preview":"max-image-preview:large","max-video-preview":"max-video-preview:-1"},"canonical":"https:\/\/www.naturparkmagazin.de\/schwaebisch-fraenkischer-wald\/froehlicher-becher-mit-ueberraschender-funktion\/","og_locale":"de_DE","og_type":"article","og_title":"Fr\u00f6hlicher Becher mit \u00fcberraschender Funktion - Naturpark Schw\u00e4bisch-Fr\u00e4nkischer Wald","og_description":"Neues Produkt aus der Lautertal-Keramik-Werkst\u00e4tte von Heike Becker","og_url":"https:\/\/www.naturparkmagazin.de\/schwaebisch-fraenkischer-wald\/froehlicher-becher-mit-ueberraschender-funktion\/","og_site_name":"Naturpark Schw\u00e4bisch-Fr\u00e4nkischer Wald","article_author":"https:\/\/www.facebook.com\/naturparkSFW","article_published_time":"2016-06-16T06:51:22+00:00","article_modified_time":"2016-06-15T07:08:27+00:00","og_image":[{"width":200,"height":200,"url":"https:\/\/www.naturparkmagazin.de\/schwaebisch-fraenkischer-wald\/wp-content\/uploads\/sites\/34\/DSCN9945.jpg","type":"image\/jpeg"}],"author":"Naturpark-Team","twitter_misc":{"Verfasst von":"Naturpark-Team","Gesch\u00e4tzte Lesezeit":"1\u00a0Minute"},"schema":{"@context":"https:\/\/schema.org","@graph":[{"@type":"WebPage","@id":"https:\/\/www.naturparkmagazin.de\/schwaebisch-fraenkischer-wald\/froehlicher-becher-mit-ueberraschender-funktion\/","url":"https:\/\/www.naturparkmagazin.de\/schwaebisch-fraenkischer-wald\/froehlicher-becher-mit-ueberraschender-funktion\/","name":"Fr\u00f6hlicher Becher mit \u00fcberraschender Funktion - Naturpark Schw\u00e4bisch-Fr\u00e4nkischer Wald","isPartOf":{"@id":"https:\/\/www.naturparkmagazin.de\/schwaebisch-fraenkischer-wald\/#website"},"datePublished":"2016-06-16T06:51:22+00:00","dateModified":"2016-06-15T07:08:27+00:00","author":{"@id":"https:\/\/www.naturparkmagazin.de\/schwaebisch-fraenkischer-wald\/#\/schema\/person\/f047a3702ae747fd7830cf8ac95e6066"},"breadcrumb":{"@id":"https:\/\/www.naturparkmagazin.de\/schwaebisch-fraenkischer-wald\/froehlicher-becher-mit-ueberraschender-funktion\/#breadcrumb"},"inLanguage":"de","potentialAction":[{"@type":"ReadAction","target":["https:\/\/www.naturparkmagazin.de\/schwaebisch-fraenkischer-wald\/froehlicher-becher-mit-ueberraschender-funktion\/"]}]},{"@type":"BreadcrumbList","@id":"https:\/\/www.naturparkmagazin.de\/schwaebisch-fraenkischer-wald\/froehlicher-becher-mit-ueberraschender-funktion\/#breadcrumb","itemListElement":[{"@type":"ListItem","position":1,"name":"Home","item":"https:\/\/www.naturparkmagazin.de\/schwaebisch-fraenkischer-wald\/"},{"@type":"ListItem","position":2,"name":"Fr\u00f6hlicher Becher mit \u00fcberraschender Funktion"}]},{"@type":"WebSite","@id":"https:\/\/www.naturparkmagazin.de\/schwaebisch-fraenkischer-wald\/#website","url":"https:\/\/www.naturparkmagazin.de\/schwaebisch-fraenkischer-wald\/","name":"Naturpark Schw\u00e4bisch-Fr\u00e4nkischer Wald","description":"","potentialAction":[{"@type":"SearchAction","target":{"@type":"EntryPoint","urlTemplate":"https:\/\/www.naturparkmagazin.de\/schwaebisch-fraenkischer-wald\/?s={search_term_string}"},"query-input":"required name=search_term_string"}],"inLanguage":"de"},{"@type":"Person","@id":"https:\/\/www.naturparkmagazin.de\/schwaebisch-fraenkischer-wald\/#\/schema\/person\/f047a3702ae747fd7830cf8ac95e6066","name":"Naturpark-Team","sameAs":["http:\/\/www.naturpark-sfw.de","https:\/\/www.facebook.com\/naturparkSFW"],"url":"https:\/\/www.naturparkmagazin.de\/schwaebisch-fraenkischer-wald\/author\/bernharddrixler\/"}]}},"_links":{"self":[{"href":"https:\/\/www.naturparkmagazin.de\/schwaebisch-fraenkischer-wald\/wp-json\/wp\/v2\/posts\/3725"}],"collection":[{"href":"https:\/\/www.naturparkmagazin.de\/schwaebisch-fraenkischer-wald\/wp-json\/wp\/v2\/posts"}],"about":[{"href":"https:\/\/www.naturparkmagazin.de\/schwaebisch-fraenkischer-wald\/wp-json\/wp\/v2\/types\/post"}],"author":[{"embeddable":true,"href":"https:\/\/www.naturparkmagazin.de\/schwaebisch-fraenkischer-wald\/wp-json\/wp\/v2\/users\/25"}],"replies":[{"embeddable":true,"href":"https:\/\/www.naturparkmagazin.de\/schwaebisch-fraenkischer-wald\/wp-json\/wp\/v2\/comments?post=3725"}],"version-history":[{"count":1,"href":"https:\/\/www.naturparkmagazin.de\/schwaebisch-fraenkischer-wald\/wp-json\/wp\/v2\/posts\/3725\/revisions"}],"predecessor-version":[{"id":3727,"href":"https:\/\/www.naturparkmagazin.de\/schwaebisch-fraenkischer-wald\/wp-json\/wp\/v2\/posts\/3725\/revisions\/3727"}],"wp:featuredmedia":[{"embeddable":true,"href":"https:\/\/www.naturparkmagazin.de\/schwaebisch-fraenkischer-wald\/wp-json\/wp\/v2\/media\/3726"}],"wp:attachment":[{"href":"https:\/\/www.naturparkmagazin.de\/schwaebisch-fraenkischer-wald\/wp-json\/wp\/v2\/media?parent=3725"}],"wp:term":[{"taxonomy":"category","embeddable":true,"href":"https:\/\/www.naturparkmagazin.de\/schwaebisch-fraenkischer-wald\/wp-json\/wp\/v2\/categories?post=3725"},{"taxonomy":"post_tag","embeddable":true,"href":"https:\/\/www.naturparkmagazin.de\/schwaebisch-fraenkischer-wald\/wp-json\/wp\/v2\/tags?post=3725"}],"curies":[{"name":"wp","href":"https:\/\/api.w.org\/{rel}","templated":true}]}}