{"id":374,"date":"2013-08-28T10:21:42","date_gmt":"2013-08-28T08:21:42","guid":{"rendered":"http:\/\/www.naturparkmagazin.de\/schwaebisch-fraenkischer-wald\/?p=374"},"modified":"2013-08-28T10:20:07","modified_gmt":"2013-08-28T08:20:07","slug":"grenzenloser-badespass-am-waldsee","status":"publish","type":"post","link":"https:\/\/www.naturparkmagazin.de\/schwaebisch-fraenkischer-wald\/grenzenloser-badespass-am-waldsee\/","title":{"rendered":"Grenzenloser Badespa\u00df am Waldsee"},"content":{"rendered":"<p>Die M\u00f6glichkeiten, sich im Rollstuhl, blind oder auch\u00a0als\u00a0Familie mit Kinderwagen ohne Einschr\u00e4nkungen durch das Naturparkgebiet zu bewegen und somit aktiv an den Freizeitm\u00f6glichkeiten teilnehmen zu k\u00f6nnen, werden gl\u00fccklicherweise immer mehr.<\/p>\n<p>Seit dieser Badesaison ist ein weiterer See im Naturparkgebiet in ein vielseitiges und barrierefreies Freizeitgebiet umgewandelt worden. Der Waldsee in Murrhardt-Fornsbach l\u00e4sst sich nun auf vielerlei Weise erleben. Auf dem See k\u00f6nnen G\u00e4ste Tretboot oder Ruderboot fahren und nat\u00fcrlich auch baden. Auch Rollstuhlfahrern kann nun eine Fahrt auf dem Wasser erm\u00f6glicht werden durch ein eigens hierf\u00fcr konzipiertes Boot mit Handantrieb.<\/p>\n<div id=\"attachment_376\" style=\"width: 250px\" class=\"wp-caption alignleft\"><a href=\"https:\/\/www.naturparkmagazin.de\/schwaebisch-fraenkischer-wald\/wp-content\/uploads\/sites\/34\/130613_bonde-100_klein.jpg\"><img aria-describedby=\"caption-attachment-376\" decoding=\"async\" loading=\"lazy\" class=\" wp-image-376 \" title=\"Heimische Tierarten warten auf dem Skulpturenpfad auf ihre Entdeckung\" alt=\"(c) Naturpark Schw\u00e4bisch-Fr\u00e4nkischer Wald\" src=\"https:\/\/www.naturparkmagazin.de\/schwaebisch-fraenkischer-wald\/wp-content\/uploads\/sites\/34\/130613_bonde-100_klein-300x199.jpg\" width=\"240\" height=\"159\" \/><\/a><p id=\"caption-attachment-376\" class=\"wp-caption-text\">(c) Naturpark Schw\u00e4bisch-Fr\u00e4nkischer Wald<\/p><\/div>\n<p>Die zwei gro\u00dfen Liegewiesen laden zum Entspannen ein und wer l\u00e4ngere Zeit in der Idylle verbringen m\u00f6chte, kann auf dem Campingplatz wohnen, auf dem es einen barrierefreien Bungalow zu mieten gibt.<\/p>\n<p>Auf dem um den See herum angelegten Skulpturenpfad k\u00f6nnen sowohl Blinde als auch Sehende die aus Holz geschnitzten heimischen Tierarten erf\u00fchlen und die jeweilige Vermutung auf Schildern mit Brailleschrift und erhabener Normalschrift \u00fcberpr\u00fcfen.<\/p>\n<div id=\"attachment_377\" style=\"width: 250px\" class=\"wp-caption alignright\"><a href=\"https:\/\/www.naturparkmagazin.de\/schwaebisch-fraenkischer-wald\/wp-content\/uploads\/sites\/34\/130613_bonde-106_klein.jpg\"><img aria-describedby=\"caption-attachment-377\" decoding=\"async\" loading=\"lazy\" class=\" wp-image-377  \" title=\"Barrierefreie Einstiege laden zum Baden ein\" alt=\"(c) Naturpark Schw\u00e4bisch-Fr\u00e4nkischer Wald\" src=\"https:\/\/www.naturparkmagazin.de\/schwaebisch-fraenkischer-wald\/wp-content\/uploads\/sites\/34\/130613_bonde-106_klein-300x450.jpg\" width=\"240\" height=\"360\" srcset=\"https:\/\/www.naturparkmagazin.de\/schwaebisch-fraenkischer-wald\/wp-content\/uploads\/sites\/34\/130613_bonde-106_klein-300x450.jpg 300w, https:\/\/www.naturparkmagazin.de\/schwaebisch-fraenkischer-wald\/wp-content\/uploads\/sites\/34\/130613_bonde-106_klein-200x300.jpg 200w, https:\/\/www.naturparkmagazin.de\/schwaebisch-fraenkischer-wald\/wp-content\/uploads\/sites\/34\/130613_bonde-106_klein.jpg 500w\" sizes=\"(max-width: 240px) 100vw, 240px\" \/><\/a><p id=\"caption-attachment-377\" class=\"wp-caption-text\">Barrierefreie Einstiege laden zum Baden ein<\/p><\/div>\n<p>Auch die Infrastruktur ist auf die Bed\u00fcrfnisse von Menschen mit Einschr\u00e4nkungen angepasst. So gibt es ein Blindenleitsystem, behindertengerechte Zug\u00e4nge zum See sowie barrierefreie Toiletten.<\/p>\n<p>Die neue Infobrosch\u00fcre zum Waldsee kann ab sofort in der Tourist-Information im Naturparkzentrum in Murrhardt bezogen werden.<\/p>\n<p>Wir w\u00fcnschen Ihnen allen eine erlebnisreiche Zeit am Waldsee!<\/p>\n","protected":false},"excerpt":{"rendered":"<p>Nach der Neukonzeption des Waldsee ist das beliebte Ausflugsziel nun barrierefrei erlebbar.<\/p>\n","protected":false},"author":25,"featured_media":376,"comment_status":"open","ping_status":"open","sticky":false,"template":"","format":"standard","meta":[],"categories":[7],"tags":[35,81,3154,3149],"yoast_head":"<!-- This site is optimized with the Yoast SEO plugin v19.10 - https:\/\/yoast.com\/wordpress\/plugins\/seo\/ -->\n<title>Grenzenloser Badespa\u00df am Waldsee - Naturpark Schw\u00e4bisch-Fr\u00e4nkischer Wald<\/title>\n<meta name=\"robots\" content=\"index, follow, max-snippet:-1, max-image-preview:large, max-video-preview:-1\" \/>\n<link rel=\"canonical\" href=\"https:\/\/www.naturparkmagazin.de\/schwaebisch-fraenkischer-wald\/grenzenloser-badespass-am-waldsee\/\" \/>\n<meta property=\"og:locale\" content=\"de_DE\" \/>\n<meta property=\"og:type\" content=\"article\" \/>\n<meta property=\"og:title\" content=\"Grenzenloser Badespa\u00df am Waldsee - Naturpark Schw\u00e4bisch-Fr\u00e4nkischer Wald\" \/>\n<meta property=\"og:description\" content=\"Nach der Neukonzeption des Waldsee ist das beliebte Ausflugsziel nun barrierefrei erlebbar.\" \/>\n<meta property=\"og:url\" content=\"https:\/\/www.naturparkmagazin.de\/schwaebisch-fraenkischer-wald\/grenzenloser-badespass-am-waldsee\/\" \/>\n<meta property=\"og:site_name\" content=\"Naturpark Schw\u00e4bisch-Fr\u00e4nkischer Wald\" \/>\n<meta property=\"article:author\" content=\"https:\/\/www.facebook.com\/naturparkSFW\" \/>\n<meta property=\"article:published_time\" content=\"2013-08-28T08:21:42+00:00\" \/>\n<meta property=\"article:modified_time\" content=\"2013-08-28T08:20:07+00:00\" \/>\n<meta property=\"og:image\" content=\"https:\/\/www.naturparkmagazin.de\/schwaebisch-fraenkischer-wald\/wp-content\/uploads\/sites\/34\/130613_bonde-100_klein.jpg\" \/>\n\t<meta property=\"og:image:width\" content=\"500\" \/>\n\t<meta property=\"og:image:height\" content=\"333\" \/>\n\t<meta property=\"og:image:type\" content=\"image\/jpeg\" \/>\n<meta name=\"author\" content=\"Naturpark-Team\" \/>\n<meta name=\"twitter:label1\" content=\"Verfasst von\" \/>\n\t<meta name=\"twitter:data1\" content=\"Naturpark-Team\" \/>\n\t<meta name=\"twitter:label2\" content=\"Gesch\u00e4tzte Lesezeit\" \/>\n\t<meta name=\"twitter:data2\" content=\"1\u00a0Minute\" \/>\n<script type=\"application\/ld+json\" class=\"yoast-schema-graph\">{\"@context\":\"https:\/\/schema.org\",\"@graph\":[{\"@type\":\"WebPage\",\"@id\":\"https:\/\/www.naturparkmagazin.de\/schwaebisch-fraenkischer-wald\/grenzenloser-badespass-am-waldsee\/\",\"url\":\"https:\/\/www.naturparkmagazin.de\/schwaebisch-fraenkischer-wald\/grenzenloser-badespass-am-waldsee\/\",\"name\":\"Grenzenloser Badespa\u00df am Waldsee - Naturpark Schw\u00e4bisch-Fr\u00e4nkischer Wald\",\"isPartOf\":{\"@id\":\"https:\/\/www.naturparkmagazin.de\/schwaebisch-fraenkischer-wald\/#website\"},\"datePublished\":\"2013-08-28T08:21:42+00:00\",\"dateModified\":\"2013-08-28T08:20:07+00:00\",\"author\":{\"@id\":\"https:\/\/www.naturparkmagazin.de\/schwaebisch-fraenkischer-wald\/#\/schema\/person\/f047a3702ae747fd7830cf8ac95e6066\"},\"breadcrumb\":{\"@id\":\"https:\/\/www.naturparkmagazin.de\/schwaebisch-fraenkischer-wald\/grenzenloser-badespass-am-waldsee\/#breadcrumb\"},\"inLanguage\":\"de\",\"potentialAction\":[{\"@type\":\"ReadAction\",\"target\":[\"https:\/\/www.naturparkmagazin.de\/schwaebisch-fraenkischer-wald\/grenzenloser-badespass-am-waldsee\/\"]}]},{\"@type\":\"BreadcrumbList\",\"@id\":\"https:\/\/www.naturparkmagazin.de\/schwaebisch-fraenkischer-wald\/grenzenloser-badespass-am-waldsee\/#breadcrumb\",\"itemListElement\":[{\"@type\":\"ListItem\",\"position\":1,\"name\":\"Home\",\"item\":\"https:\/\/www.naturparkmagazin.de\/schwaebisch-fraenkischer-wald\/\"},{\"@type\":\"ListItem\",\"position\":2,\"name\":\"Grenzenloser Badespa\u00df am Waldsee\"}]},{\"@type\":\"WebSite\",\"@id\":\"https:\/\/www.naturparkmagazin.de\/schwaebisch-fraenkischer-wald\/#website\",\"url\":\"https:\/\/www.naturparkmagazin.de\/schwaebisch-fraenkischer-wald\/\",\"name\":\"Naturpark Schw\u00e4bisch-Fr\u00e4nkischer Wald\",\"description\":\"\",\"potentialAction\":[{\"@type\":\"SearchAction\",\"target\":{\"@type\":\"EntryPoint\",\"urlTemplate\":\"https:\/\/www.naturparkmagazin.de\/schwaebisch-fraenkischer-wald\/?s={search_term_string}\"},\"query-input\":\"required name=search_term_string\"}],\"inLanguage\":\"de\"},{\"@type\":\"Person\",\"@id\":\"https:\/\/www.naturparkmagazin.de\/schwaebisch-fraenkischer-wald\/#\/schema\/person\/f047a3702ae747fd7830cf8ac95e6066\",\"name\":\"Naturpark-Team\",\"sameAs\":[\"http:\/\/www.naturpark-sfw.de\",\"https:\/\/www.facebook.com\/naturparkSFW\"],\"url\":\"https:\/\/www.naturparkmagazin.de\/schwaebisch-fraenkischer-wald\/author\/bernharddrixler\/\"}]}<\/script>\n<!-- \/ Yoast SEO plugin. -->","yoast_head_json":{"title":"Grenzenloser Badespa\u00df am Waldsee - Naturpark Schw\u00e4bisch-Fr\u00e4nkischer Wald","robots":{"index":"index","follow":"follow","max-snippet":"max-snippet:-1","max-image-preview":"max-image-preview:large","max-video-preview":"max-video-preview:-1"},"canonical":"https:\/\/www.naturparkmagazin.de\/schwaebisch-fraenkischer-wald\/grenzenloser-badespass-am-waldsee\/","og_locale":"de_DE","og_type":"article","og_title":"Grenzenloser Badespa\u00df am Waldsee - Naturpark Schw\u00e4bisch-Fr\u00e4nkischer Wald","og_description":"Nach der Neukonzeption des Waldsee ist das beliebte Ausflugsziel nun barrierefrei erlebbar.","og_url":"https:\/\/www.naturparkmagazin.de\/schwaebisch-fraenkischer-wald\/grenzenloser-badespass-am-waldsee\/","og_site_name":"Naturpark Schw\u00e4bisch-Fr\u00e4nkischer Wald","article_author":"https:\/\/www.facebook.com\/naturparkSFW","article_published_time":"2013-08-28T08:21:42+00:00","article_modified_time":"2013-08-28T08:20:07+00:00","og_image":[{"width":500,"height":333,"url":"https:\/\/www.naturparkmagazin.de\/schwaebisch-fraenkischer-wald\/wp-content\/uploads\/sites\/34\/130613_bonde-100_klein.jpg","type":"image\/jpeg"}],"author":"Naturpark-Team","twitter_misc":{"Verfasst von":"Naturpark-Team","Gesch\u00e4tzte Lesezeit":"1\u00a0Minute"},"schema":{"@context":"https:\/\/schema.org","@graph":[{"@type":"WebPage","@id":"https:\/\/www.naturparkmagazin.de\/schwaebisch-fraenkischer-wald\/grenzenloser-badespass-am-waldsee\/","url":"https:\/\/www.naturparkmagazin.de\/schwaebisch-fraenkischer-wald\/grenzenloser-badespass-am-waldsee\/","name":"Grenzenloser Badespa\u00df am Waldsee - Naturpark Schw\u00e4bisch-Fr\u00e4nkischer Wald","isPartOf":{"@id":"https:\/\/www.naturparkmagazin.de\/schwaebisch-fraenkischer-wald\/#website"},"datePublished":"2013-08-28T08:21:42+00:00","dateModified":"2013-08-28T08:20:07+00:00","author":{"@id":"https:\/\/www.naturparkmagazin.de\/schwaebisch-fraenkischer-wald\/#\/schema\/person\/f047a3702ae747fd7830cf8ac95e6066"},"breadcrumb":{"@id":"https:\/\/www.naturparkmagazin.de\/schwaebisch-fraenkischer-wald\/grenzenloser-badespass-am-waldsee\/#breadcrumb"},"inLanguage":"de","potentialAction":[{"@type":"ReadAction","target":["https:\/\/www.naturparkmagazin.de\/schwaebisch-fraenkischer-wald\/grenzenloser-badespass-am-waldsee\/"]}]},{"@type":"BreadcrumbList","@id":"https:\/\/www.naturparkmagazin.de\/schwaebisch-fraenkischer-wald\/grenzenloser-badespass-am-waldsee\/#breadcrumb","itemListElement":[{"@type":"ListItem","position":1,"name":"Home","item":"https:\/\/www.naturparkmagazin.de\/schwaebisch-fraenkischer-wald\/"},{"@type":"ListItem","position":2,"name":"Grenzenloser Badespa\u00df am Waldsee"}]},{"@type":"WebSite","@id":"https:\/\/www.naturparkmagazin.de\/schwaebisch-fraenkischer-wald\/#website","url":"https:\/\/www.naturparkmagazin.de\/schwaebisch-fraenkischer-wald\/","name":"Naturpark Schw\u00e4bisch-Fr\u00e4nkischer Wald","description":"","potentialAction":[{"@type":"SearchAction","target":{"@type":"EntryPoint","urlTemplate":"https:\/\/www.naturparkmagazin.de\/schwaebisch-fraenkischer-wald\/?s={search_term_string}"},"query-input":"required name=search_term_string"}],"inLanguage":"de"},{"@type":"Person","@id":"https:\/\/www.naturparkmagazin.de\/schwaebisch-fraenkischer-wald\/#\/schema\/person\/f047a3702ae747fd7830cf8ac95e6066","name":"Naturpark-Team","sameAs":["http:\/\/www.naturpark-sfw.de","https:\/\/www.facebook.com\/naturparkSFW"],"url":"https:\/\/www.naturparkmagazin.de\/schwaebisch-fraenkischer-wald\/author\/bernharddrixler\/"}]}},"_links":{"self":[{"href":"https:\/\/www.naturparkmagazin.de\/schwaebisch-fraenkischer-wald\/wp-json\/wp\/v2\/posts\/374"}],"collection":[{"href":"https:\/\/www.naturparkmagazin.de\/schwaebisch-fraenkischer-wald\/wp-json\/wp\/v2\/posts"}],"about":[{"href":"https:\/\/www.naturparkmagazin.de\/schwaebisch-fraenkischer-wald\/wp-json\/wp\/v2\/types\/post"}],"author":[{"embeddable":true,"href":"https:\/\/www.naturparkmagazin.de\/schwaebisch-fraenkischer-wald\/wp-json\/wp\/v2\/users\/25"}],"replies":[{"embeddable":true,"href":"https:\/\/www.naturparkmagazin.de\/schwaebisch-fraenkischer-wald\/wp-json\/wp\/v2\/comments?post=374"}],"version-history":[{"count":3,"href":"https:\/\/www.naturparkmagazin.de\/schwaebisch-fraenkischer-wald\/wp-json\/wp\/v2\/posts\/374\/revisions"}],"predecessor-version":[{"id":380,"href":"https:\/\/www.naturparkmagazin.de\/schwaebisch-fraenkischer-wald\/wp-json\/wp\/v2\/posts\/374\/revisions\/380"}],"wp:featuredmedia":[{"embeddable":true,"href":"https:\/\/www.naturparkmagazin.de\/schwaebisch-fraenkischer-wald\/wp-json\/wp\/v2\/media\/376"}],"wp:attachment":[{"href":"https:\/\/www.naturparkmagazin.de\/schwaebisch-fraenkischer-wald\/wp-json\/wp\/v2\/media?parent=374"}],"wp:term":[{"taxonomy":"category","embeddable":true,"href":"https:\/\/www.naturparkmagazin.de\/schwaebisch-fraenkischer-wald\/wp-json\/wp\/v2\/categories?post=374"},{"taxonomy":"post_tag","embeddable":true,"href":"https:\/\/www.naturparkmagazin.de\/schwaebisch-fraenkischer-wald\/wp-json\/wp\/v2\/tags?post=374"}],"curies":[{"name":"wp","href":"https:\/\/api.w.org\/{rel}","templated":true}]}}