{"id":3743,"date":"2016-06-16T09:38:35","date_gmt":"2016-06-16T07:38:35","guid":{"rendered":"http:\/\/www.naturparkmagazin.de\/schwaebisch-fraenkischer-wald\/?p=3743"},"modified":"2016-06-15T09:55:51","modified_gmt":"2016-06-15T07:55:51","slug":"die-naturparkfuehrer-berichten-blick-zurueck-nach-vorn-2","status":"publish","type":"post","link":"https:\/\/www.naturparkmagazin.de\/schwaebisch-fraenkischer-wald\/die-naturparkfuehrer-berichten-blick-zurueck-nach-vorn-2\/","title":{"rendered":"Die Naturparkf\u00fchrer berichten: Blick zur\u00fcck nach vorn"},"content":{"rendered":"<p>Erste &#8222;Neub\u00fcrger-Tour&#8220; in Berglen mit dem \u00fcberzeugten Wahl-Berglener und Naturparkf\u00fchrer Peter Els\u00e4\u00dfer<a href=\"https:\/\/www.naturparkmagazin.de\/schwaebisch-fraenkischer-wald\/wp-content\/uploads\/sites\/34\/02_bear.jpg\"><img decoding=\"async\" loading=\"lazy\" class=\"alignright size-full wp-image-3744\" src=\"https:\/\/www.naturparkmagazin.de\/schwaebisch-fraenkischer-wald\/wp-content\/uploads\/sites\/34\/02_bear.jpg\" alt=\"Neub\u00fcrger-Tour in Berglen\" width=\"200\" height=\"200\" srcset=\"https:\/\/www.naturparkmagazin.de\/schwaebisch-fraenkischer-wald\/wp-content\/uploads\/sites\/34\/02_bear.jpg 200w, https:\/\/www.naturparkmagazin.de\/schwaebisch-fraenkischer-wald\/wp-content\/uploads\/sites\/34\/02_bear-30x30.jpg 30w\" sizes=\"(max-width: 200px) 100vw, 200px\" \/><\/a><\/p>\n<p>Prognostiziert war schlechtes Wetter &#8211; doch genau w\u00e4hrend der drei Stunden dieser Tour blieb es trocken und es zeigte sich sogar die Sonne!<\/p>\n<p>Nachdem B\u00fcrgermeister Maximilian Friedrich und Naturparkf\u00fchrer Peter Els\u00e4\u00dfer die Teilnehmer begr\u00fc\u00dft hatten, f\u00fchrte Letzterer die Gruppe durch Oppelsbohm. Er gab spannende Einblicke in das fr\u00fchere und heutige Leben der Berglener sowie Wissenswertes zur Landschaft der Berglen im Naturpark Schw\u00e4bisch-Fr\u00e4nkischer Wald.<\/p>\n<p><a href=\"https:\/\/www.naturparkmagazin.de\/schwaebisch-fraenkischer-wald\/wp-content\/uploads\/sites\/34\/05_bear.jpg\"><img decoding=\"async\" loading=\"lazy\" class=\"alignright size-full wp-image-3745\" src=\"https:\/\/www.naturparkmagazin.de\/schwaebisch-fraenkischer-wald\/wp-content\/uploads\/sites\/34\/05_bear.jpg\" alt=\"Neub\u00fcrger-Tour in Berglen\" width=\"200\" height=\"200\" srcset=\"https:\/\/www.naturparkmagazin.de\/schwaebisch-fraenkischer-wald\/wp-content\/uploads\/sites\/34\/05_bear.jpg 200w, https:\/\/www.naturparkmagazin.de\/schwaebisch-fraenkischer-wald\/wp-content\/uploads\/sites\/34\/05_bear-30x30.jpg 30w\" sizes=\"(max-width: 200px) 100vw, 200px\" \/><\/a>Zum Abschluss stellten sich \u2013 stellvertretend f\u00fcr die Vereine \u2013 der Heimat- und Museumsverein sowie der Landfrauenverein vor. Bei vorz\u00fcglicher Bewirtung durch die Landfrauen konnten die Organisatoren den Neub\u00fcrgern viele Fragen beantworten. Die Gelegenheit zur Besichtigung des Museums lie\u00df sich danach niemand entgehen.<\/p>\n<p>Eine gelungene Veranstaltung mit viel Lob und Beifall der Teilnehmer ging gegen 17 Uhr zu Ende. Dank geb\u00fchrt der Gemeinde Berglen, die die Veranstaltung erm\u00f6glichte und nat\u00fcrlich dem Einsatz der beteiligten Vereine.<\/p>\n<p>Sind Sie neugierig geworden auf die Gemeinde Berglen?<\/p>\n<p>Hier finden Sie viele Informationen und Impressionen: <a href=\"http:\/\/www.berglen.de\/index.php?id=160\" target=\"_blank\">Homepage Berglen<\/a><a href=\"https:\/\/www.naturparkmagazin.de\/schwaebisch-fraenkischer-wald\/wp-content\/uploads\/sites\/34\/07_bear.jpg\"><img decoding=\"async\" loading=\"lazy\" class=\"alignright size-full wp-image-3746\" src=\"https:\/\/www.naturparkmagazin.de\/schwaebisch-fraenkischer-wald\/wp-content\/uploads\/sites\/34\/07_bear.jpg\" alt=\"Neub\u00fcrger-Tour in Berglen\" width=\"200\" height=\"200\" srcset=\"https:\/\/www.naturparkmagazin.de\/schwaebisch-fraenkischer-wald\/wp-content\/uploads\/sites\/34\/07_bear.jpg 200w, https:\/\/www.naturparkmagazin.de\/schwaebisch-fraenkischer-wald\/wp-content\/uploads\/sites\/34\/07_bear-30x30.jpg 30w\" sizes=\"(max-width: 200px) 100vw, 200px\" \/><\/a><\/p>\n<p>&nbsp;<\/p>\n<p>&nbsp;<\/p>\n","protected":false},"excerpt":{"rendered":"<p>Erste Neub\u00fcrgertour in Berglen fand am 11. Juni 2016 statt<\/p>\n","protected":false},"author":25,"featured_media":3745,"comment_status":"open","ping_status":"open","sticky":false,"template":"","format":"standard","meta":[],"categories":[7],"tags":[508],"yoast_head":"<!-- This site is optimized with the Yoast SEO plugin v19.10 - https:\/\/yoast.com\/wordpress\/plugins\/seo\/ -->\n<title>Die Naturparkf\u00fchrer berichten: Blick zur\u00fcck nach vorn - Naturpark Schw\u00e4bisch-Fr\u00e4nkischer Wald<\/title>\n<meta name=\"robots\" content=\"index, follow, max-snippet:-1, max-image-preview:large, max-video-preview:-1\" \/>\n<link rel=\"canonical\" href=\"https:\/\/www.naturparkmagazin.de\/schwaebisch-fraenkischer-wald\/die-naturparkfuehrer-berichten-blick-zurueck-nach-vorn-2\/\" \/>\n<meta property=\"og:locale\" content=\"de_DE\" \/>\n<meta property=\"og:type\" content=\"article\" \/>\n<meta property=\"og:title\" content=\"Die Naturparkf\u00fchrer berichten: Blick zur\u00fcck nach vorn - Naturpark Schw\u00e4bisch-Fr\u00e4nkischer Wald\" \/>\n<meta property=\"og:description\" content=\"Erste Neub\u00fcrgertour in Berglen fand am 11. Juni 2016 statt\" \/>\n<meta property=\"og:url\" content=\"https:\/\/www.naturparkmagazin.de\/schwaebisch-fraenkischer-wald\/die-naturparkfuehrer-berichten-blick-zurueck-nach-vorn-2\/\" \/>\n<meta property=\"og:site_name\" content=\"Naturpark Schw\u00e4bisch-Fr\u00e4nkischer Wald\" \/>\n<meta property=\"article:author\" content=\"https:\/\/www.facebook.com\/naturparkSFW\" \/>\n<meta property=\"article:published_time\" content=\"2016-06-16T07:38:35+00:00\" \/>\n<meta property=\"article:modified_time\" content=\"2016-06-15T07:55:51+00:00\" \/>\n<meta property=\"og:image\" content=\"https:\/\/www.naturparkmagazin.de\/schwaebisch-fraenkischer-wald\/wp-content\/uploads\/sites\/34\/05_bear.jpg\" \/>\n\t<meta property=\"og:image:width\" content=\"200\" \/>\n\t<meta property=\"og:image:height\" content=\"200\" \/>\n\t<meta property=\"og:image:type\" content=\"image\/jpeg\" \/>\n<meta name=\"author\" content=\"Naturpark-Team\" \/>\n<meta name=\"twitter:label1\" content=\"Verfasst von\" \/>\n\t<meta name=\"twitter:data1\" content=\"Naturpark-Team\" \/>\n\t<meta name=\"twitter:label2\" content=\"Gesch\u00e4tzte Lesezeit\" \/>\n\t<meta name=\"twitter:data2\" content=\"1\u00a0Minute\" \/>\n<script type=\"application\/ld+json\" class=\"yoast-schema-graph\">{\"@context\":\"https:\/\/schema.org\",\"@graph\":[{\"@type\":\"WebPage\",\"@id\":\"https:\/\/www.naturparkmagazin.de\/schwaebisch-fraenkischer-wald\/die-naturparkfuehrer-berichten-blick-zurueck-nach-vorn-2\/\",\"url\":\"https:\/\/www.naturparkmagazin.de\/schwaebisch-fraenkischer-wald\/die-naturparkfuehrer-berichten-blick-zurueck-nach-vorn-2\/\",\"name\":\"Die Naturparkf\u00fchrer berichten: Blick zur\u00fcck nach vorn - Naturpark Schw\u00e4bisch-Fr\u00e4nkischer Wald\",\"isPartOf\":{\"@id\":\"https:\/\/www.naturparkmagazin.de\/schwaebisch-fraenkischer-wald\/#website\"},\"datePublished\":\"2016-06-16T07:38:35+00:00\",\"dateModified\":\"2016-06-15T07:55:51+00:00\",\"author\":{\"@id\":\"https:\/\/www.naturparkmagazin.de\/schwaebisch-fraenkischer-wald\/#\/schema\/person\/f047a3702ae747fd7830cf8ac95e6066\"},\"breadcrumb\":{\"@id\":\"https:\/\/www.naturparkmagazin.de\/schwaebisch-fraenkischer-wald\/die-naturparkfuehrer-berichten-blick-zurueck-nach-vorn-2\/#breadcrumb\"},\"inLanguage\":\"de\",\"potentialAction\":[{\"@type\":\"ReadAction\",\"target\":[\"https:\/\/www.naturparkmagazin.de\/schwaebisch-fraenkischer-wald\/die-naturparkfuehrer-berichten-blick-zurueck-nach-vorn-2\/\"]}]},{\"@type\":\"BreadcrumbList\",\"@id\":\"https:\/\/www.naturparkmagazin.de\/schwaebisch-fraenkischer-wald\/die-naturparkfuehrer-berichten-blick-zurueck-nach-vorn-2\/#breadcrumb\",\"itemListElement\":[{\"@type\":\"ListItem\",\"position\":1,\"name\":\"Home\",\"item\":\"https:\/\/www.naturparkmagazin.de\/schwaebisch-fraenkischer-wald\/\"},{\"@type\":\"ListItem\",\"position\":2,\"name\":\"Die Naturparkf\u00fchrer berichten: Blick zur\u00fcck nach vorn\"}]},{\"@type\":\"WebSite\",\"@id\":\"https:\/\/www.naturparkmagazin.de\/schwaebisch-fraenkischer-wald\/#website\",\"url\":\"https:\/\/www.naturparkmagazin.de\/schwaebisch-fraenkischer-wald\/\",\"name\":\"Naturpark Schw\u00e4bisch-Fr\u00e4nkischer Wald\",\"description\":\"\",\"potentialAction\":[{\"@type\":\"SearchAction\",\"target\":{\"@type\":\"EntryPoint\",\"urlTemplate\":\"https:\/\/www.naturparkmagazin.de\/schwaebisch-fraenkischer-wald\/?s={search_term_string}\"},\"query-input\":\"required name=search_term_string\"}],\"inLanguage\":\"de\"},{\"@type\":\"Person\",\"@id\":\"https:\/\/www.naturparkmagazin.de\/schwaebisch-fraenkischer-wald\/#\/schema\/person\/f047a3702ae747fd7830cf8ac95e6066\",\"name\":\"Naturpark-Team\",\"sameAs\":[\"http:\/\/www.naturpark-sfw.de\",\"https:\/\/www.facebook.com\/naturparkSFW\"],\"url\":\"https:\/\/www.naturparkmagazin.de\/schwaebisch-fraenkischer-wald\/author\/bernharddrixler\/\"}]}<\/script>\n<!-- \/ Yoast SEO plugin. -->","yoast_head_json":{"title":"Die Naturparkf\u00fchrer berichten: Blick zur\u00fcck nach vorn - Naturpark Schw\u00e4bisch-Fr\u00e4nkischer Wald","robots":{"index":"index","follow":"follow","max-snippet":"max-snippet:-1","max-image-preview":"max-image-preview:large","max-video-preview":"max-video-preview:-1"},"canonical":"https:\/\/www.naturparkmagazin.de\/schwaebisch-fraenkischer-wald\/die-naturparkfuehrer-berichten-blick-zurueck-nach-vorn-2\/","og_locale":"de_DE","og_type":"article","og_title":"Die Naturparkf\u00fchrer berichten: Blick zur\u00fcck nach vorn - Naturpark Schw\u00e4bisch-Fr\u00e4nkischer Wald","og_description":"Erste Neub\u00fcrgertour in Berglen fand am 11. Juni 2016 statt","og_url":"https:\/\/www.naturparkmagazin.de\/schwaebisch-fraenkischer-wald\/die-naturparkfuehrer-berichten-blick-zurueck-nach-vorn-2\/","og_site_name":"Naturpark Schw\u00e4bisch-Fr\u00e4nkischer Wald","article_author":"https:\/\/www.facebook.com\/naturparkSFW","article_published_time":"2016-06-16T07:38:35+00:00","article_modified_time":"2016-06-15T07:55:51+00:00","og_image":[{"width":200,"height":200,"url":"https:\/\/www.naturparkmagazin.de\/schwaebisch-fraenkischer-wald\/wp-content\/uploads\/sites\/34\/05_bear.jpg","type":"image\/jpeg"}],"author":"Naturpark-Team","twitter_misc":{"Verfasst von":"Naturpark-Team","Gesch\u00e4tzte Lesezeit":"1\u00a0Minute"},"schema":{"@context":"https:\/\/schema.org","@graph":[{"@type":"WebPage","@id":"https:\/\/www.naturparkmagazin.de\/schwaebisch-fraenkischer-wald\/die-naturparkfuehrer-berichten-blick-zurueck-nach-vorn-2\/","url":"https:\/\/www.naturparkmagazin.de\/schwaebisch-fraenkischer-wald\/die-naturparkfuehrer-berichten-blick-zurueck-nach-vorn-2\/","name":"Die Naturparkf\u00fchrer berichten: Blick zur\u00fcck nach vorn - Naturpark Schw\u00e4bisch-Fr\u00e4nkischer Wald","isPartOf":{"@id":"https:\/\/www.naturparkmagazin.de\/schwaebisch-fraenkischer-wald\/#website"},"datePublished":"2016-06-16T07:38:35+00:00","dateModified":"2016-06-15T07:55:51+00:00","author":{"@id":"https:\/\/www.naturparkmagazin.de\/schwaebisch-fraenkischer-wald\/#\/schema\/person\/f047a3702ae747fd7830cf8ac95e6066"},"breadcrumb":{"@id":"https:\/\/www.naturparkmagazin.de\/schwaebisch-fraenkischer-wald\/die-naturparkfuehrer-berichten-blick-zurueck-nach-vorn-2\/#breadcrumb"},"inLanguage":"de","potentialAction":[{"@type":"ReadAction","target":["https:\/\/www.naturparkmagazin.de\/schwaebisch-fraenkischer-wald\/die-naturparkfuehrer-berichten-blick-zurueck-nach-vorn-2\/"]}]},{"@type":"BreadcrumbList","@id":"https:\/\/www.naturparkmagazin.de\/schwaebisch-fraenkischer-wald\/die-naturparkfuehrer-berichten-blick-zurueck-nach-vorn-2\/#breadcrumb","itemListElement":[{"@type":"ListItem","position":1,"name":"Home","item":"https:\/\/www.naturparkmagazin.de\/schwaebisch-fraenkischer-wald\/"},{"@type":"ListItem","position":2,"name":"Die Naturparkf\u00fchrer berichten: Blick zur\u00fcck nach vorn"}]},{"@type":"WebSite","@id":"https:\/\/www.naturparkmagazin.de\/schwaebisch-fraenkischer-wald\/#website","url":"https:\/\/www.naturparkmagazin.de\/schwaebisch-fraenkischer-wald\/","name":"Naturpark Schw\u00e4bisch-Fr\u00e4nkischer Wald","description":"","potentialAction":[{"@type":"SearchAction","target":{"@type":"EntryPoint","urlTemplate":"https:\/\/www.naturparkmagazin.de\/schwaebisch-fraenkischer-wald\/?s={search_term_string}"},"query-input":"required name=search_term_string"}],"inLanguage":"de"},{"@type":"Person","@id":"https:\/\/www.naturparkmagazin.de\/schwaebisch-fraenkischer-wald\/#\/schema\/person\/f047a3702ae747fd7830cf8ac95e6066","name":"Naturpark-Team","sameAs":["http:\/\/www.naturpark-sfw.de","https:\/\/www.facebook.com\/naturparkSFW"],"url":"https:\/\/www.naturparkmagazin.de\/schwaebisch-fraenkischer-wald\/author\/bernharddrixler\/"}]}},"_links":{"self":[{"href":"https:\/\/www.naturparkmagazin.de\/schwaebisch-fraenkischer-wald\/wp-json\/wp\/v2\/posts\/3743"}],"collection":[{"href":"https:\/\/www.naturparkmagazin.de\/schwaebisch-fraenkischer-wald\/wp-json\/wp\/v2\/posts"}],"about":[{"href":"https:\/\/www.naturparkmagazin.de\/schwaebisch-fraenkischer-wald\/wp-json\/wp\/v2\/types\/post"}],"author":[{"embeddable":true,"href":"https:\/\/www.naturparkmagazin.de\/schwaebisch-fraenkischer-wald\/wp-json\/wp\/v2\/users\/25"}],"replies":[{"embeddable":true,"href":"https:\/\/www.naturparkmagazin.de\/schwaebisch-fraenkischer-wald\/wp-json\/wp\/v2\/comments?post=3743"}],"version-history":[{"count":2,"href":"https:\/\/www.naturparkmagazin.de\/schwaebisch-fraenkischer-wald\/wp-json\/wp\/v2\/posts\/3743\/revisions"}],"predecessor-version":[{"id":3748,"href":"https:\/\/www.naturparkmagazin.de\/schwaebisch-fraenkischer-wald\/wp-json\/wp\/v2\/posts\/3743\/revisions\/3748"}],"wp:featuredmedia":[{"embeddable":true,"href":"https:\/\/www.naturparkmagazin.de\/schwaebisch-fraenkischer-wald\/wp-json\/wp\/v2\/media\/3745"}],"wp:attachment":[{"href":"https:\/\/www.naturparkmagazin.de\/schwaebisch-fraenkischer-wald\/wp-json\/wp\/v2\/media?parent=3743"}],"wp:term":[{"taxonomy":"category","embeddable":true,"href":"https:\/\/www.naturparkmagazin.de\/schwaebisch-fraenkischer-wald\/wp-json\/wp\/v2\/categories?post=3743"},{"taxonomy":"post_tag","embeddable":true,"href":"https:\/\/www.naturparkmagazin.de\/schwaebisch-fraenkischer-wald\/wp-json\/wp\/v2\/tags?post=3743"}],"curies":[{"name":"wp","href":"https:\/\/api.w.org\/{rel}","templated":true}]}}