{"id":3757,"date":"2016-06-16T10:32:30","date_gmt":"2016-06-16T08:32:30","guid":{"rendered":"http:\/\/www.naturparkmagazin.de\/schwaebisch-fraenkischer-wald\/?p=3757"},"modified":"2016-06-15T10:38:45","modified_gmt":"2016-06-15T08:38:45","slug":"naturpark-fuer-alle-arbeitsgruppe-naturparkwandern-mit-handicap-gegruendet","status":"publish","type":"post","link":"https:\/\/www.naturparkmagazin.de\/schwaebisch-fraenkischer-wald\/naturpark-fuer-alle-arbeitsgruppe-naturparkwandern-mit-handicap-gegruendet\/","title":{"rendered":"Naturpark f\u00fcr Alle &#8211; Arbeitsgruppe \u201eNaturparkwandern mit Handicap\u201c gegr\u00fcndet"},"content":{"rendered":"<p>Der Naturpark Schw\u00e4bisch-Fr\u00e4nkischer Wald ist mit seinen W\u00e4ldern, Klingen, Grotten, Schluchten, Streuobstwiesen und kleinen Weilern eine attraktive und abwechslungsreiche Wanderregion. Unter dem Motto \u201eNaturpark f\u00fcr Alle\u201c m\u00f6chten wir, dass auch Menschen mit Einschr\u00e4nkungen die Sch\u00f6nheit unserer Landschaft erleben k\u00f6nnen.<\/p>\n<div id=\"attachment_3758\" style=\"width: 210px\" class=\"wp-caption alignright\"><a href=\"https:\/\/www.naturparkmagazin.de\/schwaebisch-fraenkischer-wald\/wp-content\/uploads\/sites\/34\/160525_Wandern_mit_Handicap-k8.jpg\"><img aria-describedby=\"caption-attachment-3758\" decoding=\"async\" loading=\"lazy\" class=\"size-full wp-image-3758\" src=\"https:\/\/www.naturparkmagazin.de\/schwaebisch-fraenkischer-wald\/wp-content\/uploads\/sites\/34\/160525_Wandern_mit_Handicap-k8.jpg\" alt=\"Arbeitsgruppe \u201eNaturparkwandern mit Handicap\u201c\" width=\"200\" height=\"200\" srcset=\"https:\/\/www.naturparkmagazin.de\/schwaebisch-fraenkischer-wald\/wp-content\/uploads\/sites\/34\/160525_Wandern_mit_Handicap-k8.jpg 200w, https:\/\/www.naturparkmagazin.de\/schwaebisch-fraenkischer-wald\/wp-content\/uploads\/sites\/34\/160525_Wandern_mit_Handicap-k8-30x30.jpg 30w\" sizes=\"(max-width: 200px) 100vw, 200px\" \/><\/a><p id=\"caption-attachment-3758\" class=\"wp-caption-text\">Arbeitsgruppe \u201eNaturparkwandern mit Handicap\u201c<\/p><\/div>\n<p>Vor diesem Hintergrund hat sich im Mai 2016 die Arbeitsgruppe \u201eNaturparkwandern mit Handicap\u201c gegr\u00fcndet. Die Idee zur Gr\u00fcndung dieser Gruppierung stammt von Ines Vorberg (stellv. Vorsitzende LSK Ba.- W\u00fc). Die Projektinhalte werden von der Naturparkgesch\u00e4ftsstelle in Kooperation mit dem BSK Bereich Selbsthilfe K\u00f6rperbehinderter Alth\u00fctte und dem Kreisjugendring Rems-Murr (KJR) moderiert und von weiteren engagierten behinderten und nichtbehinderten Privatpersonen unterst\u00fctzt.<\/p>\n<p>In einem ersten Anlauf m\u00f6chten wir gerne interessante rollstuhlgerechte Wanderstrecken im Naturparkgebiet finden, die zudem eine gute Anbindung an barrierefreie Gastronomiebetriebe und Sanit\u00e4ranlagen haben. Hierzu wurde ein Testbogen entwickelt. Zun\u00e4chst sollen vorzugsweise Strecken in den Gemeinden Alth\u00fctte, Murrhardt und Welzheim getestet werden.<\/p>\n<p>Mittelfristiges Ziel soll es sein, in jeder der 48 Naturparkgemeinden attraktive und qualit\u00e4tsgepr\u00fcfte Rollstuhlwanderwege herauszuarbeiten. Diese sollen auf der Homepage des Naturparks, im interaktiven Routen- und Erlebnisfinder Wanderwalter sowie m\u00f6glichst in einer Brosch\u00fcre beworben werden.<\/p>\n<p>Interessierte Rollstuhlfahrer\/innen, die selbst gerne Wanderstrecken testen m\u00f6chten, k\u00f6nnen den erforderlichen Testbogen bei der Naturparkgesch\u00e4ftsstelle anfordern. Hier erhalten Sie auch weitere Informationen zu den Teststrecken:<\/p>\n<p>Geben Sie diese Informationen zum Naturparkwandern mit Handicap gerne an interessierte Personen weiter! Wir freuen uns auf Ihre Nachfragen, Anregungen und R\u00fcckmeldungen!<\/p>\n","protected":false},"excerpt":{"rendered":"<p>Arbeitsgruppe auf der Suche nach attraktiven und qualit\u00e4tsgepr\u00fcften Rollstuhlwanderwegen<\/p>\n","protected":false},"author":25,"featured_media":3758,"comment_status":"open","ping_status":"open","sticky":false,"template":"","format":"standard","meta":[],"categories":[7],"tags":[508],"yoast_head":"<!-- This site is optimized with the Yoast SEO plugin v19.10 - https:\/\/yoast.com\/wordpress\/plugins\/seo\/ -->\n<title>Naturpark f\u00fcr Alle - Arbeitsgruppe \u201eNaturparkwandern mit Handicap\u201c gegr\u00fcndet - Naturpark Schw\u00e4bisch-Fr\u00e4nkischer Wald<\/title>\n<meta name=\"robots\" content=\"index, follow, max-snippet:-1, max-image-preview:large, max-video-preview:-1\" \/>\n<link rel=\"canonical\" href=\"https:\/\/www.naturparkmagazin.de\/schwaebisch-fraenkischer-wald\/naturpark-fuer-alle-arbeitsgruppe-naturparkwandern-mit-handicap-gegruendet\/\" \/>\n<meta property=\"og:locale\" content=\"de_DE\" \/>\n<meta property=\"og:type\" content=\"article\" \/>\n<meta property=\"og:title\" content=\"Naturpark f\u00fcr Alle - Arbeitsgruppe \u201eNaturparkwandern mit Handicap\u201c gegr\u00fcndet - Naturpark Schw\u00e4bisch-Fr\u00e4nkischer Wald\" \/>\n<meta property=\"og:description\" content=\"Arbeitsgruppe auf der Suche nach attraktiven und qualit\u00e4tsgepr\u00fcften Rollstuhlwanderwegen\" \/>\n<meta property=\"og:url\" content=\"https:\/\/www.naturparkmagazin.de\/schwaebisch-fraenkischer-wald\/naturpark-fuer-alle-arbeitsgruppe-naturparkwandern-mit-handicap-gegruendet\/\" \/>\n<meta property=\"og:site_name\" content=\"Naturpark Schw\u00e4bisch-Fr\u00e4nkischer Wald\" \/>\n<meta property=\"article:author\" content=\"https:\/\/www.facebook.com\/naturparkSFW\" \/>\n<meta property=\"article:published_time\" content=\"2016-06-16T08:32:30+00:00\" \/>\n<meta property=\"article:modified_time\" content=\"2016-06-15T08:38:45+00:00\" \/>\n<meta property=\"og:image\" content=\"https:\/\/www.naturparkmagazin.de\/schwaebisch-fraenkischer-wald\/wp-content\/uploads\/sites\/34\/160525_Wandern_mit_Handicap-k8.jpg\" \/>\n\t<meta property=\"og:image:width\" content=\"200\" \/>\n\t<meta property=\"og:image:height\" content=\"200\" \/>\n\t<meta property=\"og:image:type\" content=\"image\/jpeg\" \/>\n<meta name=\"author\" content=\"Naturpark-Team\" \/>\n<meta name=\"twitter:label1\" content=\"Verfasst von\" \/>\n\t<meta name=\"twitter:data1\" content=\"Naturpark-Team\" \/>\n\t<meta name=\"twitter:label2\" content=\"Gesch\u00e4tzte Lesezeit\" \/>\n\t<meta name=\"twitter:data2\" content=\"1\u00a0Minute\" \/>\n<script type=\"application\/ld+json\" class=\"yoast-schema-graph\">{\"@context\":\"https:\/\/schema.org\",\"@graph\":[{\"@type\":\"WebPage\",\"@id\":\"https:\/\/www.naturparkmagazin.de\/schwaebisch-fraenkischer-wald\/naturpark-fuer-alle-arbeitsgruppe-naturparkwandern-mit-handicap-gegruendet\/\",\"url\":\"https:\/\/www.naturparkmagazin.de\/schwaebisch-fraenkischer-wald\/naturpark-fuer-alle-arbeitsgruppe-naturparkwandern-mit-handicap-gegruendet\/\",\"name\":\"Naturpark f\u00fcr Alle - Arbeitsgruppe \u201eNaturparkwandern mit Handicap\u201c gegr\u00fcndet - Naturpark Schw\u00e4bisch-Fr\u00e4nkischer Wald\",\"isPartOf\":{\"@id\":\"https:\/\/www.naturparkmagazin.de\/schwaebisch-fraenkischer-wald\/#website\"},\"datePublished\":\"2016-06-16T08:32:30+00:00\",\"dateModified\":\"2016-06-15T08:38:45+00:00\",\"author\":{\"@id\":\"https:\/\/www.naturparkmagazin.de\/schwaebisch-fraenkischer-wald\/#\/schema\/person\/f047a3702ae747fd7830cf8ac95e6066\"},\"breadcrumb\":{\"@id\":\"https:\/\/www.naturparkmagazin.de\/schwaebisch-fraenkischer-wald\/naturpark-fuer-alle-arbeitsgruppe-naturparkwandern-mit-handicap-gegruendet\/#breadcrumb\"},\"inLanguage\":\"de\",\"potentialAction\":[{\"@type\":\"ReadAction\",\"target\":[\"https:\/\/www.naturparkmagazin.de\/schwaebisch-fraenkischer-wald\/naturpark-fuer-alle-arbeitsgruppe-naturparkwandern-mit-handicap-gegruendet\/\"]}]},{\"@type\":\"BreadcrumbList\",\"@id\":\"https:\/\/www.naturparkmagazin.de\/schwaebisch-fraenkischer-wald\/naturpark-fuer-alle-arbeitsgruppe-naturparkwandern-mit-handicap-gegruendet\/#breadcrumb\",\"itemListElement\":[{\"@type\":\"ListItem\",\"position\":1,\"name\":\"Home\",\"item\":\"https:\/\/www.naturparkmagazin.de\/schwaebisch-fraenkischer-wald\/\"},{\"@type\":\"ListItem\",\"position\":2,\"name\":\"Naturpark f\u00fcr Alle &#8211; Arbeitsgruppe \u201eNaturparkwandern mit Handicap\u201c gegr\u00fcndet\"}]},{\"@type\":\"WebSite\",\"@id\":\"https:\/\/www.naturparkmagazin.de\/schwaebisch-fraenkischer-wald\/#website\",\"url\":\"https:\/\/www.naturparkmagazin.de\/schwaebisch-fraenkischer-wald\/\",\"name\":\"Naturpark Schw\u00e4bisch-Fr\u00e4nkischer Wald\",\"description\":\"\",\"potentialAction\":[{\"@type\":\"SearchAction\",\"target\":{\"@type\":\"EntryPoint\",\"urlTemplate\":\"https:\/\/www.naturparkmagazin.de\/schwaebisch-fraenkischer-wald\/?s={search_term_string}\"},\"query-input\":\"required name=search_term_string\"}],\"inLanguage\":\"de\"},{\"@type\":\"Person\",\"@id\":\"https:\/\/www.naturparkmagazin.de\/schwaebisch-fraenkischer-wald\/#\/schema\/person\/f047a3702ae747fd7830cf8ac95e6066\",\"name\":\"Naturpark-Team\",\"sameAs\":[\"http:\/\/www.naturpark-sfw.de\",\"https:\/\/www.facebook.com\/naturparkSFW\"],\"url\":\"https:\/\/www.naturparkmagazin.de\/schwaebisch-fraenkischer-wald\/author\/bernharddrixler\/\"}]}<\/script>\n<!-- \/ Yoast SEO plugin. -->","yoast_head_json":{"title":"Naturpark f\u00fcr Alle - Arbeitsgruppe \u201eNaturparkwandern mit Handicap\u201c gegr\u00fcndet - Naturpark Schw\u00e4bisch-Fr\u00e4nkischer Wald","robots":{"index":"index","follow":"follow","max-snippet":"max-snippet:-1","max-image-preview":"max-image-preview:large","max-video-preview":"max-video-preview:-1"},"canonical":"https:\/\/www.naturparkmagazin.de\/schwaebisch-fraenkischer-wald\/naturpark-fuer-alle-arbeitsgruppe-naturparkwandern-mit-handicap-gegruendet\/","og_locale":"de_DE","og_type":"article","og_title":"Naturpark f\u00fcr Alle - Arbeitsgruppe \u201eNaturparkwandern mit Handicap\u201c gegr\u00fcndet - Naturpark Schw\u00e4bisch-Fr\u00e4nkischer Wald","og_description":"Arbeitsgruppe auf der Suche nach attraktiven und qualit\u00e4tsgepr\u00fcften Rollstuhlwanderwegen","og_url":"https:\/\/www.naturparkmagazin.de\/schwaebisch-fraenkischer-wald\/naturpark-fuer-alle-arbeitsgruppe-naturparkwandern-mit-handicap-gegruendet\/","og_site_name":"Naturpark Schw\u00e4bisch-Fr\u00e4nkischer Wald","article_author":"https:\/\/www.facebook.com\/naturparkSFW","article_published_time":"2016-06-16T08:32:30+00:00","article_modified_time":"2016-06-15T08:38:45+00:00","og_image":[{"width":200,"height":200,"url":"https:\/\/www.naturparkmagazin.de\/schwaebisch-fraenkischer-wald\/wp-content\/uploads\/sites\/34\/160525_Wandern_mit_Handicap-k8.jpg","type":"image\/jpeg"}],"author":"Naturpark-Team","twitter_misc":{"Verfasst von":"Naturpark-Team","Gesch\u00e4tzte Lesezeit":"1\u00a0Minute"},"schema":{"@context":"https:\/\/schema.org","@graph":[{"@type":"WebPage","@id":"https:\/\/www.naturparkmagazin.de\/schwaebisch-fraenkischer-wald\/naturpark-fuer-alle-arbeitsgruppe-naturparkwandern-mit-handicap-gegruendet\/","url":"https:\/\/www.naturparkmagazin.de\/schwaebisch-fraenkischer-wald\/naturpark-fuer-alle-arbeitsgruppe-naturparkwandern-mit-handicap-gegruendet\/","name":"Naturpark f\u00fcr Alle - Arbeitsgruppe \u201eNaturparkwandern mit Handicap\u201c gegr\u00fcndet - Naturpark Schw\u00e4bisch-Fr\u00e4nkischer Wald","isPartOf":{"@id":"https:\/\/www.naturparkmagazin.de\/schwaebisch-fraenkischer-wald\/#website"},"datePublished":"2016-06-16T08:32:30+00:00","dateModified":"2016-06-15T08:38:45+00:00","author":{"@id":"https:\/\/www.naturparkmagazin.de\/schwaebisch-fraenkischer-wald\/#\/schema\/person\/f047a3702ae747fd7830cf8ac95e6066"},"breadcrumb":{"@id":"https:\/\/www.naturparkmagazin.de\/schwaebisch-fraenkischer-wald\/naturpark-fuer-alle-arbeitsgruppe-naturparkwandern-mit-handicap-gegruendet\/#breadcrumb"},"inLanguage":"de","potentialAction":[{"@type":"ReadAction","target":["https:\/\/www.naturparkmagazin.de\/schwaebisch-fraenkischer-wald\/naturpark-fuer-alle-arbeitsgruppe-naturparkwandern-mit-handicap-gegruendet\/"]}]},{"@type":"BreadcrumbList","@id":"https:\/\/www.naturparkmagazin.de\/schwaebisch-fraenkischer-wald\/naturpark-fuer-alle-arbeitsgruppe-naturparkwandern-mit-handicap-gegruendet\/#breadcrumb","itemListElement":[{"@type":"ListItem","position":1,"name":"Home","item":"https:\/\/www.naturparkmagazin.de\/schwaebisch-fraenkischer-wald\/"},{"@type":"ListItem","position":2,"name":"Naturpark f\u00fcr Alle &#8211; Arbeitsgruppe \u201eNaturparkwandern mit Handicap\u201c gegr\u00fcndet"}]},{"@type":"WebSite","@id":"https:\/\/www.naturparkmagazin.de\/schwaebisch-fraenkischer-wald\/#website","url":"https:\/\/www.naturparkmagazin.de\/schwaebisch-fraenkischer-wald\/","name":"Naturpark Schw\u00e4bisch-Fr\u00e4nkischer Wald","description":"","potentialAction":[{"@type":"SearchAction","target":{"@type":"EntryPoint","urlTemplate":"https:\/\/www.naturparkmagazin.de\/schwaebisch-fraenkischer-wald\/?s={search_term_string}"},"query-input":"required name=search_term_string"}],"inLanguage":"de"},{"@type":"Person","@id":"https:\/\/www.naturparkmagazin.de\/schwaebisch-fraenkischer-wald\/#\/schema\/person\/f047a3702ae747fd7830cf8ac95e6066","name":"Naturpark-Team","sameAs":["http:\/\/www.naturpark-sfw.de","https:\/\/www.facebook.com\/naturparkSFW"],"url":"https:\/\/www.naturparkmagazin.de\/schwaebisch-fraenkischer-wald\/author\/bernharddrixler\/"}]}},"_links":{"self":[{"href":"https:\/\/www.naturparkmagazin.de\/schwaebisch-fraenkischer-wald\/wp-json\/wp\/v2\/posts\/3757"}],"collection":[{"href":"https:\/\/www.naturparkmagazin.de\/schwaebisch-fraenkischer-wald\/wp-json\/wp\/v2\/posts"}],"about":[{"href":"https:\/\/www.naturparkmagazin.de\/schwaebisch-fraenkischer-wald\/wp-json\/wp\/v2\/types\/post"}],"author":[{"embeddable":true,"href":"https:\/\/www.naturparkmagazin.de\/schwaebisch-fraenkischer-wald\/wp-json\/wp\/v2\/users\/25"}],"replies":[{"embeddable":true,"href":"https:\/\/www.naturparkmagazin.de\/schwaebisch-fraenkischer-wald\/wp-json\/wp\/v2\/comments?post=3757"}],"version-history":[{"count":1,"href":"https:\/\/www.naturparkmagazin.de\/schwaebisch-fraenkischer-wald\/wp-json\/wp\/v2\/posts\/3757\/revisions"}],"predecessor-version":[{"id":3759,"href":"https:\/\/www.naturparkmagazin.de\/schwaebisch-fraenkischer-wald\/wp-json\/wp\/v2\/posts\/3757\/revisions\/3759"}],"wp:featuredmedia":[{"embeddable":true,"href":"https:\/\/www.naturparkmagazin.de\/schwaebisch-fraenkischer-wald\/wp-json\/wp\/v2\/media\/3758"}],"wp:attachment":[{"href":"https:\/\/www.naturparkmagazin.de\/schwaebisch-fraenkischer-wald\/wp-json\/wp\/v2\/media?parent=3757"}],"wp:term":[{"taxonomy":"category","embeddable":true,"href":"https:\/\/www.naturparkmagazin.de\/schwaebisch-fraenkischer-wald\/wp-json\/wp\/v2\/categories?post=3757"},{"taxonomy":"post_tag","embeddable":true,"href":"https:\/\/www.naturparkmagazin.de\/schwaebisch-fraenkischer-wald\/wp-json\/wp\/v2\/tags?post=3757"}],"curies":[{"name":"wp","href":"https:\/\/api.w.org\/{rel}","templated":true}]}}