{"id":3760,"date":"2016-06-16T10:39:40","date_gmt":"2016-06-16T08:39:40","guid":{"rendered":"http:\/\/www.naturparkmagazin.de\/schwaebisch-fraenkischer-wald\/?p=3760"},"modified":"2016-06-16T11:06:12","modified_gmt":"2016-06-16T09:06:12","slug":"die-kommunen-im-naturpark-gemeinde-oppenweiler","status":"publish","type":"post","link":"https:\/\/www.naturparkmagazin.de\/schwaebisch-fraenkischer-wald\/die-kommunen-im-naturpark-gemeinde-oppenweiler\/","title":{"rendered":"Die Kommunen im Naturpark: Gemeinde Oppenweiler"},"content":{"rendered":"<p class=\"bodytext\">Mitten im idyllischen Murrtal, liegt Oppenweiler.<\/p>\n<div id=\"attachment_3765\" style=\"width: 210px\" class=\"wp-caption alignright\"><a href=\"https:\/\/www.naturparkmagazin.de\/schwaebisch-fraenkischer-wald\/wp-content\/uploads\/sites\/34\/Oppenweiler_1.jpg\"><img aria-describedby=\"caption-attachment-3765\" decoding=\"async\" loading=\"lazy\" class=\"size-full wp-image-3765\" src=\"https:\/\/www.naturparkmagazin.de\/schwaebisch-fraenkischer-wald\/wp-content\/uploads\/sites\/34\/Oppenweiler_1.jpg\" alt=\"Wasserschloss in Oppenweiler\" width=\"200\" height=\"200\" srcset=\"https:\/\/www.naturparkmagazin.de\/schwaebisch-fraenkischer-wald\/wp-content\/uploads\/sites\/34\/Oppenweiler_1.jpg 200w, https:\/\/www.naturparkmagazin.de\/schwaebisch-fraenkischer-wald\/wp-content\/uploads\/sites\/34\/Oppenweiler_1-30x30.jpg 30w\" sizes=\"(max-width: 200px) 100vw, 200px\" \/><\/a><p id=\"caption-attachment-3765\" class=\"wp-caption-text\">Wasserschloss in Oppenweiler<\/p><\/div>\n<p class=\"bodytext\">Umgeben von sch\u00f6ner und vielf\u00e4ltiger Natur bietet Oppenweiler als Wohnort einen besonderen Charme. So gibt es in der Gemeinde eine hervorragende Infrastruktur f\u00fcr jung und alt. Zahlreiche Einkaufsm\u00f6glichkeiten, niedergelassene \u00c4rzte, eine Apotheke und viele Dienstleister decken den Bedarf des t\u00e4glichen Lebens. Mit einer offenen Ganztagsschule und qualit\u00e4tvollen Kinderbetreuungsangeboten bietet Oppenweiler auch Familien mit Kindern beste Rahmenbedingungen. Hinzu kommt ein vielf\u00e4ltiges Freizeit- und Kulturangebot, das von den Kirchen und Vereinen mit gro\u00dfem Engagement und hoher Qualit\u00e4t getragen wird.<\/p>\n<p class=\"bodytext\">Abgerundet wird das Freizeitangebot durch das malerisch unter der Burg Reichenberg gelegene Mineralfreibad, das bei sonnigen Gem\u00fctern aller Generationen auf gro\u00dfen Zuspruch st\u00f6\u00dft. Kurzum, in Oppenweiler kann man sich wohlf\u00fchlen.<\/p>\n<p class=\"bodytext\">Mit einer eigenen Bahnstation liegt Oppenweiler zudem verkehrsg\u00fcnstig an der Bahnlinie Stuttgart-N\u00fcrnberg innerhalb des Geltungsbereichs des Verkehrsverbunds Stuttgart.<\/p>\n<div id=\"attachment_3766\" style=\"width: 210px\" class=\"wp-caption alignright\"><a href=\"https:\/\/www.naturparkmagazin.de\/schwaebisch-fraenkischer-wald\/wp-content\/uploads\/sites\/34\/Reichenberg8.jpg\"><img aria-describedby=\"caption-attachment-3766\" decoding=\"async\" loading=\"lazy\" class=\"size-full wp-image-3766\" src=\"https:\/\/www.naturparkmagazin.de\/schwaebisch-fraenkischer-wald\/wp-content\/uploads\/sites\/34\/Reichenberg8.jpg\" alt=\"Burg Reichenberg, Oppenweiler\" width=\"200\" height=\"200\" srcset=\"https:\/\/www.naturparkmagazin.de\/schwaebisch-fraenkischer-wald\/wp-content\/uploads\/sites\/34\/Reichenberg8.jpg 200w, https:\/\/www.naturparkmagazin.de\/schwaebisch-fraenkischer-wald\/wp-content\/uploads\/sites\/34\/Reichenberg8-30x30.jpg 30w\" sizes=\"(max-width: 200px) 100vw, 200px\" \/><\/a><p id=\"caption-attachment-3766\" class=\"wp-caption-text\">Burg Reichenberg, Oppenweiler<\/p><\/div>\n<p class=\"bodytext\">Die Lage an der B14 sowie die N\u00e4he zum Autobahnanschluss in Mundelsheim machen die Gemeinde auch mit dem Auto gut erreichbar. Zudem spielt auch die regionale Wirtschaft in Oppenweiler eine wichtige Rolle. So finden in den mittelst\u00e4ndischen Unternehmen und zahlreichen Handwerksbetrieben rund 2.000 Menschen Arbeit. Damit kommen mehr Personen zum Arbeiten nach Oppenweiler als von hier auspendeln.<\/p>\n<p class=\"bodytext\">Und nach getaner Arbeit kommen hier auch Naturliebhaber auf ihre Kosten. So laden m\u00e4rchenhafte Waldlandschaften, bl\u00fchende Streuobstwiesen und pr\u00e4chtige Felder zum Erholen in der Natur ein. Die Burg Reichenberg, die Jakobuskirche und das Sturmfeder\u2019sche Wasserschloss mit seinem historischen Schlossgarten animieren zu einem Spaziergang durch vergangene Zeiten und bieten eine wundersch\u00f6ne Kulisse f\u00fcr zahlreiche Veranstaltungen.<\/p>\n<p class=\"bodytext\">Zahlreiche weitere Informationen finden Sie hier:<\/p>\n<p class=\"bodytext\"><a href=\"http:\/\/www.oppenweiler.de\" target=\"_blank\">Homepage der Gemeinde Oppenweiler<\/a><\/p>\n<div id=\"attachment_3767\" style=\"width: 210px\" class=\"wp-caption alignright\"><a href=\"https:\/\/www.naturparkmagazin.de\/schwaebisch-fraenkischer-wald\/wp-content\/uploads\/sites\/34\/DSC_0008.jpg\"><img aria-describedby=\"caption-attachment-3767\" decoding=\"async\" loading=\"lazy\" class=\"size-full wp-image-3767\" src=\"https:\/\/www.naturparkmagazin.de\/schwaebisch-fraenkischer-wald\/wp-content\/uploads\/sites\/34\/DSC_0008.jpg\" alt=\"Wasserspa\u00df im Freibad Oppenweiler\" width=\"200\" height=\"200\" srcset=\"https:\/\/www.naturparkmagazin.de\/schwaebisch-fraenkischer-wald\/wp-content\/uploads\/sites\/34\/DSC_0008.jpg 200w, https:\/\/www.naturparkmagazin.de\/schwaebisch-fraenkischer-wald\/wp-content\/uploads\/sites\/34\/DSC_0008-30x30.jpg 30w\" sizes=\"(max-width: 200px) 100vw, 200px\" \/><\/a><p id=\"caption-attachment-3767\" class=\"wp-caption-text\">Wasserspa\u00df im Freibad Oppenweiler<\/p><\/div>\n<p class=\"bodytext\">B\u00fcrgermeister Sascha Reber<\/p>\n<div class=\"innerfooterBlock\"><span class=\"gemeinde\">Gemeinde Oppenweiler<\/span><\/div>\n<div class=\"innerfooterBlock\"><span class=\"text\">Schlossstra\u00dfe 12<\/span><\/div>\n<div class=\"innerfooterBlock\"><span class=\"text\">71570 Oppenweiler<\/span><\/div>\n<div class=\"innerfooterBlock\"><span class=\"text\" style=\"color: #000000\">Tel.: 07191 484-0<\/span><\/div>\n<div class=\"innerfooterBlock\"><a href=\"mailto:gemeinde@oppenweiler.de\" target=\"_blank\">E-Mail<\/a><\/div>\n","protected":false},"excerpt":{"rendered":"<p>Oppenweiler &#8211; das lebenswerte und liebenswerte Tor zum Naturpark Schw\u00e4bisch-Fr\u00e4nkischer Wald <\/p>\n","protected":false},"author":25,"featured_media":3765,"comment_status":"open","ping_status":"open","sticky":false,"template":"","format":"standard","meta":[],"categories":[8],"tags":[508],"yoast_head":"<!-- This site is optimized with the Yoast SEO plugin v19.10 - https:\/\/yoast.com\/wordpress\/plugins\/seo\/ -->\n<title>Die Kommunen im Naturpark: Gemeinde Oppenweiler - Naturpark Schw\u00e4bisch-Fr\u00e4nkischer Wald<\/title>\n<meta name=\"robots\" content=\"index, follow, max-snippet:-1, max-image-preview:large, max-video-preview:-1\" \/>\n<link rel=\"canonical\" href=\"https:\/\/www.naturparkmagazin.de\/schwaebisch-fraenkischer-wald\/die-kommunen-im-naturpark-gemeinde-oppenweiler\/\" \/>\n<meta property=\"og:locale\" content=\"de_DE\" \/>\n<meta property=\"og:type\" content=\"article\" \/>\n<meta property=\"og:title\" content=\"Die Kommunen im Naturpark: Gemeinde Oppenweiler - Naturpark Schw\u00e4bisch-Fr\u00e4nkischer Wald\" \/>\n<meta property=\"og:description\" content=\"Oppenweiler - das lebenswerte und liebenswerte Tor zum Naturpark Schw\u00e4bisch-Fr\u00e4nkischer Wald\" \/>\n<meta property=\"og:url\" content=\"https:\/\/www.naturparkmagazin.de\/schwaebisch-fraenkischer-wald\/die-kommunen-im-naturpark-gemeinde-oppenweiler\/\" \/>\n<meta property=\"og:site_name\" content=\"Naturpark Schw\u00e4bisch-Fr\u00e4nkischer Wald\" \/>\n<meta property=\"article:author\" content=\"https:\/\/www.facebook.com\/naturparkSFW\" \/>\n<meta property=\"article:published_time\" content=\"2016-06-16T08:39:40+00:00\" \/>\n<meta property=\"article:modified_time\" content=\"2016-06-16T09:06:12+00:00\" \/>\n<meta property=\"og:image\" content=\"https:\/\/www.naturparkmagazin.de\/schwaebisch-fraenkischer-wald\/wp-content\/uploads\/sites\/34\/Oppenweiler_1.jpg\" \/>\n\t<meta property=\"og:image:width\" content=\"200\" \/>\n\t<meta property=\"og:image:height\" content=\"200\" \/>\n\t<meta property=\"og:image:type\" content=\"image\/jpeg\" \/>\n<meta name=\"author\" content=\"Naturpark-Team\" \/>\n<meta name=\"twitter:label1\" content=\"Verfasst von\" \/>\n\t<meta name=\"twitter:data1\" content=\"Naturpark-Team\" \/>\n\t<meta name=\"twitter:label2\" content=\"Gesch\u00e4tzte Lesezeit\" \/>\n\t<meta name=\"twitter:data2\" content=\"2\u00a0Minuten\" \/>\n<script type=\"application\/ld+json\" class=\"yoast-schema-graph\">{\"@context\":\"https:\/\/schema.org\",\"@graph\":[{\"@type\":\"WebPage\",\"@id\":\"https:\/\/www.naturparkmagazin.de\/schwaebisch-fraenkischer-wald\/die-kommunen-im-naturpark-gemeinde-oppenweiler\/\",\"url\":\"https:\/\/www.naturparkmagazin.de\/schwaebisch-fraenkischer-wald\/die-kommunen-im-naturpark-gemeinde-oppenweiler\/\",\"name\":\"Die Kommunen im Naturpark: Gemeinde Oppenweiler - Naturpark Schw\u00e4bisch-Fr\u00e4nkischer Wald\",\"isPartOf\":{\"@id\":\"https:\/\/www.naturparkmagazin.de\/schwaebisch-fraenkischer-wald\/#website\"},\"datePublished\":\"2016-06-16T08:39:40+00:00\",\"dateModified\":\"2016-06-16T09:06:12+00:00\",\"author\":{\"@id\":\"https:\/\/www.naturparkmagazin.de\/schwaebisch-fraenkischer-wald\/#\/schema\/person\/f047a3702ae747fd7830cf8ac95e6066\"},\"breadcrumb\":{\"@id\":\"https:\/\/www.naturparkmagazin.de\/schwaebisch-fraenkischer-wald\/die-kommunen-im-naturpark-gemeinde-oppenweiler\/#breadcrumb\"},\"inLanguage\":\"de\",\"potentialAction\":[{\"@type\":\"ReadAction\",\"target\":[\"https:\/\/www.naturparkmagazin.de\/schwaebisch-fraenkischer-wald\/die-kommunen-im-naturpark-gemeinde-oppenweiler\/\"]}]},{\"@type\":\"BreadcrumbList\",\"@id\":\"https:\/\/www.naturparkmagazin.de\/schwaebisch-fraenkischer-wald\/die-kommunen-im-naturpark-gemeinde-oppenweiler\/#breadcrumb\",\"itemListElement\":[{\"@type\":\"ListItem\",\"position\":1,\"name\":\"Home\",\"item\":\"https:\/\/www.naturparkmagazin.de\/schwaebisch-fraenkischer-wald\/\"},{\"@type\":\"ListItem\",\"position\":2,\"name\":\"Die Kommunen im Naturpark: Gemeinde Oppenweiler\"}]},{\"@type\":\"WebSite\",\"@id\":\"https:\/\/www.naturparkmagazin.de\/schwaebisch-fraenkischer-wald\/#website\",\"url\":\"https:\/\/www.naturparkmagazin.de\/schwaebisch-fraenkischer-wald\/\",\"name\":\"Naturpark Schw\u00e4bisch-Fr\u00e4nkischer Wald\",\"description\":\"\",\"potentialAction\":[{\"@type\":\"SearchAction\",\"target\":{\"@type\":\"EntryPoint\",\"urlTemplate\":\"https:\/\/www.naturparkmagazin.de\/schwaebisch-fraenkischer-wald\/?s={search_term_string}\"},\"query-input\":\"required name=search_term_string\"}],\"inLanguage\":\"de\"},{\"@type\":\"Person\",\"@id\":\"https:\/\/www.naturparkmagazin.de\/schwaebisch-fraenkischer-wald\/#\/schema\/person\/f047a3702ae747fd7830cf8ac95e6066\",\"name\":\"Naturpark-Team\",\"sameAs\":[\"http:\/\/www.naturpark-sfw.de\",\"https:\/\/www.facebook.com\/naturparkSFW\"],\"url\":\"https:\/\/www.naturparkmagazin.de\/schwaebisch-fraenkischer-wald\/author\/bernharddrixler\/\"}]}<\/script>\n<!-- \/ Yoast SEO plugin. -->","yoast_head_json":{"title":"Die Kommunen im Naturpark: Gemeinde Oppenweiler - Naturpark Schw\u00e4bisch-Fr\u00e4nkischer Wald","robots":{"index":"index","follow":"follow","max-snippet":"max-snippet:-1","max-image-preview":"max-image-preview:large","max-video-preview":"max-video-preview:-1"},"canonical":"https:\/\/www.naturparkmagazin.de\/schwaebisch-fraenkischer-wald\/die-kommunen-im-naturpark-gemeinde-oppenweiler\/","og_locale":"de_DE","og_type":"article","og_title":"Die Kommunen im Naturpark: Gemeinde Oppenweiler - Naturpark Schw\u00e4bisch-Fr\u00e4nkischer Wald","og_description":"Oppenweiler - das lebenswerte und liebenswerte Tor zum Naturpark Schw\u00e4bisch-Fr\u00e4nkischer Wald","og_url":"https:\/\/www.naturparkmagazin.de\/schwaebisch-fraenkischer-wald\/die-kommunen-im-naturpark-gemeinde-oppenweiler\/","og_site_name":"Naturpark Schw\u00e4bisch-Fr\u00e4nkischer Wald","article_author":"https:\/\/www.facebook.com\/naturparkSFW","article_published_time":"2016-06-16T08:39:40+00:00","article_modified_time":"2016-06-16T09:06:12+00:00","og_image":[{"width":200,"height":200,"url":"https:\/\/www.naturparkmagazin.de\/schwaebisch-fraenkischer-wald\/wp-content\/uploads\/sites\/34\/Oppenweiler_1.jpg","type":"image\/jpeg"}],"author":"Naturpark-Team","twitter_misc":{"Verfasst von":"Naturpark-Team","Gesch\u00e4tzte Lesezeit":"2\u00a0Minuten"},"schema":{"@context":"https:\/\/schema.org","@graph":[{"@type":"WebPage","@id":"https:\/\/www.naturparkmagazin.de\/schwaebisch-fraenkischer-wald\/die-kommunen-im-naturpark-gemeinde-oppenweiler\/","url":"https:\/\/www.naturparkmagazin.de\/schwaebisch-fraenkischer-wald\/die-kommunen-im-naturpark-gemeinde-oppenweiler\/","name":"Die Kommunen im Naturpark: Gemeinde Oppenweiler - Naturpark Schw\u00e4bisch-Fr\u00e4nkischer Wald","isPartOf":{"@id":"https:\/\/www.naturparkmagazin.de\/schwaebisch-fraenkischer-wald\/#website"},"datePublished":"2016-06-16T08:39:40+00:00","dateModified":"2016-06-16T09:06:12+00:00","author":{"@id":"https:\/\/www.naturparkmagazin.de\/schwaebisch-fraenkischer-wald\/#\/schema\/person\/f047a3702ae747fd7830cf8ac95e6066"},"breadcrumb":{"@id":"https:\/\/www.naturparkmagazin.de\/schwaebisch-fraenkischer-wald\/die-kommunen-im-naturpark-gemeinde-oppenweiler\/#breadcrumb"},"inLanguage":"de","potentialAction":[{"@type":"ReadAction","target":["https:\/\/www.naturparkmagazin.de\/schwaebisch-fraenkischer-wald\/die-kommunen-im-naturpark-gemeinde-oppenweiler\/"]}]},{"@type":"BreadcrumbList","@id":"https:\/\/www.naturparkmagazin.de\/schwaebisch-fraenkischer-wald\/die-kommunen-im-naturpark-gemeinde-oppenweiler\/#breadcrumb","itemListElement":[{"@type":"ListItem","position":1,"name":"Home","item":"https:\/\/www.naturparkmagazin.de\/schwaebisch-fraenkischer-wald\/"},{"@type":"ListItem","position":2,"name":"Die Kommunen im Naturpark: Gemeinde Oppenweiler"}]},{"@type":"WebSite","@id":"https:\/\/www.naturparkmagazin.de\/schwaebisch-fraenkischer-wald\/#website","url":"https:\/\/www.naturparkmagazin.de\/schwaebisch-fraenkischer-wald\/","name":"Naturpark Schw\u00e4bisch-Fr\u00e4nkischer Wald","description":"","potentialAction":[{"@type":"SearchAction","target":{"@type":"EntryPoint","urlTemplate":"https:\/\/www.naturparkmagazin.de\/schwaebisch-fraenkischer-wald\/?s={search_term_string}"},"query-input":"required name=search_term_string"}],"inLanguage":"de"},{"@type":"Person","@id":"https:\/\/www.naturparkmagazin.de\/schwaebisch-fraenkischer-wald\/#\/schema\/person\/f047a3702ae747fd7830cf8ac95e6066","name":"Naturpark-Team","sameAs":["http:\/\/www.naturpark-sfw.de","https:\/\/www.facebook.com\/naturparkSFW"],"url":"https:\/\/www.naturparkmagazin.de\/schwaebisch-fraenkischer-wald\/author\/bernharddrixler\/"}]}},"_links":{"self":[{"href":"https:\/\/www.naturparkmagazin.de\/schwaebisch-fraenkischer-wald\/wp-json\/wp\/v2\/posts\/3760"}],"collection":[{"href":"https:\/\/www.naturparkmagazin.de\/schwaebisch-fraenkischer-wald\/wp-json\/wp\/v2\/posts"}],"about":[{"href":"https:\/\/www.naturparkmagazin.de\/schwaebisch-fraenkischer-wald\/wp-json\/wp\/v2\/types\/post"}],"author":[{"embeddable":true,"href":"https:\/\/www.naturparkmagazin.de\/schwaebisch-fraenkischer-wald\/wp-json\/wp\/v2\/users\/25"}],"replies":[{"embeddable":true,"href":"https:\/\/www.naturparkmagazin.de\/schwaebisch-fraenkischer-wald\/wp-json\/wp\/v2\/comments?post=3760"}],"version-history":[{"count":4,"href":"https:\/\/www.naturparkmagazin.de\/schwaebisch-fraenkischer-wald\/wp-json\/wp\/v2\/posts\/3760\/revisions"}],"predecessor-version":[{"id":3768,"href":"https:\/\/www.naturparkmagazin.de\/schwaebisch-fraenkischer-wald\/wp-json\/wp\/v2\/posts\/3760\/revisions\/3768"}],"wp:featuredmedia":[{"embeddable":true,"href":"https:\/\/www.naturparkmagazin.de\/schwaebisch-fraenkischer-wald\/wp-json\/wp\/v2\/media\/3765"}],"wp:attachment":[{"href":"https:\/\/www.naturparkmagazin.de\/schwaebisch-fraenkischer-wald\/wp-json\/wp\/v2\/media?parent=3760"}],"wp:term":[{"taxonomy":"category","embeddable":true,"href":"https:\/\/www.naturparkmagazin.de\/schwaebisch-fraenkischer-wald\/wp-json\/wp\/v2\/categories?post=3760"},{"taxonomy":"post_tag","embeddable":true,"href":"https:\/\/www.naturparkmagazin.de\/schwaebisch-fraenkischer-wald\/wp-json\/wp\/v2\/tags?post=3760"}],"curies":[{"name":"wp","href":"https:\/\/api.w.org\/{rel}","templated":true}]}}