{"id":3854,"date":"2016-08-18T10:51:32","date_gmt":"2016-08-18T08:51:32","guid":{"rendered":"http:\/\/www.naturparkmagazin.de\/schwaebisch-fraenkischer-wald\/?p=3854"},"modified":"2016-08-17T10:58:30","modified_gmt":"2016-08-17T08:58:30","slug":"neue-freizeitkarte-fuer-den-naturpark-schwaebisch-fraenkischer-wald","status":"publish","type":"post","link":"https:\/\/www.naturparkmagazin.de\/schwaebisch-fraenkischer-wald\/neue-freizeitkarte-fuer-den-naturpark-schwaebisch-fraenkischer-wald\/","title":{"rendered":"Neue Freizeitkarte f\u00fcr den Naturpark Schw\u00e4bisch-Fr\u00e4nkischer Wald"},"content":{"rendered":"<p><strong>\u201eLandschaften voller Leben \u2013 die Vielfalt ist Trumpf!\u201c<\/strong><\/p>\n<div id=\"attachment_3855\" style=\"width: 210px\" class=\"wp-caption alignright\"><a href=\"https:\/\/www.naturparkmagazin.de\/schwaebisch-fraenkischer-wald\/wp-content\/uploads\/sites\/34\/160729_PG_TOP_Karte_NP-SFW.jpg\"><img aria-describedby=\"caption-attachment-3855\" decoding=\"async\" loading=\"lazy\" class=\"size-full wp-image-3855\" src=\"https:\/\/www.naturparkmagazin.de\/schwaebisch-fraenkischer-wald\/wp-content\/uploads\/sites\/34\/160729_PG_TOP_Karte_NP-SFW.jpg\" alt=\"Freizeitkarte Schw\u00e4bisch-Fr\u00e4nkischer Wald (F518), ISBN 978-3-86398-394-9\" width=\"200\" height=\"200\" srcset=\"https:\/\/www.naturparkmagazin.de\/schwaebisch-fraenkischer-wald\/wp-content\/uploads\/sites\/34\/160729_PG_TOP_Karte_NP-SFW.jpg 200w, https:\/\/www.naturparkmagazin.de\/schwaebisch-fraenkischer-wald\/wp-content\/uploads\/sites\/34\/160729_PG_TOP_Karte_NP-SFW-30x30.jpg 30w\" sizes=\"(max-width: 200px) 100vw, 200px\" \/><\/a><p id=\"caption-attachment-3855\" class=\"wp-caption-text\">Freizeitkarte Schw\u00e4bisch-Fr\u00e4nkischer Wald (F518), ISBN 978-3-86398-394-9<\/p><\/div>\n<p>Spiegelberg: Auf dem Juxkopf, an einem der sch\u00f6nsten Aussichtspunkte im Naturpark Schw\u00e4bisch-Fr\u00e4nkischer Wald, pr\u00e4sentierte die Staatssekret\u00e4rin im Ministerium f\u00fcr L\u00e4ndlichen Raum und Verbraucherschutz, Friedlinde Gurr-Hirsch MdL, die neue offizielle Freizeitkarte f\u00fcr den Naturpark Schw\u00e4bisch-Fr\u00e4nkischer Wald. \u201eZuverl\u00e4ssige Geobasisinformationen sind ein unverzichtbarer Bestandteil der \u00f6konomischen, \u00f6kologischen und sozialen Infrastruktur des Landes. Die neue Freizeitkarte wird den Naturpark und die Region um den Naturpark vor allem f\u00fcr Wanderer und Radfahrbegeisterte attraktiver machen. Die sieben Naturparke haben in Baden-W\u00fcrttemberg Vorbildfunktion. Sie sch\u00fctzen und pflegen das seit Generationen entstandene Natur- und Kulturerbe und machen dieses f\u00fcr die \u00d6ffentlichkeit zug\u00e4nglich\u201c, sagte die Staatssekret\u00e4rin.<\/p>\n<p>Bereits 1979 wurden die Landschaften im Nordwesten von Stuttgart aufgrund ihrer kulturellen und historischen Besonderheiten, ihres Waldreichtums und ihrer besonderen Eignung als gro\u00dffl\u00e4chige Erholungslandschaft mit dem Pr\u00e4dikat \u201eNaturpark\u201c ausgezeichnet.<\/p>\n<p>Wegen der Erweiterung der Naturparkgebietskulisse um 38 Prozent auf 1.270 km\u00b2 hat das Landesamt f\u00fcr Geoinformation und Landentwicklung Baden-W\u00fcrttemberg (LGL) die topografische Freizeitkarte (M 1:50.000) aktualisiert und mit einem neuen Blattschnitt versehen. Auch thematisch ist die kombinierte Wander- und Radwanderkarte vollst\u00e4ndig neu \u00fcberarbeitet. \u201eDie enge und nahtlose Zusammenarbeit zwischen LGL, Naturparkverein und Schw\u00e4bischer Albverein ist Erfolgsgarant f\u00fcr ein hochwertiges Endprodukt, eine informative und benutzerfreundliche Freizeitkarte\u201c, lobte Staatssekret\u00e4rin Gurr-Hirsch.<\/p>\n<p>LGL-Pr\u00e4sident Luz Berendt gab Einblick in den technischen Ablauf der Kartenerstellung der Neuauflage und w\u00fcrdigte die bedeutende Aufgabe der Datenbereitstellung als Dienstleistung f\u00fcr die \u00d6ffentlichkeit, insbesondere f\u00fcr deren Anspr\u00fcche an eine attraktive Freizeitgestaltung.<\/p>\n<p>Thomas Bernl\u00f6hr (B\u00fcrgermeister Stadt Welzheim) begr\u00fc\u00dfte als stellvertretender Naturparkvorsitzender die Herausgabe der ersten Karte mit der seit 2014 neuen Naturpark-Gebietskulisse. Von Abtsgm\u00fcnd, dem Limpurger Berge, mit dem Kochertal im Osten bis Berglen und der Backnanger Bucht im Westen, vom Remstal im S\u00fcden bis zum Keuperstufenrand bei Obersulm, \u00d6hringen und Waldenburg im Norden reichen die \u00fcberarbeiteten Karteninhalte mit Wanderwegen, Radwegen und attraktiven Freizeitzielen. Der Naturpark ist eine Vorbildlandschaft f\u00fcr die Entwicklung der l\u00e4ndlichen Region und f\u00fcr die Gew\u00e4hrleistung einer umweltgerechten Landschaftsnutzung. Das Engagement reicht von der Pflege der Kulturlandschaft, der Vermarktung regionaler Produkte \u00fcber Umweltbildungsangebote bis hin zu innovativen Projekten im nachhaltigen Tourismus.<\/p>\n<p>Vor der Kulisse des Juxkopf-Turmes warb B\u00fcrgermeister Uwe Bossert f\u00fcr die touristischen Angebote der Naturparkgemeinde Spiegelberg, wie dem Glasmuseum, Wetzsteinstollen, der \u201eLandschaft als B\u00fchne\u201c oder dem Lautertal Bikemarathon.<\/p>\n<p>Hansj\u00f6rg Sch\u00f6nherr, stellvertretender Pr\u00e4sident Schw\u00e4bischer Albverein, best\u00e4tigte die erfolgreiche und langj\u00e4hrige Zusammenarbeit und freute sich \u00fcber das gro\u00dfe Engagement der Ehrenamtlichen, die hier am Juxkopf nicht nur den Aussichtsturm sondern auch das SAV-Wanderheim f\u00fcr die zahlreichen Wander- und Radfreunde ganzj\u00e4hrig betreuen.<a href=\"https:\/\/www.naturparkmagazin.de\/schwaebisch-fraenkischer-wald\/wp-content\/uploads\/sites\/34\/160729_PG_TOP_Karte-k53.jpg\"><img decoding=\"async\" loading=\"lazy\" class=\"alignright size-full wp-image-3856\" src=\"https:\/\/www.naturparkmagazin.de\/schwaebisch-fraenkischer-wald\/wp-content\/uploads\/sites\/34\/160729_PG_TOP_Karte-k53.jpg\" alt=\"TOP Karte\" width=\"200\" height=\"200\" srcset=\"https:\/\/www.naturparkmagazin.de\/schwaebisch-fraenkischer-wald\/wp-content\/uploads\/sites\/34\/160729_PG_TOP_Karte-k53.jpg 200w, https:\/\/www.naturparkmagazin.de\/schwaebisch-fraenkischer-wald\/wp-content\/uploads\/sites\/34\/160729_PG_TOP_Karte-k53-30x30.jpg 30w\" sizes=\"(max-width: 200px) 100vw, 200px\" \/><\/a><\/p>\n<p>Bei der symbolische \u00dcbergabe der Freizeitkarte an die Naturparkf\u00fchrervorst\u00e4nde Sabine R\u00fccker und Walter Hieber f\u00fcr die insgesamt 40 Botschafter der Naturparkregion wurde die Topografische Karte als unverzichtbares Handwerkszeug ihrer \u00fcber 800 Veranstaltungen im Jahr bezeichnet.<\/p>\n<p><em>Erh\u00e4ltlich ist die neue Freizeitkarte bei den Kartenverkaufsstellen des Landesamtes f\u00fcr Geoinformation und Landentwicklung in Stuttgart, B\u00fcchsenstra\u00dfe 54 und in Karlsruhe, Kriegsstra\u00dfe 103. Zudem kann die Karte online unter <\/em><a href=\"http:\/\/www.lgl-bw.de\" target=\"_blank\"><em>www.lgl-bw.de<\/em><\/a><em> sowie im Buchhandel erworben werden: Freizeitkarte Schw\u00e4bisch-Fr\u00e4nkischer Wald (F518), ISBN 978-3-86398-394-9. Preis 6,90 Euro.<\/em><\/p>\n","protected":false},"excerpt":{"rendered":"<p>Neue Freizeitkarte f\u00fcr den Naturpark Schw\u00e4bisch-Fr\u00e4nkischer Wald vorgestellt<\/p>\n","protected":false},"author":25,"featured_media":3855,"comment_status":"open","ping_status":"open","sticky":false,"template":"","format":"standard","meta":[],"categories":[13],"tags":[508],"yoast_head":"<!-- This site is optimized with the Yoast SEO plugin v19.10 - https:\/\/yoast.com\/wordpress\/plugins\/seo\/ -->\n<title>Neue Freizeitkarte f\u00fcr den Naturpark Schw\u00e4bisch-Fr\u00e4nkischer Wald - Naturpark Schw\u00e4bisch-Fr\u00e4nkischer Wald<\/title>\n<meta name=\"robots\" content=\"index, follow, max-snippet:-1, max-image-preview:large, max-video-preview:-1\" \/>\n<link rel=\"canonical\" href=\"https:\/\/www.naturparkmagazin.de\/schwaebisch-fraenkischer-wald\/neue-freizeitkarte-fuer-den-naturpark-schwaebisch-fraenkischer-wald\/\" \/>\n<meta property=\"og:locale\" content=\"de_DE\" \/>\n<meta property=\"og:type\" content=\"article\" \/>\n<meta property=\"og:title\" content=\"Neue Freizeitkarte f\u00fcr den Naturpark Schw\u00e4bisch-Fr\u00e4nkischer Wald - Naturpark Schw\u00e4bisch-Fr\u00e4nkischer Wald\" \/>\n<meta property=\"og:description\" content=\"Neue Freizeitkarte f\u00fcr den Naturpark Schw\u00e4bisch-Fr\u00e4nkischer Wald vorgestellt\" \/>\n<meta property=\"og:url\" content=\"https:\/\/www.naturparkmagazin.de\/schwaebisch-fraenkischer-wald\/neue-freizeitkarte-fuer-den-naturpark-schwaebisch-fraenkischer-wald\/\" \/>\n<meta property=\"og:site_name\" content=\"Naturpark Schw\u00e4bisch-Fr\u00e4nkischer Wald\" \/>\n<meta property=\"article:author\" content=\"https:\/\/www.facebook.com\/naturparkSFW\" \/>\n<meta property=\"article:published_time\" content=\"2016-08-18T08:51:32+00:00\" \/>\n<meta property=\"article:modified_time\" content=\"2016-08-17T08:58:30+00:00\" \/>\n<meta property=\"og:image\" content=\"https:\/\/www.naturparkmagazin.de\/schwaebisch-fraenkischer-wald\/wp-content\/uploads\/sites\/34\/160729_PG_TOP_Karte_NP-SFW.jpg\" \/>\n\t<meta property=\"og:image:width\" content=\"200\" \/>\n\t<meta property=\"og:image:height\" content=\"200\" \/>\n\t<meta property=\"og:image:type\" content=\"image\/jpeg\" \/>\n<meta name=\"author\" content=\"Naturpark-Team\" \/>\n<meta name=\"twitter:label1\" content=\"Verfasst von\" \/>\n\t<meta name=\"twitter:data1\" content=\"Naturpark-Team\" \/>\n\t<meta name=\"twitter:label2\" content=\"Gesch\u00e4tzte Lesezeit\" \/>\n\t<meta name=\"twitter:data2\" content=\"3\u00a0Minuten\" \/>\n<script type=\"application\/ld+json\" class=\"yoast-schema-graph\">{\"@context\":\"https:\/\/schema.org\",\"@graph\":[{\"@type\":\"WebPage\",\"@id\":\"https:\/\/www.naturparkmagazin.de\/schwaebisch-fraenkischer-wald\/neue-freizeitkarte-fuer-den-naturpark-schwaebisch-fraenkischer-wald\/\",\"url\":\"https:\/\/www.naturparkmagazin.de\/schwaebisch-fraenkischer-wald\/neue-freizeitkarte-fuer-den-naturpark-schwaebisch-fraenkischer-wald\/\",\"name\":\"Neue Freizeitkarte f\u00fcr den Naturpark Schw\u00e4bisch-Fr\u00e4nkischer Wald - Naturpark Schw\u00e4bisch-Fr\u00e4nkischer Wald\",\"isPartOf\":{\"@id\":\"https:\/\/www.naturparkmagazin.de\/schwaebisch-fraenkischer-wald\/#website\"},\"datePublished\":\"2016-08-18T08:51:32+00:00\",\"dateModified\":\"2016-08-17T08:58:30+00:00\",\"author\":{\"@id\":\"https:\/\/www.naturparkmagazin.de\/schwaebisch-fraenkischer-wald\/#\/schema\/person\/f047a3702ae747fd7830cf8ac95e6066\"},\"breadcrumb\":{\"@id\":\"https:\/\/www.naturparkmagazin.de\/schwaebisch-fraenkischer-wald\/neue-freizeitkarte-fuer-den-naturpark-schwaebisch-fraenkischer-wald\/#breadcrumb\"},\"inLanguage\":\"de\",\"potentialAction\":[{\"@type\":\"ReadAction\",\"target\":[\"https:\/\/www.naturparkmagazin.de\/schwaebisch-fraenkischer-wald\/neue-freizeitkarte-fuer-den-naturpark-schwaebisch-fraenkischer-wald\/\"]}]},{\"@type\":\"BreadcrumbList\",\"@id\":\"https:\/\/www.naturparkmagazin.de\/schwaebisch-fraenkischer-wald\/neue-freizeitkarte-fuer-den-naturpark-schwaebisch-fraenkischer-wald\/#breadcrumb\",\"itemListElement\":[{\"@type\":\"ListItem\",\"position\":1,\"name\":\"Home\",\"item\":\"https:\/\/www.naturparkmagazin.de\/schwaebisch-fraenkischer-wald\/\"},{\"@type\":\"ListItem\",\"position\":2,\"name\":\"Neue Freizeitkarte f\u00fcr den Naturpark Schw\u00e4bisch-Fr\u00e4nkischer Wald\"}]},{\"@type\":\"WebSite\",\"@id\":\"https:\/\/www.naturparkmagazin.de\/schwaebisch-fraenkischer-wald\/#website\",\"url\":\"https:\/\/www.naturparkmagazin.de\/schwaebisch-fraenkischer-wald\/\",\"name\":\"Naturpark Schw\u00e4bisch-Fr\u00e4nkischer Wald\",\"description\":\"\",\"potentialAction\":[{\"@type\":\"SearchAction\",\"target\":{\"@type\":\"EntryPoint\",\"urlTemplate\":\"https:\/\/www.naturparkmagazin.de\/schwaebisch-fraenkischer-wald\/?s={search_term_string}\"},\"query-input\":\"required name=search_term_string\"}],\"inLanguage\":\"de\"},{\"@type\":\"Person\",\"@id\":\"https:\/\/www.naturparkmagazin.de\/schwaebisch-fraenkischer-wald\/#\/schema\/person\/f047a3702ae747fd7830cf8ac95e6066\",\"name\":\"Naturpark-Team\",\"sameAs\":[\"http:\/\/www.naturpark-sfw.de\",\"https:\/\/www.facebook.com\/naturparkSFW\"],\"url\":\"https:\/\/www.naturparkmagazin.de\/schwaebisch-fraenkischer-wald\/author\/bernharddrixler\/\"}]}<\/script>\n<!-- \/ Yoast SEO plugin. -->","yoast_head_json":{"title":"Neue Freizeitkarte f\u00fcr den Naturpark Schw\u00e4bisch-Fr\u00e4nkischer Wald - Naturpark Schw\u00e4bisch-Fr\u00e4nkischer Wald","robots":{"index":"index","follow":"follow","max-snippet":"max-snippet:-1","max-image-preview":"max-image-preview:large","max-video-preview":"max-video-preview:-1"},"canonical":"https:\/\/www.naturparkmagazin.de\/schwaebisch-fraenkischer-wald\/neue-freizeitkarte-fuer-den-naturpark-schwaebisch-fraenkischer-wald\/","og_locale":"de_DE","og_type":"article","og_title":"Neue Freizeitkarte f\u00fcr den Naturpark Schw\u00e4bisch-Fr\u00e4nkischer Wald - Naturpark Schw\u00e4bisch-Fr\u00e4nkischer Wald","og_description":"Neue Freizeitkarte f\u00fcr den Naturpark Schw\u00e4bisch-Fr\u00e4nkischer Wald vorgestellt","og_url":"https:\/\/www.naturparkmagazin.de\/schwaebisch-fraenkischer-wald\/neue-freizeitkarte-fuer-den-naturpark-schwaebisch-fraenkischer-wald\/","og_site_name":"Naturpark Schw\u00e4bisch-Fr\u00e4nkischer Wald","article_author":"https:\/\/www.facebook.com\/naturparkSFW","article_published_time":"2016-08-18T08:51:32+00:00","article_modified_time":"2016-08-17T08:58:30+00:00","og_image":[{"width":200,"height":200,"url":"https:\/\/www.naturparkmagazin.de\/schwaebisch-fraenkischer-wald\/wp-content\/uploads\/sites\/34\/160729_PG_TOP_Karte_NP-SFW.jpg","type":"image\/jpeg"}],"author":"Naturpark-Team","twitter_misc":{"Verfasst von":"Naturpark-Team","Gesch\u00e4tzte Lesezeit":"3\u00a0Minuten"},"schema":{"@context":"https:\/\/schema.org","@graph":[{"@type":"WebPage","@id":"https:\/\/www.naturparkmagazin.de\/schwaebisch-fraenkischer-wald\/neue-freizeitkarte-fuer-den-naturpark-schwaebisch-fraenkischer-wald\/","url":"https:\/\/www.naturparkmagazin.de\/schwaebisch-fraenkischer-wald\/neue-freizeitkarte-fuer-den-naturpark-schwaebisch-fraenkischer-wald\/","name":"Neue Freizeitkarte f\u00fcr den Naturpark Schw\u00e4bisch-Fr\u00e4nkischer Wald - Naturpark Schw\u00e4bisch-Fr\u00e4nkischer Wald","isPartOf":{"@id":"https:\/\/www.naturparkmagazin.de\/schwaebisch-fraenkischer-wald\/#website"},"datePublished":"2016-08-18T08:51:32+00:00","dateModified":"2016-08-17T08:58:30+00:00","author":{"@id":"https:\/\/www.naturparkmagazin.de\/schwaebisch-fraenkischer-wald\/#\/schema\/person\/f047a3702ae747fd7830cf8ac95e6066"},"breadcrumb":{"@id":"https:\/\/www.naturparkmagazin.de\/schwaebisch-fraenkischer-wald\/neue-freizeitkarte-fuer-den-naturpark-schwaebisch-fraenkischer-wald\/#breadcrumb"},"inLanguage":"de","potentialAction":[{"@type":"ReadAction","target":["https:\/\/www.naturparkmagazin.de\/schwaebisch-fraenkischer-wald\/neue-freizeitkarte-fuer-den-naturpark-schwaebisch-fraenkischer-wald\/"]}]},{"@type":"BreadcrumbList","@id":"https:\/\/www.naturparkmagazin.de\/schwaebisch-fraenkischer-wald\/neue-freizeitkarte-fuer-den-naturpark-schwaebisch-fraenkischer-wald\/#breadcrumb","itemListElement":[{"@type":"ListItem","position":1,"name":"Home","item":"https:\/\/www.naturparkmagazin.de\/schwaebisch-fraenkischer-wald\/"},{"@type":"ListItem","position":2,"name":"Neue Freizeitkarte f\u00fcr den Naturpark Schw\u00e4bisch-Fr\u00e4nkischer Wald"}]},{"@type":"WebSite","@id":"https:\/\/www.naturparkmagazin.de\/schwaebisch-fraenkischer-wald\/#website","url":"https:\/\/www.naturparkmagazin.de\/schwaebisch-fraenkischer-wald\/","name":"Naturpark Schw\u00e4bisch-Fr\u00e4nkischer Wald","description":"","potentialAction":[{"@type":"SearchAction","target":{"@type":"EntryPoint","urlTemplate":"https:\/\/www.naturparkmagazin.de\/schwaebisch-fraenkischer-wald\/?s={search_term_string}"},"query-input":"required name=search_term_string"}],"inLanguage":"de"},{"@type":"Person","@id":"https:\/\/www.naturparkmagazin.de\/schwaebisch-fraenkischer-wald\/#\/schema\/person\/f047a3702ae747fd7830cf8ac95e6066","name":"Naturpark-Team","sameAs":["http:\/\/www.naturpark-sfw.de","https:\/\/www.facebook.com\/naturparkSFW"],"url":"https:\/\/www.naturparkmagazin.de\/schwaebisch-fraenkischer-wald\/author\/bernharddrixler\/"}]}},"_links":{"self":[{"href":"https:\/\/www.naturparkmagazin.de\/schwaebisch-fraenkischer-wald\/wp-json\/wp\/v2\/posts\/3854"}],"collection":[{"href":"https:\/\/www.naturparkmagazin.de\/schwaebisch-fraenkischer-wald\/wp-json\/wp\/v2\/posts"}],"about":[{"href":"https:\/\/www.naturparkmagazin.de\/schwaebisch-fraenkischer-wald\/wp-json\/wp\/v2\/types\/post"}],"author":[{"embeddable":true,"href":"https:\/\/www.naturparkmagazin.de\/schwaebisch-fraenkischer-wald\/wp-json\/wp\/v2\/users\/25"}],"replies":[{"embeddable":true,"href":"https:\/\/www.naturparkmagazin.de\/schwaebisch-fraenkischer-wald\/wp-json\/wp\/v2\/comments?post=3854"}],"version-history":[{"count":1,"href":"https:\/\/www.naturparkmagazin.de\/schwaebisch-fraenkischer-wald\/wp-json\/wp\/v2\/posts\/3854\/revisions"}],"predecessor-version":[{"id":3857,"href":"https:\/\/www.naturparkmagazin.de\/schwaebisch-fraenkischer-wald\/wp-json\/wp\/v2\/posts\/3854\/revisions\/3857"}],"wp:featuredmedia":[{"embeddable":true,"href":"https:\/\/www.naturparkmagazin.de\/schwaebisch-fraenkischer-wald\/wp-json\/wp\/v2\/media\/3855"}],"wp:attachment":[{"href":"https:\/\/www.naturparkmagazin.de\/schwaebisch-fraenkischer-wald\/wp-json\/wp\/v2\/media?parent=3854"}],"wp:term":[{"taxonomy":"category","embeddable":true,"href":"https:\/\/www.naturparkmagazin.de\/schwaebisch-fraenkischer-wald\/wp-json\/wp\/v2\/categories?post=3854"},{"taxonomy":"post_tag","embeddable":true,"href":"https:\/\/www.naturparkmagazin.de\/schwaebisch-fraenkischer-wald\/wp-json\/wp\/v2\/tags?post=3854"}],"curies":[{"name":"wp","href":"https:\/\/api.w.org\/{rel}","templated":true}]}}