{"id":3865,"date":"2016-08-18T11:13:01","date_gmt":"2016-08-18T09:13:01","guid":{"rendered":"http:\/\/www.naturparkmagazin.de\/schwaebisch-fraenkischer-wald\/?p=3865"},"modified":"2016-08-24T10:31:23","modified_gmt":"2016-08-24T08:31:23","slug":"grundschule-spiegelberg-ist-nun-zertifizierte-naturpark-schule","status":"publish","type":"post","link":"https:\/\/www.naturparkmagazin.de\/schwaebisch-fraenkischer-wald\/grundschule-spiegelberg-ist-nun-zertifizierte-naturpark-schule\/","title":{"rendered":"Grundschule Spiegelberg ist nun zertifizierte Naturpark-Schule"},"content":{"rendered":"<p>Am 23. Juli 2016 wurde die Grundschule Spiegelberg als Naturpark-Schule ausgezeichnet.<\/p>\n<div id=\"attachment_3866\" style=\"width: 210px\" class=\"wp-caption alignright\"><a href=\"https:\/\/www.naturparkmagazin.de\/schwaebisch-fraenkischer-wald\/wp-content\/uploads\/sites\/34\/160723_GS_Spiegelberg_Zertify-z32.jpg\"><img aria-describedby=\"caption-attachment-3866\" decoding=\"async\" loading=\"lazy\" class=\"size-full wp-image-3866\" src=\"https:\/\/www.naturparkmagazin.de\/schwaebisch-fraenkischer-wald\/wp-content\/uploads\/sites\/34\/160723_GS_Spiegelberg_Zertify-z32.jpg\" alt=\"Grundschule Spiegelberg als Naturpark-Schule ausgezeichnet\" width=\"200\" height=\"200\" srcset=\"https:\/\/www.naturparkmagazin.de\/schwaebisch-fraenkischer-wald\/wp-content\/uploads\/sites\/34\/160723_GS_Spiegelberg_Zertify-z32.jpg 200w, https:\/\/www.naturparkmagazin.de\/schwaebisch-fraenkischer-wald\/wp-content\/uploads\/sites\/34\/160723_GS_Spiegelberg_Zertify-z32-30x30.jpg 30w\" sizes=\"(max-width: 200px) 100vw, 200px\" \/><\/a><p id=\"caption-attachment-3866\" class=\"wp-caption-text\">Grundschule Spiegelberg als Naturpark-Schule ausgezeichnet<\/p><\/div>\n<p>Naturparkgesch\u00e4ftsf\u00fchrer Bernhard Drixler \u00fcberreichte im Beisein der Leiterin des Staatlichen Schulamtes Backnang, Sabine Hagenm\u00fcller-Gehring, des B\u00fcrgermeisters Uwe Bossert und des Schulleiters Norbert Barthold die Plakette und Urkunden vom Verband Deutscher Naturparke. Damit ist im Naturpark nun die sechste Naturpark-Schule zertifiziert.<\/p>\n<p>\u201eIn einer Naturpark-Schule werden die Kinder besonders zum selbstst\u00e4ndigen Denken, Lernen und Handeln angeleitet. Sie er\u00f6ffnet den Kindern Chancen und neue Erfahrungsfelder, vor allem zu Natur- und Umweltthemen im regionalen Heimatbezug\u201c, so Hagenm\u00fcller-Gehring.<\/p>\n<p>B\u00fcrgermeister Bossert ging in seinem Gru\u00dfwort darauf ein, dass die Zertifizierung der Grundschule Spiegelberg zur Naturpark-Schule ein weiterer wichtiger Schritt f\u00fcr die Grundschule ist. Neben den vielen Angeboten in Richtung Bewegungsfreundlichkeit wurde nun auch der \u201eNatur- und Heimatgedanke\u201c in die Schularbeit mit aufgenommen. Er bedankte sich bei allen Beteiligten f\u00fcr die hervorragende Vorbereitung und Mitarbeit w\u00e4hrend der Umsetzungsphase. Insbesondere lobte er die hervorragende Zusammenarbeit mit der Gesch\u00e4ftsstelle des Naturparks, die seit Jahren zu sehr guten und richtungsweisenden Ergebnisse f\u00fcr die Gemeinde f\u00fchrt. Dem Antrag zur Zertifizierung zur Naturpark-Schule wurde auf der Gemeinderatssitzung vom 18.03.16 zugestimmt.<\/p>\n<p>Was zeichnet eine Naturpark-Schule aus? Das Programm hat zum Ziel, Kindern und Jugendlichen Themen aus Natur und Kultur im Umfeld der Schule zu vermitteln. Eine zentrale Rolle spielen hierbei au\u00dferschulische Partner wie Naturparkf\u00fchrer, Landwirte, Imker, Vereine und Handwerker. Die Themen der Naturpark-Schule orientieren sich am Bildungsplan und werden verbindlich und dauerhaft mit hohem Praxisbezug im Lehrplan der Schule verankert. Naturpark-Schulen stehen f\u00fcr eine Bildung f\u00fcr nachhaltige Entwicklung (BNE), binden au\u00dferschulische Partner intensiv ein, sind vernetzt und profitieren von Synergien in der gemeinsamen Arbeit. Ein wichtiges Anliegen ist, mit den Kindern aus der lokalen und regionalen Erlebniswelt hinaus in die Welt zu blicken. Zur Qualit\u00e4tssicherung ist eine Projektgruppe einberufen, die den Prozess der Naturpark-Schulen begleiten.<\/p>\n<p>Weitere Informationen erhalten Sie gern \u00fcber Naturpark Schw\u00e4bisch-Fr\u00e4nkischer Wald e. V.<\/p>\n","protected":false},"excerpt":{"rendered":"<p>Grundschule Spiegelberg als Naturpark-Schule ausgezeichnet<\/p>\n","protected":false},"author":25,"featured_media":3866,"comment_status":"open","ping_status":"open","sticky":false,"template":"","format":"standard","meta":[],"categories":[7],"tags":[508],"yoast_head":"<!-- This site is optimized with the Yoast SEO plugin v19.10 - https:\/\/yoast.com\/wordpress\/plugins\/seo\/ -->\n<title>Grundschule Spiegelberg ist nun zertifizierte Naturpark-Schule - Naturpark Schw\u00e4bisch-Fr\u00e4nkischer Wald<\/title>\n<meta name=\"robots\" content=\"index, follow, max-snippet:-1, max-image-preview:large, max-video-preview:-1\" \/>\n<link rel=\"canonical\" href=\"https:\/\/www.naturparkmagazin.de\/schwaebisch-fraenkischer-wald\/grundschule-spiegelberg-ist-nun-zertifizierte-naturpark-schule\/\" \/>\n<meta property=\"og:locale\" content=\"de_DE\" \/>\n<meta property=\"og:type\" content=\"article\" \/>\n<meta property=\"og:title\" content=\"Grundschule Spiegelberg ist nun zertifizierte Naturpark-Schule - Naturpark Schw\u00e4bisch-Fr\u00e4nkischer Wald\" \/>\n<meta property=\"og:description\" content=\"Grundschule Spiegelberg als Naturpark-Schule ausgezeichnet\" \/>\n<meta property=\"og:url\" content=\"https:\/\/www.naturparkmagazin.de\/schwaebisch-fraenkischer-wald\/grundschule-spiegelberg-ist-nun-zertifizierte-naturpark-schule\/\" \/>\n<meta property=\"og:site_name\" content=\"Naturpark Schw\u00e4bisch-Fr\u00e4nkischer Wald\" \/>\n<meta property=\"article:author\" content=\"https:\/\/www.facebook.com\/naturparkSFW\" \/>\n<meta property=\"article:published_time\" content=\"2016-08-18T09:13:01+00:00\" \/>\n<meta property=\"article:modified_time\" content=\"2016-08-24T08:31:23+00:00\" \/>\n<meta property=\"og:image\" content=\"https:\/\/www.naturparkmagazin.de\/schwaebisch-fraenkischer-wald\/wp-content\/uploads\/sites\/34\/160723_GS_Spiegelberg_Zertify-z32.jpg\" \/>\n\t<meta property=\"og:image:width\" content=\"200\" \/>\n\t<meta property=\"og:image:height\" content=\"200\" \/>\n\t<meta property=\"og:image:type\" content=\"image\/jpeg\" \/>\n<meta name=\"author\" content=\"Naturpark-Team\" \/>\n<meta name=\"twitter:label1\" content=\"Verfasst von\" \/>\n\t<meta name=\"twitter:data1\" content=\"Naturpark-Team\" \/>\n\t<meta name=\"twitter:label2\" content=\"Gesch\u00e4tzte Lesezeit\" \/>\n\t<meta name=\"twitter:data2\" content=\"2\u00a0Minuten\" \/>\n<script type=\"application\/ld+json\" class=\"yoast-schema-graph\">{\"@context\":\"https:\/\/schema.org\",\"@graph\":[{\"@type\":\"WebPage\",\"@id\":\"https:\/\/www.naturparkmagazin.de\/schwaebisch-fraenkischer-wald\/grundschule-spiegelberg-ist-nun-zertifizierte-naturpark-schule\/\",\"url\":\"https:\/\/www.naturparkmagazin.de\/schwaebisch-fraenkischer-wald\/grundschule-spiegelberg-ist-nun-zertifizierte-naturpark-schule\/\",\"name\":\"Grundschule Spiegelberg ist nun zertifizierte Naturpark-Schule - Naturpark Schw\u00e4bisch-Fr\u00e4nkischer Wald\",\"isPartOf\":{\"@id\":\"https:\/\/www.naturparkmagazin.de\/schwaebisch-fraenkischer-wald\/#website\"},\"datePublished\":\"2016-08-18T09:13:01+00:00\",\"dateModified\":\"2016-08-24T08:31:23+00:00\",\"author\":{\"@id\":\"https:\/\/www.naturparkmagazin.de\/schwaebisch-fraenkischer-wald\/#\/schema\/person\/f047a3702ae747fd7830cf8ac95e6066\"},\"breadcrumb\":{\"@id\":\"https:\/\/www.naturparkmagazin.de\/schwaebisch-fraenkischer-wald\/grundschule-spiegelberg-ist-nun-zertifizierte-naturpark-schule\/#breadcrumb\"},\"inLanguage\":\"de\",\"potentialAction\":[{\"@type\":\"ReadAction\",\"target\":[\"https:\/\/www.naturparkmagazin.de\/schwaebisch-fraenkischer-wald\/grundschule-spiegelberg-ist-nun-zertifizierte-naturpark-schule\/\"]}]},{\"@type\":\"BreadcrumbList\",\"@id\":\"https:\/\/www.naturparkmagazin.de\/schwaebisch-fraenkischer-wald\/grundschule-spiegelberg-ist-nun-zertifizierte-naturpark-schule\/#breadcrumb\",\"itemListElement\":[{\"@type\":\"ListItem\",\"position\":1,\"name\":\"Home\",\"item\":\"https:\/\/www.naturparkmagazin.de\/schwaebisch-fraenkischer-wald\/\"},{\"@type\":\"ListItem\",\"position\":2,\"name\":\"Grundschule Spiegelberg ist nun zertifizierte Naturpark-Schule\"}]},{\"@type\":\"WebSite\",\"@id\":\"https:\/\/www.naturparkmagazin.de\/schwaebisch-fraenkischer-wald\/#website\",\"url\":\"https:\/\/www.naturparkmagazin.de\/schwaebisch-fraenkischer-wald\/\",\"name\":\"Naturpark Schw\u00e4bisch-Fr\u00e4nkischer Wald\",\"description\":\"\",\"potentialAction\":[{\"@type\":\"SearchAction\",\"target\":{\"@type\":\"EntryPoint\",\"urlTemplate\":\"https:\/\/www.naturparkmagazin.de\/schwaebisch-fraenkischer-wald\/?s={search_term_string}\"},\"query-input\":\"required name=search_term_string\"}],\"inLanguage\":\"de\"},{\"@type\":\"Person\",\"@id\":\"https:\/\/www.naturparkmagazin.de\/schwaebisch-fraenkischer-wald\/#\/schema\/person\/f047a3702ae747fd7830cf8ac95e6066\",\"name\":\"Naturpark-Team\",\"sameAs\":[\"http:\/\/www.naturpark-sfw.de\",\"https:\/\/www.facebook.com\/naturparkSFW\"],\"url\":\"https:\/\/www.naturparkmagazin.de\/schwaebisch-fraenkischer-wald\/author\/bernharddrixler\/\"}]}<\/script>\n<!-- \/ Yoast SEO plugin. -->","yoast_head_json":{"title":"Grundschule Spiegelberg ist nun zertifizierte Naturpark-Schule - Naturpark Schw\u00e4bisch-Fr\u00e4nkischer Wald","robots":{"index":"index","follow":"follow","max-snippet":"max-snippet:-1","max-image-preview":"max-image-preview:large","max-video-preview":"max-video-preview:-1"},"canonical":"https:\/\/www.naturparkmagazin.de\/schwaebisch-fraenkischer-wald\/grundschule-spiegelberg-ist-nun-zertifizierte-naturpark-schule\/","og_locale":"de_DE","og_type":"article","og_title":"Grundschule Spiegelberg ist nun zertifizierte Naturpark-Schule - Naturpark Schw\u00e4bisch-Fr\u00e4nkischer Wald","og_description":"Grundschule Spiegelberg als Naturpark-Schule ausgezeichnet","og_url":"https:\/\/www.naturparkmagazin.de\/schwaebisch-fraenkischer-wald\/grundschule-spiegelberg-ist-nun-zertifizierte-naturpark-schule\/","og_site_name":"Naturpark Schw\u00e4bisch-Fr\u00e4nkischer Wald","article_author":"https:\/\/www.facebook.com\/naturparkSFW","article_published_time":"2016-08-18T09:13:01+00:00","article_modified_time":"2016-08-24T08:31:23+00:00","og_image":[{"width":200,"height":200,"url":"https:\/\/www.naturparkmagazin.de\/schwaebisch-fraenkischer-wald\/wp-content\/uploads\/sites\/34\/160723_GS_Spiegelberg_Zertify-z32.jpg","type":"image\/jpeg"}],"author":"Naturpark-Team","twitter_misc":{"Verfasst von":"Naturpark-Team","Gesch\u00e4tzte Lesezeit":"2\u00a0Minuten"},"schema":{"@context":"https:\/\/schema.org","@graph":[{"@type":"WebPage","@id":"https:\/\/www.naturparkmagazin.de\/schwaebisch-fraenkischer-wald\/grundschule-spiegelberg-ist-nun-zertifizierte-naturpark-schule\/","url":"https:\/\/www.naturparkmagazin.de\/schwaebisch-fraenkischer-wald\/grundschule-spiegelberg-ist-nun-zertifizierte-naturpark-schule\/","name":"Grundschule Spiegelberg ist nun zertifizierte Naturpark-Schule - Naturpark Schw\u00e4bisch-Fr\u00e4nkischer Wald","isPartOf":{"@id":"https:\/\/www.naturparkmagazin.de\/schwaebisch-fraenkischer-wald\/#website"},"datePublished":"2016-08-18T09:13:01+00:00","dateModified":"2016-08-24T08:31:23+00:00","author":{"@id":"https:\/\/www.naturparkmagazin.de\/schwaebisch-fraenkischer-wald\/#\/schema\/person\/f047a3702ae747fd7830cf8ac95e6066"},"breadcrumb":{"@id":"https:\/\/www.naturparkmagazin.de\/schwaebisch-fraenkischer-wald\/grundschule-spiegelberg-ist-nun-zertifizierte-naturpark-schule\/#breadcrumb"},"inLanguage":"de","potentialAction":[{"@type":"ReadAction","target":["https:\/\/www.naturparkmagazin.de\/schwaebisch-fraenkischer-wald\/grundschule-spiegelberg-ist-nun-zertifizierte-naturpark-schule\/"]}]},{"@type":"BreadcrumbList","@id":"https:\/\/www.naturparkmagazin.de\/schwaebisch-fraenkischer-wald\/grundschule-spiegelberg-ist-nun-zertifizierte-naturpark-schule\/#breadcrumb","itemListElement":[{"@type":"ListItem","position":1,"name":"Home","item":"https:\/\/www.naturparkmagazin.de\/schwaebisch-fraenkischer-wald\/"},{"@type":"ListItem","position":2,"name":"Grundschule Spiegelberg ist nun zertifizierte Naturpark-Schule"}]},{"@type":"WebSite","@id":"https:\/\/www.naturparkmagazin.de\/schwaebisch-fraenkischer-wald\/#website","url":"https:\/\/www.naturparkmagazin.de\/schwaebisch-fraenkischer-wald\/","name":"Naturpark Schw\u00e4bisch-Fr\u00e4nkischer Wald","description":"","potentialAction":[{"@type":"SearchAction","target":{"@type":"EntryPoint","urlTemplate":"https:\/\/www.naturparkmagazin.de\/schwaebisch-fraenkischer-wald\/?s={search_term_string}"},"query-input":"required name=search_term_string"}],"inLanguage":"de"},{"@type":"Person","@id":"https:\/\/www.naturparkmagazin.de\/schwaebisch-fraenkischer-wald\/#\/schema\/person\/f047a3702ae747fd7830cf8ac95e6066","name":"Naturpark-Team","sameAs":["http:\/\/www.naturpark-sfw.de","https:\/\/www.facebook.com\/naturparkSFW"],"url":"https:\/\/www.naturparkmagazin.de\/schwaebisch-fraenkischer-wald\/author\/bernharddrixler\/"}]}},"_links":{"self":[{"href":"https:\/\/www.naturparkmagazin.de\/schwaebisch-fraenkischer-wald\/wp-json\/wp\/v2\/posts\/3865"}],"collection":[{"href":"https:\/\/www.naturparkmagazin.de\/schwaebisch-fraenkischer-wald\/wp-json\/wp\/v2\/posts"}],"about":[{"href":"https:\/\/www.naturparkmagazin.de\/schwaebisch-fraenkischer-wald\/wp-json\/wp\/v2\/types\/post"}],"author":[{"embeddable":true,"href":"https:\/\/www.naturparkmagazin.de\/schwaebisch-fraenkischer-wald\/wp-json\/wp\/v2\/users\/25"}],"replies":[{"embeddable":true,"href":"https:\/\/www.naturparkmagazin.de\/schwaebisch-fraenkischer-wald\/wp-json\/wp\/v2\/comments?post=3865"}],"version-history":[{"count":1,"href":"https:\/\/www.naturparkmagazin.de\/schwaebisch-fraenkischer-wald\/wp-json\/wp\/v2\/posts\/3865\/revisions"}],"predecessor-version":[{"id":3867,"href":"https:\/\/www.naturparkmagazin.de\/schwaebisch-fraenkischer-wald\/wp-json\/wp\/v2\/posts\/3865\/revisions\/3867"}],"wp:featuredmedia":[{"embeddable":true,"href":"https:\/\/www.naturparkmagazin.de\/schwaebisch-fraenkischer-wald\/wp-json\/wp\/v2\/media\/3866"}],"wp:attachment":[{"href":"https:\/\/www.naturparkmagazin.de\/schwaebisch-fraenkischer-wald\/wp-json\/wp\/v2\/media?parent=3865"}],"wp:term":[{"taxonomy":"category","embeddable":true,"href":"https:\/\/www.naturparkmagazin.de\/schwaebisch-fraenkischer-wald\/wp-json\/wp\/v2\/categories?post=3865"},{"taxonomy":"post_tag","embeddable":true,"href":"https:\/\/www.naturparkmagazin.de\/schwaebisch-fraenkischer-wald\/wp-json\/wp\/v2\/tags?post=3865"}],"curies":[{"name":"wp","href":"https:\/\/api.w.org\/{rel}","templated":true}]}}