{"id":3872,"date":"2016-08-18T11:26:32","date_gmt":"2016-08-18T09:26:32","guid":{"rendered":"http:\/\/www.naturparkmagazin.de\/schwaebisch-fraenkischer-wald\/?p=3872"},"modified":"2016-08-17T11:41:33","modified_gmt":"2016-08-17T09:41:33","slug":"die-kommunen-im-naturpark-gemeinde-pfedelbach","status":"publish","type":"post","link":"https:\/\/www.naturparkmagazin.de\/schwaebisch-fraenkischer-wald\/die-kommunen-im-naturpark-gemeinde-pfedelbach\/","title":{"rendered":"Die Kommunen im Naturpark: Gemeinde Pfedelbach"},"content":{"rendered":"<p>Die Weinbaugemeinde Pfedelbach liegt am Weltkulturerbe Obergermanisch-Raetischer Limes und bildet das n\u00f6rdliche Tor zum Naturpark Schw\u00e4bisch-Fr\u00e4nkischer Wald. Auf 164 Hektar Rebfl\u00e4che werden beste Rot- und Wei\u00dfweine angebaut.<\/p>\n<div id=\"attachment_3873\" style=\"width: 210px\" class=\"wp-caption alignright\"><a href=\"https:\/\/www.naturparkmagazin.de\/schwaebisch-fraenkischer-wald\/wp-content\/uploads\/sites\/34\/P5040044.jpg\"><img aria-describedby=\"caption-attachment-3873\" decoding=\"async\" loading=\"lazy\" class=\"size-full wp-image-3873\" src=\"https:\/\/www.naturparkmagazin.de\/schwaebisch-fraenkischer-wald\/wp-content\/uploads\/sites\/34\/P5040044.jpg\" alt=\"Aussichtsreich: Gemeinde Pfedelbach\" width=\"200\" height=\"200\" srcset=\"https:\/\/www.naturparkmagazin.de\/schwaebisch-fraenkischer-wald\/wp-content\/uploads\/sites\/34\/P5040044.jpg 200w, https:\/\/www.naturparkmagazin.de\/schwaebisch-fraenkischer-wald\/wp-content\/uploads\/sites\/34\/P5040044-30x30.jpg 30w\" sizes=\"(max-width: 200px) 100vw, 200px\" \/><\/a><p id=\"caption-attachment-3873\" class=\"wp-caption-text\">Aussichtsreich: Gemeinde Pfedelbach<\/p><\/div>\n<p class=\"bodytext\">Nach der Aufnahme des Obergermanisch-Raetischen Limes in die Liste des Weltkulturerbes wird die Gemeinde Pfedelbach ihren Limesabschnitt k\u00fcnftig noch mehr touristisch erschlie\u00dfen &#8211; nat\u00fcrlich in Abstimmung mit dem Landesamt f\u00fcr Denkmalpflege. Die Planungen haben bereits begonnen.<\/p>\n<p>W\u00e4lder, Wiesen, Wasser und Wein bieten dem Gast in Pfedelbach vielfache Erholungsm\u00f6glichkeiten in einer noch gut erhaltenen Naturlandschaft. Sch\u00f6ne Radwege, sowie \u00fcber 140 km Wanderwege laden zum Fahrrad fahren, Wandern und Spazierengehen ein. Zwei Freib\u00e4der, ein Hallenbad, ein Kneipp-Wassertretbecken und die Tennispl\u00e4tze von Vereinen bieten sportliche Bet\u00e4tigungsm\u00f6glichkeiten.<\/p>\n<p class=\"bodytext\">Lohnend sind auch Ausflugsziele in der n\u00e4heren Umgebung, wie zum Beispiel Schw\u00e4bisch Hall mit den Freilichtspielen oder Jagsthausen mit den Burgfestspielen. Wer historisch interessiert ist, f\u00fcr den ist auch das Freilandmuseum Wackershofen sehenswert. Empfehlenswert ist auch eine Besichtigung der zahlreichen Hohenloher Schl\u00f6sser.<\/p>\n<p class=\"bodytext\">Ganz besondere Ein- und Ausblicke k\u00f6nnen hier erlebt werden:<\/p>\n<p class=\"bodytext\"><a href=\"http:\/\/www.pfedelbach.de\/tourismus\/limes.html\" target=\"_blank\">LIMESBLICK<\/a><\/p>\n<p class=\"bodytext\"><a href=\"http:\/\/www.pfedelbach.de\/tourismus\/museen\/weinbaumuseum.html\" target=\"_blank\">WEINBAUMUSEUM<\/a><\/p>\n<p class=\"bodytext\">Die beiden Landschaftsschutzgebiete &#8222;Keuperstufenrand&#8220; (505 ha) und &#8222;Steinbacher Tal&#8220; (1.700 ha) sorgen f\u00fcr die Erhaltung der Charakteristik unseres landschaftlich reizvollen und \u00f6kologisch bedeutsamen Gebietes.<\/p>\n<p class=\"bodytext\">Neu &amp; interessant ist die vor kurzem eingeweihte <a href=\"http:\/\/www.pfedelbach.de\/buergerservice\/neuigkeiten\/single\/article\/eroeffnungswochenende-der-vinothek-sonne-ging-genussvoll-ueber-die-buehne.html\" target=\"_blank\">Vinothek im ehemaligen Witwensitz \u201eSonne\u201c<\/a> in der Ortsmitte.<\/p>\n<div id=\"attachment_3874\" style=\"width: 210px\" class=\"wp-caption alignright\"><a href=\"https:\/\/www.naturparkmagazin.de\/schwaebisch-fraenkischer-wald\/wp-content\/uploads\/sites\/34\/IMG_2570.jpg\"><img aria-describedby=\"caption-attachment-3874\" decoding=\"async\" loading=\"lazy\" class=\"size-full wp-image-3874\" src=\"https:\/\/www.naturparkmagazin.de\/schwaebisch-fraenkischer-wald\/wp-content\/uploads\/sites\/34\/IMG_2570.jpg\" alt=\"Vinothek Sonne\" width=\"200\" height=\"200\" srcset=\"https:\/\/www.naturparkmagazin.de\/schwaebisch-fraenkischer-wald\/wp-content\/uploads\/sites\/34\/IMG_2570.jpg 200w, https:\/\/www.naturparkmagazin.de\/schwaebisch-fraenkischer-wald\/wp-content\/uploads\/sites\/34\/IMG_2570-30x30.jpg 30w\" sizes=\"(max-width: 200px) 100vw, 200px\" \/><\/a><p id=\"caption-attachment-3874\" class=\"wp-caption-text\">Vinothek Sonne<\/p><\/div>\n<p class=\"bodytext\">Zahlreiche weitere Informationen finden Sie hier:<\/p>\n<p class=\"bodytext\"><a href=\"http:\/\/www.pfedelbach.de\/\" target=\"_blank\">Homepage der Gemeinde Pfedelbach<\/a><\/p>\n<p class=\"bodytext\">Rathaus Pfedelbach\nB\u00fcrgermeister Torsten Kunkel\nHauptstra\u00dfe 17\n74629 Pfedelbach\nTel.: 07941 6081-0<\/p>\n<p>&nbsp;<\/p>\n","protected":false},"excerpt":{"rendered":"<p>W\u00e4lder, Wiesen, Wasser und Wein in der Naturpark-Gemeinde Pfedelbach erleben<\/p>\n","protected":false},"author":25,"featured_media":3873,"comment_status":"open","ping_status":"open","sticky":false,"template":"","format":"standard","meta":[],"categories":[8],"tags":[508],"yoast_head":"<!-- This site is optimized with the Yoast SEO plugin v19.10 - https:\/\/yoast.com\/wordpress\/plugins\/seo\/ -->\n<title>Die Kommunen im Naturpark: Gemeinde Pfedelbach - Naturpark Schw\u00e4bisch-Fr\u00e4nkischer Wald<\/title>\n<meta name=\"robots\" content=\"index, follow, max-snippet:-1, max-image-preview:large, max-video-preview:-1\" \/>\n<link rel=\"canonical\" href=\"https:\/\/www.naturparkmagazin.de\/schwaebisch-fraenkischer-wald\/die-kommunen-im-naturpark-gemeinde-pfedelbach\/\" \/>\n<meta property=\"og:locale\" content=\"de_DE\" \/>\n<meta property=\"og:type\" content=\"article\" \/>\n<meta property=\"og:title\" content=\"Die Kommunen im Naturpark: Gemeinde Pfedelbach - Naturpark Schw\u00e4bisch-Fr\u00e4nkischer Wald\" \/>\n<meta property=\"og:description\" content=\"W\u00e4lder, Wiesen, Wasser und Wein in der Naturpark-Gemeinde Pfedelbach erleben\" \/>\n<meta property=\"og:url\" content=\"https:\/\/www.naturparkmagazin.de\/schwaebisch-fraenkischer-wald\/die-kommunen-im-naturpark-gemeinde-pfedelbach\/\" \/>\n<meta property=\"og:site_name\" content=\"Naturpark Schw\u00e4bisch-Fr\u00e4nkischer Wald\" \/>\n<meta property=\"article:author\" content=\"https:\/\/www.facebook.com\/naturparkSFW\" \/>\n<meta property=\"article:published_time\" content=\"2016-08-18T09:26:32+00:00\" \/>\n<meta property=\"article:modified_time\" content=\"2016-08-17T09:41:33+00:00\" \/>\n<meta property=\"og:image\" content=\"https:\/\/www.naturparkmagazin.de\/schwaebisch-fraenkischer-wald\/wp-content\/uploads\/sites\/34\/P5040044.jpg\" \/>\n\t<meta property=\"og:image:width\" content=\"200\" \/>\n\t<meta property=\"og:image:height\" content=\"200\" \/>\n\t<meta property=\"og:image:type\" content=\"image\/jpeg\" \/>\n<meta name=\"author\" content=\"Naturpark-Team\" \/>\n<meta name=\"twitter:label1\" content=\"Verfasst von\" \/>\n\t<meta name=\"twitter:data1\" content=\"Naturpark-Team\" \/>\n\t<meta name=\"twitter:label2\" content=\"Gesch\u00e4tzte Lesezeit\" \/>\n\t<meta name=\"twitter:data2\" content=\"1\u00a0Minute\" \/>\n<script type=\"application\/ld+json\" class=\"yoast-schema-graph\">{\"@context\":\"https:\/\/schema.org\",\"@graph\":[{\"@type\":\"WebPage\",\"@id\":\"https:\/\/www.naturparkmagazin.de\/schwaebisch-fraenkischer-wald\/die-kommunen-im-naturpark-gemeinde-pfedelbach\/\",\"url\":\"https:\/\/www.naturparkmagazin.de\/schwaebisch-fraenkischer-wald\/die-kommunen-im-naturpark-gemeinde-pfedelbach\/\",\"name\":\"Die Kommunen im Naturpark: Gemeinde Pfedelbach - Naturpark Schw\u00e4bisch-Fr\u00e4nkischer Wald\",\"isPartOf\":{\"@id\":\"https:\/\/www.naturparkmagazin.de\/schwaebisch-fraenkischer-wald\/#website\"},\"datePublished\":\"2016-08-18T09:26:32+00:00\",\"dateModified\":\"2016-08-17T09:41:33+00:00\",\"author\":{\"@id\":\"https:\/\/www.naturparkmagazin.de\/schwaebisch-fraenkischer-wald\/#\/schema\/person\/f047a3702ae747fd7830cf8ac95e6066\"},\"breadcrumb\":{\"@id\":\"https:\/\/www.naturparkmagazin.de\/schwaebisch-fraenkischer-wald\/die-kommunen-im-naturpark-gemeinde-pfedelbach\/#breadcrumb\"},\"inLanguage\":\"de\",\"potentialAction\":[{\"@type\":\"ReadAction\",\"target\":[\"https:\/\/www.naturparkmagazin.de\/schwaebisch-fraenkischer-wald\/die-kommunen-im-naturpark-gemeinde-pfedelbach\/\"]}]},{\"@type\":\"BreadcrumbList\",\"@id\":\"https:\/\/www.naturparkmagazin.de\/schwaebisch-fraenkischer-wald\/die-kommunen-im-naturpark-gemeinde-pfedelbach\/#breadcrumb\",\"itemListElement\":[{\"@type\":\"ListItem\",\"position\":1,\"name\":\"Home\",\"item\":\"https:\/\/www.naturparkmagazin.de\/schwaebisch-fraenkischer-wald\/\"},{\"@type\":\"ListItem\",\"position\":2,\"name\":\"Die Kommunen im Naturpark: Gemeinde Pfedelbach\"}]},{\"@type\":\"WebSite\",\"@id\":\"https:\/\/www.naturparkmagazin.de\/schwaebisch-fraenkischer-wald\/#website\",\"url\":\"https:\/\/www.naturparkmagazin.de\/schwaebisch-fraenkischer-wald\/\",\"name\":\"Naturpark Schw\u00e4bisch-Fr\u00e4nkischer Wald\",\"description\":\"\",\"potentialAction\":[{\"@type\":\"SearchAction\",\"target\":{\"@type\":\"EntryPoint\",\"urlTemplate\":\"https:\/\/www.naturparkmagazin.de\/schwaebisch-fraenkischer-wald\/?s={search_term_string}\"},\"query-input\":\"required name=search_term_string\"}],\"inLanguage\":\"de\"},{\"@type\":\"Person\",\"@id\":\"https:\/\/www.naturparkmagazin.de\/schwaebisch-fraenkischer-wald\/#\/schema\/person\/f047a3702ae747fd7830cf8ac95e6066\",\"name\":\"Naturpark-Team\",\"sameAs\":[\"http:\/\/www.naturpark-sfw.de\",\"https:\/\/www.facebook.com\/naturparkSFW\"],\"url\":\"https:\/\/www.naturparkmagazin.de\/schwaebisch-fraenkischer-wald\/author\/bernharddrixler\/\"}]}<\/script>\n<!-- \/ Yoast SEO plugin. -->","yoast_head_json":{"title":"Die Kommunen im Naturpark: Gemeinde Pfedelbach - Naturpark Schw\u00e4bisch-Fr\u00e4nkischer Wald","robots":{"index":"index","follow":"follow","max-snippet":"max-snippet:-1","max-image-preview":"max-image-preview:large","max-video-preview":"max-video-preview:-1"},"canonical":"https:\/\/www.naturparkmagazin.de\/schwaebisch-fraenkischer-wald\/die-kommunen-im-naturpark-gemeinde-pfedelbach\/","og_locale":"de_DE","og_type":"article","og_title":"Die Kommunen im Naturpark: Gemeinde Pfedelbach - Naturpark Schw\u00e4bisch-Fr\u00e4nkischer Wald","og_description":"W\u00e4lder, Wiesen, Wasser und Wein in der Naturpark-Gemeinde Pfedelbach erleben","og_url":"https:\/\/www.naturparkmagazin.de\/schwaebisch-fraenkischer-wald\/die-kommunen-im-naturpark-gemeinde-pfedelbach\/","og_site_name":"Naturpark Schw\u00e4bisch-Fr\u00e4nkischer Wald","article_author":"https:\/\/www.facebook.com\/naturparkSFW","article_published_time":"2016-08-18T09:26:32+00:00","article_modified_time":"2016-08-17T09:41:33+00:00","og_image":[{"width":200,"height":200,"url":"https:\/\/www.naturparkmagazin.de\/schwaebisch-fraenkischer-wald\/wp-content\/uploads\/sites\/34\/P5040044.jpg","type":"image\/jpeg"}],"author":"Naturpark-Team","twitter_misc":{"Verfasst von":"Naturpark-Team","Gesch\u00e4tzte Lesezeit":"1\u00a0Minute"},"schema":{"@context":"https:\/\/schema.org","@graph":[{"@type":"WebPage","@id":"https:\/\/www.naturparkmagazin.de\/schwaebisch-fraenkischer-wald\/die-kommunen-im-naturpark-gemeinde-pfedelbach\/","url":"https:\/\/www.naturparkmagazin.de\/schwaebisch-fraenkischer-wald\/die-kommunen-im-naturpark-gemeinde-pfedelbach\/","name":"Die Kommunen im Naturpark: Gemeinde Pfedelbach - Naturpark Schw\u00e4bisch-Fr\u00e4nkischer Wald","isPartOf":{"@id":"https:\/\/www.naturparkmagazin.de\/schwaebisch-fraenkischer-wald\/#website"},"datePublished":"2016-08-18T09:26:32+00:00","dateModified":"2016-08-17T09:41:33+00:00","author":{"@id":"https:\/\/www.naturparkmagazin.de\/schwaebisch-fraenkischer-wald\/#\/schema\/person\/f047a3702ae747fd7830cf8ac95e6066"},"breadcrumb":{"@id":"https:\/\/www.naturparkmagazin.de\/schwaebisch-fraenkischer-wald\/die-kommunen-im-naturpark-gemeinde-pfedelbach\/#breadcrumb"},"inLanguage":"de","potentialAction":[{"@type":"ReadAction","target":["https:\/\/www.naturparkmagazin.de\/schwaebisch-fraenkischer-wald\/die-kommunen-im-naturpark-gemeinde-pfedelbach\/"]}]},{"@type":"BreadcrumbList","@id":"https:\/\/www.naturparkmagazin.de\/schwaebisch-fraenkischer-wald\/die-kommunen-im-naturpark-gemeinde-pfedelbach\/#breadcrumb","itemListElement":[{"@type":"ListItem","position":1,"name":"Home","item":"https:\/\/www.naturparkmagazin.de\/schwaebisch-fraenkischer-wald\/"},{"@type":"ListItem","position":2,"name":"Die Kommunen im Naturpark: Gemeinde Pfedelbach"}]},{"@type":"WebSite","@id":"https:\/\/www.naturparkmagazin.de\/schwaebisch-fraenkischer-wald\/#website","url":"https:\/\/www.naturparkmagazin.de\/schwaebisch-fraenkischer-wald\/","name":"Naturpark Schw\u00e4bisch-Fr\u00e4nkischer Wald","description":"","potentialAction":[{"@type":"SearchAction","target":{"@type":"EntryPoint","urlTemplate":"https:\/\/www.naturparkmagazin.de\/schwaebisch-fraenkischer-wald\/?s={search_term_string}"},"query-input":"required name=search_term_string"}],"inLanguage":"de"},{"@type":"Person","@id":"https:\/\/www.naturparkmagazin.de\/schwaebisch-fraenkischer-wald\/#\/schema\/person\/f047a3702ae747fd7830cf8ac95e6066","name":"Naturpark-Team","sameAs":["http:\/\/www.naturpark-sfw.de","https:\/\/www.facebook.com\/naturparkSFW"],"url":"https:\/\/www.naturparkmagazin.de\/schwaebisch-fraenkischer-wald\/author\/bernharddrixler\/"}]}},"_links":{"self":[{"href":"https:\/\/www.naturparkmagazin.de\/schwaebisch-fraenkischer-wald\/wp-json\/wp\/v2\/posts\/3872"}],"collection":[{"href":"https:\/\/www.naturparkmagazin.de\/schwaebisch-fraenkischer-wald\/wp-json\/wp\/v2\/posts"}],"about":[{"href":"https:\/\/www.naturparkmagazin.de\/schwaebisch-fraenkischer-wald\/wp-json\/wp\/v2\/types\/post"}],"author":[{"embeddable":true,"href":"https:\/\/www.naturparkmagazin.de\/schwaebisch-fraenkischer-wald\/wp-json\/wp\/v2\/users\/25"}],"replies":[{"embeddable":true,"href":"https:\/\/www.naturparkmagazin.de\/schwaebisch-fraenkischer-wald\/wp-json\/wp\/v2\/comments?post=3872"}],"version-history":[{"count":2,"href":"https:\/\/www.naturparkmagazin.de\/schwaebisch-fraenkischer-wald\/wp-json\/wp\/v2\/posts\/3872\/revisions"}],"predecessor-version":[{"id":3876,"href":"https:\/\/www.naturparkmagazin.de\/schwaebisch-fraenkischer-wald\/wp-json\/wp\/v2\/posts\/3872\/revisions\/3876"}],"wp:featuredmedia":[{"embeddable":true,"href":"https:\/\/www.naturparkmagazin.de\/schwaebisch-fraenkischer-wald\/wp-json\/wp\/v2\/media\/3873"}],"wp:attachment":[{"href":"https:\/\/www.naturparkmagazin.de\/schwaebisch-fraenkischer-wald\/wp-json\/wp\/v2\/media?parent=3872"}],"wp:term":[{"taxonomy":"category","embeddable":true,"href":"https:\/\/www.naturparkmagazin.de\/schwaebisch-fraenkischer-wald\/wp-json\/wp\/v2\/categories?post=3872"},{"taxonomy":"post_tag","embeddable":true,"href":"https:\/\/www.naturparkmagazin.de\/schwaebisch-fraenkischer-wald\/wp-json\/wp\/v2\/tags?post=3872"}],"curies":[{"name":"wp","href":"https:\/\/api.w.org\/{rel}","templated":true}]}}