{"id":3911,"date":"2016-09-16T15:52:02","date_gmt":"2016-09-16T13:52:02","guid":{"rendered":"http:\/\/www.naturparkmagazin.de\/schwaebisch-fraenkischer-wald\/?p=3911"},"modified":"2016-09-15T16:28:50","modified_gmt":"2016-09-15T14:28:50","slug":"13-heinrieter-dorf-und-bauernmarkt","status":"publish","type":"post","link":"https:\/\/www.naturparkmagazin.de\/schwaebisch-fraenkischer-wald\/13-heinrieter-dorf-und-bauernmarkt\/","title":{"rendered":"13. Heinrieter Dorf- und Bauernmarkt"},"content":{"rendered":"<p>15. und 16. Oktober 2016<a href=\"https:\/\/www.naturparkmagazin.de\/schwaebisch-fraenkischer-wald\/wp-content\/uploads\/sites\/34\/P1050051.jpg\"><img decoding=\"async\" loading=\"lazy\" class=\"alignright size-full wp-image-3912\" src=\"https:\/\/www.naturparkmagazin.de\/schwaebisch-fraenkischer-wald\/wp-content\/uploads\/sites\/34\/P1050051.jpg\" alt=\"Heinrieter Dorf- und Bauernmarkt \" width=\"200\" height=\"200\" srcset=\"https:\/\/www.naturparkmagazin.de\/schwaebisch-fraenkischer-wald\/wp-content\/uploads\/sites\/34\/P1050051.jpg 200w, https:\/\/www.naturparkmagazin.de\/schwaebisch-fraenkischer-wald\/wp-content\/uploads\/sites\/34\/P1050051-30x30.jpg 30w\" sizes=\"(max-width: 200px) 100vw, 200px\" \/><\/a><\/p>\n<p>Der Heinrieter Dorf \u2013 und Bauernmarkt ist nicht nur Markt sondern ein buntes Freizeitvergn\u00fcgen f\u00fcr die ganze Familie beliebt bei Besuchern (ca. 15.000 in 2015) wie Ausstellern u.a. wegen seines besonderen Flairs, der famili\u00e4ren Atmosph\u00e4re, der sch\u00f6nen Umgebung und vor allem wegen seines nicht allt\u00e4glichen, \u00e4u\u00dferst vielseitigen Angebots pr\u00e4sentiert von ca. 90 Ausstellern:<\/p>\n<p>Breite Produktpalette aus eigener Herstellung der Anbieter (keine Handelsware) auf hohem Qualit\u00e4ts- aber moderatem Preisniveau; dazu geh\u00f6ren:<\/p>\n<ul>\n<li><strong>Nahrungs- und Genussmittel<\/strong> aller Art (z.B. alle g\u00e4ngigen Fleischsorten einschl. Wild, Milchprodukte, Garten- und Feldfr\u00fcchte, italienische und t\u00fcrkische Spezialit\u00e4ten, verschiedenste S\u00fc\u00dfwaren, Gew\u00fcrze, Spirituosen\/Getr\u00e4nke und vieles mehr)<\/li>\n<li><strong>Kunst und Kunsthandwerkliches<\/strong> wie handbemaltes Porzellan, Schmuck, Holzkunst usw.<\/li>\n<li><strong>\u201eSch\u00f6nes und N\u00fctzliches f\u00fcr Haus und Garten\u201c<\/strong> wie u.a. Naturseifen, T\u00f6pferwaren, Lederartikel, Pflanzen\/Blumen<\/li>\n<li><strong>Textiles<\/strong> (Handgewebtes, pflanzengef\u00e4rbte Stoffe, Gefilztes, Gestricktes\/Gesticktes\/Geh\u00e4keltes, (Kinder-)Kleidung Buntes <a href=\"https:\/\/www.naturparkmagazin.de\/schwaebisch-fraenkischer-wald\/wp-content\/uploads\/sites\/34\/P1050047.jpg\"><img decoding=\"async\" loading=\"lazy\" class=\"alignright size-full wp-image-3913\" src=\"https:\/\/www.naturparkmagazin.de\/schwaebisch-fraenkischer-wald\/wp-content\/uploads\/sites\/34\/P1050047.jpg\" alt=\"Heinrieter Dorf- und Bauernmarkt \" width=\"200\" height=\"200\" srcset=\"https:\/\/www.naturparkmagazin.de\/schwaebisch-fraenkischer-wald\/wp-content\/uploads\/sites\/34\/P1050047.jpg 200w, https:\/\/www.naturparkmagazin.de\/schwaebisch-fraenkischer-wald\/wp-content\/uploads\/sites\/34\/P1050047-30x30.jpg 30w\" sizes=\"(max-width: 200px) 100vw, 200px\" \/><\/a><\/li>\n<\/ul>\n<p><strong>Buntes Rahmenprogramm interessant f\u00fcr Jung und Alt <\/strong>mit Informationen \u00fcber traditionelle Herstellungsverfahren \/ Natur und Wald \/ Greifv\u00f6gel \/ regionale Touristik usw. aber auch Aktivit\u00e4ten wie Bogenschie\u00dfen \/ Kinderprogramm (Malen, Schminken, Ponyreiten, Karussell, M\u00e4rchenerz\u00e4hlungen) \/ Kutschfahrten sowie eine Tombola mit vielen interessanten Gewinnen<\/p>\n<p><strong>Lukullische Vielfalt <\/strong>mit bekannten und beliebten Gerichten wie z.B. Maultaschenvariationen, gr\u00fcnen Kuchen, italienischen oder t\u00fcrkischen Antipasti aber auch echten Spezialit\u00e4ten wie Wildschweinleberk\u00e4s, im \u201eSmoker\u201c ger\u00e4uchertes Fleisch, Auswahl ger\u00e4ucherter Fische oder \u201es\u00fc\u00dfe Verf\u00fchrungen\u201c der Heinrieter Landfrauen, \u201eBauernhofeis\u201c, Schokofr\u00fcchte etc.<\/p>\n<p>Nat\u00fcrlich auch mit gro\u00dfer Getr\u00e4nkeauswahl: alkoholisch (Biere, Wein und Fruchtweine, Most,\u00a0 verschiedenste Spirituosen wie z.B \u201eschw\u00e4bischer Whisky\u201c, Lik\u00f6re) nicht alkoholisch (frisch gepresster Apfelsaft, S\u00e4fte, Kaffee \u2026)<a href=\"https:\/\/www.naturparkmagazin.de\/schwaebisch-fraenkischer-wald\/wp-content\/uploads\/sites\/34\/P1050076.jpg\"><img decoding=\"async\" loading=\"lazy\" class=\"alignright size-full wp-image-3914\" src=\"https:\/\/www.naturparkmagazin.de\/schwaebisch-fraenkischer-wald\/wp-content\/uploads\/sites\/34\/P1050076.jpg\" alt=\"Heinrieter Dorf- und Bauernmarkt \" width=\"200\" height=\"200\" srcset=\"https:\/\/www.naturparkmagazin.de\/schwaebisch-fraenkischer-wald\/wp-content\/uploads\/sites\/34\/P1050076.jpg 200w, https:\/\/www.naturparkmagazin.de\/schwaebisch-fraenkischer-wald\/wp-content\/uploads\/sites\/34\/P1050076-30x30.jpg 30w\" sizes=\"(max-width: 200px) 100vw, 200px\" \/><\/a><\/p>\n<p>Der Besuch der Veranstaltung einschl. Parken ist kostenlos. Auch in diesem Jahr steht der Boschparkplatz in Abstatt zur Verf\u00fcgung, verbunden mit einem st\u00e4ndig verkehrenden, kostenlosen Shuttle-Service zum Markt. Zufahrt von der Verbindungsstra\u00dfe zwischen Abstatt und Unterheinriet. (Achten Sie bitte auf die Ausschilderung). Es wird dringend empfohlen, diese M\u00f6glichkeit zu nutzen, da in Heinriet aufgrund von Stra\u00dfenbauarbeiten keine Parkpl\u00e4tze zur Verf\u00fcgung stehen.<\/p>\n<p>Weitere Informationen mit Fotogalerie unter <a href=\"http:\/\/www.heinrieterdorfundbauernmarkt.de\/\"><strong>www.heinrieterdorfundbauernmarkt.de<\/strong><\/a><\/p>\n<p>Der Markt findet jeweils von 11\u00b0\u00b0- 18\u00b0\u00b0 in der Hohenriethalle in Untergruppenbach-Unterheinriet statt.<\/p>\n","protected":false},"excerpt":{"rendered":"<p>15. und 16.10.: Heinrieter Dorf- und Bauernmarkt<\/p>\n","protected":false},"author":25,"featured_media":3912,"comment_status":"open","ping_status":"open","sticky":false,"template":"","format":"standard","meta":[],"categories":[617],"tags":[508],"yoast_head":"<!-- This site is optimized with the Yoast SEO plugin v19.10 - https:\/\/yoast.com\/wordpress\/plugins\/seo\/ -->\n<title>13. Heinrieter Dorf- und Bauernmarkt - Naturpark Schw\u00e4bisch-Fr\u00e4nkischer Wald<\/title>\n<meta name=\"robots\" content=\"index, follow, max-snippet:-1, max-image-preview:large, max-video-preview:-1\" \/>\n<link rel=\"canonical\" href=\"https:\/\/www.naturparkmagazin.de\/schwaebisch-fraenkischer-wald\/13-heinrieter-dorf-und-bauernmarkt\/\" \/>\n<meta property=\"og:locale\" content=\"de_DE\" \/>\n<meta property=\"og:type\" content=\"article\" \/>\n<meta property=\"og:title\" content=\"13. Heinrieter Dorf- und Bauernmarkt - Naturpark Schw\u00e4bisch-Fr\u00e4nkischer Wald\" \/>\n<meta property=\"og:description\" content=\"15. und 16.10.: Heinrieter Dorf- und Bauernmarkt\" \/>\n<meta property=\"og:url\" content=\"https:\/\/www.naturparkmagazin.de\/schwaebisch-fraenkischer-wald\/13-heinrieter-dorf-und-bauernmarkt\/\" \/>\n<meta property=\"og:site_name\" content=\"Naturpark Schw\u00e4bisch-Fr\u00e4nkischer Wald\" \/>\n<meta property=\"article:author\" content=\"https:\/\/www.facebook.com\/naturparkSFW\" \/>\n<meta property=\"article:published_time\" content=\"2016-09-16T13:52:02+00:00\" \/>\n<meta property=\"article:modified_time\" content=\"2016-09-15T14:28:50+00:00\" \/>\n<meta property=\"og:image\" content=\"https:\/\/www.naturparkmagazin.de\/schwaebisch-fraenkischer-wald\/wp-content\/uploads\/sites\/34\/P1050051.jpg\" \/>\n\t<meta property=\"og:image:width\" content=\"200\" \/>\n\t<meta property=\"og:image:height\" content=\"200\" \/>\n\t<meta property=\"og:image:type\" content=\"image\/jpeg\" \/>\n<meta name=\"author\" content=\"Naturpark-Team\" \/>\n<meta name=\"twitter:label1\" content=\"Verfasst von\" \/>\n\t<meta name=\"twitter:data1\" content=\"Naturpark-Team\" \/>\n\t<meta name=\"twitter:label2\" content=\"Gesch\u00e4tzte Lesezeit\" \/>\n\t<meta name=\"twitter:data2\" content=\"2\u00a0Minuten\" \/>\n<script type=\"application\/ld+json\" class=\"yoast-schema-graph\">{\"@context\":\"https:\/\/schema.org\",\"@graph\":[{\"@type\":\"WebPage\",\"@id\":\"https:\/\/www.naturparkmagazin.de\/schwaebisch-fraenkischer-wald\/13-heinrieter-dorf-und-bauernmarkt\/\",\"url\":\"https:\/\/www.naturparkmagazin.de\/schwaebisch-fraenkischer-wald\/13-heinrieter-dorf-und-bauernmarkt\/\",\"name\":\"13. Heinrieter Dorf- und Bauernmarkt - Naturpark Schw\u00e4bisch-Fr\u00e4nkischer Wald\",\"isPartOf\":{\"@id\":\"https:\/\/www.naturparkmagazin.de\/schwaebisch-fraenkischer-wald\/#website\"},\"datePublished\":\"2016-09-16T13:52:02+00:00\",\"dateModified\":\"2016-09-15T14:28:50+00:00\",\"author\":{\"@id\":\"https:\/\/www.naturparkmagazin.de\/schwaebisch-fraenkischer-wald\/#\/schema\/person\/f047a3702ae747fd7830cf8ac95e6066\"},\"breadcrumb\":{\"@id\":\"https:\/\/www.naturparkmagazin.de\/schwaebisch-fraenkischer-wald\/13-heinrieter-dorf-und-bauernmarkt\/#breadcrumb\"},\"inLanguage\":\"de\",\"potentialAction\":[{\"@type\":\"ReadAction\",\"target\":[\"https:\/\/www.naturparkmagazin.de\/schwaebisch-fraenkischer-wald\/13-heinrieter-dorf-und-bauernmarkt\/\"]}]},{\"@type\":\"BreadcrumbList\",\"@id\":\"https:\/\/www.naturparkmagazin.de\/schwaebisch-fraenkischer-wald\/13-heinrieter-dorf-und-bauernmarkt\/#breadcrumb\",\"itemListElement\":[{\"@type\":\"ListItem\",\"position\":1,\"name\":\"Home\",\"item\":\"https:\/\/www.naturparkmagazin.de\/schwaebisch-fraenkischer-wald\/\"},{\"@type\":\"ListItem\",\"position\":2,\"name\":\"13. Heinrieter Dorf- und Bauernmarkt\"}]},{\"@type\":\"WebSite\",\"@id\":\"https:\/\/www.naturparkmagazin.de\/schwaebisch-fraenkischer-wald\/#website\",\"url\":\"https:\/\/www.naturparkmagazin.de\/schwaebisch-fraenkischer-wald\/\",\"name\":\"Naturpark Schw\u00e4bisch-Fr\u00e4nkischer Wald\",\"description\":\"\",\"potentialAction\":[{\"@type\":\"SearchAction\",\"target\":{\"@type\":\"EntryPoint\",\"urlTemplate\":\"https:\/\/www.naturparkmagazin.de\/schwaebisch-fraenkischer-wald\/?s={search_term_string}\"},\"query-input\":\"required name=search_term_string\"}],\"inLanguage\":\"de\"},{\"@type\":\"Person\",\"@id\":\"https:\/\/www.naturparkmagazin.de\/schwaebisch-fraenkischer-wald\/#\/schema\/person\/f047a3702ae747fd7830cf8ac95e6066\",\"name\":\"Naturpark-Team\",\"sameAs\":[\"http:\/\/www.naturpark-sfw.de\",\"https:\/\/www.facebook.com\/naturparkSFW\"],\"url\":\"https:\/\/www.naturparkmagazin.de\/schwaebisch-fraenkischer-wald\/author\/bernharddrixler\/\"}]}<\/script>\n<!-- \/ Yoast SEO plugin. -->","yoast_head_json":{"title":"13. Heinrieter Dorf- und Bauernmarkt - Naturpark Schw\u00e4bisch-Fr\u00e4nkischer Wald","robots":{"index":"index","follow":"follow","max-snippet":"max-snippet:-1","max-image-preview":"max-image-preview:large","max-video-preview":"max-video-preview:-1"},"canonical":"https:\/\/www.naturparkmagazin.de\/schwaebisch-fraenkischer-wald\/13-heinrieter-dorf-und-bauernmarkt\/","og_locale":"de_DE","og_type":"article","og_title":"13. Heinrieter Dorf- und Bauernmarkt - Naturpark Schw\u00e4bisch-Fr\u00e4nkischer Wald","og_description":"15. und 16.10.: Heinrieter Dorf- und Bauernmarkt","og_url":"https:\/\/www.naturparkmagazin.de\/schwaebisch-fraenkischer-wald\/13-heinrieter-dorf-und-bauernmarkt\/","og_site_name":"Naturpark Schw\u00e4bisch-Fr\u00e4nkischer Wald","article_author":"https:\/\/www.facebook.com\/naturparkSFW","article_published_time":"2016-09-16T13:52:02+00:00","article_modified_time":"2016-09-15T14:28:50+00:00","og_image":[{"width":200,"height":200,"url":"https:\/\/www.naturparkmagazin.de\/schwaebisch-fraenkischer-wald\/wp-content\/uploads\/sites\/34\/P1050051.jpg","type":"image\/jpeg"}],"author":"Naturpark-Team","twitter_misc":{"Verfasst von":"Naturpark-Team","Gesch\u00e4tzte Lesezeit":"2\u00a0Minuten"},"schema":{"@context":"https:\/\/schema.org","@graph":[{"@type":"WebPage","@id":"https:\/\/www.naturparkmagazin.de\/schwaebisch-fraenkischer-wald\/13-heinrieter-dorf-und-bauernmarkt\/","url":"https:\/\/www.naturparkmagazin.de\/schwaebisch-fraenkischer-wald\/13-heinrieter-dorf-und-bauernmarkt\/","name":"13. Heinrieter Dorf- und Bauernmarkt - Naturpark Schw\u00e4bisch-Fr\u00e4nkischer Wald","isPartOf":{"@id":"https:\/\/www.naturparkmagazin.de\/schwaebisch-fraenkischer-wald\/#website"},"datePublished":"2016-09-16T13:52:02+00:00","dateModified":"2016-09-15T14:28:50+00:00","author":{"@id":"https:\/\/www.naturparkmagazin.de\/schwaebisch-fraenkischer-wald\/#\/schema\/person\/f047a3702ae747fd7830cf8ac95e6066"},"breadcrumb":{"@id":"https:\/\/www.naturparkmagazin.de\/schwaebisch-fraenkischer-wald\/13-heinrieter-dorf-und-bauernmarkt\/#breadcrumb"},"inLanguage":"de","potentialAction":[{"@type":"ReadAction","target":["https:\/\/www.naturparkmagazin.de\/schwaebisch-fraenkischer-wald\/13-heinrieter-dorf-und-bauernmarkt\/"]}]},{"@type":"BreadcrumbList","@id":"https:\/\/www.naturparkmagazin.de\/schwaebisch-fraenkischer-wald\/13-heinrieter-dorf-und-bauernmarkt\/#breadcrumb","itemListElement":[{"@type":"ListItem","position":1,"name":"Home","item":"https:\/\/www.naturparkmagazin.de\/schwaebisch-fraenkischer-wald\/"},{"@type":"ListItem","position":2,"name":"13. Heinrieter Dorf- und Bauernmarkt"}]},{"@type":"WebSite","@id":"https:\/\/www.naturparkmagazin.de\/schwaebisch-fraenkischer-wald\/#website","url":"https:\/\/www.naturparkmagazin.de\/schwaebisch-fraenkischer-wald\/","name":"Naturpark Schw\u00e4bisch-Fr\u00e4nkischer Wald","description":"","potentialAction":[{"@type":"SearchAction","target":{"@type":"EntryPoint","urlTemplate":"https:\/\/www.naturparkmagazin.de\/schwaebisch-fraenkischer-wald\/?s={search_term_string}"},"query-input":"required name=search_term_string"}],"inLanguage":"de"},{"@type":"Person","@id":"https:\/\/www.naturparkmagazin.de\/schwaebisch-fraenkischer-wald\/#\/schema\/person\/f047a3702ae747fd7830cf8ac95e6066","name":"Naturpark-Team","sameAs":["http:\/\/www.naturpark-sfw.de","https:\/\/www.facebook.com\/naturparkSFW"],"url":"https:\/\/www.naturparkmagazin.de\/schwaebisch-fraenkischer-wald\/author\/bernharddrixler\/"}]}},"_links":{"self":[{"href":"https:\/\/www.naturparkmagazin.de\/schwaebisch-fraenkischer-wald\/wp-json\/wp\/v2\/posts\/3911"}],"collection":[{"href":"https:\/\/www.naturparkmagazin.de\/schwaebisch-fraenkischer-wald\/wp-json\/wp\/v2\/posts"}],"about":[{"href":"https:\/\/www.naturparkmagazin.de\/schwaebisch-fraenkischer-wald\/wp-json\/wp\/v2\/types\/post"}],"author":[{"embeddable":true,"href":"https:\/\/www.naturparkmagazin.de\/schwaebisch-fraenkischer-wald\/wp-json\/wp\/v2\/users\/25"}],"replies":[{"embeddable":true,"href":"https:\/\/www.naturparkmagazin.de\/schwaebisch-fraenkischer-wald\/wp-json\/wp\/v2\/comments?post=3911"}],"version-history":[{"count":1,"href":"https:\/\/www.naturparkmagazin.de\/schwaebisch-fraenkischer-wald\/wp-json\/wp\/v2\/posts\/3911\/revisions"}],"predecessor-version":[{"id":3915,"href":"https:\/\/www.naturparkmagazin.de\/schwaebisch-fraenkischer-wald\/wp-json\/wp\/v2\/posts\/3911\/revisions\/3915"}],"wp:featuredmedia":[{"embeddable":true,"href":"https:\/\/www.naturparkmagazin.de\/schwaebisch-fraenkischer-wald\/wp-json\/wp\/v2\/media\/3912"}],"wp:attachment":[{"href":"https:\/\/www.naturparkmagazin.de\/schwaebisch-fraenkischer-wald\/wp-json\/wp\/v2\/media?parent=3911"}],"wp:term":[{"taxonomy":"category","embeddable":true,"href":"https:\/\/www.naturparkmagazin.de\/schwaebisch-fraenkischer-wald\/wp-json\/wp\/v2\/categories?post=3911"},{"taxonomy":"post_tag","embeddable":true,"href":"https:\/\/www.naturparkmagazin.de\/schwaebisch-fraenkischer-wald\/wp-json\/wp\/v2\/tags?post=3911"}],"curies":[{"name":"wp","href":"https:\/\/api.w.org\/{rel}","templated":true}]}}