{"id":392,"date":"2013-10-30T16:57:09","date_gmt":"2013-10-30T14:57:09","guid":{"rendered":"http:\/\/www.naturparkmagazin.de\/schwaebisch-fraenkischer-wald\/?p=392"},"modified":"2013-11-05T18:37:58","modified_gmt":"2013-11-05T16:37:58","slug":"qualitaet-ueberzeugt-erneut-qualitaets-naturpark","status":"publish","type":"post","link":"https:\/\/www.naturparkmagazin.de\/schwaebisch-fraenkischer-wald\/qualitaet-ueberzeugt-erneut-qualitaets-naturpark\/","title":{"rendered":"Qualit\u00e4t \u00fcberzeugt &#8211; erneut Qualit\u00e4ts-Naturpark!"},"content":{"rendered":"<p>Der Naturpark Schw\u00e4bisch-Fr\u00e4nkischer Wald ist im September zum zweiten Mal als Qualit\u00e4ts-Naturpark ausgezeichnet worden. Die erste Auszeichnung erfolgte bereits 2007. Die nun erhaltene zweite Auszeichnung ist bis 2018 g\u00fcltig.<\/p>\n<p>Das Projekt &#8222;Qualit\u00e4tsoffensive Naturparke&#8220; wurde 2006 vom Verband Deutschen Naturparke (VDN) zusammen mit Europarc Deutschland, dem Bundesamt f\u00fcr Naturschutz und dem Bundesumweltministerium initiiert. W\u00e4hrend des Verfahrens m\u00fcssen die Naturparke rund 100 Fragen zu ihrer Arbeit beantworten, die sich in folgenden f\u00fcnf Handlungsfelder untergliedern: Management und Organisation, Naturschutz und Landschaftspflege, Erholung und nachhaltiger Tourismus, Umweltbildung und Kommunikation sowie nachhaltige Regionalentwicklung. Anhand eines umfangreichen Kriterienkataloges werden die Angebote und Leistungen der Naturparke bewertet. Jeder teilnehmende Naturpark wird im Anschluss von einem sogenannten \u201eQualit\u00e4ts-Scout\u201c bereist, evaluiert und beraten. Ziel des Projekts ist es, die Qualit\u00e4t der Arbeit und die Angebote der Naturparke bundesweit stetig zu steigern und ihnen damit gleichzeitig ein Instrument zur Selbsteinsch\u00e4tzung zur Verf\u00fcgung zu stellen.<\/p>\n<p><a href=\"https:\/\/www.naturparkmagazin.de\/schwaebisch-fraenkischer-wald\/wp-content\/uploads\/sites\/34\/2013_NaturparkSFW_QOffensive_SFW2.jpg\"><img decoding=\"async\" loading=\"lazy\" class=\"size-thumbnail wp-image-421  alignright\" title=\"Bernhard Drixler nimmt die Qualit\u00e4tsauszeichnung entgegen\" alt=\"Naturparkgesch\u00e4ftsf\u00fchrer Bernhard Drixler nimmt die Qualit\u00e4tsauszeichnung entgegen\" src=\"https:\/\/www.naturparkmagazin.de\/schwaebisch-fraenkischer-wald\/wp-content\/uploads\/sites\/34\/2013_NaturparkSFW_QOffensive_SFW2-300x200.jpg\" width=\"300\" height=\"200\" srcset=\"https:\/\/www.naturparkmagazin.de\/schwaebisch-fraenkischer-wald\/wp-content\/uploads\/sites\/34\/2013_NaturparkSFW_QOffensive_SFW2-300x200.jpg 300w, https:\/\/www.naturparkmagazin.de\/schwaebisch-fraenkischer-wald\/wp-content\/uploads\/sites\/34\/2013_NaturparkSFW_QOffensive_SFW2-620x413.jpg 620w, https:\/\/www.naturparkmagazin.de\/schwaebisch-fraenkischer-wald\/wp-content\/uploads\/sites\/34\/2013_NaturparkSFW_QOffensive_SFW2-940x627.jpg 940w, https:\/\/www.naturparkmagazin.de\/schwaebisch-fraenkischer-wald\/wp-content\/uploads\/sites\/34\/2013_NaturparkSFW_QOffensive_SFW2-670x447.jpg 670w, https:\/\/www.naturparkmagazin.de\/schwaebisch-fraenkischer-wald\/wp-content\/uploads\/sites\/34\/2013_NaturparkSFW_QOffensive_SFW2-200x133.jpg 200w, https:\/\/www.naturparkmagazin.de\/schwaebisch-fraenkischer-wald\/wp-content\/uploads\/sites\/34\/2013_NaturparkSFW_QOffensive_SFW2.jpg 1500w\" sizes=\"(max-width: 300px) 100vw, 300px\" \/><\/a><\/p>\n<p>Der Naturpark Schw\u00e4bisch-Fr\u00e4nkischer Wald kann sich \u00fcber ein sehr gutes Ergebnis bei der Rezertifizierung freuen. Bei der Vorort-Kontrolle wurden von Naturparkscout Werner Dexheimer, Naturpark Pf\u00e4lzer Wald, eine Auswahl von Projekten sowie die Gesamtsituation des Naturparks \u00fcberpr\u00fcft. Das Resultat: Der Naturpark konnte sich bei den Kriterien in verschiedenen Bereichen wie Umweltbildung und Kommunikation und Erholung und nachhaltiger Tourismus verbessern. Besonders hervorgehoben wurde das Engagement des Naturparks bei den Themen Umweltbildung und Barrierefreiheit. Au\u00dferdem wurden Projekte wie die \u201eNaturparkm\u00e4rkte\u201c oder den \u201eBrunch auf dem Bauernhof\u201c sehr positiv bewertet. Im Handlungsfeld Naturschutz und Landschaftspflege sind noch deutliche Entwicklungspotentiale vorhanden. Der Naturpark Schw\u00e4bisch-Fr\u00e4nkischer Wald hat sein insgesamt sehr gutes Abschneiden sowohl der umfangreichen Zusammenarbeit mit den Mitgliedskommunen und Ehrenamtlichen als auch seinen vielf\u00e4ltigen und innovativen Projekten zu verdanken.<\/p>\n<p>Insgesamt d\u00fcrfen 66 von den 104 deutschen Naturparken den Titel Qualit\u00e4ts-Naturpark tragen. Weitere Informationen zur \u201eQualit\u00e4tsoffensive der Naturparke&#8220; finden Sie auf den Seiten des Bundesverbandes deutscher Naturparke (VDN) <a href=\"http:\/\/www.naturparke.de\" target=\"_blank\">www.naturparke.de<\/a> und des Naturparks <a href=\"http:\/\/www.naturpark-sfw.de\" target=\"_blank\">www.naturpark-sfw.de<\/a>.<\/p>\n","protected":false},"excerpt":{"rendered":"<p>Der Naturpark Schw\u00e4bisch-Fr\u00e4nkischer Wald ist im September zum zweiten Mal als Qualit\u00e4ts-Naturpark ausgezeichnet worden. <\/p>\n","protected":false},"author":25,"featured_media":421,"comment_status":"open","ping_status":"open","sticky":false,"template":"","format":"standard","meta":[],"categories":[7],"tags":[],"yoast_head":"<!-- This site is optimized with the Yoast SEO plugin v19.10 - https:\/\/yoast.com\/wordpress\/plugins\/seo\/ -->\n<title>Qualit\u00e4t \u00fcberzeugt - erneut Qualit\u00e4ts-Naturpark! - Naturpark Schw\u00e4bisch-Fr\u00e4nkischer Wald<\/title>\n<meta name=\"robots\" content=\"index, follow, max-snippet:-1, max-image-preview:large, max-video-preview:-1\" \/>\n<link rel=\"canonical\" href=\"https:\/\/www.naturparkmagazin.de\/schwaebisch-fraenkischer-wald\/qualitaet-ueberzeugt-erneut-qualitaets-naturpark\/\" \/>\n<meta property=\"og:locale\" content=\"de_DE\" \/>\n<meta property=\"og:type\" content=\"article\" \/>\n<meta property=\"og:title\" content=\"Qualit\u00e4t \u00fcberzeugt - erneut Qualit\u00e4ts-Naturpark! - Naturpark Schw\u00e4bisch-Fr\u00e4nkischer Wald\" \/>\n<meta property=\"og:description\" content=\"Der Naturpark Schw\u00e4bisch-Fr\u00e4nkischer Wald ist im September zum zweiten Mal als Qualit\u00e4ts-Naturpark ausgezeichnet worden.\" \/>\n<meta property=\"og:url\" content=\"https:\/\/www.naturparkmagazin.de\/schwaebisch-fraenkischer-wald\/qualitaet-ueberzeugt-erneut-qualitaets-naturpark\/\" \/>\n<meta property=\"og:site_name\" content=\"Naturpark Schw\u00e4bisch-Fr\u00e4nkischer Wald\" \/>\n<meta property=\"article:author\" content=\"https:\/\/www.facebook.com\/naturparkSFW\" \/>\n<meta property=\"article:published_time\" content=\"2013-10-30T14:57:09+00:00\" \/>\n<meta property=\"article:modified_time\" content=\"2013-11-05T16:37:58+00:00\" \/>\n<meta property=\"og:image\" content=\"https:\/\/www.naturparkmagazin.de\/schwaebisch-fraenkischer-wald\/wp-content\/uploads\/sites\/34\/2013_NaturparkSFW_QOffensive_SFW2.jpg\" \/>\n\t<meta property=\"og:image:width\" content=\"1500\" \/>\n\t<meta property=\"og:image:height\" content=\"1000\" \/>\n\t<meta property=\"og:image:type\" content=\"image\/jpeg\" \/>\n<meta name=\"author\" content=\"Naturpark-Team\" \/>\n<meta name=\"twitter:label1\" content=\"Verfasst von\" \/>\n\t<meta name=\"twitter:data1\" content=\"Naturpark-Team\" \/>\n\t<meta name=\"twitter:label2\" content=\"Gesch\u00e4tzte Lesezeit\" \/>\n\t<meta name=\"twitter:data2\" content=\"2\u00a0Minuten\" \/>\n<script type=\"application\/ld+json\" class=\"yoast-schema-graph\">{\"@context\":\"https:\/\/schema.org\",\"@graph\":[{\"@type\":\"WebPage\",\"@id\":\"https:\/\/www.naturparkmagazin.de\/schwaebisch-fraenkischer-wald\/qualitaet-ueberzeugt-erneut-qualitaets-naturpark\/\",\"url\":\"https:\/\/www.naturparkmagazin.de\/schwaebisch-fraenkischer-wald\/qualitaet-ueberzeugt-erneut-qualitaets-naturpark\/\",\"name\":\"Qualit\u00e4t \u00fcberzeugt - erneut Qualit\u00e4ts-Naturpark! - Naturpark Schw\u00e4bisch-Fr\u00e4nkischer Wald\",\"isPartOf\":{\"@id\":\"https:\/\/www.naturparkmagazin.de\/schwaebisch-fraenkischer-wald\/#website\"},\"datePublished\":\"2013-10-30T14:57:09+00:00\",\"dateModified\":\"2013-11-05T16:37:58+00:00\",\"author\":{\"@id\":\"https:\/\/www.naturparkmagazin.de\/schwaebisch-fraenkischer-wald\/#\/schema\/person\/f047a3702ae747fd7830cf8ac95e6066\"},\"breadcrumb\":{\"@id\":\"https:\/\/www.naturparkmagazin.de\/schwaebisch-fraenkischer-wald\/qualitaet-ueberzeugt-erneut-qualitaets-naturpark\/#breadcrumb\"},\"inLanguage\":\"de\",\"potentialAction\":[{\"@type\":\"ReadAction\",\"target\":[\"https:\/\/www.naturparkmagazin.de\/schwaebisch-fraenkischer-wald\/qualitaet-ueberzeugt-erneut-qualitaets-naturpark\/\"]}]},{\"@type\":\"BreadcrumbList\",\"@id\":\"https:\/\/www.naturparkmagazin.de\/schwaebisch-fraenkischer-wald\/qualitaet-ueberzeugt-erneut-qualitaets-naturpark\/#breadcrumb\",\"itemListElement\":[{\"@type\":\"ListItem\",\"position\":1,\"name\":\"Home\",\"item\":\"https:\/\/www.naturparkmagazin.de\/schwaebisch-fraenkischer-wald\/\"},{\"@type\":\"ListItem\",\"position\":2,\"name\":\"Qualit\u00e4t \u00fcberzeugt &#8211; erneut Qualit\u00e4ts-Naturpark!\"}]},{\"@type\":\"WebSite\",\"@id\":\"https:\/\/www.naturparkmagazin.de\/schwaebisch-fraenkischer-wald\/#website\",\"url\":\"https:\/\/www.naturparkmagazin.de\/schwaebisch-fraenkischer-wald\/\",\"name\":\"Naturpark Schw\u00e4bisch-Fr\u00e4nkischer Wald\",\"description\":\"\",\"potentialAction\":[{\"@type\":\"SearchAction\",\"target\":{\"@type\":\"EntryPoint\",\"urlTemplate\":\"https:\/\/www.naturparkmagazin.de\/schwaebisch-fraenkischer-wald\/?s={search_term_string}\"},\"query-input\":\"required name=search_term_string\"}],\"inLanguage\":\"de\"},{\"@type\":\"Person\",\"@id\":\"https:\/\/www.naturparkmagazin.de\/schwaebisch-fraenkischer-wald\/#\/schema\/person\/f047a3702ae747fd7830cf8ac95e6066\",\"name\":\"Naturpark-Team\",\"sameAs\":[\"http:\/\/www.naturpark-sfw.de\",\"https:\/\/www.facebook.com\/naturparkSFW\"],\"url\":\"https:\/\/www.naturparkmagazin.de\/schwaebisch-fraenkischer-wald\/author\/bernharddrixler\/\"}]}<\/script>\n<!-- \/ Yoast SEO plugin. -->","yoast_head_json":{"title":"Qualit\u00e4t \u00fcberzeugt - erneut Qualit\u00e4ts-Naturpark! - Naturpark Schw\u00e4bisch-Fr\u00e4nkischer Wald","robots":{"index":"index","follow":"follow","max-snippet":"max-snippet:-1","max-image-preview":"max-image-preview:large","max-video-preview":"max-video-preview:-1"},"canonical":"https:\/\/www.naturparkmagazin.de\/schwaebisch-fraenkischer-wald\/qualitaet-ueberzeugt-erneut-qualitaets-naturpark\/","og_locale":"de_DE","og_type":"article","og_title":"Qualit\u00e4t \u00fcberzeugt - erneut Qualit\u00e4ts-Naturpark! - Naturpark Schw\u00e4bisch-Fr\u00e4nkischer Wald","og_description":"Der Naturpark Schw\u00e4bisch-Fr\u00e4nkischer Wald ist im September zum zweiten Mal als Qualit\u00e4ts-Naturpark ausgezeichnet worden.","og_url":"https:\/\/www.naturparkmagazin.de\/schwaebisch-fraenkischer-wald\/qualitaet-ueberzeugt-erneut-qualitaets-naturpark\/","og_site_name":"Naturpark Schw\u00e4bisch-Fr\u00e4nkischer Wald","article_author":"https:\/\/www.facebook.com\/naturparkSFW","article_published_time":"2013-10-30T14:57:09+00:00","article_modified_time":"2013-11-05T16:37:58+00:00","og_image":[{"width":1500,"height":1000,"url":"https:\/\/www.naturparkmagazin.de\/schwaebisch-fraenkischer-wald\/wp-content\/uploads\/sites\/34\/2013_NaturparkSFW_QOffensive_SFW2.jpg","type":"image\/jpeg"}],"author":"Naturpark-Team","twitter_misc":{"Verfasst von":"Naturpark-Team","Gesch\u00e4tzte Lesezeit":"2\u00a0Minuten"},"schema":{"@context":"https:\/\/schema.org","@graph":[{"@type":"WebPage","@id":"https:\/\/www.naturparkmagazin.de\/schwaebisch-fraenkischer-wald\/qualitaet-ueberzeugt-erneut-qualitaets-naturpark\/","url":"https:\/\/www.naturparkmagazin.de\/schwaebisch-fraenkischer-wald\/qualitaet-ueberzeugt-erneut-qualitaets-naturpark\/","name":"Qualit\u00e4t \u00fcberzeugt - erneut Qualit\u00e4ts-Naturpark! - Naturpark Schw\u00e4bisch-Fr\u00e4nkischer Wald","isPartOf":{"@id":"https:\/\/www.naturparkmagazin.de\/schwaebisch-fraenkischer-wald\/#website"},"datePublished":"2013-10-30T14:57:09+00:00","dateModified":"2013-11-05T16:37:58+00:00","author":{"@id":"https:\/\/www.naturparkmagazin.de\/schwaebisch-fraenkischer-wald\/#\/schema\/person\/f047a3702ae747fd7830cf8ac95e6066"},"breadcrumb":{"@id":"https:\/\/www.naturparkmagazin.de\/schwaebisch-fraenkischer-wald\/qualitaet-ueberzeugt-erneut-qualitaets-naturpark\/#breadcrumb"},"inLanguage":"de","potentialAction":[{"@type":"ReadAction","target":["https:\/\/www.naturparkmagazin.de\/schwaebisch-fraenkischer-wald\/qualitaet-ueberzeugt-erneut-qualitaets-naturpark\/"]}]},{"@type":"BreadcrumbList","@id":"https:\/\/www.naturparkmagazin.de\/schwaebisch-fraenkischer-wald\/qualitaet-ueberzeugt-erneut-qualitaets-naturpark\/#breadcrumb","itemListElement":[{"@type":"ListItem","position":1,"name":"Home","item":"https:\/\/www.naturparkmagazin.de\/schwaebisch-fraenkischer-wald\/"},{"@type":"ListItem","position":2,"name":"Qualit\u00e4t \u00fcberzeugt &#8211; erneut Qualit\u00e4ts-Naturpark!"}]},{"@type":"WebSite","@id":"https:\/\/www.naturparkmagazin.de\/schwaebisch-fraenkischer-wald\/#website","url":"https:\/\/www.naturparkmagazin.de\/schwaebisch-fraenkischer-wald\/","name":"Naturpark Schw\u00e4bisch-Fr\u00e4nkischer Wald","description":"","potentialAction":[{"@type":"SearchAction","target":{"@type":"EntryPoint","urlTemplate":"https:\/\/www.naturparkmagazin.de\/schwaebisch-fraenkischer-wald\/?s={search_term_string}"},"query-input":"required name=search_term_string"}],"inLanguage":"de"},{"@type":"Person","@id":"https:\/\/www.naturparkmagazin.de\/schwaebisch-fraenkischer-wald\/#\/schema\/person\/f047a3702ae747fd7830cf8ac95e6066","name":"Naturpark-Team","sameAs":["http:\/\/www.naturpark-sfw.de","https:\/\/www.facebook.com\/naturparkSFW"],"url":"https:\/\/www.naturparkmagazin.de\/schwaebisch-fraenkischer-wald\/author\/bernharddrixler\/"}]}},"_links":{"self":[{"href":"https:\/\/www.naturparkmagazin.de\/schwaebisch-fraenkischer-wald\/wp-json\/wp\/v2\/posts\/392"}],"collection":[{"href":"https:\/\/www.naturparkmagazin.de\/schwaebisch-fraenkischer-wald\/wp-json\/wp\/v2\/posts"}],"about":[{"href":"https:\/\/www.naturparkmagazin.de\/schwaebisch-fraenkischer-wald\/wp-json\/wp\/v2\/types\/post"}],"author":[{"embeddable":true,"href":"https:\/\/www.naturparkmagazin.de\/schwaebisch-fraenkischer-wald\/wp-json\/wp\/v2\/users\/25"}],"replies":[{"embeddable":true,"href":"https:\/\/www.naturparkmagazin.de\/schwaebisch-fraenkischer-wald\/wp-json\/wp\/v2\/comments?post=392"}],"version-history":[{"count":8,"href":"https:\/\/www.naturparkmagazin.de\/schwaebisch-fraenkischer-wald\/wp-json\/wp\/v2\/posts\/392\/revisions"}],"predecessor-version":[{"id":457,"href":"https:\/\/www.naturparkmagazin.de\/schwaebisch-fraenkischer-wald\/wp-json\/wp\/v2\/posts\/392\/revisions\/457"}],"wp:featuredmedia":[{"embeddable":true,"href":"https:\/\/www.naturparkmagazin.de\/schwaebisch-fraenkischer-wald\/wp-json\/wp\/v2\/media\/421"}],"wp:attachment":[{"href":"https:\/\/www.naturparkmagazin.de\/schwaebisch-fraenkischer-wald\/wp-json\/wp\/v2\/media?parent=392"}],"wp:term":[{"taxonomy":"category","embeddable":true,"href":"https:\/\/www.naturparkmagazin.de\/schwaebisch-fraenkischer-wald\/wp-json\/wp\/v2\/categories?post=392"},{"taxonomy":"post_tag","embeddable":true,"href":"https:\/\/www.naturparkmagazin.de\/schwaebisch-fraenkischer-wald\/wp-json\/wp\/v2\/tags?post=392"}],"curies":[{"name":"wp","href":"https:\/\/api.w.org\/{rel}","templated":true}]}}