{"id":3931,"date":"2016-09-16T16:56:00","date_gmt":"2016-09-16T14:56:00","guid":{"rendered":"http:\/\/www.naturparkmagazin.de\/schwaebisch-fraenkischer-wald\/?p=3931"},"modified":"2016-09-15T17:06:46","modified_gmt":"2016-09-15T15:06:46","slug":"naturparkfoerderung-2017-ideen-fuer-die-region-gesucht","status":"publish","type":"post","link":"https:\/\/www.naturparkmagazin.de\/schwaebisch-fraenkischer-wald\/naturparkfoerderung-2017-ideen-fuer-die-region-gesucht\/","title":{"rendered":"Naturparkf\u00f6rderung 2017 \u2013 Ideen f\u00fcr die Region gesucht!"},"content":{"rendered":"<p>Sie m\u00f6chten als Kommune, Verein oder Privatperson die Region vorantreiben und ben\u00f6tigen hierf\u00fcr finanzielle Unterst\u00fctzung?<a href=\"https:\/\/www.naturparkmagazin.de\/schwaebisch-fraenkischer-wald\/wp-content\/uploads\/sites\/34\/Unbenannt.jpg\"><img decoding=\"async\" loading=\"lazy\" class=\"alignright size-full wp-image-3932\" src=\"https:\/\/www.naturparkmagazin.de\/schwaebisch-fraenkischer-wald\/wp-content\/uploads\/sites\/34\/Unbenannt.jpg\" alt=\"F\u00fcr das F\u00f6rderjahr 2017 k\u00f6nnen Sie bis ab sofort bis zum 15. Januar die Antr\u00e4ge einreichen\" width=\"200\" height=\"200\" srcset=\"https:\/\/www.naturparkmagazin.de\/schwaebisch-fraenkischer-wald\/wp-content\/uploads\/sites\/34\/Unbenannt.jpg 200w, https:\/\/www.naturparkmagazin.de\/schwaebisch-fraenkischer-wald\/wp-content\/uploads\/sites\/34\/Unbenannt-30x30.jpg 30w\" sizes=\"(max-width: 200px) 100vw, 200px\" \/><\/a><\/p>\n<p>Der Naturpark Schw\u00e4bisch-Fr\u00e4nkischer Wald unterst\u00fctzt Projekte und Ma\u00dfnahmen in den Bereichen \u00d6ffentlichkeitsarbeit, Entwicklung des Erholungswertes, St\u00e4rkung der regionalen Vermarktung und nat\u00fcrliches Erbe sowie kulturelles Erbe im l\u00e4ndlichen Raum. Die mit Mitteln des Landes Baden-W\u00fcrttembergs, der Lotterie Gl\u00fccksspirale und der Europ\u00e4ischen Union (ELER) bereitgestellte Naturparkf\u00f6rderung deckt je nach F\u00f6rderbereich einen bestimmten Teil der anfallenden Kosten ab. Den restlichen Eigenanteil bestreitet der Projekttr\u00e4ger selbst.<\/p>\n<p>F\u00fcr das F\u00f6rderjahr 2017 k\u00f6nnen Sie bis ab sofort bis zum 15. Januar die Antr\u00e4ge einreichen.<\/p>\n<p>Bitte setzen Sie sich fr\u00fchzeitig vor der Antragsstellung mit der Gesch\u00e4ftsstelle in Verbindung, wir beraten und informieren Sie gerne!<\/p>\n<p>Ansprechpartnerin f\u00fcr die Naturpark-F\u00f6rderung ist Meika Bakker:<\/p>\n<p>07192-213-887<\/p>\n<p><a href=\"mailto:meika.bakker@naturpark-sfw.de\">meika.bakker@naturpark-sfw.de<\/a><\/p>\n<p>Erstmals k\u00f6nnen Sie alle notwendigen Antragsunterlagen und Merkbl\u00e4tter zur Naturparkf\u00f6rderung auf unserer Homepage einsehen:<\/p>\n<p><a href=\"http:\/\/www.naturpark-sfw.de\/der-naturpark\/naturpark-foerderung\/\">http:\/\/www.naturpark-sfw.de\/der-naturpark\/naturpark-foerderung\/<\/a><\/p>\n<p>Hier gibt es auch eine Projektb\u00f6rse, in der Sie sich Anregungen zu m\u00f6glichen Projekten holen k\u00f6nnen.<\/p>\n<p>Wir freuen uns, gemeinsam mit Ihnen und Ihren Ideen den Naturpark zu einer noch lebens- und liebenswerteren Region zu entwickeln.<\/p>\n","protected":false},"excerpt":{"rendered":"<p>Antr\u00e4ge f\u00fcr das F\u00f6rderjahr 2017 k\u00f6nnen ab sofort eingereicht werden<\/p>\n","protected":false},"author":25,"featured_media":3932,"comment_status":"open","ping_status":"open","sticky":false,"template":"","format":"standard","meta":[],"categories":[7],"tags":[508],"yoast_head":"<!-- This site is optimized with the Yoast SEO plugin v19.10 - https:\/\/yoast.com\/wordpress\/plugins\/seo\/ -->\n<title>Naturparkf\u00f6rderung 2017 \u2013 Ideen f\u00fcr die Region gesucht! - Naturpark Schw\u00e4bisch-Fr\u00e4nkischer Wald<\/title>\n<meta name=\"robots\" content=\"index, follow, max-snippet:-1, max-image-preview:large, max-video-preview:-1\" \/>\n<link rel=\"canonical\" href=\"https:\/\/www.naturparkmagazin.de\/schwaebisch-fraenkischer-wald\/naturparkfoerderung-2017-ideen-fuer-die-region-gesucht\/\" \/>\n<meta property=\"og:locale\" content=\"de_DE\" \/>\n<meta property=\"og:type\" content=\"article\" \/>\n<meta property=\"og:title\" content=\"Naturparkf\u00f6rderung 2017 \u2013 Ideen f\u00fcr die Region gesucht! - Naturpark Schw\u00e4bisch-Fr\u00e4nkischer Wald\" \/>\n<meta property=\"og:description\" content=\"Antr\u00e4ge f\u00fcr das F\u00f6rderjahr 2017 k\u00f6nnen ab sofort eingereicht werden\" \/>\n<meta property=\"og:url\" content=\"https:\/\/www.naturparkmagazin.de\/schwaebisch-fraenkischer-wald\/naturparkfoerderung-2017-ideen-fuer-die-region-gesucht\/\" \/>\n<meta property=\"og:site_name\" content=\"Naturpark Schw\u00e4bisch-Fr\u00e4nkischer Wald\" \/>\n<meta property=\"article:author\" content=\"https:\/\/www.facebook.com\/naturparkSFW\" \/>\n<meta property=\"article:published_time\" content=\"2016-09-16T14:56:00+00:00\" \/>\n<meta property=\"article:modified_time\" content=\"2016-09-15T15:06:46+00:00\" \/>\n<meta property=\"og:image\" content=\"https:\/\/www.naturparkmagazin.de\/schwaebisch-fraenkischer-wald\/wp-content\/uploads\/sites\/34\/Unbenannt.jpg\" \/>\n\t<meta property=\"og:image:width\" content=\"200\" \/>\n\t<meta property=\"og:image:height\" content=\"200\" \/>\n\t<meta property=\"og:image:type\" content=\"image\/jpeg\" \/>\n<meta name=\"author\" content=\"Naturpark-Team\" \/>\n<meta name=\"twitter:label1\" content=\"Verfasst von\" \/>\n\t<meta name=\"twitter:data1\" content=\"Naturpark-Team\" \/>\n\t<meta name=\"twitter:label2\" content=\"Gesch\u00e4tzte Lesezeit\" \/>\n\t<meta name=\"twitter:data2\" content=\"1\u00a0Minute\" \/>\n<script type=\"application\/ld+json\" class=\"yoast-schema-graph\">{\"@context\":\"https:\/\/schema.org\",\"@graph\":[{\"@type\":\"WebPage\",\"@id\":\"https:\/\/www.naturparkmagazin.de\/schwaebisch-fraenkischer-wald\/naturparkfoerderung-2017-ideen-fuer-die-region-gesucht\/\",\"url\":\"https:\/\/www.naturparkmagazin.de\/schwaebisch-fraenkischer-wald\/naturparkfoerderung-2017-ideen-fuer-die-region-gesucht\/\",\"name\":\"Naturparkf\u00f6rderung 2017 \u2013 Ideen f\u00fcr die Region gesucht! - Naturpark Schw\u00e4bisch-Fr\u00e4nkischer Wald\",\"isPartOf\":{\"@id\":\"https:\/\/www.naturparkmagazin.de\/schwaebisch-fraenkischer-wald\/#website\"},\"datePublished\":\"2016-09-16T14:56:00+00:00\",\"dateModified\":\"2016-09-15T15:06:46+00:00\",\"author\":{\"@id\":\"https:\/\/www.naturparkmagazin.de\/schwaebisch-fraenkischer-wald\/#\/schema\/person\/f047a3702ae747fd7830cf8ac95e6066\"},\"breadcrumb\":{\"@id\":\"https:\/\/www.naturparkmagazin.de\/schwaebisch-fraenkischer-wald\/naturparkfoerderung-2017-ideen-fuer-die-region-gesucht\/#breadcrumb\"},\"inLanguage\":\"de\",\"potentialAction\":[{\"@type\":\"ReadAction\",\"target\":[\"https:\/\/www.naturparkmagazin.de\/schwaebisch-fraenkischer-wald\/naturparkfoerderung-2017-ideen-fuer-die-region-gesucht\/\"]}]},{\"@type\":\"BreadcrumbList\",\"@id\":\"https:\/\/www.naturparkmagazin.de\/schwaebisch-fraenkischer-wald\/naturparkfoerderung-2017-ideen-fuer-die-region-gesucht\/#breadcrumb\",\"itemListElement\":[{\"@type\":\"ListItem\",\"position\":1,\"name\":\"Home\",\"item\":\"https:\/\/www.naturparkmagazin.de\/schwaebisch-fraenkischer-wald\/\"},{\"@type\":\"ListItem\",\"position\":2,\"name\":\"Naturparkf\u00f6rderung 2017 \u2013 Ideen f\u00fcr die Region gesucht!\"}]},{\"@type\":\"WebSite\",\"@id\":\"https:\/\/www.naturparkmagazin.de\/schwaebisch-fraenkischer-wald\/#website\",\"url\":\"https:\/\/www.naturparkmagazin.de\/schwaebisch-fraenkischer-wald\/\",\"name\":\"Naturpark Schw\u00e4bisch-Fr\u00e4nkischer Wald\",\"description\":\"\",\"potentialAction\":[{\"@type\":\"SearchAction\",\"target\":{\"@type\":\"EntryPoint\",\"urlTemplate\":\"https:\/\/www.naturparkmagazin.de\/schwaebisch-fraenkischer-wald\/?s={search_term_string}\"},\"query-input\":\"required name=search_term_string\"}],\"inLanguage\":\"de\"},{\"@type\":\"Person\",\"@id\":\"https:\/\/www.naturparkmagazin.de\/schwaebisch-fraenkischer-wald\/#\/schema\/person\/f047a3702ae747fd7830cf8ac95e6066\",\"name\":\"Naturpark-Team\",\"sameAs\":[\"http:\/\/www.naturpark-sfw.de\",\"https:\/\/www.facebook.com\/naturparkSFW\"],\"url\":\"https:\/\/www.naturparkmagazin.de\/schwaebisch-fraenkischer-wald\/author\/bernharddrixler\/\"}]}<\/script>\n<!-- \/ Yoast SEO plugin. -->","yoast_head_json":{"title":"Naturparkf\u00f6rderung 2017 \u2013 Ideen f\u00fcr die Region gesucht! - Naturpark Schw\u00e4bisch-Fr\u00e4nkischer Wald","robots":{"index":"index","follow":"follow","max-snippet":"max-snippet:-1","max-image-preview":"max-image-preview:large","max-video-preview":"max-video-preview:-1"},"canonical":"https:\/\/www.naturparkmagazin.de\/schwaebisch-fraenkischer-wald\/naturparkfoerderung-2017-ideen-fuer-die-region-gesucht\/","og_locale":"de_DE","og_type":"article","og_title":"Naturparkf\u00f6rderung 2017 \u2013 Ideen f\u00fcr die Region gesucht! - Naturpark Schw\u00e4bisch-Fr\u00e4nkischer Wald","og_description":"Antr\u00e4ge f\u00fcr das F\u00f6rderjahr 2017 k\u00f6nnen ab sofort eingereicht werden","og_url":"https:\/\/www.naturparkmagazin.de\/schwaebisch-fraenkischer-wald\/naturparkfoerderung-2017-ideen-fuer-die-region-gesucht\/","og_site_name":"Naturpark Schw\u00e4bisch-Fr\u00e4nkischer Wald","article_author":"https:\/\/www.facebook.com\/naturparkSFW","article_published_time":"2016-09-16T14:56:00+00:00","article_modified_time":"2016-09-15T15:06:46+00:00","og_image":[{"width":200,"height":200,"url":"https:\/\/www.naturparkmagazin.de\/schwaebisch-fraenkischer-wald\/wp-content\/uploads\/sites\/34\/Unbenannt.jpg","type":"image\/jpeg"}],"author":"Naturpark-Team","twitter_misc":{"Verfasst von":"Naturpark-Team","Gesch\u00e4tzte Lesezeit":"1\u00a0Minute"},"schema":{"@context":"https:\/\/schema.org","@graph":[{"@type":"WebPage","@id":"https:\/\/www.naturparkmagazin.de\/schwaebisch-fraenkischer-wald\/naturparkfoerderung-2017-ideen-fuer-die-region-gesucht\/","url":"https:\/\/www.naturparkmagazin.de\/schwaebisch-fraenkischer-wald\/naturparkfoerderung-2017-ideen-fuer-die-region-gesucht\/","name":"Naturparkf\u00f6rderung 2017 \u2013 Ideen f\u00fcr die Region gesucht! - Naturpark Schw\u00e4bisch-Fr\u00e4nkischer Wald","isPartOf":{"@id":"https:\/\/www.naturparkmagazin.de\/schwaebisch-fraenkischer-wald\/#website"},"datePublished":"2016-09-16T14:56:00+00:00","dateModified":"2016-09-15T15:06:46+00:00","author":{"@id":"https:\/\/www.naturparkmagazin.de\/schwaebisch-fraenkischer-wald\/#\/schema\/person\/f047a3702ae747fd7830cf8ac95e6066"},"breadcrumb":{"@id":"https:\/\/www.naturparkmagazin.de\/schwaebisch-fraenkischer-wald\/naturparkfoerderung-2017-ideen-fuer-die-region-gesucht\/#breadcrumb"},"inLanguage":"de","potentialAction":[{"@type":"ReadAction","target":["https:\/\/www.naturparkmagazin.de\/schwaebisch-fraenkischer-wald\/naturparkfoerderung-2017-ideen-fuer-die-region-gesucht\/"]}]},{"@type":"BreadcrumbList","@id":"https:\/\/www.naturparkmagazin.de\/schwaebisch-fraenkischer-wald\/naturparkfoerderung-2017-ideen-fuer-die-region-gesucht\/#breadcrumb","itemListElement":[{"@type":"ListItem","position":1,"name":"Home","item":"https:\/\/www.naturparkmagazin.de\/schwaebisch-fraenkischer-wald\/"},{"@type":"ListItem","position":2,"name":"Naturparkf\u00f6rderung 2017 \u2013 Ideen f\u00fcr die Region gesucht!"}]},{"@type":"WebSite","@id":"https:\/\/www.naturparkmagazin.de\/schwaebisch-fraenkischer-wald\/#website","url":"https:\/\/www.naturparkmagazin.de\/schwaebisch-fraenkischer-wald\/","name":"Naturpark Schw\u00e4bisch-Fr\u00e4nkischer Wald","description":"","potentialAction":[{"@type":"SearchAction","target":{"@type":"EntryPoint","urlTemplate":"https:\/\/www.naturparkmagazin.de\/schwaebisch-fraenkischer-wald\/?s={search_term_string}"},"query-input":"required name=search_term_string"}],"inLanguage":"de"},{"@type":"Person","@id":"https:\/\/www.naturparkmagazin.de\/schwaebisch-fraenkischer-wald\/#\/schema\/person\/f047a3702ae747fd7830cf8ac95e6066","name":"Naturpark-Team","sameAs":["http:\/\/www.naturpark-sfw.de","https:\/\/www.facebook.com\/naturparkSFW"],"url":"https:\/\/www.naturparkmagazin.de\/schwaebisch-fraenkischer-wald\/author\/bernharddrixler\/"}]}},"_links":{"self":[{"href":"https:\/\/www.naturparkmagazin.de\/schwaebisch-fraenkischer-wald\/wp-json\/wp\/v2\/posts\/3931"}],"collection":[{"href":"https:\/\/www.naturparkmagazin.de\/schwaebisch-fraenkischer-wald\/wp-json\/wp\/v2\/posts"}],"about":[{"href":"https:\/\/www.naturparkmagazin.de\/schwaebisch-fraenkischer-wald\/wp-json\/wp\/v2\/types\/post"}],"author":[{"embeddable":true,"href":"https:\/\/www.naturparkmagazin.de\/schwaebisch-fraenkischer-wald\/wp-json\/wp\/v2\/users\/25"}],"replies":[{"embeddable":true,"href":"https:\/\/www.naturparkmagazin.de\/schwaebisch-fraenkischer-wald\/wp-json\/wp\/v2\/comments?post=3931"}],"version-history":[{"count":1,"href":"https:\/\/www.naturparkmagazin.de\/schwaebisch-fraenkischer-wald\/wp-json\/wp\/v2\/posts\/3931\/revisions"}],"predecessor-version":[{"id":3933,"href":"https:\/\/www.naturparkmagazin.de\/schwaebisch-fraenkischer-wald\/wp-json\/wp\/v2\/posts\/3931\/revisions\/3933"}],"wp:featuredmedia":[{"embeddable":true,"href":"https:\/\/www.naturparkmagazin.de\/schwaebisch-fraenkischer-wald\/wp-json\/wp\/v2\/media\/3932"}],"wp:attachment":[{"href":"https:\/\/www.naturparkmagazin.de\/schwaebisch-fraenkischer-wald\/wp-json\/wp\/v2\/media?parent=3931"}],"wp:term":[{"taxonomy":"category","embeddable":true,"href":"https:\/\/www.naturparkmagazin.de\/schwaebisch-fraenkischer-wald\/wp-json\/wp\/v2\/categories?post=3931"},{"taxonomy":"post_tag","embeddable":true,"href":"https:\/\/www.naturparkmagazin.de\/schwaebisch-fraenkischer-wald\/wp-json\/wp\/v2\/tags?post=3931"}],"curies":[{"name":"wp","href":"https:\/\/api.w.org\/{rel}","templated":true}]}}