{"id":3964,"date":"2016-09-16T17:48:32","date_gmt":"2016-09-16T15:48:32","guid":{"rendered":"http:\/\/www.naturparkmagazin.de\/schwaebisch-fraenkischer-wald\/?p=3964"},"modified":"2016-09-19T17:51:14","modified_gmt":"2016-09-19T15:51:14","slug":"liebe-leserin-lieber-leser-36","status":"publish","type":"post","link":"https:\/\/www.naturparkmagazin.de\/schwaebisch-fraenkischer-wald\/liebe-leserin-lieber-leser-36\/","title":{"rendered":"Liebe Leserin, lieber Leser,"},"content":{"rendered":"<p>herzlich willkommen zum Oktober-Newsletter des Naturparks Schw\u00e4bisch-Fr\u00e4nkischer Wald!<\/p>\n<p>Haben Sie erkannt, wen der kleine Mensch auf unserem Titelbild besucht? Es ist die Zwitscherschrecke\u00a0oder auch Zwitscherheupferd\u00a0(Tettigonia cantans) genannt. Sie ist nach dem\u00a0Gr\u00fcnen Heupferd\u00a0eine der gr\u00f6\u00dften in\u00a0Mitteleuropavorkommenden\u00a0Heuschrecken.<\/p>\n<p>Ein au\u00dfergew\u00f6hnlich hoch-sommerlicher September liegt hinter uns. Und nun sind wir gespannt, was der Oktober f\u00fcr uns bereit h\u00e4lt. Unter wetterprognose.de findet sich folgende Wettervorhersage, die uns zuversichtlich f\u00fcr viele Outdoor-Aktivit\u00e4ten in diesem Herbstmonat stimmen kann: &#8230;&#8220;erh\u00f6hte Wahrscheinlichkeit f\u00fcr l\u00e4nger andauernde Hochdruckperioden im Herbst und somit auch f\u00fcr das Wetter im Oktober 2016. &#8230;&#8220;.<\/p>\n<p>Und hier noch einige Oktober-Bauernregeln:<\/p>\n<p><span style=\"color: #000000\">&#8211; F\u00e4llt im Oktober das Laub sehr schnell, ist der Winter bald zur Stell&#8216;<\/span><\/p>\n<p><span style=\"color: #000000\">&#8211; Nichts kann mehr vor Raupen sch\u00fctzen, als Okobereis in Pf\u00fctzen<\/span><\/p>\n<p><span style=\"color: #000000\">&#8211; Im Oktober der Nebel viel, bringt der Winter Flockenspiel<\/span><\/p>\n<p>Auch in diesem Monat bietet der Naturpark Schw\u00e4bisch-Fr\u00e4nkischer Wald eine Vielzahl von Veranstaltungen und Erlebnissen. So k\u00f6nnen Sie mit unseren Naturparkf\u00fchrern zum Beispiel die sch\u00f6nesten L\u00f6wensteiner Aussichten entdecken, die Farben des Herbstes mit dem Mountainbike bei Untergruppenbach genie\u00dfen, eine M\u00fchlenwanderung mit Reinem von Wilhelm Busch unternehmen oder mit Fackeln den Ebnisee umrunden. Wer vielf\u00e4ltiges Marktgeschehen liebt, ist beim Naturparkmarkt in Murrhardt am 2. Oktober genau richtig und auch beim Heinrieter Dorf- und Bauernmarkt Mitte des Monats.<\/p>\n<p>F\u00fcr Jugendliche, junge und jung gebliebene Erwachsene hei\u00dft es am 16. Oktober &#8222;Gaildorf chillt&#8220; und auch hier ist der Name Programm. Am besten folgen Sie diesem Link <a href=\"http:\/\/www.naturpark-sfw.de\/erleben\/natur-erleben\/gaildorf-chillt\/\" target=\"_blank\">http:\/\/www.naturpark-sfw.de\/erleben\/natur-erleben\/gaildorf-chillt\/<\/a> und verschaffen Sie sich mit Bild und Ton selbst einen Eindruck wie es ist, wenn Gaildorf chillt.<\/p>\n<p>Wir w\u00fcnschen Ihnen viel Freude beim Entdecken des Newsletters und des Naturparks &#8211; online und offline!\nBernhard Drixler und Meika Bakker\nGesch\u00e4ftsf\u00fchrung Naturpark Schw\u00e4bisch-Fr\u00e4nkischer Wald<\/p>\n","protected":false},"excerpt":{"rendered":"<p>herzlich willkommen zum Oktober-Newsletter des Naturparks Schw\u00e4bisch-Fr\u00e4nkischer Wald! Haben Sie erkannt, wen der kleine Mensch auf unserem Titelbild besucht? Es ist die Zwitscherschrecke\u00a0oder auch Zwitscherheupferd\u00a0(Tettigonia cantans) genannt. Sie ist nach dem\u00a0Gr\u00fcnen Heupferd\u00a0eine der gr\u00f6\u00dften in\u00a0Mitteleuropavorkommenden\u00a0Heuschrecken. Ein au\u00dfergew\u00f6hnlich hoch-sommerlicher September liegt hinter uns. Und nun sind wir gespannt, was der Oktober f\u00fcr uns bereit h\u00e4lt. Unter<\/p>\n","protected":false},"author":25,"featured_media":0,"comment_status":"open","ping_status":"open","sticky":false,"template":"","format":"standard","meta":[],"categories":[52],"tags":[508],"yoast_head":"<!-- This site is optimized with the Yoast SEO plugin v19.10 - https:\/\/yoast.com\/wordpress\/plugins\/seo\/ -->\n<title>Liebe Leserin, lieber Leser, - Naturpark Schw\u00e4bisch-Fr\u00e4nkischer Wald<\/title>\n<meta name=\"robots\" content=\"index, follow, max-snippet:-1, max-image-preview:large, max-video-preview:-1\" \/>\n<link rel=\"canonical\" href=\"https:\/\/www.naturparkmagazin.de\/schwaebisch-fraenkischer-wald\/liebe-leserin-lieber-leser-36\/\" \/>\n<meta property=\"og:locale\" content=\"de_DE\" \/>\n<meta property=\"og:type\" content=\"article\" \/>\n<meta property=\"og:title\" content=\"Liebe Leserin, lieber Leser, - Naturpark Schw\u00e4bisch-Fr\u00e4nkischer Wald\" \/>\n<meta property=\"og:description\" content=\"herzlich willkommen zum Oktober-Newsletter des Naturparks Schw\u00e4bisch-Fr\u00e4nkischer Wald! Haben Sie erkannt, wen der kleine Mensch auf unserem Titelbild besucht? Es ist die Zwitscherschrecke\u00a0oder auch Zwitscherheupferd\u00a0(Tettigonia cantans) genannt. Sie ist nach dem\u00a0Gr\u00fcnen Heupferd\u00a0eine der gr\u00f6\u00dften in\u00a0Mitteleuropavorkommenden\u00a0Heuschrecken. Ein au\u00dfergew\u00f6hnlich hoch-sommerlicher September liegt hinter uns. Und nun sind wir gespannt, was der Oktober f\u00fcr uns bereit h\u00e4lt. Unter\" \/>\n<meta property=\"og:url\" content=\"https:\/\/www.naturparkmagazin.de\/schwaebisch-fraenkischer-wald\/liebe-leserin-lieber-leser-36\/\" \/>\n<meta property=\"og:site_name\" content=\"Naturpark Schw\u00e4bisch-Fr\u00e4nkischer Wald\" \/>\n<meta property=\"article:author\" content=\"https:\/\/www.facebook.com\/naturparkSFW\" \/>\n<meta property=\"article:published_time\" content=\"2016-09-16T15:48:32+00:00\" \/>\n<meta property=\"article:modified_time\" content=\"2016-09-19T15:51:14+00:00\" \/>\n<meta name=\"author\" content=\"Naturpark-Team\" \/>\n<meta name=\"twitter:label1\" content=\"Verfasst von\" \/>\n\t<meta name=\"twitter:data1\" content=\"Naturpark-Team\" \/>\n\t<meta name=\"twitter:label2\" content=\"Gesch\u00e4tzte Lesezeit\" \/>\n\t<meta name=\"twitter:data2\" content=\"2\u00a0Minuten\" \/>\n<script type=\"application\/ld+json\" class=\"yoast-schema-graph\">{\"@context\":\"https:\/\/schema.org\",\"@graph\":[{\"@type\":\"WebPage\",\"@id\":\"https:\/\/www.naturparkmagazin.de\/schwaebisch-fraenkischer-wald\/liebe-leserin-lieber-leser-36\/\",\"url\":\"https:\/\/www.naturparkmagazin.de\/schwaebisch-fraenkischer-wald\/liebe-leserin-lieber-leser-36\/\",\"name\":\"Liebe Leserin, lieber Leser, - Naturpark Schw\u00e4bisch-Fr\u00e4nkischer Wald\",\"isPartOf\":{\"@id\":\"https:\/\/www.naturparkmagazin.de\/schwaebisch-fraenkischer-wald\/#website\"},\"datePublished\":\"2016-09-16T15:48:32+00:00\",\"dateModified\":\"2016-09-19T15:51:14+00:00\",\"author\":{\"@id\":\"https:\/\/www.naturparkmagazin.de\/schwaebisch-fraenkischer-wald\/#\/schema\/person\/f047a3702ae747fd7830cf8ac95e6066\"},\"breadcrumb\":{\"@id\":\"https:\/\/www.naturparkmagazin.de\/schwaebisch-fraenkischer-wald\/liebe-leserin-lieber-leser-36\/#breadcrumb\"},\"inLanguage\":\"de\",\"potentialAction\":[{\"@type\":\"ReadAction\",\"target\":[\"https:\/\/www.naturparkmagazin.de\/schwaebisch-fraenkischer-wald\/liebe-leserin-lieber-leser-36\/\"]}]},{\"@type\":\"BreadcrumbList\",\"@id\":\"https:\/\/www.naturparkmagazin.de\/schwaebisch-fraenkischer-wald\/liebe-leserin-lieber-leser-36\/#breadcrumb\",\"itemListElement\":[{\"@type\":\"ListItem\",\"position\":1,\"name\":\"Home\",\"item\":\"https:\/\/www.naturparkmagazin.de\/schwaebisch-fraenkischer-wald\/\"},{\"@type\":\"ListItem\",\"position\":2,\"name\":\"Liebe Leserin, lieber Leser,\"}]},{\"@type\":\"WebSite\",\"@id\":\"https:\/\/www.naturparkmagazin.de\/schwaebisch-fraenkischer-wald\/#website\",\"url\":\"https:\/\/www.naturparkmagazin.de\/schwaebisch-fraenkischer-wald\/\",\"name\":\"Naturpark Schw\u00e4bisch-Fr\u00e4nkischer Wald\",\"description\":\"\",\"potentialAction\":[{\"@type\":\"SearchAction\",\"target\":{\"@type\":\"EntryPoint\",\"urlTemplate\":\"https:\/\/www.naturparkmagazin.de\/schwaebisch-fraenkischer-wald\/?s={search_term_string}\"},\"query-input\":\"required name=search_term_string\"}],\"inLanguage\":\"de\"},{\"@type\":\"Person\",\"@id\":\"https:\/\/www.naturparkmagazin.de\/schwaebisch-fraenkischer-wald\/#\/schema\/person\/f047a3702ae747fd7830cf8ac95e6066\",\"name\":\"Naturpark-Team\",\"sameAs\":[\"http:\/\/www.naturpark-sfw.de\",\"https:\/\/www.facebook.com\/naturparkSFW\"],\"url\":\"https:\/\/www.naturparkmagazin.de\/schwaebisch-fraenkischer-wald\/author\/bernharddrixler\/\"}]}<\/script>\n<!-- \/ Yoast SEO plugin. -->","yoast_head_json":{"title":"Liebe Leserin, lieber Leser, - Naturpark Schw\u00e4bisch-Fr\u00e4nkischer Wald","robots":{"index":"index","follow":"follow","max-snippet":"max-snippet:-1","max-image-preview":"max-image-preview:large","max-video-preview":"max-video-preview:-1"},"canonical":"https:\/\/www.naturparkmagazin.de\/schwaebisch-fraenkischer-wald\/liebe-leserin-lieber-leser-36\/","og_locale":"de_DE","og_type":"article","og_title":"Liebe Leserin, lieber Leser, - Naturpark Schw\u00e4bisch-Fr\u00e4nkischer Wald","og_description":"herzlich willkommen zum Oktober-Newsletter des Naturparks Schw\u00e4bisch-Fr\u00e4nkischer Wald! Haben Sie erkannt, wen der kleine Mensch auf unserem Titelbild besucht? Es ist die Zwitscherschrecke\u00a0oder auch Zwitscherheupferd\u00a0(Tettigonia cantans) genannt. Sie ist nach dem\u00a0Gr\u00fcnen Heupferd\u00a0eine der gr\u00f6\u00dften in\u00a0Mitteleuropavorkommenden\u00a0Heuschrecken. Ein au\u00dfergew\u00f6hnlich hoch-sommerlicher September liegt hinter uns. Und nun sind wir gespannt, was der Oktober f\u00fcr uns bereit h\u00e4lt. Unter","og_url":"https:\/\/www.naturparkmagazin.de\/schwaebisch-fraenkischer-wald\/liebe-leserin-lieber-leser-36\/","og_site_name":"Naturpark Schw\u00e4bisch-Fr\u00e4nkischer Wald","article_author":"https:\/\/www.facebook.com\/naturparkSFW","article_published_time":"2016-09-16T15:48:32+00:00","article_modified_time":"2016-09-19T15:51:14+00:00","author":"Naturpark-Team","twitter_misc":{"Verfasst von":"Naturpark-Team","Gesch\u00e4tzte Lesezeit":"2\u00a0Minuten"},"schema":{"@context":"https:\/\/schema.org","@graph":[{"@type":"WebPage","@id":"https:\/\/www.naturparkmagazin.de\/schwaebisch-fraenkischer-wald\/liebe-leserin-lieber-leser-36\/","url":"https:\/\/www.naturparkmagazin.de\/schwaebisch-fraenkischer-wald\/liebe-leserin-lieber-leser-36\/","name":"Liebe Leserin, lieber Leser, - Naturpark Schw\u00e4bisch-Fr\u00e4nkischer Wald","isPartOf":{"@id":"https:\/\/www.naturparkmagazin.de\/schwaebisch-fraenkischer-wald\/#website"},"datePublished":"2016-09-16T15:48:32+00:00","dateModified":"2016-09-19T15:51:14+00:00","author":{"@id":"https:\/\/www.naturparkmagazin.de\/schwaebisch-fraenkischer-wald\/#\/schema\/person\/f047a3702ae747fd7830cf8ac95e6066"},"breadcrumb":{"@id":"https:\/\/www.naturparkmagazin.de\/schwaebisch-fraenkischer-wald\/liebe-leserin-lieber-leser-36\/#breadcrumb"},"inLanguage":"de","potentialAction":[{"@type":"ReadAction","target":["https:\/\/www.naturparkmagazin.de\/schwaebisch-fraenkischer-wald\/liebe-leserin-lieber-leser-36\/"]}]},{"@type":"BreadcrumbList","@id":"https:\/\/www.naturparkmagazin.de\/schwaebisch-fraenkischer-wald\/liebe-leserin-lieber-leser-36\/#breadcrumb","itemListElement":[{"@type":"ListItem","position":1,"name":"Home","item":"https:\/\/www.naturparkmagazin.de\/schwaebisch-fraenkischer-wald\/"},{"@type":"ListItem","position":2,"name":"Liebe Leserin, lieber Leser,"}]},{"@type":"WebSite","@id":"https:\/\/www.naturparkmagazin.de\/schwaebisch-fraenkischer-wald\/#website","url":"https:\/\/www.naturparkmagazin.de\/schwaebisch-fraenkischer-wald\/","name":"Naturpark Schw\u00e4bisch-Fr\u00e4nkischer Wald","description":"","potentialAction":[{"@type":"SearchAction","target":{"@type":"EntryPoint","urlTemplate":"https:\/\/www.naturparkmagazin.de\/schwaebisch-fraenkischer-wald\/?s={search_term_string}"},"query-input":"required name=search_term_string"}],"inLanguage":"de"},{"@type":"Person","@id":"https:\/\/www.naturparkmagazin.de\/schwaebisch-fraenkischer-wald\/#\/schema\/person\/f047a3702ae747fd7830cf8ac95e6066","name":"Naturpark-Team","sameAs":["http:\/\/www.naturpark-sfw.de","https:\/\/www.facebook.com\/naturparkSFW"],"url":"https:\/\/www.naturparkmagazin.de\/schwaebisch-fraenkischer-wald\/author\/bernharddrixler\/"}]}},"_links":{"self":[{"href":"https:\/\/www.naturparkmagazin.de\/schwaebisch-fraenkischer-wald\/wp-json\/wp\/v2\/posts\/3964"}],"collection":[{"href":"https:\/\/www.naturparkmagazin.de\/schwaebisch-fraenkischer-wald\/wp-json\/wp\/v2\/posts"}],"about":[{"href":"https:\/\/www.naturparkmagazin.de\/schwaebisch-fraenkischer-wald\/wp-json\/wp\/v2\/types\/post"}],"author":[{"embeddable":true,"href":"https:\/\/www.naturparkmagazin.de\/schwaebisch-fraenkischer-wald\/wp-json\/wp\/v2\/users\/25"}],"replies":[{"embeddable":true,"href":"https:\/\/www.naturparkmagazin.de\/schwaebisch-fraenkischer-wald\/wp-json\/wp\/v2\/comments?post=3964"}],"version-history":[{"count":3,"href":"https:\/\/www.naturparkmagazin.de\/schwaebisch-fraenkischer-wald\/wp-json\/wp\/v2\/posts\/3964\/revisions"}],"predecessor-version":[{"id":3968,"href":"https:\/\/www.naturparkmagazin.de\/schwaebisch-fraenkischer-wald\/wp-json\/wp\/v2\/posts\/3964\/revisions\/3968"}],"wp:attachment":[{"href":"https:\/\/www.naturparkmagazin.de\/schwaebisch-fraenkischer-wald\/wp-json\/wp\/v2\/media?parent=3964"}],"wp:term":[{"taxonomy":"category","embeddable":true,"href":"https:\/\/www.naturparkmagazin.de\/schwaebisch-fraenkischer-wald\/wp-json\/wp\/v2\/categories?post=3964"},{"taxonomy":"post_tag","embeddable":true,"href":"https:\/\/www.naturparkmagazin.de\/schwaebisch-fraenkischer-wald\/wp-json\/wp\/v2\/tags?post=3964"}],"curies":[{"name":"wp","href":"https:\/\/api.w.org\/{rel}","templated":true}]}}