{"id":398,"date":"2013-10-30T17:21:08","date_gmt":"2013-10-30T16:21:08","guid":{"rendered":"http:\/\/www.naturparkmagazin.de\/schwaebisch-fraenkischer-wald\/?p=398"},"modified":"2014-04-09T12:06:03","modified_gmt":"2014-04-09T10:06:03","slug":"natur-und-umwelt-entdecken-lieben-schuetzen","status":"publish","type":"post","link":"https:\/\/www.naturparkmagazin.de\/schwaebisch-fraenkischer-wald\/natur-und-umwelt-entdecken-lieben-schuetzen\/","title":{"rendered":"Natur und Umwelt entdecken, lieben, sch\u00fctzen"},"content":{"rendered":"<p>&nbsp;<\/p>\n<p>Unter dem Motto \u201eNatur und Umwelt &#8211; entdecken, lieben, sch\u00fctzen\u201c ist die Walterichschule in Murrhardt zur ersten Naturpark-Schule des Naturparks Schw\u00e4bisch-Fr\u00e4nkischer Wald geworden. So soll die Natur langfristig seinen Platz in der Schule finden und die Gestaltungsm\u00f6glichkeiten der Umweltbildung ausgebaut werden. Denn es gibt keinen besseren Ort, die Natur kennen zu lernen als den Naturpark!<\/p>\n<p><img decoding=\"async\" loading=\"lazy\" class=\"size-thumbnail wp-image-417  alignleft\" title=\"Kinder k\u00f6nnen sich ausprobieren und die Natur selber entdecken im Naturpark\" alt=\"Kinder k\u00f6nnen sich ausprobieren und die Natur selber entdecken im Naturpark\" src=\"https:\/\/www.naturparkmagazin.de\/schwaebisch-fraenkischer-wald\/wp-content\/uploads\/sites\/34\/Naturparkentdecker-300x200.jpg\" width=\"300\" height=\"200\" srcset=\"https:\/\/www.naturparkmagazin.de\/schwaebisch-fraenkischer-wald\/wp-content\/uploads\/sites\/34\/Naturparkentdecker-300x200.jpg 300w, https:\/\/www.naturparkmagazin.de\/schwaebisch-fraenkischer-wald\/wp-content\/uploads\/sites\/34\/Naturparkentdecker-620x413.jpg 620w, https:\/\/www.naturparkmagazin.de\/schwaebisch-fraenkischer-wald\/wp-content\/uploads\/sites\/34\/Naturparkentdecker-940x627.jpg 940w, https:\/\/www.naturparkmagazin.de\/schwaebisch-fraenkischer-wald\/wp-content\/uploads\/sites\/34\/Naturparkentdecker-670x447.jpg 670w, https:\/\/www.naturparkmagazin.de\/schwaebisch-fraenkischer-wald\/wp-content\/uploads\/sites\/34\/Naturparkentdecker-200x133.jpg 200w, https:\/\/www.naturparkmagazin.de\/schwaebisch-fraenkischer-wald\/wp-content\/uploads\/sites\/34\/Naturparkentdecker.jpg 1188w\" sizes=\"(max-width: 300px) 100vw, 300px\" \/><\/p>\n<p>Das Projekt \u201eNetzwerk Naturpark-Schule\u201c stammt urspr\u00fcnglich von dem Verband der Naturparke \u00d6sterreichs und wurde vom Verband Deutscher Naturparke (VDN) aufgegriffen. Der VDN m\u00f6chte mit diesem Projekt das unmittelbare Erleben und Entdecken von Natur in einem schulischen Rahmen f\u00f6rdern und einen Beitrag zur Bildung f\u00fcr nachhaltige Entwicklung leisten. Das bundesweite Projekt befindet sich noch in der Testphase mit 13 beteiligten Naturparken, unter anderem den Naturpark Schw\u00e4bisch-Fr\u00e4nkischer Wald. So dient auch unserer Naturpark als Probe f\u00fcr das Projekt.<\/p>\n<p>Kern des Projektes ist es, eine dauerhafte Kooperation zwischen einzelnen Naturparken und Schulen aufzubauen. Auf Bundesebene soll ein stabiles Netzwerk aus Naturpark-Schulen entstehen. Die Idee ist, in einzelnen Schulen die Zusammenarbeit zwischen einem Naturpark und einer Schule noch intensiver und nachhaltiger zu gestalten und diese Schulen als \u201eNaturpark-Schule\u201c auszuzeichnen bzw. zu zertifizieren.<\/p>\n<p><a href=\"https:\/\/www.naturparkmagazin.de\/schwaebisch-fraenkischer-wald\/wp-content\/uploads\/sites\/34\/Naturparkschule.jpg\"><img decoding=\"async\" loading=\"lazy\" class=\"size-thumbnail wp-image-403  alignright\" title=\"Unterschreibung des Kooperationsvertrags\" alt=\"Unterschreibung der Kooperationsvertrag\" src=\"https:\/\/www.naturparkmagazin.de\/schwaebisch-fraenkischer-wald\/wp-content\/uploads\/sites\/34\/Naturparkschule-300x225.jpg\" width=\"300\" height=\"225\" srcset=\"https:\/\/www.naturparkmagazin.de\/schwaebisch-fraenkischer-wald\/wp-content\/uploads\/sites\/34\/Naturparkschule-300x225.jpg 300w, https:\/\/www.naturparkmagazin.de\/schwaebisch-fraenkischer-wald\/wp-content\/uploads\/sites\/34\/Naturparkschule-620x465.jpg 620w, https:\/\/www.naturparkmagazin.de\/schwaebisch-fraenkischer-wald\/wp-content\/uploads\/sites\/34\/Naturparkschule-580x435.jpg 580w, https:\/\/www.naturparkmagazin.de\/schwaebisch-fraenkischer-wald\/wp-content\/uploads\/sites\/34\/Naturparkschule-420x315.jpg 420w, https:\/\/www.naturparkmagazin.de\/schwaebisch-fraenkischer-wald\/wp-content\/uploads\/sites\/34\/Naturparkschule-180x135.jpg 180w, https:\/\/www.naturparkmagazin.de\/schwaebisch-fraenkischer-wald\/wp-content\/uploads\/sites\/34\/Naturparkschule-95x71.jpg 95w, https:\/\/www.naturparkmagazin.de\/schwaebisch-fraenkischer-wald\/wp-content\/uploads\/sites\/34\/Naturparkschule-200x150.jpg 200w, https:\/\/www.naturparkmagazin.de\/schwaebisch-fraenkischer-wald\/wp-content\/uploads\/sites\/34\/Naturparkschule.jpg 650w\" sizes=\"(max-width: 300px) 100vw, 300px\" \/><\/a><\/p>\n<p>Wegen seiner langj\u00e4hrigen Zusammenarbeit mit dem Naturpark Schw\u00e4bisch-Fr\u00e4nkischer Wald, hat sich die Walterichschule in Murrhardt wie perfekt angeboten. Nicht nur durch ihren Sitz, nur ein paar 100 Meter vom Naturparkzentrum entfernt, sondern auch durch das gro\u00dfe Engagement ihrer LehrerInnen konnte die Grund- und Werkrealschule in den letzten Jahren eine enge Beziehung zum Naturpark aufbauen. Hierbei diente die Lehrerin und Naturparkf\u00fchrerin Deniz Weiss als Haupttreibkraft f\u00fcr die Kooperation.<\/p>\n<p>Jetzt hat sich die Walterichschule dazu verpflichtet, mindestens zwei Mal im Jahr, gerne auch \u00f6fter, Naturparkthemen im Unterricht zu behandeln. Hier bei gilt die Regel, die Sch\u00fcler m\u00f6glichst selbst entdecken und erfahren zu lassen. Zusammen mit der Konrektorin Alexandra Hoog hat Frau Weiss verschiedene thematische Module f\u00fcr die Klassen 1 bis 6 erarbeitet und planen noch weiter Module f\u00fcr die Klassen 7 bis 9. Jedes Modul ist thematisch an die Altersklasse angepasst und mit dem Lehrplan abgestimmt. So wird beispielsweise das Thema Lebensraum Baum in der erste Klasse behandelt, Lebensraum Wasser in der dritten und in h\u00f6here Klassen komplexere Themen wie die R\u00f6mer, traditionelles Handwerk, oder die Steinzeit.<\/p>\n","protected":false},"excerpt":{"rendered":"<p>Unter dem Motto \u201eNatur und Umwelt &#8211; entdecken, lieben, sch\u00fctzen\u201c ist die Walterichschule zur ersten Naturpark-Schule des Naturparks Schw\u00e4bisch-Fr\u00e4nkischer Wald geworden. <\/p>\n","protected":false},"author":25,"featured_media":417,"comment_status":"open","ping_status":"open","sticky":false,"template":"","format":"standard","meta":[],"categories":[11],"tags":[],"yoast_head":"<!-- This site is optimized with the Yoast SEO plugin v19.10 - https:\/\/yoast.com\/wordpress\/plugins\/seo\/ -->\n<title>Natur und Umwelt entdecken, lieben, sch\u00fctzen - Naturpark Schw\u00e4bisch-Fr\u00e4nkischer Wald<\/title>\n<meta name=\"robots\" content=\"index, follow, max-snippet:-1, max-image-preview:large, max-video-preview:-1\" \/>\n<link rel=\"canonical\" href=\"https:\/\/www.naturparkmagazin.de\/schwaebisch-fraenkischer-wald\/natur-und-umwelt-entdecken-lieben-schuetzen\/\" \/>\n<meta property=\"og:locale\" content=\"de_DE\" \/>\n<meta property=\"og:type\" content=\"article\" \/>\n<meta property=\"og:title\" content=\"Natur und Umwelt entdecken, lieben, sch\u00fctzen - Naturpark Schw\u00e4bisch-Fr\u00e4nkischer Wald\" \/>\n<meta property=\"og:description\" content=\"Unter dem Motto \u201eNatur und Umwelt - entdecken, lieben, sch\u00fctzen\u201c ist die Walterichschule zur ersten Naturpark-Schule des Naturparks Schw\u00e4bisch-Fr\u00e4nkischer Wald geworden.\" \/>\n<meta property=\"og:url\" content=\"https:\/\/www.naturparkmagazin.de\/schwaebisch-fraenkischer-wald\/natur-und-umwelt-entdecken-lieben-schuetzen\/\" \/>\n<meta property=\"og:site_name\" content=\"Naturpark Schw\u00e4bisch-Fr\u00e4nkischer Wald\" \/>\n<meta property=\"article:author\" content=\"https:\/\/www.facebook.com\/naturparkSFW\" \/>\n<meta property=\"article:published_time\" content=\"2013-10-30T16:21:08+00:00\" \/>\n<meta property=\"article:modified_time\" content=\"2014-04-09T10:06:03+00:00\" \/>\n<meta property=\"og:image\" content=\"https:\/\/www.naturparkmagazin.de\/schwaebisch-fraenkischer-wald\/wp-content\/uploads\/sites\/34\/Naturparkentdecker.jpg\" \/>\n\t<meta property=\"og:image:width\" content=\"1188\" \/>\n\t<meta property=\"og:image:height\" content=\"792\" \/>\n\t<meta property=\"og:image:type\" content=\"image\/jpeg\" \/>\n<meta name=\"author\" content=\"Naturpark-Team\" \/>\n<meta name=\"twitter:label1\" content=\"Verfasst von\" \/>\n\t<meta name=\"twitter:data1\" content=\"Naturpark-Team\" \/>\n\t<meta name=\"twitter:label2\" content=\"Gesch\u00e4tzte Lesezeit\" \/>\n\t<meta name=\"twitter:data2\" content=\"2\u00a0Minuten\" \/>\n<script type=\"application\/ld+json\" class=\"yoast-schema-graph\">{\"@context\":\"https:\/\/schema.org\",\"@graph\":[{\"@type\":\"WebPage\",\"@id\":\"https:\/\/www.naturparkmagazin.de\/schwaebisch-fraenkischer-wald\/natur-und-umwelt-entdecken-lieben-schuetzen\/\",\"url\":\"https:\/\/www.naturparkmagazin.de\/schwaebisch-fraenkischer-wald\/natur-und-umwelt-entdecken-lieben-schuetzen\/\",\"name\":\"Natur und Umwelt entdecken, lieben, sch\u00fctzen - Naturpark Schw\u00e4bisch-Fr\u00e4nkischer Wald\",\"isPartOf\":{\"@id\":\"https:\/\/www.naturparkmagazin.de\/schwaebisch-fraenkischer-wald\/#website\"},\"datePublished\":\"2013-10-30T16:21:08+00:00\",\"dateModified\":\"2014-04-09T10:06:03+00:00\",\"author\":{\"@id\":\"https:\/\/www.naturparkmagazin.de\/schwaebisch-fraenkischer-wald\/#\/schema\/person\/f047a3702ae747fd7830cf8ac95e6066\"},\"breadcrumb\":{\"@id\":\"https:\/\/www.naturparkmagazin.de\/schwaebisch-fraenkischer-wald\/natur-und-umwelt-entdecken-lieben-schuetzen\/#breadcrumb\"},\"inLanguage\":\"de\",\"potentialAction\":[{\"@type\":\"ReadAction\",\"target\":[\"https:\/\/www.naturparkmagazin.de\/schwaebisch-fraenkischer-wald\/natur-und-umwelt-entdecken-lieben-schuetzen\/\"]}]},{\"@type\":\"BreadcrumbList\",\"@id\":\"https:\/\/www.naturparkmagazin.de\/schwaebisch-fraenkischer-wald\/natur-und-umwelt-entdecken-lieben-schuetzen\/#breadcrumb\",\"itemListElement\":[{\"@type\":\"ListItem\",\"position\":1,\"name\":\"Home\",\"item\":\"https:\/\/www.naturparkmagazin.de\/schwaebisch-fraenkischer-wald\/\"},{\"@type\":\"ListItem\",\"position\":2,\"name\":\"Natur und Umwelt entdecken, lieben, sch\u00fctzen\"}]},{\"@type\":\"WebSite\",\"@id\":\"https:\/\/www.naturparkmagazin.de\/schwaebisch-fraenkischer-wald\/#website\",\"url\":\"https:\/\/www.naturparkmagazin.de\/schwaebisch-fraenkischer-wald\/\",\"name\":\"Naturpark Schw\u00e4bisch-Fr\u00e4nkischer Wald\",\"description\":\"\",\"potentialAction\":[{\"@type\":\"SearchAction\",\"target\":{\"@type\":\"EntryPoint\",\"urlTemplate\":\"https:\/\/www.naturparkmagazin.de\/schwaebisch-fraenkischer-wald\/?s={search_term_string}\"},\"query-input\":\"required name=search_term_string\"}],\"inLanguage\":\"de\"},{\"@type\":\"Person\",\"@id\":\"https:\/\/www.naturparkmagazin.de\/schwaebisch-fraenkischer-wald\/#\/schema\/person\/f047a3702ae747fd7830cf8ac95e6066\",\"name\":\"Naturpark-Team\",\"sameAs\":[\"http:\/\/www.naturpark-sfw.de\",\"https:\/\/www.facebook.com\/naturparkSFW\"],\"url\":\"https:\/\/www.naturparkmagazin.de\/schwaebisch-fraenkischer-wald\/author\/bernharddrixler\/\"}]}<\/script>\n<!-- \/ Yoast SEO plugin. -->","yoast_head_json":{"title":"Natur und Umwelt entdecken, lieben, sch\u00fctzen - Naturpark Schw\u00e4bisch-Fr\u00e4nkischer Wald","robots":{"index":"index","follow":"follow","max-snippet":"max-snippet:-1","max-image-preview":"max-image-preview:large","max-video-preview":"max-video-preview:-1"},"canonical":"https:\/\/www.naturparkmagazin.de\/schwaebisch-fraenkischer-wald\/natur-und-umwelt-entdecken-lieben-schuetzen\/","og_locale":"de_DE","og_type":"article","og_title":"Natur und Umwelt entdecken, lieben, sch\u00fctzen - Naturpark Schw\u00e4bisch-Fr\u00e4nkischer Wald","og_description":"Unter dem Motto \u201eNatur und Umwelt - entdecken, lieben, sch\u00fctzen\u201c ist die Walterichschule zur ersten Naturpark-Schule des Naturparks Schw\u00e4bisch-Fr\u00e4nkischer Wald geworden.","og_url":"https:\/\/www.naturparkmagazin.de\/schwaebisch-fraenkischer-wald\/natur-und-umwelt-entdecken-lieben-schuetzen\/","og_site_name":"Naturpark Schw\u00e4bisch-Fr\u00e4nkischer Wald","article_author":"https:\/\/www.facebook.com\/naturparkSFW","article_published_time":"2013-10-30T16:21:08+00:00","article_modified_time":"2014-04-09T10:06:03+00:00","og_image":[{"width":1188,"height":792,"url":"https:\/\/www.naturparkmagazin.de\/schwaebisch-fraenkischer-wald\/wp-content\/uploads\/sites\/34\/Naturparkentdecker.jpg","type":"image\/jpeg"}],"author":"Naturpark-Team","twitter_misc":{"Verfasst von":"Naturpark-Team","Gesch\u00e4tzte Lesezeit":"2\u00a0Minuten"},"schema":{"@context":"https:\/\/schema.org","@graph":[{"@type":"WebPage","@id":"https:\/\/www.naturparkmagazin.de\/schwaebisch-fraenkischer-wald\/natur-und-umwelt-entdecken-lieben-schuetzen\/","url":"https:\/\/www.naturparkmagazin.de\/schwaebisch-fraenkischer-wald\/natur-und-umwelt-entdecken-lieben-schuetzen\/","name":"Natur und Umwelt entdecken, lieben, sch\u00fctzen - Naturpark Schw\u00e4bisch-Fr\u00e4nkischer Wald","isPartOf":{"@id":"https:\/\/www.naturparkmagazin.de\/schwaebisch-fraenkischer-wald\/#website"},"datePublished":"2013-10-30T16:21:08+00:00","dateModified":"2014-04-09T10:06:03+00:00","author":{"@id":"https:\/\/www.naturparkmagazin.de\/schwaebisch-fraenkischer-wald\/#\/schema\/person\/f047a3702ae747fd7830cf8ac95e6066"},"breadcrumb":{"@id":"https:\/\/www.naturparkmagazin.de\/schwaebisch-fraenkischer-wald\/natur-und-umwelt-entdecken-lieben-schuetzen\/#breadcrumb"},"inLanguage":"de","potentialAction":[{"@type":"ReadAction","target":["https:\/\/www.naturparkmagazin.de\/schwaebisch-fraenkischer-wald\/natur-und-umwelt-entdecken-lieben-schuetzen\/"]}]},{"@type":"BreadcrumbList","@id":"https:\/\/www.naturparkmagazin.de\/schwaebisch-fraenkischer-wald\/natur-und-umwelt-entdecken-lieben-schuetzen\/#breadcrumb","itemListElement":[{"@type":"ListItem","position":1,"name":"Home","item":"https:\/\/www.naturparkmagazin.de\/schwaebisch-fraenkischer-wald\/"},{"@type":"ListItem","position":2,"name":"Natur und Umwelt entdecken, lieben, sch\u00fctzen"}]},{"@type":"WebSite","@id":"https:\/\/www.naturparkmagazin.de\/schwaebisch-fraenkischer-wald\/#website","url":"https:\/\/www.naturparkmagazin.de\/schwaebisch-fraenkischer-wald\/","name":"Naturpark Schw\u00e4bisch-Fr\u00e4nkischer Wald","description":"","potentialAction":[{"@type":"SearchAction","target":{"@type":"EntryPoint","urlTemplate":"https:\/\/www.naturparkmagazin.de\/schwaebisch-fraenkischer-wald\/?s={search_term_string}"},"query-input":"required name=search_term_string"}],"inLanguage":"de"},{"@type":"Person","@id":"https:\/\/www.naturparkmagazin.de\/schwaebisch-fraenkischer-wald\/#\/schema\/person\/f047a3702ae747fd7830cf8ac95e6066","name":"Naturpark-Team","sameAs":["http:\/\/www.naturpark-sfw.de","https:\/\/www.facebook.com\/naturparkSFW"],"url":"https:\/\/www.naturparkmagazin.de\/schwaebisch-fraenkischer-wald\/author\/bernharddrixler\/"}]}},"_links":{"self":[{"href":"https:\/\/www.naturparkmagazin.de\/schwaebisch-fraenkischer-wald\/wp-json\/wp\/v2\/posts\/398"}],"collection":[{"href":"https:\/\/www.naturparkmagazin.de\/schwaebisch-fraenkischer-wald\/wp-json\/wp\/v2\/posts"}],"about":[{"href":"https:\/\/www.naturparkmagazin.de\/schwaebisch-fraenkischer-wald\/wp-json\/wp\/v2\/types\/post"}],"author":[{"embeddable":true,"href":"https:\/\/www.naturparkmagazin.de\/schwaebisch-fraenkischer-wald\/wp-json\/wp\/v2\/users\/25"}],"replies":[{"embeddable":true,"href":"https:\/\/www.naturparkmagazin.de\/schwaebisch-fraenkischer-wald\/wp-json\/wp\/v2\/comments?post=398"}],"version-history":[{"count":4,"href":"https:\/\/www.naturparkmagazin.de\/schwaebisch-fraenkischer-wald\/wp-json\/wp\/v2\/posts\/398\/revisions"}],"predecessor-version":[{"id":441,"href":"https:\/\/www.naturparkmagazin.de\/schwaebisch-fraenkischer-wald\/wp-json\/wp\/v2\/posts\/398\/revisions\/441"}],"wp:featuredmedia":[{"embeddable":true,"href":"https:\/\/www.naturparkmagazin.de\/schwaebisch-fraenkischer-wald\/wp-json\/wp\/v2\/media\/417"}],"wp:attachment":[{"href":"https:\/\/www.naturparkmagazin.de\/schwaebisch-fraenkischer-wald\/wp-json\/wp\/v2\/media?parent=398"}],"wp:term":[{"taxonomy":"category","embeddable":true,"href":"https:\/\/www.naturparkmagazin.de\/schwaebisch-fraenkischer-wald\/wp-json\/wp\/v2\/categories?post=398"},{"taxonomy":"post_tag","embeddable":true,"href":"https:\/\/www.naturparkmagazin.de\/schwaebisch-fraenkischer-wald\/wp-json\/wp\/v2\/tags?post=398"}],"curies":[{"name":"wp","href":"https:\/\/api.w.org\/{rel}","templated":true}]}}