{"id":3989,"date":"2016-10-17T08:25:00","date_gmt":"2016-10-17T06:25:00","guid":{"rendered":"http:\/\/www.naturparkmagazin.de\/schwaebisch-fraenkischer-wald\/?p=3989"},"modified":"2016-10-17T08:27:32","modified_gmt":"2016-10-17T06:27:32","slug":"mostereien-im-naturpark","status":"publish","type":"post","link":"https:\/\/www.naturparkmagazin.de\/schwaebisch-fraenkischer-wald\/mostereien-im-naturpark\/","title":{"rendered":"Mostereien im Naturpark"},"content":{"rendered":"<p>Der NABU hat eine bundesweite Liste mit station\u00e4ren und mobilen Mostereien ver\u00f6ffentlicht, auch in der Naturpark-Region sind einige dabei. Wer also seine eigenen \u00c4pfel zu k\u00f6stlichem Saft verarbeiten m\u00f6chte, kann dies hier tun:<a href=\"https:\/\/www.naturparkmagazin.de\/schwaebisch-fraenkischer-wald\/wp-content\/uploads\/sites\/34\/081010_Streuobst_Evam_Siegelsberg.jpg\"><img decoding=\"async\" loading=\"lazy\" class=\"alignright size-full wp-image-3991\" src=\"https:\/\/www.naturparkmagazin.de\/schwaebisch-fraenkischer-wald\/wp-content\/uploads\/sites\/34\/081010_Streuobst_Evam_Siegelsberg.jpg\" alt=\"eigenen \u00c4pfel zu k\u00f6stlichem Saft verarbeiten\" width=\"200\" height=\"200\" srcset=\"https:\/\/www.naturparkmagazin.de\/schwaebisch-fraenkischer-wald\/wp-content\/uploads\/sites\/34\/081010_Streuobst_Evam_Siegelsberg.jpg 200w, https:\/\/www.naturparkmagazin.de\/schwaebisch-fraenkischer-wald\/wp-content\/uploads\/sites\/34\/081010_Streuobst_Evam_Siegelsberg-30x30.jpg 30w\" sizes=\"(max-width: 200px) 100vw, 200px\" \/><\/a><\/p>\n<p><strong>\u00a071540 Murrhardt:<\/strong> <a href=\"http:\/\/www.mosterei-wurst.de\/\">Mosterei Familie Wurst<\/a>, K\u00f6chersberg 32, 07192 \/ 936434, <a href=\"mailto:info@mosterei-wurst.de\">info@mosterei-wurst.de <\/a>. Abf\u00fcllung in 3 l, 5 l oder 10 l bag-in-box, keine Mindestmenge, Verarbeitung mit oder ohne Termin m\u00f6glich. Weniger Trub im Beutel durch Zentrifuge. Nachhaltiges Pasteurisieren mit Hackschnitzelheizung. Kein Obstankauf und kein Tausch, sondern jeder Kunde erh\u00e4lt Saft aus seinem Obst. Ganzj\u00e4hrig Verkauf von Saft aus unserem Obst.<\/p>\n<p><strong>71543 W\u00fcstenrot-Berg:<\/strong> Lohnmosterei Familie Laidig, Talblick 2, 07945 \/ 1016, <a href=\"mailto:gp.laidig@t-online.de\">gp.laidig@t-online.de<\/a>. Saft oder Most vom eigenen Obst. Wir verarbeiten \u00c4pfel, Birnen, Quitten, Mindestmenge 150 kg. Pasteurisierung und Abf\u00fcllung in 5 l oder 10 l bag-in-box. Terminvereinbarung erbeten.<\/p>\n<p><strong>73453 Abtsgm\u00fcnd:<\/strong> <a href=\"http:\/\/www.saft-box.de\/\">Fruchtsaftkelterei Blum<\/a>, Johannes Blum, Dewanger Stra\u00dfe 12, 07366 \/ 7324, Fax: \/ 7330, <a href=\"mailto:info@weinblum.de\">info@weinblum.de<\/a>. Getrennte Verarbeitung Ihrer \u00c4pfel und Birnen auf einer trubarmen Presse ab ca. 200 kg, schonende Kurzzeiterhitzung, Hei\u00dfabf\u00fcllung in 5 l oder 10 l bag-in-box.<\/p>\n<p><strong>73614 Schorndorf Weiler:<\/strong> <a href=\"http:\/\/www.muehlenhofmosterei.de\/\">M\u00fchlenhofmosterei \u2013 Heiland &amp; Schall GbR<\/a>, Sch\u00fctzenstr. 40\/1, <a href=\"mailto:info@muehlenhofmosterei.de\">info@muehlenhofmosterei.de<\/a>, 07181 \/ 994636. Neuer\u00f6ffnung in 2015, Lohnmosterei \u2013 Abf\u00fcllung in 3 l, 5 l und 10 l bag-in-box. Telefonische Anmeldung ab August m\u00f6glich.<\/p>\n<p><strong>74523 Schw\u00e4bisch-Hall:<\/strong> <a href=\"http:\/\/www.hohenloher-fruchtsaefte.de\/\">Hohenloher Fruchts\u00e4fte &#8211; Kelterei Schlie\u00dfmann &#8211; Folker Brand<\/a>, Heidweg 11, 0791 \/ 52011, Fax: \/ 51371, <a href=\"mailto:brand@hohenloher-fruchtsaefte.de\">brand@hohenloher-fruchtsaefte.de<\/a>. Abf\u00fcllung: Getrennte Verarbeitung von \u00c4pfeln ab 2000 kg, schonende Kurzzeiterhitzung und Flaschenabf\u00fcllung in 1-, 0,7-, 0,5- und 0,2 Liter-Flaschen.<\/p>\n<p>&nbsp;<\/p>\n<p>Weitere Infos rund um das Thema Streuobst gibt es hier: <a href=\"http:\/\/www.streuobst.de\">www.streuobst.de<\/a><\/p>\n","protected":false},"excerpt":{"rendered":"<p>Die eigenen \u00c4pfel zu k\u00f6stlichem Saft verarbeiten<\/p>\n","protected":false},"author":25,"featured_media":3991,"comment_status":"open","ping_status":"open","sticky":false,"template":"","format":"standard","meta":[],"categories":[7],"tags":[508],"yoast_head":"<!-- This site is optimized with the Yoast SEO plugin v19.10 - https:\/\/yoast.com\/wordpress\/plugins\/seo\/ -->\n<title>Mostereien im Naturpark - Naturpark Schw\u00e4bisch-Fr\u00e4nkischer Wald<\/title>\n<meta name=\"robots\" content=\"index, follow, max-snippet:-1, max-image-preview:large, max-video-preview:-1\" \/>\n<link rel=\"canonical\" href=\"https:\/\/www.naturparkmagazin.de\/schwaebisch-fraenkischer-wald\/mostereien-im-naturpark\/\" \/>\n<meta property=\"og:locale\" content=\"de_DE\" \/>\n<meta property=\"og:type\" content=\"article\" \/>\n<meta property=\"og:title\" content=\"Mostereien im Naturpark - Naturpark Schw\u00e4bisch-Fr\u00e4nkischer Wald\" \/>\n<meta property=\"og:description\" content=\"Die eigenen \u00c4pfel zu k\u00f6stlichem Saft verarbeiten\" \/>\n<meta property=\"og:url\" content=\"https:\/\/www.naturparkmagazin.de\/schwaebisch-fraenkischer-wald\/mostereien-im-naturpark\/\" \/>\n<meta property=\"og:site_name\" content=\"Naturpark Schw\u00e4bisch-Fr\u00e4nkischer Wald\" \/>\n<meta property=\"article:author\" content=\"https:\/\/www.facebook.com\/naturparkSFW\" \/>\n<meta property=\"article:published_time\" content=\"2016-10-17T06:25:00+00:00\" \/>\n<meta property=\"article:modified_time\" content=\"2016-10-17T06:27:32+00:00\" \/>\n<meta property=\"og:image\" content=\"https:\/\/www.naturparkmagazin.de\/schwaebisch-fraenkischer-wald\/wp-content\/uploads\/sites\/34\/081010_Streuobst_Evam_Siegelsberg.jpg\" \/>\n\t<meta property=\"og:image:width\" content=\"200\" \/>\n\t<meta property=\"og:image:height\" content=\"200\" \/>\n\t<meta property=\"og:image:type\" content=\"image\/jpeg\" \/>\n<meta name=\"author\" content=\"Naturpark-Team\" \/>\n<meta name=\"twitter:label1\" content=\"Verfasst von\" \/>\n\t<meta name=\"twitter:data1\" content=\"Naturpark-Team\" \/>\n\t<meta name=\"twitter:label2\" content=\"Gesch\u00e4tzte Lesezeit\" \/>\n\t<meta name=\"twitter:data2\" content=\"1\u00a0Minute\" \/>\n<script type=\"application\/ld+json\" class=\"yoast-schema-graph\">{\"@context\":\"https:\/\/schema.org\",\"@graph\":[{\"@type\":\"WebPage\",\"@id\":\"https:\/\/www.naturparkmagazin.de\/schwaebisch-fraenkischer-wald\/mostereien-im-naturpark\/\",\"url\":\"https:\/\/www.naturparkmagazin.de\/schwaebisch-fraenkischer-wald\/mostereien-im-naturpark\/\",\"name\":\"Mostereien im Naturpark - Naturpark Schw\u00e4bisch-Fr\u00e4nkischer Wald\",\"isPartOf\":{\"@id\":\"https:\/\/www.naturparkmagazin.de\/schwaebisch-fraenkischer-wald\/#website\"},\"datePublished\":\"2016-10-17T06:25:00+00:00\",\"dateModified\":\"2016-10-17T06:27:32+00:00\",\"author\":{\"@id\":\"https:\/\/www.naturparkmagazin.de\/schwaebisch-fraenkischer-wald\/#\/schema\/person\/f047a3702ae747fd7830cf8ac95e6066\"},\"breadcrumb\":{\"@id\":\"https:\/\/www.naturparkmagazin.de\/schwaebisch-fraenkischer-wald\/mostereien-im-naturpark\/#breadcrumb\"},\"inLanguage\":\"de\",\"potentialAction\":[{\"@type\":\"ReadAction\",\"target\":[\"https:\/\/www.naturparkmagazin.de\/schwaebisch-fraenkischer-wald\/mostereien-im-naturpark\/\"]}]},{\"@type\":\"BreadcrumbList\",\"@id\":\"https:\/\/www.naturparkmagazin.de\/schwaebisch-fraenkischer-wald\/mostereien-im-naturpark\/#breadcrumb\",\"itemListElement\":[{\"@type\":\"ListItem\",\"position\":1,\"name\":\"Home\",\"item\":\"https:\/\/www.naturparkmagazin.de\/schwaebisch-fraenkischer-wald\/\"},{\"@type\":\"ListItem\",\"position\":2,\"name\":\"Mostereien im Naturpark\"}]},{\"@type\":\"WebSite\",\"@id\":\"https:\/\/www.naturparkmagazin.de\/schwaebisch-fraenkischer-wald\/#website\",\"url\":\"https:\/\/www.naturparkmagazin.de\/schwaebisch-fraenkischer-wald\/\",\"name\":\"Naturpark Schw\u00e4bisch-Fr\u00e4nkischer Wald\",\"description\":\"\",\"potentialAction\":[{\"@type\":\"SearchAction\",\"target\":{\"@type\":\"EntryPoint\",\"urlTemplate\":\"https:\/\/www.naturparkmagazin.de\/schwaebisch-fraenkischer-wald\/?s={search_term_string}\"},\"query-input\":\"required name=search_term_string\"}],\"inLanguage\":\"de\"},{\"@type\":\"Person\",\"@id\":\"https:\/\/www.naturparkmagazin.de\/schwaebisch-fraenkischer-wald\/#\/schema\/person\/f047a3702ae747fd7830cf8ac95e6066\",\"name\":\"Naturpark-Team\",\"sameAs\":[\"http:\/\/www.naturpark-sfw.de\",\"https:\/\/www.facebook.com\/naturparkSFW\"],\"url\":\"https:\/\/www.naturparkmagazin.de\/schwaebisch-fraenkischer-wald\/author\/bernharddrixler\/\"}]}<\/script>\n<!-- \/ Yoast SEO plugin. -->","yoast_head_json":{"title":"Mostereien im Naturpark - Naturpark Schw\u00e4bisch-Fr\u00e4nkischer Wald","robots":{"index":"index","follow":"follow","max-snippet":"max-snippet:-1","max-image-preview":"max-image-preview:large","max-video-preview":"max-video-preview:-1"},"canonical":"https:\/\/www.naturparkmagazin.de\/schwaebisch-fraenkischer-wald\/mostereien-im-naturpark\/","og_locale":"de_DE","og_type":"article","og_title":"Mostereien im Naturpark - Naturpark Schw\u00e4bisch-Fr\u00e4nkischer Wald","og_description":"Die eigenen \u00c4pfel zu k\u00f6stlichem Saft verarbeiten","og_url":"https:\/\/www.naturparkmagazin.de\/schwaebisch-fraenkischer-wald\/mostereien-im-naturpark\/","og_site_name":"Naturpark Schw\u00e4bisch-Fr\u00e4nkischer Wald","article_author":"https:\/\/www.facebook.com\/naturparkSFW","article_published_time":"2016-10-17T06:25:00+00:00","article_modified_time":"2016-10-17T06:27:32+00:00","og_image":[{"width":200,"height":200,"url":"https:\/\/www.naturparkmagazin.de\/schwaebisch-fraenkischer-wald\/wp-content\/uploads\/sites\/34\/081010_Streuobst_Evam_Siegelsberg.jpg","type":"image\/jpeg"}],"author":"Naturpark-Team","twitter_misc":{"Verfasst von":"Naturpark-Team","Gesch\u00e4tzte Lesezeit":"1\u00a0Minute"},"schema":{"@context":"https:\/\/schema.org","@graph":[{"@type":"WebPage","@id":"https:\/\/www.naturparkmagazin.de\/schwaebisch-fraenkischer-wald\/mostereien-im-naturpark\/","url":"https:\/\/www.naturparkmagazin.de\/schwaebisch-fraenkischer-wald\/mostereien-im-naturpark\/","name":"Mostereien im Naturpark - Naturpark Schw\u00e4bisch-Fr\u00e4nkischer Wald","isPartOf":{"@id":"https:\/\/www.naturparkmagazin.de\/schwaebisch-fraenkischer-wald\/#website"},"datePublished":"2016-10-17T06:25:00+00:00","dateModified":"2016-10-17T06:27:32+00:00","author":{"@id":"https:\/\/www.naturparkmagazin.de\/schwaebisch-fraenkischer-wald\/#\/schema\/person\/f047a3702ae747fd7830cf8ac95e6066"},"breadcrumb":{"@id":"https:\/\/www.naturparkmagazin.de\/schwaebisch-fraenkischer-wald\/mostereien-im-naturpark\/#breadcrumb"},"inLanguage":"de","potentialAction":[{"@type":"ReadAction","target":["https:\/\/www.naturparkmagazin.de\/schwaebisch-fraenkischer-wald\/mostereien-im-naturpark\/"]}]},{"@type":"BreadcrumbList","@id":"https:\/\/www.naturparkmagazin.de\/schwaebisch-fraenkischer-wald\/mostereien-im-naturpark\/#breadcrumb","itemListElement":[{"@type":"ListItem","position":1,"name":"Home","item":"https:\/\/www.naturparkmagazin.de\/schwaebisch-fraenkischer-wald\/"},{"@type":"ListItem","position":2,"name":"Mostereien im Naturpark"}]},{"@type":"WebSite","@id":"https:\/\/www.naturparkmagazin.de\/schwaebisch-fraenkischer-wald\/#website","url":"https:\/\/www.naturparkmagazin.de\/schwaebisch-fraenkischer-wald\/","name":"Naturpark Schw\u00e4bisch-Fr\u00e4nkischer Wald","description":"","potentialAction":[{"@type":"SearchAction","target":{"@type":"EntryPoint","urlTemplate":"https:\/\/www.naturparkmagazin.de\/schwaebisch-fraenkischer-wald\/?s={search_term_string}"},"query-input":"required name=search_term_string"}],"inLanguage":"de"},{"@type":"Person","@id":"https:\/\/www.naturparkmagazin.de\/schwaebisch-fraenkischer-wald\/#\/schema\/person\/f047a3702ae747fd7830cf8ac95e6066","name":"Naturpark-Team","sameAs":["http:\/\/www.naturpark-sfw.de","https:\/\/www.facebook.com\/naturparkSFW"],"url":"https:\/\/www.naturparkmagazin.de\/schwaebisch-fraenkischer-wald\/author\/bernharddrixler\/"}]}},"_links":{"self":[{"href":"https:\/\/www.naturparkmagazin.de\/schwaebisch-fraenkischer-wald\/wp-json\/wp\/v2\/posts\/3989"}],"collection":[{"href":"https:\/\/www.naturparkmagazin.de\/schwaebisch-fraenkischer-wald\/wp-json\/wp\/v2\/posts"}],"about":[{"href":"https:\/\/www.naturparkmagazin.de\/schwaebisch-fraenkischer-wald\/wp-json\/wp\/v2\/types\/post"}],"author":[{"embeddable":true,"href":"https:\/\/www.naturparkmagazin.de\/schwaebisch-fraenkischer-wald\/wp-json\/wp\/v2\/users\/25"}],"replies":[{"embeddable":true,"href":"https:\/\/www.naturparkmagazin.de\/schwaebisch-fraenkischer-wald\/wp-json\/wp\/v2\/comments?post=3989"}],"version-history":[{"count":3,"href":"https:\/\/www.naturparkmagazin.de\/schwaebisch-fraenkischer-wald\/wp-json\/wp\/v2\/posts\/3989\/revisions"}],"predecessor-version":[{"id":3993,"href":"https:\/\/www.naturparkmagazin.de\/schwaebisch-fraenkischer-wald\/wp-json\/wp\/v2\/posts\/3989\/revisions\/3993"}],"wp:featuredmedia":[{"embeddable":true,"href":"https:\/\/www.naturparkmagazin.de\/schwaebisch-fraenkischer-wald\/wp-json\/wp\/v2\/media\/3991"}],"wp:attachment":[{"href":"https:\/\/www.naturparkmagazin.de\/schwaebisch-fraenkischer-wald\/wp-json\/wp\/v2\/media?parent=3989"}],"wp:term":[{"taxonomy":"category","embeddable":true,"href":"https:\/\/www.naturparkmagazin.de\/schwaebisch-fraenkischer-wald\/wp-json\/wp\/v2\/categories?post=3989"},{"taxonomy":"post_tag","embeddable":true,"href":"https:\/\/www.naturparkmagazin.de\/schwaebisch-fraenkischer-wald\/wp-json\/wp\/v2\/tags?post=3989"}],"curies":[{"name":"wp","href":"https:\/\/api.w.org\/{rel}","templated":true}]}}