{"id":3997,"date":"2016-10-17T08:37:33","date_gmt":"2016-10-17T06:37:33","guid":{"rendered":"http:\/\/www.naturparkmagazin.de\/schwaebisch-fraenkischer-wald\/?p=3997"},"modified":"2016-10-17T08:39:47","modified_gmt":"2016-10-17T06:39:47","slug":"neue-sprecherin-der-arbeitsgemeinschaft-naturparke-gewaehlt","status":"publish","type":"post","link":"https:\/\/www.naturparkmagazin.de\/schwaebisch-fraenkischer-wald\/neue-sprecherin-der-arbeitsgemeinschaft-naturparke-gewaehlt\/","title":{"rendered":"Neue Sprecherin der Arbeitsgemeinschaft Naturparke gew\u00e4hlt"},"content":{"rendered":"<p>Die \u201eArbeitsgemeinschaft Naturparke Baden-W\u00fcrttemberg\u201c setzt sich seit nunmehr elf Jahren f\u00fcr die Belange der sieben Gro\u00dfschutzgebiete im S\u00fcdwesten ein. Die j\u00e4hrliche Sitzung fand 2016 in der Rainhof Scheune in Kirchzarten-Burg statt, bei der Landr\u00e4tin Marion Dammann, Vorsitzende des Naturparks S\u00fcdschwarzwald, als neue Sprecherin gew\u00e4hlt wurde.<\/p>\n<div id=\"attachment_3999\" style=\"width: 305px\" class=\"wp-caption alignright\"><a href=\"https:\/\/www.naturparkmagazin.de\/schwaebisch-fraenkischer-wald\/wp-content\/uploads\/sites\/34\/Gruppenbild_AG-Naturparke.jpg\"><img aria-describedby=\"caption-attachment-3999\" decoding=\"async\" loading=\"lazy\" class=\"size-full wp-image-3999\" src=\"https:\/\/www.naturparkmagazin.de\/schwaebisch-fraenkischer-wald\/wp-content\/uploads\/sites\/34\/Gruppenbild_AG-Naturparke.jpg\" alt=\"Gruppenbild_AG Naturparke\" width=\"295\" height=\"200\" srcset=\"https:\/\/www.naturparkmagazin.de\/schwaebisch-fraenkischer-wald\/wp-content\/uploads\/sites\/34\/Gruppenbild_AG-Naturparke.jpg 295w, https:\/\/www.naturparkmagazin.de\/schwaebisch-fraenkischer-wald\/wp-content\/uploads\/sites\/34\/Gruppenbild_AG-Naturparke-200x136.jpg 200w\" sizes=\"(max-width: 295px) 100vw, 295px\" \/><\/a><p id=\"caption-attachment-3999\" class=\"wp-caption-text\">(v. l. n. r.): Bernhard Drixler, Gesch\u00e4ftsf\u00fchrer Naturpark Schw\u00e4bisch-Fr\u00e4nkischer Wald, Matthias Allg\u00e4uer, Gesch\u00e4ftsf\u00fchrer Naturpark Sch\u00f6nbuch, Landr\u00e4tin Marion Dammann, Vorsitzende Naturpark S\u00fcdschwarzwald und neue AG-Sprecherin, Roland Sch\u00f6ttle, Gesch\u00e4ftsf\u00fchrer Naturpark S\u00fcdschwarzwald, Landrat Dr. Achim Br\u00f6tel, Vorsitzender Naturpark Neckartal-Odenwald, B\u00fcrgermeister Siegfried Scheffold, stellvertretender Vorsitzender Naturpark Schwarzwald Mitte\/Nord, Cordula Samuleit, Gesch\u00e4ftsf\u00fchrerin Naturpark Neckartal-Odenwald, Bernd Schneck, Gesch\u00e4ftsf\u00fchrer Naturpark Obere Donau, [fehlt: Landrat Stefan B\u00e4r, Vorsitzender Naturpark Obere Donau], Karl-Heinz Dunker, Gesch\u00e4ftsf\u00fchrer Naturpark Schwarzwald Mitte\/Nord, Dietmar Gretter, Gesch\u00e4ftsf\u00fchrer Stromberg-Heuchelberg, Karl-Heinz Lieber, Ministerium f\u00fcr L\u00e4ndlichen Raum und Verbraucherschutz Baden-W\u00fcrttemberg<\/p><\/div>Im Rahmen ihrer j\u00e4hrlichen Sitzung zogen Vorsitzende und Gesch\u00e4ftsf\u00fchrer der Naturparke in der Rainhof Scheue in Kirchzarten-Burg (Landkreis Breisgau-Hochschwarzwald) am Donnerstag, 29. September 2016, eine positive Bilanz ihrer Arbeit.\nHauptpunkt der Tagesordnung war die \u00dcbergabe der Sprecherrolle von Landrat Dr. Achim Br\u00f6tel (Vorsitzender Naturpark Neckartal-Odenwald) an die Vorsitzende des Naturparks S\u00fcdschwarzwald, Landr\u00e4tin Marion Dammann. Br\u00f6tel kann auf eine erfolgreiche Zeit als AG-Sprecher zur\u00fcckblicken: \u201eSo haben in den vergangenen Jahren dank der gemeinsamen Stimme die Naturparke nicht nur mehr Gewicht in der \u00f6ffentlichen Wahrnehmung gewonnen, sie konnten aufgrund der sp\u00fcrbaren Aufstockung von F\u00f6rdermitteln auch zahlreiche wichtige Projekte in ihren Regionen umsetzen.\u201c Dammann dankte Dr. Br\u00f6tel f\u00fcr seine langj\u00e4hrige und erfolgreiche Arbeit f\u00fcr die Anliegen der Naturparke in Baden-W\u00fcrttemberg.<\/p>\n<p>Eine der Hauptaufgaben der Zukunft f\u00fcr die AG beschrieb die neue Sprecherin Marion Dammann so: \u201eEine st\u00e4rkere Unterst\u00fctzung der Naturparke im personellen Bereich ist gew\u00fcnscht. Die Naturparke machen 35 % der Landesfl\u00e4che aus, decken eine hohe Themenvielfalt ab, erhalten die Kulturlandschaften, st\u00e4rken die biologische Vielfalt, bieten naturvertr\u00e4gliche Erholung, organisieren Bildung f\u00fcr nachhaltige Entwicklung \u2013 um nur einige der Einsatzgebiete zu nennen. Wir werden uns einsetzen f\u00fcr eine ad\u00e4quate personelle und finanzielle Ausstattung, damit wir auch k\u00fcnftig zusammen mit unseren Mitgliedern und Partnern die Entwicklung der l\u00e4ndlichen R\u00e4ume voranbringen k\u00f6nnen.\u201c<\/p>\n<p>Weiteres Thema der AG-Naturparke-Sitzung war die neue Naturpark-F\u00f6rderrichtlinie, die zwar eine ganze Reihe neuer Projekte erm\u00f6glicht, aber auch einen stetig steigenden Aufwand mit sich bringt. Auch hieraus resultierte die Forderung nach einer verbesserten personellen und finanziellen Ausstattung der Gesch\u00e4ftsstellen.<\/p>\n<p>Nach den Landtagswahlen 2016 wurden erste Fraktionsgespr\u00e4che mit den Gr\u00fcnen gef\u00fchrt, weitere stehen im November mit der CDU und SPD auf dem Programm. Auch hier geht es darum, durch gezielte Information eine aufgabengerechte Grundausstattung zu erreichen.\nBesprochen wurden zudem gemeinsame Veranstaltungen und Aktionen, darunter der Auftritt der Gro\u00dfschutzgebiete auf der Tourismusmesse CMT in Stuttgart im Januar 2017 sowie die Auflage einer gemeinsamen Radbrosch\u00fcre, nachdem die letztj\u00e4hrige Brosch\u00fcre zum Thema Wandern sehr gut angenommen worden war. Weitere erfolgreiche Projekte wie der allj\u00e4hrliche \u201eBrunch auf dem Bauernhof\u201c, der zeitgleich in allen sieben Naturparken stattfindet, oder auch die gemeinsame Pr\u00e4sentation im Magazin ECHTZEIT sollen fortgef\u00fchrt\u00a0 werden. Mit ihren Projekten im Bereich Naturschutz, Regionalvermarktung und sanfter Tourismus wollen die Naturparke auch weiterhin\neinen wichtigen Beitrag f\u00fcr die Entwicklung ihrer Regionen leisten.<\/p>\n","protected":false},"excerpt":{"rendered":"<p>Eine gemeinsame Stimme f\u00fcr mehr Gewicht in Politik und \u00d6ffentlichkeit<\/p>\n","protected":false},"author":25,"featured_media":3999,"comment_status":"open","ping_status":"open","sticky":false,"template":"","format":"standard","meta":[],"categories":[7],"tags":[508],"yoast_head":"<!-- This site is optimized with the Yoast SEO plugin v19.10 - https:\/\/yoast.com\/wordpress\/plugins\/seo\/ -->\n<title>Neue Sprecherin der Arbeitsgemeinschaft Naturparke gew\u00e4hlt - Naturpark Schw\u00e4bisch-Fr\u00e4nkischer Wald<\/title>\n<meta name=\"robots\" content=\"index, follow, max-snippet:-1, max-image-preview:large, max-video-preview:-1\" \/>\n<link rel=\"canonical\" href=\"https:\/\/www.naturparkmagazin.de\/schwaebisch-fraenkischer-wald\/neue-sprecherin-der-arbeitsgemeinschaft-naturparke-gewaehlt\/\" \/>\n<meta property=\"og:locale\" content=\"de_DE\" \/>\n<meta property=\"og:type\" content=\"article\" \/>\n<meta property=\"og:title\" content=\"Neue Sprecherin der Arbeitsgemeinschaft Naturparke gew\u00e4hlt - Naturpark Schw\u00e4bisch-Fr\u00e4nkischer Wald\" \/>\n<meta property=\"og:description\" content=\"Eine gemeinsame Stimme f\u00fcr mehr Gewicht in Politik und \u00d6ffentlichkeit\" \/>\n<meta property=\"og:url\" content=\"https:\/\/www.naturparkmagazin.de\/schwaebisch-fraenkischer-wald\/neue-sprecherin-der-arbeitsgemeinschaft-naturparke-gewaehlt\/\" \/>\n<meta property=\"og:site_name\" content=\"Naturpark Schw\u00e4bisch-Fr\u00e4nkischer Wald\" \/>\n<meta property=\"article:author\" content=\"https:\/\/www.facebook.com\/naturparkSFW\" \/>\n<meta property=\"article:published_time\" content=\"2016-10-17T06:37:33+00:00\" \/>\n<meta property=\"article:modified_time\" content=\"2016-10-17T06:39:47+00:00\" \/>\n<meta property=\"og:image\" content=\"https:\/\/www.naturparkmagazin.de\/schwaebisch-fraenkischer-wald\/wp-content\/uploads\/sites\/34\/Gruppenbild_AG-Naturparke.jpg\" \/>\n\t<meta property=\"og:image:width\" content=\"295\" \/>\n\t<meta property=\"og:image:height\" content=\"200\" \/>\n\t<meta property=\"og:image:type\" content=\"image\/jpeg\" \/>\n<meta name=\"author\" content=\"Naturpark-Team\" \/>\n<meta name=\"twitter:label1\" content=\"Verfasst von\" \/>\n\t<meta name=\"twitter:data1\" content=\"Naturpark-Team\" \/>\n\t<meta name=\"twitter:label2\" content=\"Gesch\u00e4tzte Lesezeit\" \/>\n\t<meta name=\"twitter:data2\" content=\"3\u00a0Minuten\" \/>\n<script type=\"application\/ld+json\" class=\"yoast-schema-graph\">{\"@context\":\"https:\/\/schema.org\",\"@graph\":[{\"@type\":\"WebPage\",\"@id\":\"https:\/\/www.naturparkmagazin.de\/schwaebisch-fraenkischer-wald\/neue-sprecherin-der-arbeitsgemeinschaft-naturparke-gewaehlt\/\",\"url\":\"https:\/\/www.naturparkmagazin.de\/schwaebisch-fraenkischer-wald\/neue-sprecherin-der-arbeitsgemeinschaft-naturparke-gewaehlt\/\",\"name\":\"Neue Sprecherin der Arbeitsgemeinschaft Naturparke gew\u00e4hlt - Naturpark Schw\u00e4bisch-Fr\u00e4nkischer Wald\",\"isPartOf\":{\"@id\":\"https:\/\/www.naturparkmagazin.de\/schwaebisch-fraenkischer-wald\/#website\"},\"datePublished\":\"2016-10-17T06:37:33+00:00\",\"dateModified\":\"2016-10-17T06:39:47+00:00\",\"author\":{\"@id\":\"https:\/\/www.naturparkmagazin.de\/schwaebisch-fraenkischer-wald\/#\/schema\/person\/f047a3702ae747fd7830cf8ac95e6066\"},\"breadcrumb\":{\"@id\":\"https:\/\/www.naturparkmagazin.de\/schwaebisch-fraenkischer-wald\/neue-sprecherin-der-arbeitsgemeinschaft-naturparke-gewaehlt\/#breadcrumb\"},\"inLanguage\":\"de\",\"potentialAction\":[{\"@type\":\"ReadAction\",\"target\":[\"https:\/\/www.naturparkmagazin.de\/schwaebisch-fraenkischer-wald\/neue-sprecherin-der-arbeitsgemeinschaft-naturparke-gewaehlt\/\"]}]},{\"@type\":\"BreadcrumbList\",\"@id\":\"https:\/\/www.naturparkmagazin.de\/schwaebisch-fraenkischer-wald\/neue-sprecherin-der-arbeitsgemeinschaft-naturparke-gewaehlt\/#breadcrumb\",\"itemListElement\":[{\"@type\":\"ListItem\",\"position\":1,\"name\":\"Home\",\"item\":\"https:\/\/www.naturparkmagazin.de\/schwaebisch-fraenkischer-wald\/\"},{\"@type\":\"ListItem\",\"position\":2,\"name\":\"Neue Sprecherin der Arbeitsgemeinschaft Naturparke gew\u00e4hlt\"}]},{\"@type\":\"WebSite\",\"@id\":\"https:\/\/www.naturparkmagazin.de\/schwaebisch-fraenkischer-wald\/#website\",\"url\":\"https:\/\/www.naturparkmagazin.de\/schwaebisch-fraenkischer-wald\/\",\"name\":\"Naturpark Schw\u00e4bisch-Fr\u00e4nkischer Wald\",\"description\":\"\",\"potentialAction\":[{\"@type\":\"SearchAction\",\"target\":{\"@type\":\"EntryPoint\",\"urlTemplate\":\"https:\/\/www.naturparkmagazin.de\/schwaebisch-fraenkischer-wald\/?s={search_term_string}\"},\"query-input\":\"required name=search_term_string\"}],\"inLanguage\":\"de\"},{\"@type\":\"Person\",\"@id\":\"https:\/\/www.naturparkmagazin.de\/schwaebisch-fraenkischer-wald\/#\/schema\/person\/f047a3702ae747fd7830cf8ac95e6066\",\"name\":\"Naturpark-Team\",\"sameAs\":[\"http:\/\/www.naturpark-sfw.de\",\"https:\/\/www.facebook.com\/naturparkSFW\"],\"url\":\"https:\/\/www.naturparkmagazin.de\/schwaebisch-fraenkischer-wald\/author\/bernharddrixler\/\"}]}<\/script>\n<!-- \/ Yoast SEO plugin. -->","yoast_head_json":{"title":"Neue Sprecherin der Arbeitsgemeinschaft Naturparke gew\u00e4hlt - Naturpark Schw\u00e4bisch-Fr\u00e4nkischer Wald","robots":{"index":"index","follow":"follow","max-snippet":"max-snippet:-1","max-image-preview":"max-image-preview:large","max-video-preview":"max-video-preview:-1"},"canonical":"https:\/\/www.naturparkmagazin.de\/schwaebisch-fraenkischer-wald\/neue-sprecherin-der-arbeitsgemeinschaft-naturparke-gewaehlt\/","og_locale":"de_DE","og_type":"article","og_title":"Neue Sprecherin der Arbeitsgemeinschaft Naturparke gew\u00e4hlt - Naturpark Schw\u00e4bisch-Fr\u00e4nkischer Wald","og_description":"Eine gemeinsame Stimme f\u00fcr mehr Gewicht in Politik und \u00d6ffentlichkeit","og_url":"https:\/\/www.naturparkmagazin.de\/schwaebisch-fraenkischer-wald\/neue-sprecherin-der-arbeitsgemeinschaft-naturparke-gewaehlt\/","og_site_name":"Naturpark Schw\u00e4bisch-Fr\u00e4nkischer Wald","article_author":"https:\/\/www.facebook.com\/naturparkSFW","article_published_time":"2016-10-17T06:37:33+00:00","article_modified_time":"2016-10-17T06:39:47+00:00","og_image":[{"width":295,"height":200,"url":"https:\/\/www.naturparkmagazin.de\/schwaebisch-fraenkischer-wald\/wp-content\/uploads\/sites\/34\/Gruppenbild_AG-Naturparke.jpg","type":"image\/jpeg"}],"author":"Naturpark-Team","twitter_misc":{"Verfasst von":"Naturpark-Team","Gesch\u00e4tzte Lesezeit":"3\u00a0Minuten"},"schema":{"@context":"https:\/\/schema.org","@graph":[{"@type":"WebPage","@id":"https:\/\/www.naturparkmagazin.de\/schwaebisch-fraenkischer-wald\/neue-sprecherin-der-arbeitsgemeinschaft-naturparke-gewaehlt\/","url":"https:\/\/www.naturparkmagazin.de\/schwaebisch-fraenkischer-wald\/neue-sprecherin-der-arbeitsgemeinschaft-naturparke-gewaehlt\/","name":"Neue Sprecherin der Arbeitsgemeinschaft Naturparke gew\u00e4hlt - Naturpark Schw\u00e4bisch-Fr\u00e4nkischer Wald","isPartOf":{"@id":"https:\/\/www.naturparkmagazin.de\/schwaebisch-fraenkischer-wald\/#website"},"datePublished":"2016-10-17T06:37:33+00:00","dateModified":"2016-10-17T06:39:47+00:00","author":{"@id":"https:\/\/www.naturparkmagazin.de\/schwaebisch-fraenkischer-wald\/#\/schema\/person\/f047a3702ae747fd7830cf8ac95e6066"},"breadcrumb":{"@id":"https:\/\/www.naturparkmagazin.de\/schwaebisch-fraenkischer-wald\/neue-sprecherin-der-arbeitsgemeinschaft-naturparke-gewaehlt\/#breadcrumb"},"inLanguage":"de","potentialAction":[{"@type":"ReadAction","target":["https:\/\/www.naturparkmagazin.de\/schwaebisch-fraenkischer-wald\/neue-sprecherin-der-arbeitsgemeinschaft-naturparke-gewaehlt\/"]}]},{"@type":"BreadcrumbList","@id":"https:\/\/www.naturparkmagazin.de\/schwaebisch-fraenkischer-wald\/neue-sprecherin-der-arbeitsgemeinschaft-naturparke-gewaehlt\/#breadcrumb","itemListElement":[{"@type":"ListItem","position":1,"name":"Home","item":"https:\/\/www.naturparkmagazin.de\/schwaebisch-fraenkischer-wald\/"},{"@type":"ListItem","position":2,"name":"Neue Sprecherin der Arbeitsgemeinschaft Naturparke gew\u00e4hlt"}]},{"@type":"WebSite","@id":"https:\/\/www.naturparkmagazin.de\/schwaebisch-fraenkischer-wald\/#website","url":"https:\/\/www.naturparkmagazin.de\/schwaebisch-fraenkischer-wald\/","name":"Naturpark Schw\u00e4bisch-Fr\u00e4nkischer Wald","description":"","potentialAction":[{"@type":"SearchAction","target":{"@type":"EntryPoint","urlTemplate":"https:\/\/www.naturparkmagazin.de\/schwaebisch-fraenkischer-wald\/?s={search_term_string}"},"query-input":"required name=search_term_string"}],"inLanguage":"de"},{"@type":"Person","@id":"https:\/\/www.naturparkmagazin.de\/schwaebisch-fraenkischer-wald\/#\/schema\/person\/f047a3702ae747fd7830cf8ac95e6066","name":"Naturpark-Team","sameAs":["http:\/\/www.naturpark-sfw.de","https:\/\/www.facebook.com\/naturparkSFW"],"url":"https:\/\/www.naturparkmagazin.de\/schwaebisch-fraenkischer-wald\/author\/bernharddrixler\/"}]}},"_links":{"self":[{"href":"https:\/\/www.naturparkmagazin.de\/schwaebisch-fraenkischer-wald\/wp-json\/wp\/v2\/posts\/3997"}],"collection":[{"href":"https:\/\/www.naturparkmagazin.de\/schwaebisch-fraenkischer-wald\/wp-json\/wp\/v2\/posts"}],"about":[{"href":"https:\/\/www.naturparkmagazin.de\/schwaebisch-fraenkischer-wald\/wp-json\/wp\/v2\/types\/post"}],"author":[{"embeddable":true,"href":"https:\/\/www.naturparkmagazin.de\/schwaebisch-fraenkischer-wald\/wp-json\/wp\/v2\/users\/25"}],"replies":[{"embeddable":true,"href":"https:\/\/www.naturparkmagazin.de\/schwaebisch-fraenkischer-wald\/wp-json\/wp\/v2\/comments?post=3997"}],"version-history":[{"count":3,"href":"https:\/\/www.naturparkmagazin.de\/schwaebisch-fraenkischer-wald\/wp-json\/wp\/v2\/posts\/3997\/revisions"}],"predecessor-version":[{"id":4001,"href":"https:\/\/www.naturparkmagazin.de\/schwaebisch-fraenkischer-wald\/wp-json\/wp\/v2\/posts\/3997\/revisions\/4001"}],"wp:featuredmedia":[{"embeddable":true,"href":"https:\/\/www.naturparkmagazin.de\/schwaebisch-fraenkischer-wald\/wp-json\/wp\/v2\/media\/3999"}],"wp:attachment":[{"href":"https:\/\/www.naturparkmagazin.de\/schwaebisch-fraenkischer-wald\/wp-json\/wp\/v2\/media?parent=3997"}],"wp:term":[{"taxonomy":"category","embeddable":true,"href":"https:\/\/www.naturparkmagazin.de\/schwaebisch-fraenkischer-wald\/wp-json\/wp\/v2\/categories?post=3997"},{"taxonomy":"post_tag","embeddable":true,"href":"https:\/\/www.naturparkmagazin.de\/schwaebisch-fraenkischer-wald\/wp-json\/wp\/v2\/tags?post=3997"}],"curies":[{"name":"wp","href":"https:\/\/api.w.org\/{rel}","templated":true}]}}