{"id":4037,"date":"2016-11-14T09:56:51","date_gmt":"2016-11-14T08:56:51","guid":{"rendered":"http:\/\/www.naturparkmagazin.de\/schwaebisch-fraenkischer-wald\/?p=4037"},"modified":"2016-11-14T09:56:51","modified_gmt":"2016-11-14T08:56:51","slug":"ankuendigung-naturparkteller-und-naturpark-aktiv-2017","status":"publish","type":"post","link":"https:\/\/www.naturparkmagazin.de\/schwaebisch-fraenkischer-wald\/ankuendigung-naturparkteller-und-naturpark-aktiv-2017\/","title":{"rendered":"Ank\u00fcndigung Naturparkteller und Naturpark aktiv 2017"},"content":{"rendered":"<p>Wer bereits nach Ideen und Erlebnism\u00f6glichkeiten f\u00fcr das neue Jahr sucht, kann sich auf unsere Jahresbrosch\u00fcren, den Naturparkteller und Naturpark aktiv, freuen.<\/p>\n<p>Beim &#8222;Naturparkteller&#8220; k\u00f6nnen Sie sich auch 2017 wieder auf eine kulinarische Entdeckungsreise im Naturpark Schw\u00e4bisch-Fr\u00e4nkischer <a href=\"https:\/\/www.naturparkmagazin.de\/schwaebisch-fraenkischer-wald\/wp-content\/uploads\/sites\/34\/NPM_Rudersberg057.jpg\"><img decoding=\"async\" loading=\"lazy\" class=\"alignright size-full wp-image-4038\" src=\"https:\/\/www.naturparkmagazin.de\/schwaebisch-fraenkischer-wald\/wp-content\/uploads\/sites\/34\/NPM_Rudersberg057.jpg\" alt=\"Nat\u00fcrlich lecker: der Naturparkteller\" width=\"200\" height=\"200\" srcset=\"https:\/\/www.naturparkmagazin.de\/schwaebisch-fraenkischer-wald\/wp-content\/uploads\/sites\/34\/NPM_Rudersberg057.jpg 200w, https:\/\/www.naturparkmagazin.de\/schwaebisch-fraenkischer-wald\/wp-content\/uploads\/sites\/34\/NPM_Rudersberg057-30x30.jpg 30w\" sizes=\"(max-width: 200px) 100vw, 200px\" \/><\/a>Wald begeben &#8211; \u00a0mit leckeren schw\u00e4bischen wie \u201ereigschmeckten\u201c Rezepten. Alle Naturparkteller werden zu einem fairen Preis von 14 \u20ac angeboten und beinhalten \u00bc Wein, Bier oder ein anderes Getr\u00e4nk aus der Region. Die Hauptzutaten sind aus regionaler Erzeugung, sodass Sie sich mit dem Kauf des Naturparktellers nicht nur selbst, sondern auch den hier ans\u00e4ssigen Familienbetrieben und unserer Kulturlandschaft etwas Gutes tun.<\/p>\n<p>Im &#8222;Naturpark aktiv&#8220; k\u00f6nnen Sie mit unseren Naturparkf\u00fchrerinnen und Naturparkf\u00fchrern als Weggef\u00e4hrten ganz bewusste Augenblicke in unserer vielf\u00e4ltigen Kulturlandschaft erleben. Die Naturparkf\u00fchrer wissen genau, welche Geschichten sich hinter B\u00e4umen, Schluchten, M\u00fchlen oder seltenen Pflanzenarten verbergen und nur darauf warten, erz\u00e4hlt zu werden.<\/p>\n<p>In diesem Jahr werden die Naturparkf\u00fchrer auf ihren F\u00fchrungen ihre pers\u00f6nlichen Lieblingsorte verraten &#8211; ungew\u00f6hnliche, geheimnisvolle, verborgene oder besonders schutzw\u00fcrdige Fleckchen Erde im Naturpark, die es zu entdecken gilt. Die F\u00fchrungen finden an nahezu allen Sonn- und Feiertagen im Jahr statt.<a href=\"https:\/\/www.naturparkmagazin.de\/schwaebisch-fraenkischer-wald\/wp-content\/uploads\/sites\/34\/140524_Grab_Welterbe_Limes-10.jpg\"><img decoding=\"async\" loading=\"lazy\" class=\"alignright size-full wp-image-4033\" src=\"https:\/\/www.naturparkmagazin.de\/schwaebisch-fraenkischer-wald\/wp-content\/uploads\/sites\/34\/140524_Grab_Welterbe_Limes-10.jpg\" alt=\"Immer in Aktion f\u00fcr Sie: die Naturparkf\u00fchrer Schw\u00e4bisch-Fr\u00e4nkischer Wald\" width=\"200\" height=\"200\" srcset=\"https:\/\/www.naturparkmagazin.de\/schwaebisch-fraenkischer-wald\/wp-content\/uploads\/sites\/34\/140524_Grab_Welterbe_Limes-10.jpg 200w, https:\/\/www.naturparkmagazin.de\/schwaebisch-fraenkischer-wald\/wp-content\/uploads\/sites\/34\/140524_Grab_Welterbe_Limes-10-30x30.jpg 30w\" sizes=\"(max-width: 200px) 100vw, 200px\" \/><\/a><\/p>\n<p>Die beiden Brosch\u00fcren werden auf der CMT in Stuttgart vom 14.-22. Januar pr\u00e4sentiert. \u00a0Anschlie\u00dfend sind sie in allen 48 Naturparkgemeinden auf den Rath\u00e4usern, den Tourist-Infos sowie bei den Naturparkteller-Gastronomen kostenlos erh\u00e4ltlich.<\/p>\n<p>Auch auf der Naturpark-Homepage k\u00f6nnen die Brosch\u00fcren im neuen Jahr bestellt oder heruntergeladen werden: <a href=\"http:\/\/www.naturpark-sfw.de\">www.naturpark-sfw.de<\/a><\/p>\n<p>Wir w\u00fcnschen Ihnen viel Freude beim Genie\u00dfen &#8211; sowohl mit Messer und Gabel als auch in Wanderschuhen.<\/p>\n","protected":false},"excerpt":{"rendered":"<p>Den Naturpark mit Messer und Gabel und in Wanderschuhen erkunden<\/p>\n","protected":false},"author":25,"featured_media":4038,"comment_status":"open","ping_status":"open","sticky":false,"template":"","format":"standard","meta":[],"categories":[7],"tags":[508],"yoast_head":"<!-- This site is optimized with the Yoast SEO plugin v19.10 - https:\/\/yoast.com\/wordpress\/plugins\/seo\/ -->\n<title>Ank\u00fcndigung Naturparkteller und Naturpark aktiv 2017 - Naturpark Schw\u00e4bisch-Fr\u00e4nkischer Wald<\/title>\n<meta name=\"robots\" content=\"index, follow, max-snippet:-1, max-image-preview:large, max-video-preview:-1\" \/>\n<link rel=\"canonical\" href=\"https:\/\/www.naturparkmagazin.de\/schwaebisch-fraenkischer-wald\/ankuendigung-naturparkteller-und-naturpark-aktiv-2017\/\" \/>\n<meta property=\"og:locale\" content=\"de_DE\" \/>\n<meta property=\"og:type\" content=\"article\" \/>\n<meta property=\"og:title\" content=\"Ank\u00fcndigung Naturparkteller und Naturpark aktiv 2017 - Naturpark Schw\u00e4bisch-Fr\u00e4nkischer Wald\" \/>\n<meta property=\"og:description\" content=\"Den Naturpark mit Messer und Gabel und in Wanderschuhen erkunden\" \/>\n<meta property=\"og:url\" content=\"https:\/\/www.naturparkmagazin.de\/schwaebisch-fraenkischer-wald\/ankuendigung-naturparkteller-und-naturpark-aktiv-2017\/\" \/>\n<meta property=\"og:site_name\" content=\"Naturpark Schw\u00e4bisch-Fr\u00e4nkischer Wald\" \/>\n<meta property=\"article:author\" content=\"https:\/\/www.facebook.com\/naturparkSFW\" \/>\n<meta property=\"article:published_time\" content=\"2016-11-14T08:56:51+00:00\" \/>\n<meta property=\"og:image\" content=\"https:\/\/www.naturparkmagazin.de\/schwaebisch-fraenkischer-wald\/wp-content\/uploads\/sites\/34\/NPM_Rudersberg057.jpg\" \/>\n\t<meta property=\"og:image:width\" content=\"200\" \/>\n\t<meta property=\"og:image:height\" content=\"200\" \/>\n\t<meta property=\"og:image:type\" content=\"image\/jpeg\" \/>\n<meta name=\"author\" content=\"Naturpark-Team\" \/>\n<meta name=\"twitter:label1\" content=\"Verfasst von\" \/>\n\t<meta name=\"twitter:data1\" content=\"Naturpark-Team\" \/>\n\t<meta name=\"twitter:label2\" content=\"Gesch\u00e4tzte Lesezeit\" \/>\n\t<meta name=\"twitter:data2\" content=\"1\u00a0Minute\" \/>\n<script type=\"application\/ld+json\" class=\"yoast-schema-graph\">{\"@context\":\"https:\/\/schema.org\",\"@graph\":[{\"@type\":\"WebPage\",\"@id\":\"https:\/\/www.naturparkmagazin.de\/schwaebisch-fraenkischer-wald\/ankuendigung-naturparkteller-und-naturpark-aktiv-2017\/\",\"url\":\"https:\/\/www.naturparkmagazin.de\/schwaebisch-fraenkischer-wald\/ankuendigung-naturparkteller-und-naturpark-aktiv-2017\/\",\"name\":\"Ank\u00fcndigung Naturparkteller und Naturpark aktiv 2017 - Naturpark Schw\u00e4bisch-Fr\u00e4nkischer Wald\",\"isPartOf\":{\"@id\":\"https:\/\/www.naturparkmagazin.de\/schwaebisch-fraenkischer-wald\/#website\"},\"datePublished\":\"2016-11-14T08:56:51+00:00\",\"dateModified\":\"2016-11-14T08:56:51+00:00\",\"author\":{\"@id\":\"https:\/\/www.naturparkmagazin.de\/schwaebisch-fraenkischer-wald\/#\/schema\/person\/f047a3702ae747fd7830cf8ac95e6066\"},\"breadcrumb\":{\"@id\":\"https:\/\/www.naturparkmagazin.de\/schwaebisch-fraenkischer-wald\/ankuendigung-naturparkteller-und-naturpark-aktiv-2017\/#breadcrumb\"},\"inLanguage\":\"de\",\"potentialAction\":[{\"@type\":\"ReadAction\",\"target\":[\"https:\/\/www.naturparkmagazin.de\/schwaebisch-fraenkischer-wald\/ankuendigung-naturparkteller-und-naturpark-aktiv-2017\/\"]}]},{\"@type\":\"BreadcrumbList\",\"@id\":\"https:\/\/www.naturparkmagazin.de\/schwaebisch-fraenkischer-wald\/ankuendigung-naturparkteller-und-naturpark-aktiv-2017\/#breadcrumb\",\"itemListElement\":[{\"@type\":\"ListItem\",\"position\":1,\"name\":\"Home\",\"item\":\"https:\/\/www.naturparkmagazin.de\/schwaebisch-fraenkischer-wald\/\"},{\"@type\":\"ListItem\",\"position\":2,\"name\":\"Ank\u00fcndigung Naturparkteller und Naturpark aktiv 2017\"}]},{\"@type\":\"WebSite\",\"@id\":\"https:\/\/www.naturparkmagazin.de\/schwaebisch-fraenkischer-wald\/#website\",\"url\":\"https:\/\/www.naturparkmagazin.de\/schwaebisch-fraenkischer-wald\/\",\"name\":\"Naturpark Schw\u00e4bisch-Fr\u00e4nkischer Wald\",\"description\":\"\",\"potentialAction\":[{\"@type\":\"SearchAction\",\"target\":{\"@type\":\"EntryPoint\",\"urlTemplate\":\"https:\/\/www.naturparkmagazin.de\/schwaebisch-fraenkischer-wald\/?s={search_term_string}\"},\"query-input\":\"required name=search_term_string\"}],\"inLanguage\":\"de\"},{\"@type\":\"Person\",\"@id\":\"https:\/\/www.naturparkmagazin.de\/schwaebisch-fraenkischer-wald\/#\/schema\/person\/f047a3702ae747fd7830cf8ac95e6066\",\"name\":\"Naturpark-Team\",\"sameAs\":[\"http:\/\/www.naturpark-sfw.de\",\"https:\/\/www.facebook.com\/naturparkSFW\"],\"url\":\"https:\/\/www.naturparkmagazin.de\/schwaebisch-fraenkischer-wald\/author\/bernharddrixler\/\"}]}<\/script>\n<!-- \/ Yoast SEO plugin. -->","yoast_head_json":{"title":"Ank\u00fcndigung Naturparkteller und Naturpark aktiv 2017 - Naturpark Schw\u00e4bisch-Fr\u00e4nkischer Wald","robots":{"index":"index","follow":"follow","max-snippet":"max-snippet:-1","max-image-preview":"max-image-preview:large","max-video-preview":"max-video-preview:-1"},"canonical":"https:\/\/www.naturparkmagazin.de\/schwaebisch-fraenkischer-wald\/ankuendigung-naturparkteller-und-naturpark-aktiv-2017\/","og_locale":"de_DE","og_type":"article","og_title":"Ank\u00fcndigung Naturparkteller und Naturpark aktiv 2017 - Naturpark Schw\u00e4bisch-Fr\u00e4nkischer Wald","og_description":"Den Naturpark mit Messer und Gabel und in Wanderschuhen erkunden","og_url":"https:\/\/www.naturparkmagazin.de\/schwaebisch-fraenkischer-wald\/ankuendigung-naturparkteller-und-naturpark-aktiv-2017\/","og_site_name":"Naturpark Schw\u00e4bisch-Fr\u00e4nkischer Wald","article_author":"https:\/\/www.facebook.com\/naturparkSFW","article_published_time":"2016-11-14T08:56:51+00:00","og_image":[{"width":200,"height":200,"url":"https:\/\/www.naturparkmagazin.de\/schwaebisch-fraenkischer-wald\/wp-content\/uploads\/sites\/34\/NPM_Rudersberg057.jpg","type":"image\/jpeg"}],"author":"Naturpark-Team","twitter_misc":{"Verfasst von":"Naturpark-Team","Gesch\u00e4tzte Lesezeit":"1\u00a0Minute"},"schema":{"@context":"https:\/\/schema.org","@graph":[{"@type":"WebPage","@id":"https:\/\/www.naturparkmagazin.de\/schwaebisch-fraenkischer-wald\/ankuendigung-naturparkteller-und-naturpark-aktiv-2017\/","url":"https:\/\/www.naturparkmagazin.de\/schwaebisch-fraenkischer-wald\/ankuendigung-naturparkteller-und-naturpark-aktiv-2017\/","name":"Ank\u00fcndigung Naturparkteller und Naturpark aktiv 2017 - Naturpark Schw\u00e4bisch-Fr\u00e4nkischer Wald","isPartOf":{"@id":"https:\/\/www.naturparkmagazin.de\/schwaebisch-fraenkischer-wald\/#website"},"datePublished":"2016-11-14T08:56:51+00:00","dateModified":"2016-11-14T08:56:51+00:00","author":{"@id":"https:\/\/www.naturparkmagazin.de\/schwaebisch-fraenkischer-wald\/#\/schema\/person\/f047a3702ae747fd7830cf8ac95e6066"},"breadcrumb":{"@id":"https:\/\/www.naturparkmagazin.de\/schwaebisch-fraenkischer-wald\/ankuendigung-naturparkteller-und-naturpark-aktiv-2017\/#breadcrumb"},"inLanguage":"de","potentialAction":[{"@type":"ReadAction","target":["https:\/\/www.naturparkmagazin.de\/schwaebisch-fraenkischer-wald\/ankuendigung-naturparkteller-und-naturpark-aktiv-2017\/"]}]},{"@type":"BreadcrumbList","@id":"https:\/\/www.naturparkmagazin.de\/schwaebisch-fraenkischer-wald\/ankuendigung-naturparkteller-und-naturpark-aktiv-2017\/#breadcrumb","itemListElement":[{"@type":"ListItem","position":1,"name":"Home","item":"https:\/\/www.naturparkmagazin.de\/schwaebisch-fraenkischer-wald\/"},{"@type":"ListItem","position":2,"name":"Ank\u00fcndigung Naturparkteller und Naturpark aktiv 2017"}]},{"@type":"WebSite","@id":"https:\/\/www.naturparkmagazin.de\/schwaebisch-fraenkischer-wald\/#website","url":"https:\/\/www.naturparkmagazin.de\/schwaebisch-fraenkischer-wald\/","name":"Naturpark Schw\u00e4bisch-Fr\u00e4nkischer Wald","description":"","potentialAction":[{"@type":"SearchAction","target":{"@type":"EntryPoint","urlTemplate":"https:\/\/www.naturparkmagazin.de\/schwaebisch-fraenkischer-wald\/?s={search_term_string}"},"query-input":"required name=search_term_string"}],"inLanguage":"de"},{"@type":"Person","@id":"https:\/\/www.naturparkmagazin.de\/schwaebisch-fraenkischer-wald\/#\/schema\/person\/f047a3702ae747fd7830cf8ac95e6066","name":"Naturpark-Team","sameAs":["http:\/\/www.naturpark-sfw.de","https:\/\/www.facebook.com\/naturparkSFW"],"url":"https:\/\/www.naturparkmagazin.de\/schwaebisch-fraenkischer-wald\/author\/bernharddrixler\/"}]}},"_links":{"self":[{"href":"https:\/\/www.naturparkmagazin.de\/schwaebisch-fraenkischer-wald\/wp-json\/wp\/v2\/posts\/4037"}],"collection":[{"href":"https:\/\/www.naturparkmagazin.de\/schwaebisch-fraenkischer-wald\/wp-json\/wp\/v2\/posts"}],"about":[{"href":"https:\/\/www.naturparkmagazin.de\/schwaebisch-fraenkischer-wald\/wp-json\/wp\/v2\/types\/post"}],"author":[{"embeddable":true,"href":"https:\/\/www.naturparkmagazin.de\/schwaebisch-fraenkischer-wald\/wp-json\/wp\/v2\/users\/25"}],"replies":[{"embeddable":true,"href":"https:\/\/www.naturparkmagazin.de\/schwaebisch-fraenkischer-wald\/wp-json\/wp\/v2\/comments?post=4037"}],"version-history":[{"count":1,"href":"https:\/\/www.naturparkmagazin.de\/schwaebisch-fraenkischer-wald\/wp-json\/wp\/v2\/posts\/4037\/revisions"}],"predecessor-version":[{"id":4039,"href":"https:\/\/www.naturparkmagazin.de\/schwaebisch-fraenkischer-wald\/wp-json\/wp\/v2\/posts\/4037\/revisions\/4039"}],"wp:featuredmedia":[{"embeddable":true,"href":"https:\/\/www.naturparkmagazin.de\/schwaebisch-fraenkischer-wald\/wp-json\/wp\/v2\/media\/4038"}],"wp:attachment":[{"href":"https:\/\/www.naturparkmagazin.de\/schwaebisch-fraenkischer-wald\/wp-json\/wp\/v2\/media?parent=4037"}],"wp:term":[{"taxonomy":"category","embeddable":true,"href":"https:\/\/www.naturparkmagazin.de\/schwaebisch-fraenkischer-wald\/wp-json\/wp\/v2\/categories?post=4037"},{"taxonomy":"post_tag","embeddable":true,"href":"https:\/\/www.naturparkmagazin.de\/schwaebisch-fraenkischer-wald\/wp-json\/wp\/v2\/tags?post=4037"}],"curies":[{"name":"wp","href":"https:\/\/api.w.org\/{rel}","templated":true}]}}