{"id":407,"date":"2013-10-30T19:16:05","date_gmt":"2013-10-30T17:16:05","guid":{"rendered":"http:\/\/www.naturparkmagazin.de\/schwaebisch-fraenkischer-wald\/?p=407"},"modified":"2013-11-05T18:27:16","modified_gmt":"2013-11-05T16:27:16","slug":"unterwegs-mit-den-naturparkfuehrern-im-november","status":"publish","type":"post","link":"https:\/\/www.naturparkmagazin.de\/schwaebisch-fraenkischer-wald\/unterwegs-mit-den-naturparkfuehrern-im-november\/","title":{"rendered":"Unterwegs mit den Naturparkf\u00fchrern im November"},"content":{"rendered":"<p style=\"text-align: center;\"><a href=\"https:\/\/www.naturparkmagazin.de\/schwaebisch-fraenkischer-wald\/wp-content\/uploads\/sites\/34\/Naturparkf\u00fchrer-Kuch.jpg\"><img decoding=\"async\" loading=\"lazy\" class=\"size-thumbnail wp-image-424  aligncenter\" title=\"Mit Funken und Fackeln durch die dunkeln Jahreszeit Wandern\" alt=\"Mit Funken und Fackeln durch die dunkeln Jahreszeit Wandern\" src=\"https:\/\/www.naturparkmagazin.de\/schwaebisch-fraenkischer-wald\/wp-content\/uploads\/sites\/34\/Naturparkf\u00fchrer-Kuch-300x225.jpg\" width=\"300\" height=\"225\" srcset=\"https:\/\/www.naturparkmagazin.de\/schwaebisch-fraenkischer-wald\/wp-content\/uploads\/sites\/34\/Naturparkf\u00fchrer-Kuch-300x225.jpg 300w, https:\/\/www.naturparkmagazin.de\/schwaebisch-fraenkischer-wald\/wp-content\/uploads\/sites\/34\/Naturparkf\u00fchrer-Kuch-620x465.jpg 620w, https:\/\/www.naturparkmagazin.de\/schwaebisch-fraenkischer-wald\/wp-content\/uploads\/sites\/34\/Naturparkf\u00fchrer-Kuch-940x705.jpg 940w, https:\/\/www.naturparkmagazin.de\/schwaebisch-fraenkischer-wald\/wp-content\/uploads\/sites\/34\/Naturparkf\u00fchrer-Kuch-580x435.jpg 580w, https:\/\/www.naturparkmagazin.de\/schwaebisch-fraenkischer-wald\/wp-content\/uploads\/sites\/34\/Naturparkf\u00fchrer-Kuch-420x315.jpg 420w, https:\/\/www.naturparkmagazin.de\/schwaebisch-fraenkischer-wald\/wp-content\/uploads\/sites\/34\/Naturparkf\u00fchrer-Kuch-180x135.jpg 180w, https:\/\/www.naturparkmagazin.de\/schwaebisch-fraenkischer-wald\/wp-content\/uploads\/sites\/34\/Naturparkf\u00fchrer-Kuch-95x71.jpg 95w, https:\/\/www.naturparkmagazin.de\/schwaebisch-fraenkischer-wald\/wp-content\/uploads\/sites\/34\/Naturparkf\u00fchrer-Kuch-670x503.jpg 670w, https:\/\/www.naturparkmagazin.de\/schwaebisch-fraenkischer-wald\/wp-content\/uploads\/sites\/34\/Naturparkf\u00fchrer-Kuch-200x150.jpg 200w, https:\/\/www.naturparkmagazin.de\/schwaebisch-fraenkischer-wald\/wp-content\/uploads\/sites\/34\/Naturparkf\u00fchrer-Kuch.jpg 1000w\" sizes=\"(max-width: 300px) 100vw, 300px\" \/><\/a><\/p>\n<p>Der Herbst geht langsam zu Ende, die Tage werden k\u00fcrzer, die Temperaturen k\u00fchler. Kein Grund nur drinnen zu hocken! Auch in der dunkeln Jahreszeit bieten die Naturparkf\u00fchrer spannende und abwechslungsreiche Wanderungen an. Diesen Monat k\u00f6nnen Sie in die Welt der R\u00f6mer oder R\u00e4uberbanden eintauchen, das Element Feuer neu entdecken oder die Natur bei einer Vollmond-Wanderung erkunden. Der Naturpark w\u00fcnscht Ihnen viel Spa\u00df dabei!<\/p>\n<p><strong>Freitag, 1. November &#8211; Allerheiligen<\/strong><\/p>\n<p><strong>Mit den R\u00f6mern auf Patrouille<\/strong><\/p>\n<p>Am Gailsbacher R\u00f6merwachtturm erleben wir auf einer Zeitreise wie die R\u00f6mer die Grenze errichteten und kontrollierten. Die sogenannten Benefiziarier \u00fcbernahmen an den Fernstra\u00dfen des r\u00f6mischen Reichs die Polizeifunktion. Gemeinsam gehen wir auf \u201dPatrouille\u201d entlang des UNESCO- Welterbes Limes. Los gehts um 14 Uhr beim Wanderparkplatz bei der Festhalle in Mainhardt-Gei\u00dfelhardt in der Ortsmitte. Erwachsene zahlen 6 \u20ac und Kinder 2,50 \u20ac. Mitzubringen ist eine Tasse und gegebenfalls Trekkingst\u00f6cke. Bei der Hofk\u00e4serei Bundschuh besteht die M\u00f6glichkeit auf ein K\u00e4sevesper f\u00fcr 10\u20ac. Eine Anmeldung ist nicht erforderlich.<\/p>\n<p>Weitere Infos unter:<\/p>\n<p>Telefon 01 60-3 55 78 31<\/p>\n<p><a href=\"mailto:koehler@die-naturparkfuehrer.de\">koehler@die-naturparkfuehrer.de<\/a><\/p>\n<p><strong>Sonntag, 3. November<\/strong><\/p>\n<p><strong>Mord und Totschlag an der R\u00f6merstra\u00dfe<\/strong><\/p>\n<p>L\u00f6wensteiner Bergtouren: Auf R\u00f6merspuren geht es zur Mordklinge zwischen L\u00f6wenstein und Lehrensteinsfeld. Unterwegs gibt es eine Probe des r\u00f6mischen W\u00fcrzweins \u201eMulsum\u201c. Die etwa dreist\u00fcndige Wanderung beginnt um 14 Uhr bei der Alten Kelter in der Asangstra\u00dfe in L\u00f6wenstein-H\u00f6\u00dflins\u00fclz. Die Kosten betragen 7,50 \u20ac pro Person, der Mulsum und ein Mostbr\u00f6tchen sind inklusive. Eine Anmeldung ist nicht erforderlich.<\/p>\n<p>Weitere Infos unter:<\/p>\n<p>Telefon 0 71 34-9 18 90 04<\/p>\n<p><a href=\"mailto:felger@die-naturparkfuehrer.de\">felger@die-naturparkfuehrer.de<\/a><\/p>\n<p><strong>Sonntag, 3. November<\/strong><\/p>\n<p><strong>Zwischen den Welten&#8230;<\/strong><\/p>\n<p>Auf eine Sp\u00e4therbstwanderung erleben wir am Gailsbacher R\u00f6merwachtturm, wie die R\u00f6mer die Grenze errichteten und kontrollierten. Lassen Sie sich am UNESCO-Welterbe Limes zur\u00fcckversetzen in vergangene Zeiten. Die F\u00fchrung von Naturparkf\u00fchrerin Michaela K\u00f6hler geht um 14 Uhr beim Wanderparkplatz bei der Festhalle in Mainhardt-Gei\u00dfelhardt in der Ortsmitte los. Sie sollen eine Tasse und nach Bedarf auch Wanderst\u00f6cke dabei haben. Erwachsene zahlen 6 \u20ac und Kinder 2,50 \u20ac. Sie haben zus\u00e4tzlich die M\u00f6glichkeit ein K\u00e4sevesper bei der H\u00f6fk\u00e4serei Brandschuh f\u00fcr 10 \u20ac zu kaufen. Eine Anmeldung f\u00fcr diese Wanderung ist nicht erforderlich.<\/p>\n<p>Weitere Infos unter:<\/p>\n<p>Telefon 01 60-3 55 78 31<\/p>\n<p><a href=\"mailto:koehler@die-naturparkfuehrer.de\">koehler@die-naturparkfuehrer.de<\/a><\/p>\n<p><strong>Sonntag, 10. November<\/strong><\/p>\n<p><strong>Bonifaz und der R\u00e4uber Knapp<\/strong><\/p>\n<p>Auf der F\u00e4hrte des legend\u00e4ren R\u00e4ubers Knapp geht es zur Knappsh\u00f6hle, \u00fcber den Friedhof nach Grab und Sch\u00f6nbronn. Auf dem Weg kriegen Sie spanenden Einblicke in der Welt der R\u00e4uber. Die vierst\u00fcndige Wanderung geht um 8 Uhr los. Treffpunkt ist der Wanderparkplatz Grab, von Gro\u00dferlach-Grab aus 500 Meter Richtung Erlach. Die Kosten betragen 8 \u20ac pro Person inklusive R\u00fccktransfer. Dabei sollen Sie Ihren Fotoapparat, eine Tasse und gegebenfalls Trekkingst\u00f6cke dabei haben. Gefr\u00fchst\u00fcckt wird in der Persion Tannenhof in Hahenbrach (10 \u20ac p.P.). Eine Anmeldung ist bis 8. November noch m\u00f6glich.<\/p>\n<p>Weitere Infos unter:<\/p>\n<p>Telefon 01 60-3 55 78 31<\/p>\n<p><a href=\"mailto:koehler@die-naturparkfuehrer.de\">koehler@die-naturparkfuehrer.de<\/a><\/p>\n<p><strong>Sonntag, 17. November<\/strong><\/p>\n<p><strong>Vollmondwanderung<\/strong><\/p>\n<p>Mainhardter Kostbarkeiten: Schon immer strahlt der Mond eine besondere Faszination aus. An ausgesuchten Pl\u00e4tzen erleben Sie bei Ritualen und Meditation, M\u00e4rchen und Liedern einen ganz besonderen Abend. Die F\u00fchrung von Naturparkf\u00fchrerin Sabine R\u00fccker beginnt um 16 Uhr und dauert ca. 2 Stunden. Treffpunkt ist der Parkplatz am R\u00f6merkastell in der Ortsmitte in Mainhardt. Erwachsene zahlen 5 \u20ac und Kinder 2,50 \u20ac. Jeder sollte eine Taschenlampe mitbringen. Eine Anmeldung ist nicht erforderlich<\/p>\n<p>Weitere Infos unter:<\/p>\n<p>Telefon 0 71 30 \u2013 40 11 20<\/p>\n<p><a href=\"mailto:ruecker@die-naturparkfuehrer.de\">ruecker@die-naturparkfuehrer.de<\/a><\/p>\n<p><strong>Sonntag, 17. November<\/strong><\/p>\n<p><strong>Vom Nachtkrapp, Pelzm\u00e4rde und anderen schr\u00e4gen Gestalten<\/strong><\/p>\n<p>In der dunklen Jahreszeit, wenn die Winterst\u00fcrme \u00fcbers Land fegen, erz\u00e4hlt man sich in den Waldenburger Bergen allerlei Geschichten von schr\u00e4gen Gestalten. Im Schein der Fackeln lauschen die Teilnehmer den Geschichten und Sagen dieser Gegend. Los geht\u2019s um 17 Uhr am Rathaus in Waldenburg (Hauptstra\u00dfe 13). Die einundeinhalbst\u00fcndige Wanderung ist kinderwagentauglich und kostet 5 \u20ac f\u00fcr Erwachsene und 2 \u20ac f\u00fcr Kinder. Fackeln k\u00f6nnen Sie vor Ort f\u00fcr 2 \u20ac erworben werden. Eine Anmeldung ist bis 15. November noch m\u00f6glich.<\/p>\n<p>Weitere Infos unter:<\/p>\n<p>www.wald-safari.de oder <a href=\"mailto:kuch@die-naturparkfuehrer.de\">kuch@die-naturparkfuehrer.de<\/a><\/p>\n<p><strong>Sonntag, 24. November<\/strong><\/p>\n<p><strong>Feuerschein und Feuerzauber<\/strong><\/p>\n<p>An diesem Nachmittag dreht sich alles um das Element Feuer. Dazu gibt es Geschichten und Aktionen rund um das faszinierende Thema Feuer und Flammen. Die Veranstaltung startet um 15 Uhr beim Parkplatz Seitenbachtal in Sulzbach an der Murr auf der B 14 Richtung Mainhardt. Die Kosten betragen 7 \u20ac und beinhalten eine Tasse Punch, Kinder sind kostenfrei. Die Feuerstelle ist barrierefrei zug\u00e4nglich. Es gilt ein Schnitzmesser, Getr\u00e4nke und Grillgut mitzubringen. Bitte beachten Sie, dass Sie Kleidung einziehen, die auch dreckig werden darf. Eine Anmeldung ist bis 20. November noch m\u00f6glich.<\/p>\n<p>Weitere Infos unter:<\/p>\n<p>Telefon 01 71 \u2013 6 73 71 17<\/p>\n<p><a href=\"mailto:schroeder@die-naturparkfuehrer.de\">schroeder@die-naturparkfuehrer.de<\/a><\/p>\n<p><strong>Sonntag, 1. Dezember<\/strong><\/p>\n<p><strong>Auf alten Pfaden zum Kloster Lichtenstern<\/strong><\/p>\n<p>L\u00f6wensteiner Bergtouren: Vorweihnachtliche Wanderung \u00fcber das Naturdenkmal Lumpenloch und den Hausberg L\u00f6wensteins, den Wohlfartsberg, zum ehemaligen Zisterzienserinnen-Kloster Lichtenstern. Dort gibt es eine kleine Klosterf\u00fchrung. Unterwegs w\u00e4rmt ein hei\u00dfer Punsch die kalten Glieder. Um 14 Uhr beim Parkplatz der Evangelische Stadtkirche in L\u00f6wenstein geht die Wanderung los uns dauert ca. drei Stunden. Die Kosten betragen 7,50 \u20ac pro Person inklusive eines Umtrunks unterwegs. Eine Anmeldung ist nicht erforderlich.<\/p>\n<p>Weitere Infos unter:<\/p>\n<p>Telefon 0 71 30 \u2013 40 11 20<\/p>\n<p><a href=\"mailto:ruecker@die-naturparkfuehrer.de\">ruecker@die-naturparkfuehrer.de<\/a><\/p>\n","protected":false},"excerpt":{"rendered":"<p>Auch in der dunkeln Jahreszeit bieten die Naturparkf\u00fchrer spannende und abwechslungsreiche Wanderungen an.<\/p>\n","protected":false},"author":25,"featured_media":412,"comment_status":"open","ping_status":"open","sticky":false,"template":"","format":"standard","meta":[],"categories":[11],"tags":[],"yoast_head":"<!-- This site is optimized with the Yoast SEO plugin v19.10 - https:\/\/yoast.com\/wordpress\/plugins\/seo\/ -->\n<title>Unterwegs mit den Naturparkf\u00fchrern im November - Naturpark Schw\u00e4bisch-Fr\u00e4nkischer Wald<\/title>\n<meta name=\"robots\" content=\"index, follow, max-snippet:-1, max-image-preview:large, max-video-preview:-1\" \/>\n<link rel=\"canonical\" href=\"https:\/\/www.naturparkmagazin.de\/schwaebisch-fraenkischer-wald\/unterwegs-mit-den-naturparkfuehrern-im-november\/\" \/>\n<meta property=\"og:locale\" content=\"de_DE\" \/>\n<meta property=\"og:type\" content=\"article\" \/>\n<meta property=\"og:title\" content=\"Unterwegs mit den Naturparkf\u00fchrern im November - Naturpark Schw\u00e4bisch-Fr\u00e4nkischer Wald\" \/>\n<meta property=\"og:description\" content=\"Auch in der dunkeln Jahreszeit bieten die Naturparkf\u00fchrer spannende und abwechslungsreiche Wanderungen an.\" \/>\n<meta property=\"og:url\" content=\"https:\/\/www.naturparkmagazin.de\/schwaebisch-fraenkischer-wald\/unterwegs-mit-den-naturparkfuehrern-im-november\/\" \/>\n<meta property=\"og:site_name\" content=\"Naturpark Schw\u00e4bisch-Fr\u00e4nkischer Wald\" \/>\n<meta property=\"article:author\" content=\"https:\/\/www.facebook.com\/naturparkSFW\" \/>\n<meta property=\"article:published_time\" content=\"2013-10-30T17:16:05+00:00\" \/>\n<meta property=\"article:modified_time\" content=\"2013-11-05T16:27:16+00:00\" \/>\n<meta property=\"og:image\" content=\"https:\/\/www.naturparkmagazin.de\/schwaebisch-fraenkischer-wald\/wp-content\/uploads\/sites\/34\/Naturparkf\u00fchrer1.jpg\" \/>\n\t<meta property=\"og:image:width\" content=\"1536\" \/>\n\t<meta property=\"og:image:height\" content=\"2048\" \/>\n\t<meta property=\"og:image:type\" content=\"image\/jpeg\" \/>\n<meta name=\"author\" content=\"Naturpark-Team\" \/>\n<meta name=\"twitter:label1\" content=\"Verfasst von\" \/>\n\t<meta name=\"twitter:data1\" content=\"Naturpark-Team\" \/>\n\t<meta name=\"twitter:label2\" content=\"Gesch\u00e4tzte Lesezeit\" \/>\n\t<meta name=\"twitter:data2\" content=\"4\u00a0Minuten\" \/>\n<script type=\"application\/ld+json\" class=\"yoast-schema-graph\">{\"@context\":\"https:\/\/schema.org\",\"@graph\":[{\"@type\":\"WebPage\",\"@id\":\"https:\/\/www.naturparkmagazin.de\/schwaebisch-fraenkischer-wald\/unterwegs-mit-den-naturparkfuehrern-im-november\/\",\"url\":\"https:\/\/www.naturparkmagazin.de\/schwaebisch-fraenkischer-wald\/unterwegs-mit-den-naturparkfuehrern-im-november\/\",\"name\":\"Unterwegs mit den Naturparkf\u00fchrern im November - Naturpark Schw\u00e4bisch-Fr\u00e4nkischer Wald\",\"isPartOf\":{\"@id\":\"https:\/\/www.naturparkmagazin.de\/schwaebisch-fraenkischer-wald\/#website\"},\"datePublished\":\"2013-10-30T17:16:05+00:00\",\"dateModified\":\"2013-11-05T16:27:16+00:00\",\"author\":{\"@id\":\"https:\/\/www.naturparkmagazin.de\/schwaebisch-fraenkischer-wald\/#\/schema\/person\/f047a3702ae747fd7830cf8ac95e6066\"},\"breadcrumb\":{\"@id\":\"https:\/\/www.naturparkmagazin.de\/schwaebisch-fraenkischer-wald\/unterwegs-mit-den-naturparkfuehrern-im-november\/#breadcrumb\"},\"inLanguage\":\"de\",\"potentialAction\":[{\"@type\":\"ReadAction\",\"target\":[\"https:\/\/www.naturparkmagazin.de\/schwaebisch-fraenkischer-wald\/unterwegs-mit-den-naturparkfuehrern-im-november\/\"]}]},{\"@type\":\"BreadcrumbList\",\"@id\":\"https:\/\/www.naturparkmagazin.de\/schwaebisch-fraenkischer-wald\/unterwegs-mit-den-naturparkfuehrern-im-november\/#breadcrumb\",\"itemListElement\":[{\"@type\":\"ListItem\",\"position\":1,\"name\":\"Home\",\"item\":\"https:\/\/www.naturparkmagazin.de\/schwaebisch-fraenkischer-wald\/\"},{\"@type\":\"ListItem\",\"position\":2,\"name\":\"Unterwegs mit den Naturparkf\u00fchrern im November\"}]},{\"@type\":\"WebSite\",\"@id\":\"https:\/\/www.naturparkmagazin.de\/schwaebisch-fraenkischer-wald\/#website\",\"url\":\"https:\/\/www.naturparkmagazin.de\/schwaebisch-fraenkischer-wald\/\",\"name\":\"Naturpark Schw\u00e4bisch-Fr\u00e4nkischer Wald\",\"description\":\"\",\"potentialAction\":[{\"@type\":\"SearchAction\",\"target\":{\"@type\":\"EntryPoint\",\"urlTemplate\":\"https:\/\/www.naturparkmagazin.de\/schwaebisch-fraenkischer-wald\/?s={search_term_string}\"},\"query-input\":\"required name=search_term_string\"}],\"inLanguage\":\"de\"},{\"@type\":\"Person\",\"@id\":\"https:\/\/www.naturparkmagazin.de\/schwaebisch-fraenkischer-wald\/#\/schema\/person\/f047a3702ae747fd7830cf8ac95e6066\",\"name\":\"Naturpark-Team\",\"sameAs\":[\"http:\/\/www.naturpark-sfw.de\",\"https:\/\/www.facebook.com\/naturparkSFW\"],\"url\":\"https:\/\/www.naturparkmagazin.de\/schwaebisch-fraenkischer-wald\/author\/bernharddrixler\/\"}]}<\/script>\n<!-- \/ Yoast SEO plugin. -->","yoast_head_json":{"title":"Unterwegs mit den Naturparkf\u00fchrern im November - Naturpark Schw\u00e4bisch-Fr\u00e4nkischer Wald","robots":{"index":"index","follow":"follow","max-snippet":"max-snippet:-1","max-image-preview":"max-image-preview:large","max-video-preview":"max-video-preview:-1"},"canonical":"https:\/\/www.naturparkmagazin.de\/schwaebisch-fraenkischer-wald\/unterwegs-mit-den-naturparkfuehrern-im-november\/","og_locale":"de_DE","og_type":"article","og_title":"Unterwegs mit den Naturparkf\u00fchrern im November - Naturpark Schw\u00e4bisch-Fr\u00e4nkischer Wald","og_description":"Auch in der dunkeln Jahreszeit bieten die Naturparkf\u00fchrer spannende und abwechslungsreiche Wanderungen an.","og_url":"https:\/\/www.naturparkmagazin.de\/schwaebisch-fraenkischer-wald\/unterwegs-mit-den-naturparkfuehrern-im-november\/","og_site_name":"Naturpark Schw\u00e4bisch-Fr\u00e4nkischer Wald","article_author":"https:\/\/www.facebook.com\/naturparkSFW","article_published_time":"2013-10-30T17:16:05+00:00","article_modified_time":"2013-11-05T16:27:16+00:00","og_image":[{"width":1536,"height":2048,"url":"https:\/\/www.naturparkmagazin.de\/schwaebisch-fraenkischer-wald\/wp-content\/uploads\/sites\/34\/Naturparkf\u00fchrer1.jpg","type":"image\/jpeg"}],"author":"Naturpark-Team","twitter_misc":{"Verfasst von":"Naturpark-Team","Gesch\u00e4tzte Lesezeit":"4\u00a0Minuten"},"schema":{"@context":"https:\/\/schema.org","@graph":[{"@type":"WebPage","@id":"https:\/\/www.naturparkmagazin.de\/schwaebisch-fraenkischer-wald\/unterwegs-mit-den-naturparkfuehrern-im-november\/","url":"https:\/\/www.naturparkmagazin.de\/schwaebisch-fraenkischer-wald\/unterwegs-mit-den-naturparkfuehrern-im-november\/","name":"Unterwegs mit den Naturparkf\u00fchrern im November - Naturpark Schw\u00e4bisch-Fr\u00e4nkischer Wald","isPartOf":{"@id":"https:\/\/www.naturparkmagazin.de\/schwaebisch-fraenkischer-wald\/#website"},"datePublished":"2013-10-30T17:16:05+00:00","dateModified":"2013-11-05T16:27:16+00:00","author":{"@id":"https:\/\/www.naturparkmagazin.de\/schwaebisch-fraenkischer-wald\/#\/schema\/person\/f047a3702ae747fd7830cf8ac95e6066"},"breadcrumb":{"@id":"https:\/\/www.naturparkmagazin.de\/schwaebisch-fraenkischer-wald\/unterwegs-mit-den-naturparkfuehrern-im-november\/#breadcrumb"},"inLanguage":"de","potentialAction":[{"@type":"ReadAction","target":["https:\/\/www.naturparkmagazin.de\/schwaebisch-fraenkischer-wald\/unterwegs-mit-den-naturparkfuehrern-im-november\/"]}]},{"@type":"BreadcrumbList","@id":"https:\/\/www.naturparkmagazin.de\/schwaebisch-fraenkischer-wald\/unterwegs-mit-den-naturparkfuehrern-im-november\/#breadcrumb","itemListElement":[{"@type":"ListItem","position":1,"name":"Home","item":"https:\/\/www.naturparkmagazin.de\/schwaebisch-fraenkischer-wald\/"},{"@type":"ListItem","position":2,"name":"Unterwegs mit den Naturparkf\u00fchrern im November"}]},{"@type":"WebSite","@id":"https:\/\/www.naturparkmagazin.de\/schwaebisch-fraenkischer-wald\/#website","url":"https:\/\/www.naturparkmagazin.de\/schwaebisch-fraenkischer-wald\/","name":"Naturpark Schw\u00e4bisch-Fr\u00e4nkischer Wald","description":"","potentialAction":[{"@type":"SearchAction","target":{"@type":"EntryPoint","urlTemplate":"https:\/\/www.naturparkmagazin.de\/schwaebisch-fraenkischer-wald\/?s={search_term_string}"},"query-input":"required name=search_term_string"}],"inLanguage":"de"},{"@type":"Person","@id":"https:\/\/www.naturparkmagazin.de\/schwaebisch-fraenkischer-wald\/#\/schema\/person\/f047a3702ae747fd7830cf8ac95e6066","name":"Naturpark-Team","sameAs":["http:\/\/www.naturpark-sfw.de","https:\/\/www.facebook.com\/naturparkSFW"],"url":"https:\/\/www.naturparkmagazin.de\/schwaebisch-fraenkischer-wald\/author\/bernharddrixler\/"}]}},"_links":{"self":[{"href":"https:\/\/www.naturparkmagazin.de\/schwaebisch-fraenkischer-wald\/wp-json\/wp\/v2\/posts\/407"}],"collection":[{"href":"https:\/\/www.naturparkmagazin.de\/schwaebisch-fraenkischer-wald\/wp-json\/wp\/v2\/posts"}],"about":[{"href":"https:\/\/www.naturparkmagazin.de\/schwaebisch-fraenkischer-wald\/wp-json\/wp\/v2\/types\/post"}],"author":[{"embeddable":true,"href":"https:\/\/www.naturparkmagazin.de\/schwaebisch-fraenkischer-wald\/wp-json\/wp\/v2\/users\/25"}],"replies":[{"embeddable":true,"href":"https:\/\/www.naturparkmagazin.de\/schwaebisch-fraenkischer-wald\/wp-json\/wp\/v2\/comments?post=407"}],"version-history":[{"count":6,"href":"https:\/\/www.naturparkmagazin.de\/schwaebisch-fraenkischer-wald\/wp-json\/wp\/v2\/posts\/407\/revisions"}],"predecessor-version":[{"id":454,"href":"https:\/\/www.naturparkmagazin.de\/schwaebisch-fraenkischer-wald\/wp-json\/wp\/v2\/posts\/407\/revisions\/454"}],"wp:featuredmedia":[{"embeddable":true,"href":"https:\/\/www.naturparkmagazin.de\/schwaebisch-fraenkischer-wald\/wp-json\/wp\/v2\/media\/412"}],"wp:attachment":[{"href":"https:\/\/www.naturparkmagazin.de\/schwaebisch-fraenkischer-wald\/wp-json\/wp\/v2\/media?parent=407"}],"wp:term":[{"taxonomy":"category","embeddable":true,"href":"https:\/\/www.naturparkmagazin.de\/schwaebisch-fraenkischer-wald\/wp-json\/wp\/v2\/categories?post=407"},{"taxonomy":"post_tag","embeddable":true,"href":"https:\/\/www.naturparkmagazin.de\/schwaebisch-fraenkischer-wald\/wp-json\/wp\/v2\/tags?post=407"}],"curies":[{"name":"wp","href":"https:\/\/api.w.org\/{rel}","templated":true}]}}