{"id":409,"date":"2013-10-30T19:19:50","date_gmt":"2013-10-30T17:19:50","guid":{"rendered":"http:\/\/www.naturparkmagazin.de\/schwaebisch-fraenkischer-wald\/?p=409"},"modified":"2013-10-31T15:08:01","modified_gmt":"2013-10-31T13:08:01","slug":"haller-loewenbraeu-naturpreis","status":"publish","type":"post","link":"https:\/\/www.naturparkmagazin.de\/schwaebisch-fraenkischer-wald\/haller-loewenbraeu-naturpreis\/","title":{"rendered":"Erster Haller Naturpreis"},"content":{"rendered":"<p>L\u00f6wenbrauerei Hall und Haller Wildbadquelle schrieben in diesem Jahr erstmals den Haller Naturpreis aus, der mit einem Preisgeld von insgesamt 5000 Euro dotiert ist. Nach einer \u00fcberw\u00e4ltigenden Anzahl von Bewerbungen wurden nun insgesamt 42 engagierte Menschen ausgezeichnet, die sich herausragend f\u00fcr die Natur ihrer Heimat und eine intakte Umwelt engagieren.<\/p>\n<p><a href=\"https:\/\/www.naturparkmagazin.de\/schwaebisch-fraenkischer-wald\/wp-content\/uploads\/sites\/34\/Jury-Haller-Naturpreis.jpg\"><img decoding=\"async\" loading=\"lazy\" class=\"size-thumbnail wp-image-423 alignright\" title=\"Die Jury f\u00fcr den ersten Haller Naturpreis\" alt=\"Die Jury f\u00fcr den ersten Haller Naturpreis\" src=\"https:\/\/www.naturparkmagazin.de\/schwaebisch-fraenkischer-wald\/wp-content\/uploads\/sites\/34\/Jury-Haller-Naturpreis-300x198.jpg\" width=\"300\" height=\"198\" \/><\/a><\/p>\n<p>\u201eHeute schon etwas f\u00fcr morgen tun!\u201c &#8211; so lautet das Motto des Haller Naturpreises, der nach der Heimatstadt von L\u00f6wenbrauerei und Wildbadquelle benannt ist. Bewerben konnte sich jeder, der etwas Herausragendes f\u00fcr Natur- und Artenschutz tut und dadurch hilft, unsere vielseitige und wertvolle Heimat zu erhalten. So reicht das Spektrum der Gewinner nun auch vom Kindergarten, der durch regelm\u00e4\u00dfige Wald-Tage schon die Kleinsten an die heimischen Pflanzen und Tiere heranf\u00fchrt, \u00fcber eine Agenda 21 \u2013 Gruppe, die das gesamte Themenspektrum des Umweltschutzes in die \u00d6ffentlichkeit tr\u00e4gt bis hin zu Privatpersonen, die in ihren G\u00e4rten Refugien f\u00fcr gesch\u00fctzte Tier- und Pflanzenarten schaffen und somit einen wichtigen Beitrag gegen das Aussterben dieser Arten leisten. Das Preisgeld von insgesamt 5000 Euro wurde auf insgesamt 21 Gewinner verteilt. Der Naturpark Schw\u00e4bisch-Fr\u00e4nkischer Wald hat den Haller Naturpreis begleitet und durch Beteiligung in der Jury bei der Auswahl der Preistr\u00e4ger geholfen.<\/p>\n<p><a href=\"https:\/\/www.naturparkmagazin.de\/schwaebisch-fraenkischer-wald\/wp-content\/uploads\/sites\/34\/2013-10-28-Haller-Naturpreis-0278.jpg\"><img decoding=\"async\" loading=\"lazy\" class=\"size-thumbnail wp-image-422 alignleft\" title=\"Frank Lauter erz\u00e4hlt zu seiner Videodokumentation \u00fcber der Feuersalamander. Herr Lauter w\u00fcrde mit dem ersten Preis dotiert\" alt=\"\" src=\"https:\/\/www.naturparkmagazin.de\/schwaebisch-fraenkischer-wald\/wp-content\/uploads\/sites\/34\/2013-10-28-Haller-Naturpreis-0278-300x233.jpg\" width=\"300\" height=\"233\" srcset=\"https:\/\/www.naturparkmagazin.de\/schwaebisch-fraenkischer-wald\/wp-content\/uploads\/sites\/34\/2013-10-28-Haller-Naturpreis-0278-300x233.jpg 300w, https:\/\/www.naturparkmagazin.de\/schwaebisch-fraenkischer-wald\/wp-content\/uploads\/sites\/34\/2013-10-28-Haller-Naturpreis-0278-620x482.jpg 620w, https:\/\/www.naturparkmagazin.de\/schwaebisch-fraenkischer-wald\/wp-content\/uploads\/sites\/34\/2013-10-28-Haller-Naturpreis-0278-940x731.jpg 940w, https:\/\/www.naturparkmagazin.de\/schwaebisch-fraenkischer-wald\/wp-content\/uploads\/sites\/34\/2013-10-28-Haller-Naturpreis-0278-670x521.jpg 670w, https:\/\/www.naturparkmagazin.de\/schwaebisch-fraenkischer-wald\/wp-content\/uploads\/sites\/34\/2013-10-28-Haller-Naturpreis-0278-200x156.jpg 200w, https:\/\/www.naturparkmagazin.de\/schwaebisch-fraenkischer-wald\/wp-content\/uploads\/sites\/34\/2013-10-28-Haller-Naturpreis-0278.jpg 1000w\" sizes=\"(max-width: 300px) 100vw, 300px\" \/><\/a>Den ersten Preis erhielt Frank Lauter, der sich mit kreativen L\u00f6sungen f\u00fcr den Schutz des Feuersalamanders einsetzt. Lauter zog im Jahr 2009 mit seiner Familie in das Haller Neubaugebiet \u201eZiegelh\u00fctte\u201c oberhalb der Wettbachklinge. Wie sich herausstellte, liegt die neue Siedlung zum Teil im Habitat der unter Naturschutz stehenden Feuersalamander. Besonders im September und Oktober sind die Tiere auf den Stra\u00dfen der Siedlung unterwegs, fallen in die Gullys oder werden \u00fcberfahren. Frank Lauter kontrolliert in dieser Jahreszeit t\u00e4glich die Gullys und rettet die Tiere damit vor dem sicheren Tod. Als passionierter Amateurfilmer (er ist u.a. Vorsitzender des Filmclub Hohenlohe) hat er das Thema \u201eFeuersalamander in der Wettbachklinge\u201c in einer 15-min\u00fctigen Videodokumentation aufgearbeitet. Ihm gelangen dabei spektakul\u00e4re Aufnahmen wie z.B. die Unterwasser-Geburt von Feuersalamandern. Das Preisgeld von 1000 Euro m\u00f6chte Frank Lauter f\u00fcr den Kauf von sog. \u201eAmphibientreppen\u201c verwenden, die in die Gullys des Neubaugebietes eingesetzt werden sollen, damit Feuersalamander und andere Amphibien aus eigener Kraft wieder aus diesen \u201eTodesfallen\u201c herausfinden.<\/p>\n<p>Der zweite Preis \u00fcber 600 \u20ac ging an den Kindergarten Gro\u00dfaltdorf, in dem seit nunmehr 16 Jahren jeden Donnerstagnachmittag ein Wald- und Wiesentag stattfindet. Bei Wind und Wetter ziehen die Kinder mit ihren Erzieherinnen in die Natur und bestimmen mit einfachen Mitteln Blumen und B\u00e4ume. Wenn besondere Naturph\u00e4nomene beobachtet werden, wird Kontakt F\u00f6rstern oder J\u00e4gern aufgenommen, um mehr dar\u00fcber zu erfahren. Nebenher wird so auch lebendige Heimatkunde vermittelt, wenn die Kinder an historischen Orten vorbeikommen und ihnen Geschichten und Sagen aus der Gro\u00dfaltdorfer Historie erz\u00e4hlt werden.<\/p>\n<p>Dr. Dieter Bock aus Braunsbach wohnt am Kocherhang und hat den oberen Teil seines Gartens fachkundig und mit gro\u00dfem Aufwand in eine 180qm gro\u00dfen Schmetterlingswiese umgewandelt. Inzwischen sind 26 Tagfalter und neun nachtaktive Falter und zahlreiche weitere sch\u00fctzenswerte Insektenarten im Braunsbacher \u201eSchmetterlingsgarten\u201c heimisch. Das Preisgeld von 400 \u20ac f\u00fcr den 3. Preis m\u00f6chte er einsetzen, um den Schmetterlingsgarten der \u00d6ffentlichkeit zug\u00e4nglich zu machen und mit Vortr\u00e4gen zu begleiten. Dr. Dieter Bock, Braunsbach<\/p>\n<p>Wer die Gewinner der weiteren Preise sind, k\u00f6nnen Sie auf\u00a0<a href=\"http:\/\/www.haller-loewenbraeu.de\/aktuelles\/details.php?artikel=189\">der Webseite von Haller L\u00f6wenbr\u00e4u<\/a>\u00a0weiterlesen.<\/p>\n<p>&nbsp;<\/p>\n","protected":false},"excerpt":{"rendered":"<p>L\u00f6wenbrauerei Hall und Haller Wildbadquelle schrieben in diesem Jahr erstmals den Haller Naturpreis aus, der mit einem Preisgeld von insgesamt 5000 Euro dotiert ist. Nach einer \u00fcberw\u00e4ltigenden Anzahl von Bewerbungen wurden nun insgesamt 42 engagierte Menschen ausgezeichnet, die sich herausragend f\u00fcr die Natur ihrer Heimat und eine intakte Umwelt engagieren. \u201eHeute schon etwas f\u00fcr morgen<\/p>\n","protected":false},"author":25,"featured_media":425,"comment_status":"open","ping_status":"open","sticky":false,"template":"","format":"standard","meta":[],"categories":[11],"tags":[],"yoast_head":"<!-- This site is optimized with the Yoast SEO plugin v19.10 - https:\/\/yoast.com\/wordpress\/plugins\/seo\/ -->\n<title>Erster Haller Naturpreis - Naturpark Schw\u00e4bisch-Fr\u00e4nkischer Wald<\/title>\n<meta name=\"robots\" content=\"index, follow, max-snippet:-1, max-image-preview:large, max-video-preview:-1\" \/>\n<link rel=\"canonical\" href=\"https:\/\/www.naturparkmagazin.de\/schwaebisch-fraenkischer-wald\/haller-loewenbraeu-naturpreis\/\" \/>\n<meta property=\"og:locale\" content=\"de_DE\" \/>\n<meta property=\"og:type\" content=\"article\" \/>\n<meta property=\"og:title\" content=\"Erster Haller Naturpreis - Naturpark Schw\u00e4bisch-Fr\u00e4nkischer Wald\" \/>\n<meta property=\"og:description\" content=\"L\u00f6wenbrauerei Hall und Haller Wildbadquelle schrieben in diesem Jahr erstmals den Haller Naturpreis aus, der mit einem Preisgeld von insgesamt 5000 Euro dotiert ist. Nach einer \u00fcberw\u00e4ltigenden Anzahl von Bewerbungen wurden nun insgesamt 42 engagierte Menschen ausgezeichnet, die sich herausragend f\u00fcr die Natur ihrer Heimat und eine intakte Umwelt engagieren. \u201eHeute schon etwas f\u00fcr morgen\" \/>\n<meta property=\"og:url\" content=\"https:\/\/www.naturparkmagazin.de\/schwaebisch-fraenkischer-wald\/haller-loewenbraeu-naturpreis\/\" \/>\n<meta property=\"og:site_name\" content=\"Naturpark Schw\u00e4bisch-Fr\u00e4nkischer Wald\" \/>\n<meta property=\"article:author\" content=\"https:\/\/www.facebook.com\/naturparkSFW\" \/>\n<meta property=\"article:published_time\" content=\"2013-10-30T17:19:50+00:00\" \/>\n<meta property=\"article:modified_time\" content=\"2013-10-31T13:08:01+00:00\" \/>\n<meta property=\"og:image\" content=\"https:\/\/www.naturparkmagazin.de\/schwaebisch-fraenkischer-wald\/wp-content\/uploads\/sites\/34\/Naturpreis-verleihung1-e1383223435544.jpg\" \/>\n\t<meta property=\"og:image:width\" content=\"385\" \/>\n\t<meta property=\"og:image:height\" content=\"391\" \/>\n\t<meta property=\"og:image:type\" content=\"image\/jpeg\" \/>\n<meta name=\"author\" content=\"Naturpark-Team\" \/>\n<meta name=\"twitter:label1\" content=\"Verfasst von\" \/>\n\t<meta name=\"twitter:data1\" content=\"Naturpark-Team\" \/>\n\t<meta name=\"twitter:label2\" content=\"Gesch\u00e4tzte Lesezeit\" \/>\n\t<meta name=\"twitter:data2\" content=\"3\u00a0Minuten\" \/>\n<script type=\"application\/ld+json\" class=\"yoast-schema-graph\">{\"@context\":\"https:\/\/schema.org\",\"@graph\":[{\"@type\":\"WebPage\",\"@id\":\"https:\/\/www.naturparkmagazin.de\/schwaebisch-fraenkischer-wald\/haller-loewenbraeu-naturpreis\/\",\"url\":\"https:\/\/www.naturparkmagazin.de\/schwaebisch-fraenkischer-wald\/haller-loewenbraeu-naturpreis\/\",\"name\":\"Erster Haller Naturpreis - Naturpark Schw\u00e4bisch-Fr\u00e4nkischer Wald\",\"isPartOf\":{\"@id\":\"https:\/\/www.naturparkmagazin.de\/schwaebisch-fraenkischer-wald\/#website\"},\"datePublished\":\"2013-10-30T17:19:50+00:00\",\"dateModified\":\"2013-10-31T13:08:01+00:00\",\"author\":{\"@id\":\"https:\/\/www.naturparkmagazin.de\/schwaebisch-fraenkischer-wald\/#\/schema\/person\/f047a3702ae747fd7830cf8ac95e6066\"},\"breadcrumb\":{\"@id\":\"https:\/\/www.naturparkmagazin.de\/schwaebisch-fraenkischer-wald\/haller-loewenbraeu-naturpreis\/#breadcrumb\"},\"inLanguage\":\"de\",\"potentialAction\":[{\"@type\":\"ReadAction\",\"target\":[\"https:\/\/www.naturparkmagazin.de\/schwaebisch-fraenkischer-wald\/haller-loewenbraeu-naturpreis\/\"]}]},{\"@type\":\"BreadcrumbList\",\"@id\":\"https:\/\/www.naturparkmagazin.de\/schwaebisch-fraenkischer-wald\/haller-loewenbraeu-naturpreis\/#breadcrumb\",\"itemListElement\":[{\"@type\":\"ListItem\",\"position\":1,\"name\":\"Home\",\"item\":\"https:\/\/www.naturparkmagazin.de\/schwaebisch-fraenkischer-wald\/\"},{\"@type\":\"ListItem\",\"position\":2,\"name\":\"Erster Haller Naturpreis\"}]},{\"@type\":\"WebSite\",\"@id\":\"https:\/\/www.naturparkmagazin.de\/schwaebisch-fraenkischer-wald\/#website\",\"url\":\"https:\/\/www.naturparkmagazin.de\/schwaebisch-fraenkischer-wald\/\",\"name\":\"Naturpark Schw\u00e4bisch-Fr\u00e4nkischer Wald\",\"description\":\"\",\"potentialAction\":[{\"@type\":\"SearchAction\",\"target\":{\"@type\":\"EntryPoint\",\"urlTemplate\":\"https:\/\/www.naturparkmagazin.de\/schwaebisch-fraenkischer-wald\/?s={search_term_string}\"},\"query-input\":\"required name=search_term_string\"}],\"inLanguage\":\"de\"},{\"@type\":\"Person\",\"@id\":\"https:\/\/www.naturparkmagazin.de\/schwaebisch-fraenkischer-wald\/#\/schema\/person\/f047a3702ae747fd7830cf8ac95e6066\",\"name\":\"Naturpark-Team\",\"sameAs\":[\"http:\/\/www.naturpark-sfw.de\",\"https:\/\/www.facebook.com\/naturparkSFW\"],\"url\":\"https:\/\/www.naturparkmagazin.de\/schwaebisch-fraenkischer-wald\/author\/bernharddrixler\/\"}]}<\/script>\n<!-- \/ Yoast SEO plugin. -->","yoast_head_json":{"title":"Erster Haller Naturpreis - Naturpark Schw\u00e4bisch-Fr\u00e4nkischer Wald","robots":{"index":"index","follow":"follow","max-snippet":"max-snippet:-1","max-image-preview":"max-image-preview:large","max-video-preview":"max-video-preview:-1"},"canonical":"https:\/\/www.naturparkmagazin.de\/schwaebisch-fraenkischer-wald\/haller-loewenbraeu-naturpreis\/","og_locale":"de_DE","og_type":"article","og_title":"Erster Haller Naturpreis - Naturpark Schw\u00e4bisch-Fr\u00e4nkischer Wald","og_description":"L\u00f6wenbrauerei Hall und Haller Wildbadquelle schrieben in diesem Jahr erstmals den Haller Naturpreis aus, der mit einem Preisgeld von insgesamt 5000 Euro dotiert ist. Nach einer \u00fcberw\u00e4ltigenden Anzahl von Bewerbungen wurden nun insgesamt 42 engagierte Menschen ausgezeichnet, die sich herausragend f\u00fcr die Natur ihrer Heimat und eine intakte Umwelt engagieren. \u201eHeute schon etwas f\u00fcr morgen","og_url":"https:\/\/www.naturparkmagazin.de\/schwaebisch-fraenkischer-wald\/haller-loewenbraeu-naturpreis\/","og_site_name":"Naturpark Schw\u00e4bisch-Fr\u00e4nkischer Wald","article_author":"https:\/\/www.facebook.com\/naturparkSFW","article_published_time":"2013-10-30T17:19:50+00:00","article_modified_time":"2013-10-31T13:08:01+00:00","og_image":[{"width":385,"height":391,"url":"https:\/\/www.naturparkmagazin.de\/schwaebisch-fraenkischer-wald\/wp-content\/uploads\/sites\/34\/Naturpreis-verleihung1-e1383223435544.jpg","type":"image\/jpeg"}],"author":"Naturpark-Team","twitter_misc":{"Verfasst von":"Naturpark-Team","Gesch\u00e4tzte Lesezeit":"3\u00a0Minuten"},"schema":{"@context":"https:\/\/schema.org","@graph":[{"@type":"WebPage","@id":"https:\/\/www.naturparkmagazin.de\/schwaebisch-fraenkischer-wald\/haller-loewenbraeu-naturpreis\/","url":"https:\/\/www.naturparkmagazin.de\/schwaebisch-fraenkischer-wald\/haller-loewenbraeu-naturpreis\/","name":"Erster Haller Naturpreis - Naturpark Schw\u00e4bisch-Fr\u00e4nkischer Wald","isPartOf":{"@id":"https:\/\/www.naturparkmagazin.de\/schwaebisch-fraenkischer-wald\/#website"},"datePublished":"2013-10-30T17:19:50+00:00","dateModified":"2013-10-31T13:08:01+00:00","author":{"@id":"https:\/\/www.naturparkmagazin.de\/schwaebisch-fraenkischer-wald\/#\/schema\/person\/f047a3702ae747fd7830cf8ac95e6066"},"breadcrumb":{"@id":"https:\/\/www.naturparkmagazin.de\/schwaebisch-fraenkischer-wald\/haller-loewenbraeu-naturpreis\/#breadcrumb"},"inLanguage":"de","potentialAction":[{"@type":"ReadAction","target":["https:\/\/www.naturparkmagazin.de\/schwaebisch-fraenkischer-wald\/haller-loewenbraeu-naturpreis\/"]}]},{"@type":"BreadcrumbList","@id":"https:\/\/www.naturparkmagazin.de\/schwaebisch-fraenkischer-wald\/haller-loewenbraeu-naturpreis\/#breadcrumb","itemListElement":[{"@type":"ListItem","position":1,"name":"Home","item":"https:\/\/www.naturparkmagazin.de\/schwaebisch-fraenkischer-wald\/"},{"@type":"ListItem","position":2,"name":"Erster Haller Naturpreis"}]},{"@type":"WebSite","@id":"https:\/\/www.naturparkmagazin.de\/schwaebisch-fraenkischer-wald\/#website","url":"https:\/\/www.naturparkmagazin.de\/schwaebisch-fraenkischer-wald\/","name":"Naturpark Schw\u00e4bisch-Fr\u00e4nkischer Wald","description":"","potentialAction":[{"@type":"SearchAction","target":{"@type":"EntryPoint","urlTemplate":"https:\/\/www.naturparkmagazin.de\/schwaebisch-fraenkischer-wald\/?s={search_term_string}"},"query-input":"required name=search_term_string"}],"inLanguage":"de"},{"@type":"Person","@id":"https:\/\/www.naturparkmagazin.de\/schwaebisch-fraenkischer-wald\/#\/schema\/person\/f047a3702ae747fd7830cf8ac95e6066","name":"Naturpark-Team","sameAs":["http:\/\/www.naturpark-sfw.de","https:\/\/www.facebook.com\/naturparkSFW"],"url":"https:\/\/www.naturparkmagazin.de\/schwaebisch-fraenkischer-wald\/author\/bernharddrixler\/"}]}},"_links":{"self":[{"href":"https:\/\/www.naturparkmagazin.de\/schwaebisch-fraenkischer-wald\/wp-json\/wp\/v2\/posts\/409"}],"collection":[{"href":"https:\/\/www.naturparkmagazin.de\/schwaebisch-fraenkischer-wald\/wp-json\/wp\/v2\/posts"}],"about":[{"href":"https:\/\/www.naturparkmagazin.de\/schwaebisch-fraenkischer-wald\/wp-json\/wp\/v2\/types\/post"}],"author":[{"embeddable":true,"href":"https:\/\/www.naturparkmagazin.de\/schwaebisch-fraenkischer-wald\/wp-json\/wp\/v2\/users\/25"}],"replies":[{"embeddable":true,"href":"https:\/\/www.naturparkmagazin.de\/schwaebisch-fraenkischer-wald\/wp-json\/wp\/v2\/comments?post=409"}],"version-history":[{"count":5,"href":"https:\/\/www.naturparkmagazin.de\/schwaebisch-fraenkischer-wald\/wp-json\/wp\/v2\/posts\/409\/revisions"}],"predecessor-version":[{"id":436,"href":"https:\/\/www.naturparkmagazin.de\/schwaebisch-fraenkischer-wald\/wp-json\/wp\/v2\/posts\/409\/revisions\/436"}],"wp:featuredmedia":[{"embeddable":true,"href":"https:\/\/www.naturparkmagazin.de\/schwaebisch-fraenkischer-wald\/wp-json\/wp\/v2\/media\/425"}],"wp:attachment":[{"href":"https:\/\/www.naturparkmagazin.de\/schwaebisch-fraenkischer-wald\/wp-json\/wp\/v2\/media?parent=409"}],"wp:term":[{"taxonomy":"category","embeddable":true,"href":"https:\/\/www.naturparkmagazin.de\/schwaebisch-fraenkischer-wald\/wp-json\/wp\/v2\/categories?post=409"},{"taxonomy":"post_tag","embeddable":true,"href":"https:\/\/www.naturparkmagazin.de\/schwaebisch-fraenkischer-wald\/wp-json\/wp\/v2\/tags?post=409"}],"curies":[{"name":"wp","href":"https:\/\/api.w.org\/{rel}","templated":true}]}}