{"id":4118,"date":"2016-12-13T16:06:40","date_gmt":"2016-12-13T15:06:40","guid":{"rendered":"http:\/\/www.naturparkmagazin.de\/schwaebisch-fraenkischer-wald\/?p=4118"},"modified":"2016-12-12T16:13:01","modified_gmt":"2016-12-12T15:13:01","slug":"johannes-enssle-ist-neuer-nabu-landesvorsitzender","status":"publish","type":"post","link":"https:\/\/www.naturparkmagazin.de\/schwaebisch-fraenkischer-wald\/johannes-enssle-ist-neuer-nabu-landesvorsitzender\/","title":{"rendered":"Johannes Enssle ist neuer NABU-Landesvorsitzender"},"content":{"rendered":"<p>Johannes Enssle ist neuer Vorsitzender des NABU-Landesverbandes Baden-W\u00fcrttemberg.<\/p>\n<div id=\"attachment_4119\" style=\"width: 210px\" class=\"wp-caption alignright\"><a href=\"https:\/\/www.naturparkmagazin.de\/schwaebisch-fraenkischer-wald\/wp-content\/uploads\/sites\/34\/nl-JohannesEnssle_vonKlausEchle.jpg\"><img aria-describedby=\"caption-attachment-4119\" decoding=\"async\" loading=\"lazy\" class=\"size-full wp-image-4119\" src=\"https:\/\/www.naturparkmagazin.de\/schwaebisch-fraenkischer-wald\/wp-content\/uploads\/sites\/34\/nl-JohannesEnssle_vonKlausEchle.jpg\" alt=\"Johannes Enssle (Foto: Klaus Echle)\" width=\"200\" height=\"200\" srcset=\"https:\/\/www.naturparkmagazin.de\/schwaebisch-fraenkischer-wald\/wp-content\/uploads\/sites\/34\/nl-JohannesEnssle_vonKlausEchle.jpg 200w, https:\/\/www.naturparkmagazin.de\/schwaebisch-fraenkischer-wald\/wp-content\/uploads\/sites\/34\/nl-JohannesEnssle_vonKlausEchle-30x30.jpg 30w\" sizes=\"(max-width: 200px) 100vw, 200px\" \/><\/a><p id=\"caption-attachment-4119\" class=\"wp-caption-text\">Johannes Enssle (Foto: Klaus Echle)<\/p><\/div>\n<p>Der 34-J\u00e4hrige wurde im November im Rahmen der NABU-Landesvertreterversammlung in Stuttgart von den Delegierten der 250 NABU-Gruppen gew\u00e4hlt. Enssle tritt die Nachfolge von Andre Baumann an, der im Mai als Staatssekret\u00e4r ins Umweltministerium gewechselt und daher aus dem Amt ausgeschieden war. Der NABU Baden-W\u00fcrttemberg, dem Enssle nun vorsteht, hat 2016 erstmalig die 90.000-Mitglieder-Marke \u00fcbersprungen und ist damit weiterhin der mitgliederst\u00e4rkste Naturschutzverband im S\u00fcdwesten und bundesweit der gr\u00f6\u00dfte NABU-Landesverband.<\/p>\n<p>\u201eIch freue mich sehr \u00fcber das Mandat und bedanke mich f\u00fcr das gro\u00dfe Vertrauen, das die NABU-Delegierten in mich setzen\u201c, sagte Enssle nach der Wahl. \u201eGemeinsam mit der gro\u00dfen NABU-Familie werde ich mit voller Kraft den erfolgreichen Weg meines Vorg\u00e4ngers Andre Baumann fortf\u00fchren und weiter f\u00fcr die zentralen Ziele des NABU k\u00e4mpfen: f\u00fcr mehr lebendige Vielfalt in W\u00e4ldern und Mooren, auf \u00c4ckern, Wiesen und Weiden. F\u00fcr eine naturvertr\u00e4gliche Energiewende, f\u00fcr das europ\u00e4ische Naturschutzprogramm Natura 2000 und f\u00fcr ein Baden-W\u00fcrttemberg, in dem der Naturschutz einen hohen Stellenwert hat.\u201c<\/p>\n<p>Zwei Aufgaben will der studierte F\u00f6rster in seiner vierj\u00e4hrigen Amtszeit in den Mittelpunkt stellen: \u201eZum einen m\u00fcssen wir unsere inhaltlichen Erfolge der letzten Jahre sichern und ausbauen: Nationalpark, Biosph\u00e4rengebiete, die naturvertr\u00e4gliche Waldbewirtschaftung und die St\u00e4rkung des Naturschutzhaushalts sind hier nur einige Stichworte. Zum anderen gilt es, den NABU f\u00fcr die Zukunft gut aufzustellen. Klar ist f\u00fcr mich: Wir wollen weiter wachsen \u2013 sowohl hinsichtlich der Zahl unserer Mitglieder als auch bei denjenigen, die sich im NABU ehrenamtlich f\u00fcr die Natur einsetzen. Das Ehrenamt zu unterst\u00fctzen, die Aktiven zu qualifizieren und den NABU vor Ort zu st\u00e4rken \u2013 das habe ich mir als Vorsitzender ins Aufgabenheft geschrieben.\u201c<\/p>\n<p>Johannes Enssle wurde 1982 in Donaueschingen geboren. Er studierte in Eberswalde und in Wageningen in den Niederlanden Forstwirtschaft und Umweltpolitik mit dem Schwerpunkt Naturschutz und Klimawandel. Nach diversen Stationen im In- und Ausland arbeitete Enssle als Referent f\u00fcr Waldwirtschaft und Naturschutz beim NABU-Bundesverband in Berlin, bevor er 2011 in gleicher Funktion zum NABU Baden-W\u00fcrttemberg nach Stuttgart wechselte. Enssle ist verheiratet, hat zwei Kinder und wohnt mit seiner Familie in Spiegelberg im Schw\u00e4bisch-Fr\u00e4nkischen Wald im Rems-Murr-Kreis.<\/p>\n<p><strong>Weitere Vorstandswahlen<\/strong><\/p>\n<p>Neben der Wahl des Vorsitzenden standen bei der NABU-Landesvertreterversammlung viele weitere Punkte auf der Agenda, unter anderem die Verabschiedung des Haushaltes, der Bericht und die Entlastung des Vorstands sowie weitere Vorstandswahlen: Hans-Peter Kleemann und Markus R\u00f6hl wurden in ihrem Amt als erster beziehungsweise zweiter stellvertretender Landesvorsitzender best\u00e4tigt, ebenso wie Ingo Ammermann als Schatzmeister und Egbert Badey als Mitglied des Landesvorstandes. Neu in das Gremium gew\u00e4hlt wurde Christoph Aly, der zugleich als Vorsitzender der NABU-Gruppe Wiesloch aktiv ist.<\/p>\n<p><strong>Goldene Ehrennadel f\u00fcr Andre Baumann<\/strong><\/p>\n<p>Noch bevor Johannes Enssle zum neuen Landesvorsitzenden gew\u00e4hlt wurde, zeichnete NABU-Pr\u00e4sident Olaf Tschimpke den vorherigen Amtsinhaber Andre Baumann mit der NABU-Ehrennadel in Gold aus. Baumann erhielt die Nadel f\u00fcr seine besonderen Verdienste um den Naturschutz in Baden-W\u00fcrttemberg und um den NABU unter gro\u00dfem Beifall der Delegierten.<\/p>\n<p>\u201eAndre Baumann hat den NABU Baden-W\u00fcrttemberg mehr als acht Jahre lang als Vorsitzender gef\u00fchrt \u2013 stets engagiert, mit viel Herzblut, ebenso viel Fachwissen und durchaus streitbar in der Sache. Ohne diesen gro\u00dfen Einsatz st\u00fcnden wir heute bei Weitem nicht so gut da. Daf\u00fcr sagt der NABU mit der Goldenen Ehrennadel Danke\u201c, betonte Tschimpke. \u201eEin herzliches Dankesch\u00f6n geht auch an seinen Stellvertreter Hans-Peter Kleemann. Er ist im Mai ganz unverhofft aus der zweiten in die erste Reihe gewechselt und hat ohne zu z\u00f6gern die gro\u00dfe Herausforderung angenommen, den Landesverband ein halbes Jahr lang ehrenamtlich zu f\u00fchren.\u201c<\/p>\n<p>An den neuen Landesvorsitzenden Johannes Enssle gewandt sagte Tschimpke: \u201eWie sein Vorg\u00e4nger Stefan R\u00f6sler hat auch Andre Baumann gro\u00dfe Fu\u00dfspuren hinterlassen. Umso mehr freue ich mich, dass jetzt erneut ein engagierter Naturschutzfachmann das Amt bekleidet und diese Herausforderung annimmt. Herzlichen Gl\u00fcckwunsch, viel Erfolg \u2013 und auf eine gute Zusammenarbeit!\u201c<\/p>\n<p>NABU Baden-W\u00fcrttemberg<\/p>\n<p>T\u00fcbinger Stra\u00dfe 15 | 70178 Stuttgart | Tel:\u00a0 0711.966 72-16<\/p>\n<p><a href=\"http:\/\/www.nabu-bw.de\" target=\"_blank\">www.nabu-bw.de<\/a><\/p>\n","protected":false},"excerpt":{"rendered":"<p>Enssle tritt die Nachfolge von Andre Baumann als NABU-Landesvorsitzender an<\/p>\n","protected":false},"author":25,"featured_media":4119,"comment_status":"open","ping_status":"open","sticky":false,"template":"","format":"standard","meta":[],"categories":[7],"tags":[686],"yoast_head":"<!-- This site is optimized with the Yoast SEO plugin v19.10 - https:\/\/yoast.com\/wordpress\/plugins\/seo\/ -->\n<title>Johannes Enssle ist neuer NABU-Landesvorsitzender - Naturpark Schw\u00e4bisch-Fr\u00e4nkischer Wald<\/title>\n<meta name=\"robots\" content=\"index, follow, max-snippet:-1, max-image-preview:large, max-video-preview:-1\" \/>\n<link rel=\"canonical\" href=\"https:\/\/www.naturparkmagazin.de\/schwaebisch-fraenkischer-wald\/johannes-enssle-ist-neuer-nabu-landesvorsitzender\/\" \/>\n<meta property=\"og:locale\" content=\"de_DE\" \/>\n<meta property=\"og:type\" content=\"article\" \/>\n<meta property=\"og:title\" content=\"Johannes Enssle ist neuer NABU-Landesvorsitzender - Naturpark Schw\u00e4bisch-Fr\u00e4nkischer Wald\" \/>\n<meta property=\"og:description\" content=\"Enssle tritt die Nachfolge von Andre Baumann als NABU-Landesvorsitzender an\" \/>\n<meta property=\"og:url\" content=\"https:\/\/www.naturparkmagazin.de\/schwaebisch-fraenkischer-wald\/johannes-enssle-ist-neuer-nabu-landesvorsitzender\/\" \/>\n<meta property=\"og:site_name\" content=\"Naturpark Schw\u00e4bisch-Fr\u00e4nkischer Wald\" \/>\n<meta property=\"article:author\" content=\"https:\/\/www.facebook.com\/naturparkSFW\" \/>\n<meta property=\"article:published_time\" content=\"2016-12-13T15:06:40+00:00\" \/>\n<meta property=\"article:modified_time\" content=\"2016-12-12T15:13:01+00:00\" \/>\n<meta property=\"og:image\" content=\"https:\/\/www.naturparkmagazin.de\/schwaebisch-fraenkischer-wald\/wp-content\/uploads\/sites\/34\/nl-JohannesEnssle_vonKlausEchle.jpg\" \/>\n\t<meta property=\"og:image:width\" content=\"200\" \/>\n\t<meta property=\"og:image:height\" content=\"200\" \/>\n\t<meta property=\"og:image:type\" content=\"image\/jpeg\" \/>\n<meta name=\"author\" content=\"Naturpark-Team\" \/>\n<meta name=\"twitter:label1\" content=\"Verfasst von\" \/>\n\t<meta name=\"twitter:data1\" content=\"Naturpark-Team\" \/>\n\t<meta name=\"twitter:label2\" content=\"Gesch\u00e4tzte Lesezeit\" \/>\n\t<meta name=\"twitter:data2\" content=\"3\u00a0Minuten\" \/>\n<script type=\"application\/ld+json\" class=\"yoast-schema-graph\">{\"@context\":\"https:\/\/schema.org\",\"@graph\":[{\"@type\":\"WebPage\",\"@id\":\"https:\/\/www.naturparkmagazin.de\/schwaebisch-fraenkischer-wald\/johannes-enssle-ist-neuer-nabu-landesvorsitzender\/\",\"url\":\"https:\/\/www.naturparkmagazin.de\/schwaebisch-fraenkischer-wald\/johannes-enssle-ist-neuer-nabu-landesvorsitzender\/\",\"name\":\"Johannes Enssle ist neuer NABU-Landesvorsitzender - Naturpark Schw\u00e4bisch-Fr\u00e4nkischer Wald\",\"isPartOf\":{\"@id\":\"https:\/\/www.naturparkmagazin.de\/schwaebisch-fraenkischer-wald\/#website\"},\"datePublished\":\"2016-12-13T15:06:40+00:00\",\"dateModified\":\"2016-12-12T15:13:01+00:00\",\"author\":{\"@id\":\"https:\/\/www.naturparkmagazin.de\/schwaebisch-fraenkischer-wald\/#\/schema\/person\/f047a3702ae747fd7830cf8ac95e6066\"},\"breadcrumb\":{\"@id\":\"https:\/\/www.naturparkmagazin.de\/schwaebisch-fraenkischer-wald\/johannes-enssle-ist-neuer-nabu-landesvorsitzender\/#breadcrumb\"},\"inLanguage\":\"de\",\"potentialAction\":[{\"@type\":\"ReadAction\",\"target\":[\"https:\/\/www.naturparkmagazin.de\/schwaebisch-fraenkischer-wald\/johannes-enssle-ist-neuer-nabu-landesvorsitzender\/\"]}]},{\"@type\":\"BreadcrumbList\",\"@id\":\"https:\/\/www.naturparkmagazin.de\/schwaebisch-fraenkischer-wald\/johannes-enssle-ist-neuer-nabu-landesvorsitzender\/#breadcrumb\",\"itemListElement\":[{\"@type\":\"ListItem\",\"position\":1,\"name\":\"Home\",\"item\":\"https:\/\/www.naturparkmagazin.de\/schwaebisch-fraenkischer-wald\/\"},{\"@type\":\"ListItem\",\"position\":2,\"name\":\"Johannes Enssle ist neuer NABU-Landesvorsitzender\"}]},{\"@type\":\"WebSite\",\"@id\":\"https:\/\/www.naturparkmagazin.de\/schwaebisch-fraenkischer-wald\/#website\",\"url\":\"https:\/\/www.naturparkmagazin.de\/schwaebisch-fraenkischer-wald\/\",\"name\":\"Naturpark Schw\u00e4bisch-Fr\u00e4nkischer Wald\",\"description\":\"\",\"potentialAction\":[{\"@type\":\"SearchAction\",\"target\":{\"@type\":\"EntryPoint\",\"urlTemplate\":\"https:\/\/www.naturparkmagazin.de\/schwaebisch-fraenkischer-wald\/?s={search_term_string}\"},\"query-input\":\"required name=search_term_string\"}],\"inLanguage\":\"de\"},{\"@type\":\"Person\",\"@id\":\"https:\/\/www.naturparkmagazin.de\/schwaebisch-fraenkischer-wald\/#\/schema\/person\/f047a3702ae747fd7830cf8ac95e6066\",\"name\":\"Naturpark-Team\",\"sameAs\":[\"http:\/\/www.naturpark-sfw.de\",\"https:\/\/www.facebook.com\/naturparkSFW\"],\"url\":\"https:\/\/www.naturparkmagazin.de\/schwaebisch-fraenkischer-wald\/author\/bernharddrixler\/\"}]}<\/script>\n<!-- \/ Yoast SEO plugin. -->","yoast_head_json":{"title":"Johannes Enssle ist neuer NABU-Landesvorsitzender - Naturpark Schw\u00e4bisch-Fr\u00e4nkischer Wald","robots":{"index":"index","follow":"follow","max-snippet":"max-snippet:-1","max-image-preview":"max-image-preview:large","max-video-preview":"max-video-preview:-1"},"canonical":"https:\/\/www.naturparkmagazin.de\/schwaebisch-fraenkischer-wald\/johannes-enssle-ist-neuer-nabu-landesvorsitzender\/","og_locale":"de_DE","og_type":"article","og_title":"Johannes Enssle ist neuer NABU-Landesvorsitzender - Naturpark Schw\u00e4bisch-Fr\u00e4nkischer Wald","og_description":"Enssle tritt die Nachfolge von Andre Baumann als NABU-Landesvorsitzender an","og_url":"https:\/\/www.naturparkmagazin.de\/schwaebisch-fraenkischer-wald\/johannes-enssle-ist-neuer-nabu-landesvorsitzender\/","og_site_name":"Naturpark Schw\u00e4bisch-Fr\u00e4nkischer Wald","article_author":"https:\/\/www.facebook.com\/naturparkSFW","article_published_time":"2016-12-13T15:06:40+00:00","article_modified_time":"2016-12-12T15:13:01+00:00","og_image":[{"width":200,"height":200,"url":"https:\/\/www.naturparkmagazin.de\/schwaebisch-fraenkischer-wald\/wp-content\/uploads\/sites\/34\/nl-JohannesEnssle_vonKlausEchle.jpg","type":"image\/jpeg"}],"author":"Naturpark-Team","twitter_misc":{"Verfasst von":"Naturpark-Team","Gesch\u00e4tzte Lesezeit":"3\u00a0Minuten"},"schema":{"@context":"https:\/\/schema.org","@graph":[{"@type":"WebPage","@id":"https:\/\/www.naturparkmagazin.de\/schwaebisch-fraenkischer-wald\/johannes-enssle-ist-neuer-nabu-landesvorsitzender\/","url":"https:\/\/www.naturparkmagazin.de\/schwaebisch-fraenkischer-wald\/johannes-enssle-ist-neuer-nabu-landesvorsitzender\/","name":"Johannes Enssle ist neuer NABU-Landesvorsitzender - Naturpark Schw\u00e4bisch-Fr\u00e4nkischer Wald","isPartOf":{"@id":"https:\/\/www.naturparkmagazin.de\/schwaebisch-fraenkischer-wald\/#website"},"datePublished":"2016-12-13T15:06:40+00:00","dateModified":"2016-12-12T15:13:01+00:00","author":{"@id":"https:\/\/www.naturparkmagazin.de\/schwaebisch-fraenkischer-wald\/#\/schema\/person\/f047a3702ae747fd7830cf8ac95e6066"},"breadcrumb":{"@id":"https:\/\/www.naturparkmagazin.de\/schwaebisch-fraenkischer-wald\/johannes-enssle-ist-neuer-nabu-landesvorsitzender\/#breadcrumb"},"inLanguage":"de","potentialAction":[{"@type":"ReadAction","target":["https:\/\/www.naturparkmagazin.de\/schwaebisch-fraenkischer-wald\/johannes-enssle-ist-neuer-nabu-landesvorsitzender\/"]}]},{"@type":"BreadcrumbList","@id":"https:\/\/www.naturparkmagazin.de\/schwaebisch-fraenkischer-wald\/johannes-enssle-ist-neuer-nabu-landesvorsitzender\/#breadcrumb","itemListElement":[{"@type":"ListItem","position":1,"name":"Home","item":"https:\/\/www.naturparkmagazin.de\/schwaebisch-fraenkischer-wald\/"},{"@type":"ListItem","position":2,"name":"Johannes Enssle ist neuer NABU-Landesvorsitzender"}]},{"@type":"WebSite","@id":"https:\/\/www.naturparkmagazin.de\/schwaebisch-fraenkischer-wald\/#website","url":"https:\/\/www.naturparkmagazin.de\/schwaebisch-fraenkischer-wald\/","name":"Naturpark Schw\u00e4bisch-Fr\u00e4nkischer Wald","description":"","potentialAction":[{"@type":"SearchAction","target":{"@type":"EntryPoint","urlTemplate":"https:\/\/www.naturparkmagazin.de\/schwaebisch-fraenkischer-wald\/?s={search_term_string}"},"query-input":"required name=search_term_string"}],"inLanguage":"de"},{"@type":"Person","@id":"https:\/\/www.naturparkmagazin.de\/schwaebisch-fraenkischer-wald\/#\/schema\/person\/f047a3702ae747fd7830cf8ac95e6066","name":"Naturpark-Team","sameAs":["http:\/\/www.naturpark-sfw.de","https:\/\/www.facebook.com\/naturparkSFW"],"url":"https:\/\/www.naturparkmagazin.de\/schwaebisch-fraenkischer-wald\/author\/bernharddrixler\/"}]}},"_links":{"self":[{"href":"https:\/\/www.naturparkmagazin.de\/schwaebisch-fraenkischer-wald\/wp-json\/wp\/v2\/posts\/4118"}],"collection":[{"href":"https:\/\/www.naturparkmagazin.de\/schwaebisch-fraenkischer-wald\/wp-json\/wp\/v2\/posts"}],"about":[{"href":"https:\/\/www.naturparkmagazin.de\/schwaebisch-fraenkischer-wald\/wp-json\/wp\/v2\/types\/post"}],"author":[{"embeddable":true,"href":"https:\/\/www.naturparkmagazin.de\/schwaebisch-fraenkischer-wald\/wp-json\/wp\/v2\/users\/25"}],"replies":[{"embeddable":true,"href":"https:\/\/www.naturparkmagazin.de\/schwaebisch-fraenkischer-wald\/wp-json\/wp\/v2\/comments?post=4118"}],"version-history":[{"count":1,"href":"https:\/\/www.naturparkmagazin.de\/schwaebisch-fraenkischer-wald\/wp-json\/wp\/v2\/posts\/4118\/revisions"}],"predecessor-version":[{"id":4120,"href":"https:\/\/www.naturparkmagazin.de\/schwaebisch-fraenkischer-wald\/wp-json\/wp\/v2\/posts\/4118\/revisions\/4120"}],"wp:featuredmedia":[{"embeddable":true,"href":"https:\/\/www.naturparkmagazin.de\/schwaebisch-fraenkischer-wald\/wp-json\/wp\/v2\/media\/4119"}],"wp:attachment":[{"href":"https:\/\/www.naturparkmagazin.de\/schwaebisch-fraenkischer-wald\/wp-json\/wp\/v2\/media?parent=4118"}],"wp:term":[{"taxonomy":"category","embeddable":true,"href":"https:\/\/www.naturparkmagazin.de\/schwaebisch-fraenkischer-wald\/wp-json\/wp\/v2\/categories?post=4118"},{"taxonomy":"post_tag","embeddable":true,"href":"https:\/\/www.naturparkmagazin.de\/schwaebisch-fraenkischer-wald\/wp-json\/wp\/v2\/tags?post=4118"}],"curies":[{"name":"wp","href":"https:\/\/api.w.org\/{rel}","templated":true}]}}