{"id":4124,"date":"2016-12-13T16:19:51","date_gmt":"2016-12-13T15:19:51","guid":{"rendered":"http:\/\/www.naturparkmagazin.de\/schwaebisch-fraenkischer-wald\/?p=4124"},"modified":"2016-12-12T16:23:14","modified_gmt":"2016-12-12T15:23:14","slug":"mitgliederversammlung-der-naturparkfuehrer","status":"publish","type":"post","link":"https:\/\/www.naturparkmagazin.de\/schwaebisch-fraenkischer-wald\/mitgliederversammlung-der-naturparkfuehrer\/","title":{"rendered":"Mitgliederversammlung der Naturparkf\u00fchrer"},"content":{"rendered":"<p>Mit der Verk\u00fcndung eines Teilnehmerrekords von mehr als 27.800 Besuchern begann die Mitgliederversammlung des Vereins \u201eDie <a href=\"https:\/\/www.naturparkmagazin.de\/schwaebisch-fraenkischer-wald\/wp-content\/uploads\/sites\/34\/nl-161124_BILD_Naturparkf\u00fchrer-Mitgliederversammlung_Drixler.jpg\"><img decoding=\"async\" loading=\"lazy\" class=\"alignright size-full wp-image-4125\" src=\"https:\/\/www.naturparkmagazin.de\/schwaebisch-fraenkischer-wald\/wp-content\/uploads\/sites\/34\/nl-161124_BILD_Naturparkf\u00fchrer-Mitgliederversammlung_Drixler.jpg\" alt=\"Naturparkf\u00fchrer\" width=\"200\" height=\"200\" srcset=\"https:\/\/www.naturparkmagazin.de\/schwaebisch-fraenkischer-wald\/wp-content\/uploads\/sites\/34\/nl-161124_BILD_Naturparkf\u00fchrer-Mitgliederversammlung_Drixler.jpg 200w, https:\/\/www.naturparkmagazin.de\/schwaebisch-fraenkischer-wald\/wp-content\/uploads\/sites\/34\/nl-161124_BILD_Naturparkf\u00fchrer-Mitgliederversammlung_Drixler-30x30.jpg 30w\" sizes=\"(max-width: 200px) 100vw, 200px\" \/><\/a>Naturparkf\u00fchrer Schw\u00e4bisch-Fr\u00e4nkischer Wald e.V.\u201c am 18.11.2016 im Gasthof \u201eEinhorn\u201c in Oppenweiler. Dies waren bei 935 Veranstaltungen etwa 10.000 Besucher mehr als im Vorjahr. Damit war das vergangene Jahr laut Vorstand \u201eein \u00fcberaus erfolgreiches Jahr\u201c f\u00fcr die Naturparkf\u00fchrer. Angeboten wurden \u00f6ffentliche Wanderungen von den Naturparkf\u00fchrern an allen Sonn- und Feiertagen im Rahmen des \u201eNaturpark aktiv\u201c-Programms. Au\u00dferdem fanden wieder zahlreiche weitere Aktionen statt, wie zum Beispiel Ferienfreizeiten, \u201eEbnisee f\u00fcr Alle\u201c (barrierefrei), das \u201eNaturerlebniscamp\u201c in W\u00fcstenrot oder die erste M\u00fchlenweihnacht im Naturpark an der Heinlesm\u00fchle. Hinzu kam der Einsatz bei Messen und Infost\u00e4nden. Ebenso wurde berichtet, dass die Naturparkf\u00fchrer an zahlreichen Fortbildungen teilnahmen.<\/p>\n<p>2017 werden die Naturparkf\u00fchrer ihr 10-j\u00e4hriges Jubil\u00e4um feiern. Die Er\u00f6ffnung einer Ausstellung der \u201eLieblingspl\u00e4tze\u201c der Naturparkf\u00fchrer im Naturparkzentrum in Murrhardt am 28.04.2017 wird der Auftakt der Festveranstaltungen sein. Und unter dem Motto &#8222;Ebbes ganz B&#8217;sonders&#8220; wird am 17. und 18.06.2017 das gro\u00dfe Jubil\u00e4umswochenende im Stadtgarten in Murrhardt steigen. Informationen zu den F\u00fchrungen und den Jubil\u00e4umsveranstaltungen finden sich in der neuen \u201eNaturpark aktiv\u201c-Brosch\u00fcre f\u00fcr 2017. Diese kann ab Januar bei der Naturpark-Gesch\u00e4ftsstelle unter der E-Mail info@naturpark-sfw.de bestellt werden und liegt in den Tourist-Infos und Rath\u00e4usern des Naturparks aus. Au\u00dferdem finden sich alle Termine auf der Homepage der Naturparkf\u00fchrer.<\/p>\n<p>Bernhard Drixler, der Gesch\u00e4ftsf\u00fchrer des Naturparks Schw\u00e4bisch-Fr\u00e4nkischer Wald, meinte abschlie\u00dfend, die Naturparkf\u00fchrer seien die \u201eBotschafter auf der Fl\u00e4che\u201c. Nach dem offiziellen Teil der Mitgliederversammlung folgten noch ein reger Austausch und ein gem\u00fctliches Beisammensein der Naturparkf\u00fchrer.<\/p>\n<p>Alle Informationen rund um die Naturparkf\u00fchrer im Naturpark Schw\u00e4bisch-Fr\u00e4nkischer Wald finden Sie hier:<\/p>\n<p><a href=\"http:\/\/www.die-naturparkfuehrer.de\" target=\"_blank\">www.die-naturparkfuehrer.de<\/a><\/p>\n","protected":false},"excerpt":{"rendered":"<p>Teilnehmerrekord: Fast 28.000 Besucher bei den Naturparkf\u00fchrern des Schw\u00e4bisch-Fr\u00e4nkischen Waldes<\/p>\n","protected":false},"author":25,"featured_media":4125,"comment_status":"open","ping_status":"open","sticky":false,"template":"","format":"standard","meta":[],"categories":[7],"tags":[686],"yoast_head":"<!-- This site is optimized with the Yoast SEO plugin v19.10 - https:\/\/yoast.com\/wordpress\/plugins\/seo\/ -->\n<title>Mitgliederversammlung der Naturparkf\u00fchrer - Naturpark Schw\u00e4bisch-Fr\u00e4nkischer Wald<\/title>\n<meta name=\"robots\" content=\"index, follow, max-snippet:-1, max-image-preview:large, max-video-preview:-1\" \/>\n<link rel=\"canonical\" href=\"https:\/\/www.naturparkmagazin.de\/schwaebisch-fraenkischer-wald\/mitgliederversammlung-der-naturparkfuehrer\/\" \/>\n<meta property=\"og:locale\" content=\"de_DE\" \/>\n<meta property=\"og:type\" content=\"article\" \/>\n<meta property=\"og:title\" content=\"Mitgliederversammlung der Naturparkf\u00fchrer - Naturpark Schw\u00e4bisch-Fr\u00e4nkischer Wald\" \/>\n<meta property=\"og:description\" content=\"Teilnehmerrekord: Fast 28.000 Besucher bei den Naturparkf\u00fchrern des Schw\u00e4bisch-Fr\u00e4nkischen Waldes\" \/>\n<meta property=\"og:url\" content=\"https:\/\/www.naturparkmagazin.de\/schwaebisch-fraenkischer-wald\/mitgliederversammlung-der-naturparkfuehrer\/\" \/>\n<meta property=\"og:site_name\" content=\"Naturpark Schw\u00e4bisch-Fr\u00e4nkischer Wald\" \/>\n<meta property=\"article:author\" content=\"https:\/\/www.facebook.com\/naturparkSFW\" \/>\n<meta property=\"article:published_time\" content=\"2016-12-13T15:19:51+00:00\" \/>\n<meta property=\"article:modified_time\" content=\"2016-12-12T15:23:14+00:00\" \/>\n<meta property=\"og:image\" content=\"https:\/\/www.naturparkmagazin.de\/schwaebisch-fraenkischer-wald\/wp-content\/uploads\/sites\/34\/nl-161124_BILD_Naturparkf\u00fchrer-Mitgliederversammlung_Drixler.jpg\" \/>\n\t<meta property=\"og:image:width\" content=\"200\" \/>\n\t<meta property=\"og:image:height\" content=\"200\" \/>\n\t<meta property=\"og:image:type\" content=\"image\/jpeg\" \/>\n<meta name=\"author\" content=\"Naturpark-Team\" \/>\n<meta name=\"twitter:label1\" content=\"Verfasst von\" \/>\n\t<meta name=\"twitter:data1\" content=\"Naturpark-Team\" \/>\n\t<meta name=\"twitter:label2\" content=\"Gesch\u00e4tzte Lesezeit\" \/>\n\t<meta name=\"twitter:data2\" content=\"2\u00a0Minuten\" \/>\n<script type=\"application\/ld+json\" class=\"yoast-schema-graph\">{\"@context\":\"https:\/\/schema.org\",\"@graph\":[{\"@type\":\"WebPage\",\"@id\":\"https:\/\/www.naturparkmagazin.de\/schwaebisch-fraenkischer-wald\/mitgliederversammlung-der-naturparkfuehrer\/\",\"url\":\"https:\/\/www.naturparkmagazin.de\/schwaebisch-fraenkischer-wald\/mitgliederversammlung-der-naturparkfuehrer\/\",\"name\":\"Mitgliederversammlung der Naturparkf\u00fchrer - Naturpark Schw\u00e4bisch-Fr\u00e4nkischer Wald\",\"isPartOf\":{\"@id\":\"https:\/\/www.naturparkmagazin.de\/schwaebisch-fraenkischer-wald\/#website\"},\"datePublished\":\"2016-12-13T15:19:51+00:00\",\"dateModified\":\"2016-12-12T15:23:14+00:00\",\"author\":{\"@id\":\"https:\/\/www.naturparkmagazin.de\/schwaebisch-fraenkischer-wald\/#\/schema\/person\/f047a3702ae747fd7830cf8ac95e6066\"},\"breadcrumb\":{\"@id\":\"https:\/\/www.naturparkmagazin.de\/schwaebisch-fraenkischer-wald\/mitgliederversammlung-der-naturparkfuehrer\/#breadcrumb\"},\"inLanguage\":\"de\",\"potentialAction\":[{\"@type\":\"ReadAction\",\"target\":[\"https:\/\/www.naturparkmagazin.de\/schwaebisch-fraenkischer-wald\/mitgliederversammlung-der-naturparkfuehrer\/\"]}]},{\"@type\":\"BreadcrumbList\",\"@id\":\"https:\/\/www.naturparkmagazin.de\/schwaebisch-fraenkischer-wald\/mitgliederversammlung-der-naturparkfuehrer\/#breadcrumb\",\"itemListElement\":[{\"@type\":\"ListItem\",\"position\":1,\"name\":\"Home\",\"item\":\"https:\/\/www.naturparkmagazin.de\/schwaebisch-fraenkischer-wald\/\"},{\"@type\":\"ListItem\",\"position\":2,\"name\":\"Mitgliederversammlung der Naturparkf\u00fchrer\"}]},{\"@type\":\"WebSite\",\"@id\":\"https:\/\/www.naturparkmagazin.de\/schwaebisch-fraenkischer-wald\/#website\",\"url\":\"https:\/\/www.naturparkmagazin.de\/schwaebisch-fraenkischer-wald\/\",\"name\":\"Naturpark Schw\u00e4bisch-Fr\u00e4nkischer Wald\",\"description\":\"\",\"potentialAction\":[{\"@type\":\"SearchAction\",\"target\":{\"@type\":\"EntryPoint\",\"urlTemplate\":\"https:\/\/www.naturparkmagazin.de\/schwaebisch-fraenkischer-wald\/?s={search_term_string}\"},\"query-input\":\"required name=search_term_string\"}],\"inLanguage\":\"de\"},{\"@type\":\"Person\",\"@id\":\"https:\/\/www.naturparkmagazin.de\/schwaebisch-fraenkischer-wald\/#\/schema\/person\/f047a3702ae747fd7830cf8ac95e6066\",\"name\":\"Naturpark-Team\",\"sameAs\":[\"http:\/\/www.naturpark-sfw.de\",\"https:\/\/www.facebook.com\/naturparkSFW\"],\"url\":\"https:\/\/www.naturparkmagazin.de\/schwaebisch-fraenkischer-wald\/author\/bernharddrixler\/\"}]}<\/script>\n<!-- \/ Yoast SEO plugin. -->","yoast_head_json":{"title":"Mitgliederversammlung der Naturparkf\u00fchrer - Naturpark Schw\u00e4bisch-Fr\u00e4nkischer Wald","robots":{"index":"index","follow":"follow","max-snippet":"max-snippet:-1","max-image-preview":"max-image-preview:large","max-video-preview":"max-video-preview:-1"},"canonical":"https:\/\/www.naturparkmagazin.de\/schwaebisch-fraenkischer-wald\/mitgliederversammlung-der-naturparkfuehrer\/","og_locale":"de_DE","og_type":"article","og_title":"Mitgliederversammlung der Naturparkf\u00fchrer - Naturpark Schw\u00e4bisch-Fr\u00e4nkischer Wald","og_description":"Teilnehmerrekord: Fast 28.000 Besucher bei den Naturparkf\u00fchrern des Schw\u00e4bisch-Fr\u00e4nkischen Waldes","og_url":"https:\/\/www.naturparkmagazin.de\/schwaebisch-fraenkischer-wald\/mitgliederversammlung-der-naturparkfuehrer\/","og_site_name":"Naturpark Schw\u00e4bisch-Fr\u00e4nkischer Wald","article_author":"https:\/\/www.facebook.com\/naturparkSFW","article_published_time":"2016-12-13T15:19:51+00:00","article_modified_time":"2016-12-12T15:23:14+00:00","og_image":[{"width":200,"height":200,"url":"https:\/\/www.naturparkmagazin.de\/schwaebisch-fraenkischer-wald\/wp-content\/uploads\/sites\/34\/nl-161124_BILD_Naturparkf\u00fchrer-Mitgliederversammlung_Drixler.jpg","type":"image\/jpeg"}],"author":"Naturpark-Team","twitter_misc":{"Verfasst von":"Naturpark-Team","Gesch\u00e4tzte Lesezeit":"2\u00a0Minuten"},"schema":{"@context":"https:\/\/schema.org","@graph":[{"@type":"WebPage","@id":"https:\/\/www.naturparkmagazin.de\/schwaebisch-fraenkischer-wald\/mitgliederversammlung-der-naturparkfuehrer\/","url":"https:\/\/www.naturparkmagazin.de\/schwaebisch-fraenkischer-wald\/mitgliederversammlung-der-naturparkfuehrer\/","name":"Mitgliederversammlung der Naturparkf\u00fchrer - Naturpark Schw\u00e4bisch-Fr\u00e4nkischer Wald","isPartOf":{"@id":"https:\/\/www.naturparkmagazin.de\/schwaebisch-fraenkischer-wald\/#website"},"datePublished":"2016-12-13T15:19:51+00:00","dateModified":"2016-12-12T15:23:14+00:00","author":{"@id":"https:\/\/www.naturparkmagazin.de\/schwaebisch-fraenkischer-wald\/#\/schema\/person\/f047a3702ae747fd7830cf8ac95e6066"},"breadcrumb":{"@id":"https:\/\/www.naturparkmagazin.de\/schwaebisch-fraenkischer-wald\/mitgliederversammlung-der-naturparkfuehrer\/#breadcrumb"},"inLanguage":"de","potentialAction":[{"@type":"ReadAction","target":["https:\/\/www.naturparkmagazin.de\/schwaebisch-fraenkischer-wald\/mitgliederversammlung-der-naturparkfuehrer\/"]}]},{"@type":"BreadcrumbList","@id":"https:\/\/www.naturparkmagazin.de\/schwaebisch-fraenkischer-wald\/mitgliederversammlung-der-naturparkfuehrer\/#breadcrumb","itemListElement":[{"@type":"ListItem","position":1,"name":"Home","item":"https:\/\/www.naturparkmagazin.de\/schwaebisch-fraenkischer-wald\/"},{"@type":"ListItem","position":2,"name":"Mitgliederversammlung der Naturparkf\u00fchrer"}]},{"@type":"WebSite","@id":"https:\/\/www.naturparkmagazin.de\/schwaebisch-fraenkischer-wald\/#website","url":"https:\/\/www.naturparkmagazin.de\/schwaebisch-fraenkischer-wald\/","name":"Naturpark Schw\u00e4bisch-Fr\u00e4nkischer Wald","description":"","potentialAction":[{"@type":"SearchAction","target":{"@type":"EntryPoint","urlTemplate":"https:\/\/www.naturparkmagazin.de\/schwaebisch-fraenkischer-wald\/?s={search_term_string}"},"query-input":"required name=search_term_string"}],"inLanguage":"de"},{"@type":"Person","@id":"https:\/\/www.naturparkmagazin.de\/schwaebisch-fraenkischer-wald\/#\/schema\/person\/f047a3702ae747fd7830cf8ac95e6066","name":"Naturpark-Team","sameAs":["http:\/\/www.naturpark-sfw.de","https:\/\/www.facebook.com\/naturparkSFW"],"url":"https:\/\/www.naturparkmagazin.de\/schwaebisch-fraenkischer-wald\/author\/bernharddrixler\/"}]}},"_links":{"self":[{"href":"https:\/\/www.naturparkmagazin.de\/schwaebisch-fraenkischer-wald\/wp-json\/wp\/v2\/posts\/4124"}],"collection":[{"href":"https:\/\/www.naturparkmagazin.de\/schwaebisch-fraenkischer-wald\/wp-json\/wp\/v2\/posts"}],"about":[{"href":"https:\/\/www.naturparkmagazin.de\/schwaebisch-fraenkischer-wald\/wp-json\/wp\/v2\/types\/post"}],"author":[{"embeddable":true,"href":"https:\/\/www.naturparkmagazin.de\/schwaebisch-fraenkischer-wald\/wp-json\/wp\/v2\/users\/25"}],"replies":[{"embeddable":true,"href":"https:\/\/www.naturparkmagazin.de\/schwaebisch-fraenkischer-wald\/wp-json\/wp\/v2\/comments?post=4124"}],"version-history":[{"count":1,"href":"https:\/\/www.naturparkmagazin.de\/schwaebisch-fraenkischer-wald\/wp-json\/wp\/v2\/posts\/4124\/revisions"}],"predecessor-version":[{"id":4126,"href":"https:\/\/www.naturparkmagazin.de\/schwaebisch-fraenkischer-wald\/wp-json\/wp\/v2\/posts\/4124\/revisions\/4126"}],"wp:featuredmedia":[{"embeddable":true,"href":"https:\/\/www.naturparkmagazin.de\/schwaebisch-fraenkischer-wald\/wp-json\/wp\/v2\/media\/4125"}],"wp:attachment":[{"href":"https:\/\/www.naturparkmagazin.de\/schwaebisch-fraenkischer-wald\/wp-json\/wp\/v2\/media?parent=4124"}],"wp:term":[{"taxonomy":"category","embeddable":true,"href":"https:\/\/www.naturparkmagazin.de\/schwaebisch-fraenkischer-wald\/wp-json\/wp\/v2\/categories?post=4124"},{"taxonomy":"post_tag","embeddable":true,"href":"https:\/\/www.naturparkmagazin.de\/schwaebisch-fraenkischer-wald\/wp-json\/wp\/v2\/tags?post=4124"}],"curies":[{"name":"wp","href":"https:\/\/api.w.org\/{rel}","templated":true}]}}