{"id":4135,"date":"2016-12-13T16:36:56","date_gmt":"2016-12-13T15:36:56","guid":{"rendered":"http:\/\/www.naturparkmagazin.de\/schwaebisch-fraenkischer-wald\/?p=4135"},"modified":"2016-12-22T12:51:24","modified_gmt":"2016-12-22T11:51:24","slug":"lust-auf-natur-raus-ins-glueck","status":"publish","type":"post","link":"https:\/\/www.naturparkmagazin.de\/schwaebisch-fraenkischer-wald\/lust-auf-natur-raus-ins-glueck\/","title":{"rendered":"\u201eLust auf Natur? Raus ins Gl\u00fcck!\u201c"},"content":{"rendered":"<p>Der Schw\u00e4bische Albverein, Fachbereich Familie, freut sich, sein neues Familienprogramm 2017 zu pr\u00e4sentieren. <a href=\"https:\/\/www.naturparkmagazin.de\/schwaebisch-fraenkischer-wald\/wp-content\/uploads\/sites\/34\/Unbenannt2.jpg\"><img decoding=\"async\" loading=\"lazy\" class=\"alignright size-full wp-image-4136\" src=\"https:\/\/www.naturparkmagazin.de\/schwaebisch-fraenkischer-wald\/wp-content\/uploads\/sites\/34\/Unbenannt2.jpg\" alt=\"Logo: Schw\u00e4bischer Albverein\" width=\"267\" height=\"200\" srcset=\"https:\/\/www.naturparkmagazin.de\/schwaebisch-fraenkischer-wald\/wp-content\/uploads\/sites\/34\/Unbenannt2.jpg 267w, https:\/\/www.naturparkmagazin.de\/schwaebisch-fraenkischer-wald\/wp-content\/uploads\/sites\/34\/Unbenannt2-180x135.jpg 180w, https:\/\/www.naturparkmagazin.de\/schwaebisch-fraenkischer-wald\/wp-content\/uploads\/sites\/34\/Unbenannt2-95x71.jpg 95w, https:\/\/www.naturparkmagazin.de\/schwaebisch-fraenkischer-wald\/wp-content\/uploads\/sites\/34\/Unbenannt2-200x150.jpg 200w\" sizes=\"(max-width: 267px) 100vw, 267px\" \/><\/a><\/p>\n<p>Auf 72 Seiten gibt es unter dem Motto \u201eLust auf Natur? Raus ins Gl\u00fcck!\u201c ein vielf\u00e4ltiges und f\u00fcr Eltern mit ihren Kindern \u00e4u\u00dferst attraktives Angebot.<\/p>\n<p>Das Jahresprogramm ist prall gef\u00fcllt mit Aktivit\u00e4ten und Veranstaltungen, die das Familienleben f\u00f6rdern und Naturerlebnisse erm\u00f6glichen. \u201eIm Mittelpunkt des neuen Programms stehen auch j\u00fcngere Kinder bis vier Jahre\u201c, erkl\u00e4rt die Hauptfachwartin f\u00fcr Familien, Sabine Wuchenauer.<\/p>\n<p>Ob Schneeschuhwandern und H\u00fcttengaudi oder im Fr\u00fchjahr zu Gast beim Wiesenwirt zu sein und das Blumenwiesenfest zu feiern, im Sommer wilde Schluchten zu erkunden oder beim Geocaching den Schatz zu suchen und im Herbst an einer Mostaktion teilzunehmen: Spannende Aktivit\u00e4ten gibt es zu jeder Jahreszeit und die Albvereinsfamilie hat jede Menge davon auf Lager.<\/p>\n<p>Wer Lust hat, kann 2017 beispielsweise auch die Natur als Wellnessoase kennenlernen, Brot im Backhaus backen oder durch die Pr\u00e4rie wandern wie ein Indianer.\u00a0 \u201eDas Veranstaltungsspektrum 2017 ist extrem abwechslungsreich und voller ungew\u00f6hnlicher Ideen\u201c, freut sich Sabine Wuchenauer.<\/p>\n<p>Am vielf\u00e4ltigen Familienprogramm kann jeder teilhaben. Wer Interesse hat, sollte sich allerdings rechtzeitig anmelden.<\/p>\n<p>Klicken Sie hier: <a href=\"http:\/\/familien.albverein.net\/jahresprogramm\/\" target=\"_blank\">Das aktuelle Familienprogramm finden Sie auf der Homepage unter dem Men\u00fcpunkt Familien<\/a><\/p>\n","protected":false},"excerpt":{"rendered":"<p>Familienprogramm des schw\u00e4bischen Albvereins bietet Spa\u00df und Abenteuer f\u00fcr Kinder und Familien <\/p>\n","protected":false},"author":25,"featured_media":4223,"comment_status":"open","ping_status":"open","sticky":false,"template":"","format":"standard","meta":[],"categories":[617],"tags":[686],"yoast_head":"<!-- This site is optimized with the Yoast SEO plugin v19.10 - https:\/\/yoast.com\/wordpress\/plugins\/seo\/ -->\n<title>\u201eLust auf Natur? Raus ins Gl\u00fcck!\u201c - Naturpark Schw\u00e4bisch-Fr\u00e4nkischer Wald<\/title>\n<meta name=\"robots\" content=\"index, follow, max-snippet:-1, max-image-preview:large, max-video-preview:-1\" \/>\n<link rel=\"canonical\" href=\"https:\/\/www.naturparkmagazin.de\/schwaebisch-fraenkischer-wald\/lust-auf-natur-raus-ins-glueck\/\" \/>\n<meta property=\"og:locale\" content=\"de_DE\" \/>\n<meta property=\"og:type\" content=\"article\" \/>\n<meta property=\"og:title\" content=\"\u201eLust auf Natur? Raus ins Gl\u00fcck!\u201c - Naturpark Schw\u00e4bisch-Fr\u00e4nkischer Wald\" \/>\n<meta property=\"og:description\" content=\"Familienprogramm des schw\u00e4bischen Albvereins bietet Spa\u00df und Abenteuer f\u00fcr Kinder und Familien\" \/>\n<meta property=\"og:url\" content=\"https:\/\/www.naturparkmagazin.de\/schwaebisch-fraenkischer-wald\/lust-auf-natur-raus-ins-glueck\/\" \/>\n<meta property=\"og:site_name\" content=\"Naturpark Schw\u00e4bisch-Fr\u00e4nkischer Wald\" \/>\n<meta property=\"article:author\" content=\"https:\/\/www.facebook.com\/naturparkSFW\" \/>\n<meta property=\"article:published_time\" content=\"2016-12-13T15:36:56+00:00\" \/>\n<meta property=\"article:modified_time\" content=\"2016-12-22T11:51:24+00:00\" \/>\n<meta property=\"og:image\" content=\"https:\/\/www.naturparkmagazin.de\/schwaebisch-fraenkischer-wald\/wp-content\/uploads\/sites\/34\/alpverein_Beitragsbild.jpg\" \/>\n\t<meta property=\"og:image:width\" content=\"200\" \/>\n\t<meta property=\"og:image:height\" content=\"200\" \/>\n\t<meta property=\"og:image:type\" content=\"image\/jpeg\" \/>\n<meta name=\"author\" content=\"Naturpark-Team\" \/>\n<meta name=\"twitter:label1\" content=\"Verfasst von\" \/>\n\t<meta name=\"twitter:data1\" content=\"Naturpark-Team\" \/>\n\t<meta name=\"twitter:label2\" content=\"Gesch\u00e4tzte Lesezeit\" \/>\n\t<meta name=\"twitter:data2\" content=\"1\u00a0Minute\" \/>\n<script type=\"application\/ld+json\" class=\"yoast-schema-graph\">{\"@context\":\"https:\/\/schema.org\",\"@graph\":[{\"@type\":\"WebPage\",\"@id\":\"https:\/\/www.naturparkmagazin.de\/schwaebisch-fraenkischer-wald\/lust-auf-natur-raus-ins-glueck\/\",\"url\":\"https:\/\/www.naturparkmagazin.de\/schwaebisch-fraenkischer-wald\/lust-auf-natur-raus-ins-glueck\/\",\"name\":\"\u201eLust auf Natur? Raus ins Gl\u00fcck!\u201c - Naturpark Schw\u00e4bisch-Fr\u00e4nkischer Wald\",\"isPartOf\":{\"@id\":\"https:\/\/www.naturparkmagazin.de\/schwaebisch-fraenkischer-wald\/#website\"},\"datePublished\":\"2016-12-13T15:36:56+00:00\",\"dateModified\":\"2016-12-22T11:51:24+00:00\",\"author\":{\"@id\":\"https:\/\/www.naturparkmagazin.de\/schwaebisch-fraenkischer-wald\/#\/schema\/person\/f047a3702ae747fd7830cf8ac95e6066\"},\"breadcrumb\":{\"@id\":\"https:\/\/www.naturparkmagazin.de\/schwaebisch-fraenkischer-wald\/lust-auf-natur-raus-ins-glueck\/#breadcrumb\"},\"inLanguage\":\"de\",\"potentialAction\":[{\"@type\":\"ReadAction\",\"target\":[\"https:\/\/www.naturparkmagazin.de\/schwaebisch-fraenkischer-wald\/lust-auf-natur-raus-ins-glueck\/\"]}]},{\"@type\":\"BreadcrumbList\",\"@id\":\"https:\/\/www.naturparkmagazin.de\/schwaebisch-fraenkischer-wald\/lust-auf-natur-raus-ins-glueck\/#breadcrumb\",\"itemListElement\":[{\"@type\":\"ListItem\",\"position\":1,\"name\":\"Home\",\"item\":\"https:\/\/www.naturparkmagazin.de\/schwaebisch-fraenkischer-wald\/\"},{\"@type\":\"ListItem\",\"position\":2,\"name\":\"\u201eLust auf Natur? Raus ins Gl\u00fcck!\u201c\"}]},{\"@type\":\"WebSite\",\"@id\":\"https:\/\/www.naturparkmagazin.de\/schwaebisch-fraenkischer-wald\/#website\",\"url\":\"https:\/\/www.naturparkmagazin.de\/schwaebisch-fraenkischer-wald\/\",\"name\":\"Naturpark Schw\u00e4bisch-Fr\u00e4nkischer Wald\",\"description\":\"\",\"potentialAction\":[{\"@type\":\"SearchAction\",\"target\":{\"@type\":\"EntryPoint\",\"urlTemplate\":\"https:\/\/www.naturparkmagazin.de\/schwaebisch-fraenkischer-wald\/?s={search_term_string}\"},\"query-input\":\"required name=search_term_string\"}],\"inLanguage\":\"de\"},{\"@type\":\"Person\",\"@id\":\"https:\/\/www.naturparkmagazin.de\/schwaebisch-fraenkischer-wald\/#\/schema\/person\/f047a3702ae747fd7830cf8ac95e6066\",\"name\":\"Naturpark-Team\",\"sameAs\":[\"http:\/\/www.naturpark-sfw.de\",\"https:\/\/www.facebook.com\/naturparkSFW\"],\"url\":\"https:\/\/www.naturparkmagazin.de\/schwaebisch-fraenkischer-wald\/author\/bernharddrixler\/\"}]}<\/script>\n<!-- \/ Yoast SEO plugin. -->","yoast_head_json":{"title":"\u201eLust auf Natur? Raus ins Gl\u00fcck!\u201c - Naturpark Schw\u00e4bisch-Fr\u00e4nkischer Wald","robots":{"index":"index","follow":"follow","max-snippet":"max-snippet:-1","max-image-preview":"max-image-preview:large","max-video-preview":"max-video-preview:-1"},"canonical":"https:\/\/www.naturparkmagazin.de\/schwaebisch-fraenkischer-wald\/lust-auf-natur-raus-ins-glueck\/","og_locale":"de_DE","og_type":"article","og_title":"\u201eLust auf Natur? Raus ins Gl\u00fcck!\u201c - Naturpark Schw\u00e4bisch-Fr\u00e4nkischer Wald","og_description":"Familienprogramm des schw\u00e4bischen Albvereins bietet Spa\u00df und Abenteuer f\u00fcr Kinder und Familien","og_url":"https:\/\/www.naturparkmagazin.de\/schwaebisch-fraenkischer-wald\/lust-auf-natur-raus-ins-glueck\/","og_site_name":"Naturpark Schw\u00e4bisch-Fr\u00e4nkischer Wald","article_author":"https:\/\/www.facebook.com\/naturparkSFW","article_published_time":"2016-12-13T15:36:56+00:00","article_modified_time":"2016-12-22T11:51:24+00:00","og_image":[{"width":200,"height":200,"url":"https:\/\/www.naturparkmagazin.de\/schwaebisch-fraenkischer-wald\/wp-content\/uploads\/sites\/34\/alpverein_Beitragsbild.jpg","type":"image\/jpeg"}],"author":"Naturpark-Team","twitter_misc":{"Verfasst von":"Naturpark-Team","Gesch\u00e4tzte Lesezeit":"1\u00a0Minute"},"schema":{"@context":"https:\/\/schema.org","@graph":[{"@type":"WebPage","@id":"https:\/\/www.naturparkmagazin.de\/schwaebisch-fraenkischer-wald\/lust-auf-natur-raus-ins-glueck\/","url":"https:\/\/www.naturparkmagazin.de\/schwaebisch-fraenkischer-wald\/lust-auf-natur-raus-ins-glueck\/","name":"\u201eLust auf Natur? Raus ins Gl\u00fcck!\u201c - Naturpark Schw\u00e4bisch-Fr\u00e4nkischer Wald","isPartOf":{"@id":"https:\/\/www.naturparkmagazin.de\/schwaebisch-fraenkischer-wald\/#website"},"datePublished":"2016-12-13T15:36:56+00:00","dateModified":"2016-12-22T11:51:24+00:00","author":{"@id":"https:\/\/www.naturparkmagazin.de\/schwaebisch-fraenkischer-wald\/#\/schema\/person\/f047a3702ae747fd7830cf8ac95e6066"},"breadcrumb":{"@id":"https:\/\/www.naturparkmagazin.de\/schwaebisch-fraenkischer-wald\/lust-auf-natur-raus-ins-glueck\/#breadcrumb"},"inLanguage":"de","potentialAction":[{"@type":"ReadAction","target":["https:\/\/www.naturparkmagazin.de\/schwaebisch-fraenkischer-wald\/lust-auf-natur-raus-ins-glueck\/"]}]},{"@type":"BreadcrumbList","@id":"https:\/\/www.naturparkmagazin.de\/schwaebisch-fraenkischer-wald\/lust-auf-natur-raus-ins-glueck\/#breadcrumb","itemListElement":[{"@type":"ListItem","position":1,"name":"Home","item":"https:\/\/www.naturparkmagazin.de\/schwaebisch-fraenkischer-wald\/"},{"@type":"ListItem","position":2,"name":"\u201eLust auf Natur? Raus ins Gl\u00fcck!\u201c"}]},{"@type":"WebSite","@id":"https:\/\/www.naturparkmagazin.de\/schwaebisch-fraenkischer-wald\/#website","url":"https:\/\/www.naturparkmagazin.de\/schwaebisch-fraenkischer-wald\/","name":"Naturpark Schw\u00e4bisch-Fr\u00e4nkischer Wald","description":"","potentialAction":[{"@type":"SearchAction","target":{"@type":"EntryPoint","urlTemplate":"https:\/\/www.naturparkmagazin.de\/schwaebisch-fraenkischer-wald\/?s={search_term_string}"},"query-input":"required name=search_term_string"}],"inLanguage":"de"},{"@type":"Person","@id":"https:\/\/www.naturparkmagazin.de\/schwaebisch-fraenkischer-wald\/#\/schema\/person\/f047a3702ae747fd7830cf8ac95e6066","name":"Naturpark-Team","sameAs":["http:\/\/www.naturpark-sfw.de","https:\/\/www.facebook.com\/naturparkSFW"],"url":"https:\/\/www.naturparkmagazin.de\/schwaebisch-fraenkischer-wald\/author\/bernharddrixler\/"}]}},"_links":{"self":[{"href":"https:\/\/www.naturparkmagazin.de\/schwaebisch-fraenkischer-wald\/wp-json\/wp\/v2\/posts\/4135"}],"collection":[{"href":"https:\/\/www.naturparkmagazin.de\/schwaebisch-fraenkischer-wald\/wp-json\/wp\/v2\/posts"}],"about":[{"href":"https:\/\/www.naturparkmagazin.de\/schwaebisch-fraenkischer-wald\/wp-json\/wp\/v2\/types\/post"}],"author":[{"embeddable":true,"href":"https:\/\/www.naturparkmagazin.de\/schwaebisch-fraenkischer-wald\/wp-json\/wp\/v2\/users\/25"}],"replies":[{"embeddable":true,"href":"https:\/\/www.naturparkmagazin.de\/schwaebisch-fraenkischer-wald\/wp-json\/wp\/v2\/comments?post=4135"}],"version-history":[{"count":1,"href":"https:\/\/www.naturparkmagazin.de\/schwaebisch-fraenkischer-wald\/wp-json\/wp\/v2\/posts\/4135\/revisions"}],"predecessor-version":[{"id":4137,"href":"https:\/\/www.naturparkmagazin.de\/schwaebisch-fraenkischer-wald\/wp-json\/wp\/v2\/posts\/4135\/revisions\/4137"}],"wp:featuredmedia":[{"embeddable":true,"href":"https:\/\/www.naturparkmagazin.de\/schwaebisch-fraenkischer-wald\/wp-json\/wp\/v2\/media\/4223"}],"wp:attachment":[{"href":"https:\/\/www.naturparkmagazin.de\/schwaebisch-fraenkischer-wald\/wp-json\/wp\/v2\/media?parent=4135"}],"wp:term":[{"taxonomy":"category","embeddable":true,"href":"https:\/\/www.naturparkmagazin.de\/schwaebisch-fraenkischer-wald\/wp-json\/wp\/v2\/categories?post=4135"},{"taxonomy":"post_tag","embeddable":true,"href":"https:\/\/www.naturparkmagazin.de\/schwaebisch-fraenkischer-wald\/wp-json\/wp\/v2\/tags?post=4135"}],"curies":[{"name":"wp","href":"https:\/\/api.w.org\/{rel}","templated":true}]}}